{"id":93004,"date":"2026-09-06T11:47:28","date_gmt":"2026-09-06T16:47:28","guid":{"rendered":"https:\/\/thecitizenfortheworld.com\/?p=93004"},"modified":"2026-09-06T11:47:28","modified_gmt":"2026-09-06T16:47:28","slug":"alemania-prepara-un-escudo-antidrones-y-nuevas-herramientas-de-vigilancia-tras-el-ataque-hibrido-atribuido-a-rusia","status":"publish","type":"post","link":"https:\/\/thecitizenfortheworld.com\/?p=93004","title":{"rendered":"Alemania prepara un escudo antidrones y nuevas herramientas de vigilancia tras el ataque h\u00edbrido atribuido a Rusia"},"content":{"rendered":"<p class=\"article-subheadline text-align-left\">La iniciativa surge tras el incidente de agosto en el aer\u00f3dromo de Leipzig y suma equipos m\u00f3viles, helic\u00f3pteros y veh\u00edculos de intervenci\u00f3n para reforzar la cobertura sobre infraestructuras cr\u00edticas y nudos de transporte<\/p>\n<p><b>El Gobierno alem\u00e1n prepara un escudo antidrones<\/b> y nuevas herramientas de vigilancia para responder a ataques h\u00edbridos que, seg\u00fan Berl\u00edn, incluyen el uso de drones con explosivos, sabotajes y ciberataques. El plan surge tras el ataque de agosto contra el aeropuerto de <b>Leipzig<\/b>, del que Alemania responsabiliza a Rusia.<\/p>\n<p>El ministro del Interior, <b>Alexander Dobrindt<\/b>, afirm\u00f3 a Bild am Sonntag que \u201clos ataques h\u00edbridos de Rusia con drones cargados de explosivos contra aeropuertos, agentes en nuestras ciudades, ciberataques contra nuestras redes (el\u00e9ctricas) y sabotajes contra nuestras infraestructuras forman parte de la realidad cotidiana\u201d.<\/p>\n<p>El plan alem\u00e1n contempla ampliar la unidad m\u00f3vil de defensa contra drones de la Polic\u00eda Federal y desplegar equipos de respuesta r\u00e1pida en ciudades consideradas estrat\u00e9gicas. La medida apunta a reforzar la protecci\u00f3n a\u00e9rea sobre aeropuertos, estaciones de tren, nudos de transporte, infraestructuras cr\u00edticas y el distrito gubernamental de Berl\u00edn.<\/p>\n<div class=\"visual__image\"><picture><source srcset=\"https:\/\/www.infobae.com\/resizer\/v2\/FP2F2XSFXRCBTB53HHLLIJY3NE.jpg?auth=9c9b61ef097bd71d7ed189172f531018d015254a64288b5a40f5cfbf93f45592&amp;smart=true&amp;width=992&amp;height=661&amp;quality=85\" media=\"(min-width: 1000px)\" \/><source srcset=\"https:\/\/www.infobae.com\/resizer\/v2\/FP2F2XSFXRCBTB53HHLLIJY3NE.jpg?auth=9c9b61ef097bd71d7ed189172f531018d015254a64288b5a40f5cfbf93f45592&amp;smart=true&amp;width=768&amp;height=512&amp;quality=85\" media=\"(min-width: 768px)\" \/><source srcset=\"https:\/\/www.infobae.com\/resizer\/v2\/FP2F2XSFXRCBTB53HHLLIJY3NE.jpg?auth=9c9b61ef097bd71d7ed189172f531018d015254a64288b5a40f5cfbf93f45592&amp;smart=true&amp;width=577&amp;height=385&amp;quality=85\" media=\"(min-width: 580px)\" \/><source srcset=\"https:\/\/www.infobae.com\/resizer\/v2\/FP2F2XSFXRCBTB53HHLLIJY3NE.jpg?auth=9c9b61ef097bd71d7ed189172f531018d015254a64288b5a40f5cfbf93f45592&amp;smart=true&amp;width=420&amp;height=280&amp;quality=85\" media=\"(min-width: 350px)\" \/><source srcset=\"https:\/\/www.infobae.com\/resizer\/v2\/FP2F2XSFXRCBTB53HHLLIJY3NE.jpg?auth=9c9b61ef097bd71d7ed189172f531018d015254a64288b5a40f5cfbf93f45592&amp;smart=true&amp;width=350&amp;height=233&amp;quality=85\" media=\"(min-width: 80px)\" \/><img decoding=\"async\" loading=\"lazy\" class=\"global-image\" src=\"https:\/\/www.infobae.com\/resizer\/v2\/FP2F2XSFXRCBTB53HHLLIJY3NE.jpg?auth=9c9b61ef097bd71d7ed189172f531018d015254a64288b5a40f5cfbf93f45592&amp;smart=true&amp;width=350&amp;height=233&amp;quality=85\" alt=\"Alemania ampliar\u00e1 la unidad m\u00f3vil de defensa contra drones de la Polic\u00eda Federal para proteger aeropuertos, estaciones, nudos de transporte e infraestructuras cr\u00edticas. (EUROPA PRESS\/ARCHIVO)\" width=\"1920\" height=\"1280\" \/><\/picture><em>Alemania ampliar\u00e1 la unidad m\u00f3vil de defensa contra drones de la Polic\u00eda Federal para proteger aeropuertos, estaciones, nudos de transporte e infraestructuras cr\u00edticas. (EUROPA PRESS\/ARCHIVO)<\/em><\/div>\n<p class=\"paragraph\" data-paragraph-number=\"4\" data-mrf-recirculation=\"Links inline\">Las nuevas unidades contar\u00edan con helic\u00f3pteros y veh\u00edculos de intervenci\u00f3n en <b>Fr\u00e1ncfort del Meno<\/b>, M\u00fanich, Hamburgo, Berl\u00edn, Stuttgart, D\u00fcsseldorf, Leipzig, Hannover y Colonia, seg\u00fan inform\u00f3 Bild am Sonntag. Su funci\u00f3n incluir\u00e1 la interceptaci\u00f3n de aeronaves no tripuladas y la desactivaci\u00f3n de drones bomba y otros artefactos explosivos.<\/p>\n<p class=\"paragraph\" data-paragraph-number=\"5\" data-mrf-recirculation=\"Links inline\">Dobrindt sostuvo que esos ataques \u201caumentar\u00e1n, pero <b>podemos defendernos y protegernos<\/b>\u201d. El ministro vincul\u00f3 la iniciativa con las amenazas contra aeropuertos, redes el\u00e9ctricas e infraestructuras del pa\u00eds.<\/p>\n<p class=\"paragraph\" data-paragraph-number=\"6\" data-mrf-recirculation=\"Links inline\">La defensa contra drones dejar\u00eda de recaer solo en la Polic\u00eda Federal y otras autoridades. El proyecto prev\u00e9 que las empresas encargadas de infraestructuras cr\u00edticas, como compa\u00f1\u00edas de agua, el\u00e9ctricas y firmas del sector de defensa, puedan detectar aeronaves no tripuladas y neutralizarlas activamente.<\/p>\n<div class=\"visual__image\"><picture><source srcset=\"https:\/\/www.infobae.com\/resizer\/v2\/QDH2YBL22ZDJTCGU3ZJXGVDSBI.JPG?auth=b87c41bc3c509dad1326f5a0caa47c848644112ad415ec1eaf22ec5c27c1eab1&amp;smart=true&amp;width=992&amp;height=661&amp;quality=85\" media=\"(min-width: 1000px)\" \/><source srcset=\"https:\/\/www.infobae.com\/resizer\/v2\/QDH2YBL22ZDJTCGU3ZJXGVDSBI.JPG?auth=b87c41bc3c509dad1326f5a0caa47c848644112ad415ec1eaf22ec5c27c1eab1&amp;smart=true&amp;width=768&amp;height=512&amp;quality=85\" media=\"(min-width: 768px)\" \/><source srcset=\"https:\/\/www.infobae.com\/resizer\/v2\/QDH2YBL22ZDJTCGU3ZJXGVDSBI.JPG?auth=b87c41bc3c509dad1326f5a0caa47c848644112ad415ec1eaf22ec5c27c1eab1&amp;smart=true&amp;width=577&amp;height=385&amp;quality=85\" media=\"(min-width: 580px)\" \/><source srcset=\"https:\/\/www.infobae.com\/resizer\/v2\/QDH2YBL22ZDJTCGU3ZJXGVDSBI.JPG?auth=b87c41bc3c509dad1326f5a0caa47c848644112ad415ec1eaf22ec5c27c1eab1&amp;smart=true&amp;width=420&amp;height=280&amp;quality=85\" media=\"(min-width: 350px)\" \/><source srcset=\"https:\/\/www.infobae.com\/resizer\/v2\/QDH2YBL22ZDJTCGU3ZJXGVDSBI.JPG?auth=b87c41bc3c509dad1326f5a0caa47c848644112ad415ec1eaf22ec5c27c1eab1&amp;smart=true&amp;width=350&amp;height=233&amp;quality=85\" media=\"(min-width: 80px)\" \/><img decoding=\"async\" loading=\"lazy\" class=\"global-image\" src=\"https:\/\/www.infobae.com\/resizer\/v2\/QDH2YBL22ZDJTCGU3ZJXGVDSBI.JPG?auth=b87c41bc3c509dad1326f5a0caa47c848644112ad415ec1eaf22ec5c27c1eab1&amp;smart=true&amp;width=350&amp;height=233&amp;quality=85\" alt=\"El plan de Alemania surgi\u00f3 tras el ataque de agosto contra el aeropuerto de Leipzig, del que Berl\u00edn responsabiliza a Rusia. (EUROPA PRESS\/ARCHIVO)\" width=\"2536\" height=\"1691\" \/><\/picture><em>El plan de Alemania surgi\u00f3 tras el ataque de agosto contra el aeropuerto de Leipzig, del que Berl\u00edn responsabiliza a Rusia. (EUROPA PRESS\/ARCHIVO)<\/em><\/div>\n<p class=\"paragraph\" data-paragraph-number=\"7\" data-mrf-recirculation=\"Links inline\">El plan de Interior tambi\u00e9n propone ampliar la b\u00fasqueda de autores de atentados y de presuntos esp\u00edas que preparen ataques mediante tecnolog\u00edas basadas en inteligencia artificial, reconocimiento facial biom\u00e9trico y sistemas de videovigilancia, incluidos los instalados en estaciones de tren.<\/p>\n<p class=\"paragraph\" data-paragraph-number=\"8\" data-mrf-recirculation=\"Links inline\">La inteligencia artificial tendr\u00eda la tarea de identificar de manera automatizada armas o conductas consideradas sospechosas. Seg\u00fan el peri\u00f3dico alem\u00e1n, estas herramientas formar\u00edan parte de la respuesta a las amenazas contra espacios p\u00fablicos e infraestructuras.<\/p>\n<p class=\"paragraph\" data-paragraph-number=\"9\" data-mrf-recirculation=\"Links inline\">Ante los ciberataques diarios contra organismos p\u00fablicos y empresas, el Gobierno alem\u00e1n busca crear un escudo nacional de protecci\u00f3n digital. El sistema, denominado \u201c<b>cyberdome<\/b>\u201d, estar\u00eda formado por una red de sensores digitales destinada a detectar e interceptar intentos de intrusi\u00f3n de j\u00e1queres.<\/p>\n<p class=\"paragraph\" data-paragraph-number=\"10\" data-mrf-recirculation=\"Links inline\">El proyecto contempla que esa red permita identificar ataques contra entidades estatales y compa\u00f1\u00edas, dentro de una estrategia que re\u00fane defensa a\u00e9rea, vigilancia tecnol\u00f3gica y protecci\u00f3n de redes digitales.<\/p>\n<div class=\"visual__image\"><picture><source srcset=\"https:\/\/www.infobae.com\/resizer\/v2\/F4TG3LHGOREY7PNRLMYSZT2SDM.jpg?auth=22a21e53120b4f0ae753a770d093fbdf64aaeaff5f6a0680b28e98ff061087d3&amp;smart=true&amp;width=992&amp;height=661&amp;quality=85\" media=\"(min-width: 1000px)\" \/><source srcset=\"https:\/\/www.infobae.com\/resizer\/v2\/F4TG3LHGOREY7PNRLMYSZT2SDM.jpg?auth=22a21e53120b4f0ae753a770d093fbdf64aaeaff5f6a0680b28e98ff061087d3&amp;smart=true&amp;width=768&amp;height=512&amp;quality=85\" media=\"(min-width: 768px)\" \/><source srcset=\"https:\/\/www.infobae.com\/resizer\/v2\/F4TG3LHGOREY7PNRLMYSZT2SDM.jpg?auth=22a21e53120b4f0ae753a770d093fbdf64aaeaff5f6a0680b28e98ff061087d3&amp;smart=true&amp;width=577&amp;height=385&amp;quality=85\" media=\"(min-width: 580px)\" \/><source srcset=\"https:\/\/www.infobae.com\/resizer\/v2\/F4TG3LHGOREY7PNRLMYSZT2SDM.jpg?auth=22a21e53120b4f0ae753a770d093fbdf64aaeaff5f6a0680b28e98ff061087d3&amp;smart=true&amp;width=420&amp;height=280&amp;quality=85\" media=\"(min-width: 350px)\" \/><source srcset=\"https:\/\/www.infobae.com\/resizer\/v2\/F4TG3LHGOREY7PNRLMYSZT2SDM.jpg?auth=22a21e53120b4f0ae753a770d093fbdf64aaeaff5f6a0680b28e98ff061087d3&amp;smart=true&amp;width=350&amp;height=233&amp;quality=85\" media=\"(min-width: 80px)\" \/><img decoding=\"async\" loading=\"lazy\" class=\"global-image\" src=\"https:\/\/www.infobae.com\/resizer\/v2\/F4TG3LHGOREY7PNRLMYSZT2SDM.jpg?auth=22a21e53120b4f0ae753a770d093fbdf64aaeaff5f6a0680b28e98ff061087d3&amp;smart=true&amp;width=350&amp;height=233&amp;quality=85\" alt=\"Lavrov acus\u00f3 a Alemania de iniciar un conflicto abierto con Rusia\" width=\"1920\" height=\"1280\" \/><\/picture><em>Lavrov acus\u00f3 a Alemania de iniciar un conflicto abierto con Rusia<\/em><\/div>\n<h2 id=\"&quot;declaracion-de-guerra&quot;\" class=\"text-align-left vertical-align-top line-height-100 header headline-class-h2 headline\">\u201cDeclaraci\u00f3n de guerra\u201d<\/h2>\n<p class=\"paragraph\" data-paragraph-number=\"11\" data-mrf-recirculation=\"Links inline\"><a title=\"https:\/\/www.infobae.com\/america\/mundo\/2026\/09\/06\/lavrov-acuso-a-alemania-de-iniciar-un-conflicto-abierto-con-rusia-en-esencia-viene-a-declararnos-la-guerra\/\" href=\"https:\/\/www.infobae.com\/america\/mundo\/2026\/09\/06\/lavrov-acuso-a-alemania-de-iniciar-un-conflicto-abierto-con-rusia-en-esencia-viene-a-declararnos-la-guerra\/\" target=\"_blank\" rel=\"noopener noreferrer\" data-mrf-link=\"https:\/\/www.infobae.com\/america\/mundo\/2026\/09\/06\/lavrov-acuso-a-alemania-de-iniciar-un-conflicto-abierto-con-rusia-en-esencia-viene-a-declararnos-la-guerra\/\">En medio de las tensiones entre Berl\u00edn y Mosc\u00fa,<\/a> este domingo el canciller ruso Sergu\u00e9i Lavrov acus\u00f3 a Alemania de iniciar una \u201cguerra de verdad\u201d contra Rusia, a ra\u00edz de la reacci\u00f3n de Berl\u00edn frente a la supuesta implicaci\u00f3n de Mosc\u00fa en un incidente con un dron ocurrido en agosto pasado en el aeropuerto de Leipzig.<\/p>\n<p class=\"paragraph\" data-paragraph-number=\"12\" data-mrf-recirculation=\"Links inline\"><b>\u201cLeipzig, aeropuerto (&#8230;) Encontraron all\u00ed un dron. Dijeron que es ruso y nadie se molest\u00f3 en investigar m\u00e1s. A grandes rasgos, esto es esencialmente el comienzo de una guerra de verdad\u201d<\/b>, dijo Lavrov, en declaraciones a la televisi\u00f3n rusa.<\/p>\n<p class=\"paragraph\" data-paragraph-number=\"13\" data-mrf-recirculation=\"Links inline\">El canciller denunci\u00f3 que las autoridades alemanas decidieron <b>cerrar el Consulado General ruso en Bonn y la Casa Rusa en Berl\u00edn,<\/b> y anunci\u00f3 en represalia la clausura de todas las filiales del <b>Instituto Goethe<\/b> en Rusia. <b>\u201cRecuerdo que antes del comienzo de la Segunda Guerra Mundial, mejor dicho, la Gran Guerra Patria, los alemanes cerraron las legaciones diplom\u00e1ticas\u201d<\/b>, se\u00f1al\u00f3, en una comparaci\u00f3n hist\u00f3rica que sum\u00f3 a la advertencia sobre los planes del canciller alem\u00e1n, <b>Friedrich Merz<\/b>, de convertir a Alemania <b>\u201cde nuevo, en la primera potencia militar en Europa\u201d<\/b>.<\/p>\n<p data-paragraph-number=\"13\" data-mrf-recirculation=\"Links inline\"><b>\u201cEn esencia, viene a declararnos la guerra.<\/b> No se han aprendido en absoluto las lecciones de la historia. <b>Resulta que estas met\u00e1stasis del nazismo est\u00e1n empezando a surgir<\/b>. Esto es un fen\u00f3meno peligroso. Me parece que los dirigentes rusos sacar\u00e1n sus propias conclusiones\u201d, afirm\u00f3.<\/p>\n<p data-paragraph-number=\"13\" data-mrf-recirculation=\"Links inline\">(<em>Con informaci\u00f3n de Infobae)<\/em><\/p>\n","protected":false},"excerpt":{"rendered":"<p>La iniciativa surge tras el incidente de agosto en el aer\u00f3dromo de Leipzig y suma equipos m\u00f3viles, helic\u00f3pteros y veh\u00edculos de intervenci\u00f3n para reforzar la cobertura sobre infraestructuras cr\u00edticas y nudos de transporte El Gobierno alem\u00e1n prepara un escudo antidrones y nuevas herramientas de vigilancia para responder a ataques h\u00edbridos que, seg\u00fan Berl\u00edn, incluyen el [&hellip;]<\/p>\n","protected":false},"author":1,"featured_media":93005,"comment_status":"open","ping_status":"open","sticky":false,"template":"","format":"standard","meta":{"om_disable_all_campaigns":false,"_mi_skip_tracking":false},"categories":[2],"tags":[],"yoast_head":"<!-- This site is optimized with the Yoast SEO plugin v20.5 - https:\/\/yoast.com\/wordpress\/plugins\/seo\/ -->\n<title>Alemania prepara un escudo antidrones y nuevas herramientas de vigilancia tras el ataque h\u00edbrido atribuido a Rusia - The citizen for the world<\/title>\n<meta name=\"robots\" content=\"index, follow, max-snippet:-1, max-image-preview:large, max-video-preview:-1\" \/>\n<link rel=\"canonical\" href=\"https:\/\/thecitizenfortheworld.com\/?p=93004\" \/>\n<meta property=\"og:locale\" content=\"es_ES\" \/>\n<meta property=\"og:type\" content=\"article\" \/>\n<meta property=\"og:title\" content=\"Alemania prepara un escudo antidrones y nuevas herramientas de vigilancia tras el ataque h\u00edbrido atribuido a Rusia - The citizen for the world\" \/>\n<meta property=\"og:description\" content=\"La iniciativa surge tras el incidente de agosto en el aer\u00f3dromo de Leipzig y suma equipos m\u00f3viles, helic\u00f3pteros y veh\u00edculos de intervenci\u00f3n para reforzar la cobertura sobre infraestructuras cr\u00edticas y nudos de transporte El Gobierno alem\u00e1n prepara un escudo antidrones y nuevas herramientas de vigilancia para responder a ataques h\u00edbridos que, seg\u00fan Berl\u00edn, incluyen el [&hellip;]\" \/>\n<meta property=\"og:url\" content=\"https:\/\/thecitizenfortheworld.com\/?p=93004\" \/>\n<meta property=\"og:site_name\" content=\"The citizen for the world\" \/>\n<meta property=\"article:publisher\" content=\"https:\/\/www.facebook.com\/thecitizenfortheworld\" \/>\n<meta property=\"article:published_time\" content=\"2026-09-06T16:47:28+00:00\" \/>\n<meta property=\"og:image\" content=\"https:\/\/thecitizenfortheworld.com\/wp-content\/uploads\/2026\/09\/Alemania-ataque.jpg\" \/>\n\t<meta property=\"og:image:width\" content=\"992\" \/>\n\t<meta property=\"og:image:height\" content=\"660\" \/>\n\t<meta property=\"og:image:type\" content=\"image\/jpeg\" \/>\n<meta name=\"author\" content=\"thecitizenfortheworld23@gmail.com\" \/>\n<meta name=\"twitter:card\" content=\"summary_large_image\" \/>\n<meta name=\"twitter:label1\" content=\"Escrito por\" \/>\n\t<meta name=\"twitter:data1\" content=\"thecitizenfortheworld23@gmail.com\" \/>\n\t<meta name=\"twitter:label2\" content=\"Tiempo estimado de lectura\" \/>\n\t<meta name=\"twitter:data2\" content=\"4 minutos\" \/>\n<script type=\"application\/ld+json\" class=\"yoast-schema-graph\">{\"@context\":\"https:\/\/schema.org\",\"@graph\":[{\"@type\":\"Article\",\"@id\":\"https:\/\/thecitizenfortheworld.com\/?p=93004#article\",\"isPartOf\":{\"@id\":\"https:\/\/thecitizenfortheworld.com\/?p=93004\"},\"author\":{\"name\":\"thecitizenfortheworld23@gmail.com\",\"@id\":\"https:\/\/thecitizenfortheworld.com\/#\/schema\/person\/1f6b82847278ca8d344c472822b5b66f\"},\"headline\":\"Alemania prepara un escudo antidrones y nuevas herramientas de vigilancia tras el ataque h\u00edbrido atribuido a Rusia\",\"datePublished\":\"2026-09-06T16:47:28+00:00\",\"dateModified\":\"2026-09-06T16:47:28+00:00\",\"mainEntityOfPage\":{\"@id\":\"https:\/\/thecitizenfortheworld.com\/?p=93004\"},\"wordCount\":840,\"commentCount\":0,\"publisher\":{\"@id\":\"https:\/\/thecitizenfortheworld.com\/#organization\"},\"articleSection\":[\"Internacionales\"],\"inLanguage\":\"es-CO\",\"potentialAction\":[{\"@type\":\"CommentAction\",\"name\":\"Comment\",\"target\":[\"https:\/\/thecitizenfortheworld.com\/?p=93004#respond\"]}]},{\"@type\":\"WebPage\",\"@id\":\"https:\/\/thecitizenfortheworld.com\/?p=93004\",\"url\":\"https:\/\/thecitizenfortheworld.com\/?p=93004\",\"name\":\"Alemania prepara un escudo antidrones y nuevas herramientas de vigilancia tras el ataque h\u00edbrido atribuido a Rusia - The citizen for the world\",\"isPartOf\":{\"@id\":\"https:\/\/thecitizenfortheworld.com\/#website\"},\"datePublished\":\"2026-09-06T16:47:28+00:00\",\"dateModified\":\"2026-09-06T16:47:28+00:00\",\"breadcrumb\":{\"@id\":\"https:\/\/thecitizenfortheworld.com\/?p=93004#breadcrumb\"},\"inLanguage\":\"es-CO\",\"potentialAction\":[{\"@type\":\"ReadAction\",\"target\":[\"https:\/\/thecitizenfortheworld.com\/?p=93004\"]}]},{\"@type\":\"BreadcrumbList\",\"@id\":\"https:\/\/thecitizenfortheworld.com\/?p=93004#breadcrumb\",\"itemListElement\":[{\"@type\":\"ListItem\",\"position\":1,\"name\":\"Inicio\",\"item\":\"https:\/\/thecitizenfortheworld.com\/\"},{\"@type\":\"ListItem\",\"position\":2,\"name\":\"Alemania prepara un escudo antidrones y nuevas herramientas de vigilancia tras el ataque h\u00edbrido atribuido a Rusia\"}]},{\"@type\":\"WebSite\",\"@id\":\"https:\/\/thecitizenfortheworld.com\/#website\",\"url\":\"https:\/\/thecitizenfortheworld.com\/\",\"name\":\"The citizen for the world\",\"description\":\"\",\"publisher\":{\"@id\":\"https:\/\/thecitizenfortheworld.com\/#organization\"},\"potentialAction\":[{\"@type\":\"SearchAction\",\"target\":{\"@type\":\"EntryPoint\",\"urlTemplate\":\"https:\/\/thecitizenfortheworld.com\/?s={search_term_string}\"},\"query-input\":\"required name=search_term_string\"}],\"inLanguage\":\"es-CO\"},{\"@type\":\"Organization\",\"@id\":\"https:\/\/thecitizenfortheworld.com\/#organization\",\"name\":\"The citizen for the world\",\"url\":\"https:\/\/thecitizenfortheworld.com\/\",\"logo\":{\"@type\":\"ImageObject\",\"inLanguage\":\"es-CO\",\"@id\":\"https:\/\/thecitizenfortheworld.com\/#\/schema\/logo\/image\/\",\"url\":\"https:\/\/thecitizenfortheworld.com\/wp-content\/uploads\/2023\/04\/cropped-the-citizens.png\",\"contentUrl\":\"https:\/\/thecitizenfortheworld.com\/wp-content\/uploads\/2023\/04\/cropped-the-citizens.png\",\"width\":1135,\"height\":1302,\"caption\":\"The citizen for the world\"},\"image\":{\"@id\":\"https:\/\/thecitizenfortheworld.com\/#\/schema\/logo\/image\/\"},\"sameAs\":[\"https:\/\/www.facebook.com\/thecitizenfortheworld\"]},{\"@type\":\"Person\",\"@id\":\"https:\/\/thecitizenfortheworld.com\/#\/schema\/person\/1f6b82847278ca8d344c472822b5b66f\",\"name\":\"thecitizenfortheworld23@gmail.com\",\"image\":{\"@type\":\"ImageObject\",\"inLanguage\":\"es-CO\",\"@id\":\"https:\/\/thecitizenfortheworld.com\/#\/schema\/person\/image\/\",\"url\":\"https:\/\/secure.gravatar.com\/avatar\/fa0768c808e84d205962885f7091f34b?s=96&d=mm&r=pg\",\"contentUrl\":\"https:\/\/secure.gravatar.com\/avatar\/fa0768c808e84d205962885f7091f34b?s=96&d=mm&r=pg\",\"caption\":\"thecitizenfortheworld23@gmail.com\"},\"sameAs\":[\"http:\/\/thecitizenfortheworld.com\"],\"url\":\"https:\/\/thecitizenfortheworld.com\/?author=1\"}]}<\/script>\n<!-- \/ Yoast SEO plugin. -->","yoast_head_json":{"title":"Alemania prepara un escudo antidrones y nuevas herramientas de vigilancia tras el ataque h\u00edbrido atribuido a Rusia - The citizen for the world","robots":{"index":"index","follow":"follow","max-snippet":"max-snippet:-1","max-image-preview":"max-image-preview:large","max-video-preview":"max-video-preview:-1"},"canonical":"https:\/\/thecitizenfortheworld.com\/?p=93004","og_locale":"es_ES","og_type":"article","og_title":"Alemania prepara un escudo antidrones y nuevas herramientas de vigilancia tras el ataque h\u00edbrido atribuido a Rusia - The citizen for the world","og_description":"La iniciativa surge tras el incidente de agosto en el aer\u00f3dromo de Leipzig y suma equipos m\u00f3viles, helic\u00f3pteros y veh\u00edculos de intervenci\u00f3n para reforzar la cobertura sobre infraestructuras cr\u00edticas y nudos de transporte El Gobierno alem\u00e1n prepara un escudo antidrones y nuevas herramientas de vigilancia para responder a ataques h\u00edbridos que, seg\u00fan Berl\u00edn, incluyen el [&hellip;]","og_url":"https:\/\/thecitizenfortheworld.com\/?p=93004","og_site_name":"The citizen for the world","article_publisher":"https:\/\/www.facebook.com\/thecitizenfortheworld","article_published_time":"2026-09-06T16:47:28+00:00","og_image":[{"width":992,"height":660,"url":"https:\/\/thecitizenfortheworld.com\/wp-content\/uploads\/2026\/09\/Alemania-ataque.jpg","type":"image\/jpeg"}],"author":"thecitizenfortheworld23@gmail.com","twitter_card":"summary_large_image","twitter_misc":{"Escrito por":"thecitizenfortheworld23@gmail.com","Tiempo estimado de lectura":"4 minutos"},"schema":{"@context":"https:\/\/schema.org","@graph":[{"@type":"Article","@id":"https:\/\/thecitizenfortheworld.com\/?p=93004#article","isPartOf":{"@id":"https:\/\/thecitizenfortheworld.com\/?p=93004"},"author":{"name":"thecitizenfortheworld23@gmail.com","@id":"https:\/\/thecitizenfortheworld.com\/#\/schema\/person\/1f6b82847278ca8d344c472822b5b66f"},"headline":"Alemania prepara un escudo antidrones y nuevas herramientas de vigilancia tras el ataque h\u00edbrido atribuido a Rusia","datePublished":"2026-09-06T16:47:28+00:00","dateModified":"2026-09-06T16:47:28+00:00","mainEntityOfPage":{"@id":"https:\/\/thecitizenfortheworld.com\/?p=93004"},"wordCount":840,"commentCount":0,"publisher":{"@id":"https:\/\/thecitizenfortheworld.com\/#organization"},"articleSection":["Internacionales"],"inLanguage":"es-CO","potentialAction":[{"@type":"CommentAction","name":"Comment","target":["https:\/\/thecitizenfortheworld.com\/?p=93004#respond"]}]},{"@type":"WebPage","@id":"https:\/\/thecitizenfortheworld.com\/?p=93004","url":"https:\/\/thecitizenfortheworld.com\/?p=93004","name":"Alemania prepara un escudo antidrones y nuevas herramientas de vigilancia tras el ataque h\u00edbrido atribuido a Rusia - The citizen for the world","isPartOf":{"@id":"https:\/\/thecitizenfortheworld.com\/#website"},"datePublished":"2026-09-06T16:47:28+00:00","dateModified":"2026-09-06T16:47:28+00:00","breadcrumb":{"@id":"https:\/\/thecitizenfortheworld.com\/?p=93004#breadcrumb"},"inLanguage":"es-CO","potentialAction":[{"@type":"ReadAction","target":["https:\/\/thecitizenfortheworld.com\/?p=93004"]}]},{"@type":"BreadcrumbList","@id":"https:\/\/thecitizenfortheworld.com\/?p=93004#breadcrumb","itemListElement":[{"@type":"ListItem","position":1,"name":"Inicio","item":"https:\/\/thecitizenfortheworld.com\/"},{"@type":"ListItem","position":2,"name":"Alemania prepara un escudo antidrones y nuevas herramientas de vigilancia tras el ataque h\u00edbrido atribuido a Rusia"}]},{"@type":"WebSite","@id":"https:\/\/thecitizenfortheworld.com\/#website","url":"https:\/\/thecitizenfortheworld.com\/","name":"The citizen for the world","description":"","publisher":{"@id":"https:\/\/thecitizenfortheworld.com\/#organization"},"potentialAction":[{"@type":"SearchAction","target":{"@type":"EntryPoint","urlTemplate":"https:\/\/thecitizenfortheworld.com\/?s={search_term_string}"},"query-input":"required name=search_term_string"}],"inLanguage":"es-CO"},{"@type":"Organization","@id":"https:\/\/thecitizenfortheworld.com\/#organization","name":"The citizen for the world","url":"https:\/\/thecitizenfortheworld.com\/","logo":{"@type":"ImageObject","inLanguage":"es-CO","@id":"https:\/\/thecitizenfortheworld.com\/#\/schema\/logo\/image\/","url":"https:\/\/thecitizenfortheworld.com\/wp-content\/uploads\/2023\/04\/cropped-the-citizens.png","contentUrl":"https:\/\/thecitizenfortheworld.com\/wp-content\/uploads\/2023\/04\/cropped-the-citizens.png","width":1135,"height":1302,"caption":"The citizen for the world"},"image":{"@id":"https:\/\/thecitizenfortheworld.com\/#\/schema\/logo\/image\/"},"sameAs":["https:\/\/www.facebook.com\/thecitizenfortheworld"]},{"@type":"Person","@id":"https:\/\/thecitizenfortheworld.com\/#\/schema\/person\/1f6b82847278ca8d344c472822b5b66f","name":"thecitizenfortheworld23@gmail.com","image":{"@type":"ImageObject","inLanguage":"es-CO","@id":"https:\/\/thecitizenfortheworld.com\/#\/schema\/person\/image\/","url":"https:\/\/secure.gravatar.com\/avatar\/fa0768c808e84d205962885f7091f34b?s=96&d=mm&r=pg","contentUrl":"https:\/\/secure.gravatar.com\/avatar\/fa0768c808e84d205962885f7091f34b?s=96&d=mm&r=pg","caption":"thecitizenfortheworld23@gmail.com"},"sameAs":["http:\/\/thecitizenfortheworld.com"],"url":"https:\/\/thecitizenfortheworld.com\/?author=1"}]}},"_links":{"self":[{"href":"https:\/\/thecitizenfortheworld.com\/index.php?rest_route=\/wp\/v2\/posts\/93004"}],"collection":[{"href":"https:\/\/thecitizenfortheworld.com\/index.php?rest_route=\/wp\/v2\/posts"}],"about":[{"href":"https:\/\/thecitizenfortheworld.com\/index.php?rest_route=\/wp\/v2\/types\/post"}],"author":[{"embeddable":true,"href":"https:\/\/thecitizenfortheworld.com\/index.php?rest_route=\/wp\/v2\/users\/1"}],"replies":[{"embeddable":true,"href":"https:\/\/thecitizenfortheworld.com\/index.php?rest_route=%2Fwp%2Fv2%2Fcomments&post=93004"}],"version-history":[{"count":1,"href":"https:\/\/thecitizenfortheworld.com\/index.php?rest_route=\/wp\/v2\/posts\/93004\/revisions"}],"predecessor-version":[{"id":93006,"href":"https:\/\/thecitizenfortheworld.com\/index.php?rest_route=\/wp\/v2\/posts\/93004\/revisions\/93006"}],"wp:featuredmedia":[{"embeddable":true,"href":"https:\/\/thecitizenfortheworld.com\/index.php?rest_route=\/wp\/v2\/media\/93005"}],"wp:attachment":[{"href":"https:\/\/thecitizenfortheworld.com\/index.php?rest_route=%2Fwp%2Fv2%2Fmedia&parent=93004"}],"wp:term":[{"taxonomy":"category","embeddable":true,"href":"https:\/\/thecitizenfortheworld.com\/index.php?rest_route=%2Fwp%2Fv2%2Fcategories&post=93004"},{"taxonomy":"post_tag","embeddable":true,"href":"https:\/\/thecitizenfortheworld.com\/index.php?rest_route=%2Fwp%2Fv2%2Ftags&post=93004"}],"curies":[{"name":"wp","href":"https:\/\/api.w.org\/{rel}","templated":true}]}}