{"id":93001,"date":"2026-09-05T16:33:47","date_gmt":"2026-09-05T21:33:47","guid":{"rendered":"https:\/\/thecitizenfortheworld.com\/?p=93001"},"modified":"2026-09-05T16:33:47","modified_gmt":"2026-09-05T21:33:47","slug":"ariana-grande-cierra-su-gira-mundial-y-promociona-focker-in-law-esta-ha-sido-una-de-las-experiencias-mas-extraordinarias-de-mi-vida","status":"publish","type":"post","link":"https:\/\/thecitizenfortheworld.com\/?p=93001","title":{"rendered":"Ariana Grande cierra su gira mundial y promociona Focker-in-Law: \u201cEsta ha sido una de las experiencias m\u00e1s extraordinarias de mi vida\u201d"},"content":{"rendered":"<p class=\"article-subheadline text-align-left\">Tras cerrar el Eternal Sunshine Tour con un emotivo adi\u00f3s en Londres, la cantante mantendr\u00e1 su apoyo a la nueva comedia de Universal Pictures antes de alejarse un tiempo de los reflectores<\/p>\n<p><iframe loading=\"lazy\" title=\"YouTube video player\" src=\"https:\/\/www.youtube.com\/embed\/5jEeTPYVBsY?si=IBLqw5V9v_9YJBU2\" width=\"560\" height=\"315\" frameborder=\"0\" allowfullscreen=\"allowfullscreen\"><\/iframe><\/p>\n<p><a title=\"https:\/\/www.infobae.com\/tag\/ariana-grande\/\" href=\"https:\/\/www.infobae.com\/tag\/ariana-grande\/\" target=\"_blank\" rel=\"noopener noreferrer\" data-mrf-link=\"https:\/\/www.infobae.com\/tag\/ariana-grande\/\"><b>Ariana Grande <\/b><\/a>mantiene su compromiso con la promoci\u00f3n de<b> <\/b><i><b>Focker-in-Law <\/b><\/i>antes de iniciar el descanso que hab\u00eda anunciado semanas atr\u00e1s, seg\u00fan una fuente cercana citada por<i> PEOPLE.<\/i><\/p>\n<p>La cantante y actriz, que acaba de cerrar su gira<i><b> <\/b><\/i><a title=\"https:\/\/www.infobae.com\/entretenimiento\/2026\/08\/05\/entre-letras-de-amor-y-ruptura-ariana-grande-lanzo-petal-y-anuncio-un-descanso-de-la-vida-publica\/\" href=\"https:\/\/www.infobae.com\/entretenimiento\/2026\/08\/05\/entre-letras-de-amor-y-ruptura-ariana-grande-lanzo-petal-y-anuncio-un-descanso-de-la-vida-publica\/\" target=\"_blank\" rel=\"noopener noreferrer\" data-mrf-link=\"https:\/\/www.infobae.com\/entretenimiento\/2026\/08\/05\/entre-letras-de-amor-y-ruptura-ariana-grande-lanzo-petal-y-anuncio-un-descanso-de-la-vida-publica\/\"><i><b>Eternal Sunshine Tour,<\/b><\/i> <\/a>continuar\u00e1 respaldando la difusi\u00f3n de la pel\u00edcula incluso durante ese per\u00edodo de pausa p\u00fablica, dado que se encuentra \u201cmuy orgullosa\u201d del proyecto, precis\u00f3 la fuente al medio.<\/p>\n<div class=\"visual__image\"><picture><source srcset=\"https:\/\/www.infobae.com\/resizer\/v2\/HXBSB2TMANBARHUUAK4C6TV77A.jpg?auth=952742ad89ca32e424ddc2ac2fe9928cba1ad7d094d5126c5550bcacfd6fd47d&amp;smart=true&amp;width=992&amp;height=558&amp;quality=85\" media=\"(min-width: 1000px)\" \/><source srcset=\"https:\/\/www.infobae.com\/resizer\/v2\/HXBSB2TMANBARHUUAK4C6TV77A.jpg?auth=952742ad89ca32e424ddc2ac2fe9928cba1ad7d094d5126c5550bcacfd6fd47d&amp;smart=true&amp;width=768&amp;height=432&amp;quality=85\" media=\"(min-width: 768px)\" \/><source srcset=\"https:\/\/www.infobae.com\/resizer\/v2\/HXBSB2TMANBARHUUAK4C6TV77A.jpg?auth=952742ad89ca32e424ddc2ac2fe9928cba1ad7d094d5126c5550bcacfd6fd47d&amp;smart=true&amp;width=577&amp;height=325&amp;quality=85\" media=\"(min-width: 580px)\" \/><source srcset=\"https:\/\/www.infobae.com\/resizer\/v2\/HXBSB2TMANBARHUUAK4C6TV77A.jpg?auth=952742ad89ca32e424ddc2ac2fe9928cba1ad7d094d5126c5550bcacfd6fd47d&amp;smart=true&amp;width=420&amp;height=236&amp;quality=85\" media=\"(min-width: 350px)\" \/><source srcset=\"https:\/\/www.infobae.com\/resizer\/v2\/HXBSB2TMANBARHUUAK4C6TV77A.jpg?auth=952742ad89ca32e424ddc2ac2fe9928cba1ad7d094d5126c5550bcacfd6fd47d&amp;smart=true&amp;width=350&amp;height=197&amp;quality=85\" media=\"(min-width: 80px)\" \/><img decoding=\"async\" loading=\"lazy\" class=\"global-image\" src=\"https:\/\/www.infobae.com\/resizer\/v2\/HXBSB2TMANBARHUUAK4C6TV77A.jpg?auth=952742ad89ca32e424ddc2ac2fe9928cba1ad7d094d5126c5550bcacfd6fd47d&amp;smart=true&amp;width=350&amp;height=197&amp;quality=85\" alt=\"Im\u00e1genes oficiales de La nueva Focker\" width=\"1920\" height=\"1080\" \/><\/picture><em>Focker-in-Law, la nueva pel\u00edcula de Ariana Grande para Universal Pictures, se estrenar\u00e1 en cines el 25 de noviembre &#8211; (Paramount Pictures)<\/em><\/div>\n<p class=\"paragraph\" data-paragraph-number=\"3\" data-mrf-recirculation=\"Links inline\"><i>Focker-in-Law<\/i>, la cuarta entrega de la franquicia de comedia que <b>Universal Pictures<\/b> inici\u00f3 en el a\u00f1o 2000 con Meet the Parents, llegar\u00e1 a los cines el 25 de noviembre. Grande se suma al elenco junto a <b>Skyler Gisondo<\/b> y <b>Beanie Feldstein<\/b>, en una producci\u00f3n que recupera a los protagonistas originales de la saga: <b>Ben Stiller<\/b>, <b>Robert De Niro<\/b>, <b>Blythe Danner<\/b> y <b>Teri Polo<\/b>. La direcci\u00f3n y el guion est\u00e1n a cargo de <b>John Hamburg<\/b>.<\/p>\n<p data-paragraph-number=\"3\" data-mrf-recirculation=\"Links inline\">El compromiso promocional llega apenas un d\u00eda despu\u00e9s de que Grande, de 33 a\u00f1os, pusiera fin a su gira mundial. <b>El <\/b><i><b>Eternal Sunshine Tour<\/b><\/i><b> concluy\u00f3 el martes 1 de septiembre en el O2 de Londres, tras 41 conciertos en 10 ciudades y m\u00e1s de 630.000 entradas vendidas<\/b>.<\/p>\n<p data-paragraph-number=\"3\" data-mrf-recirculation=\"Links inline\">La gira coincidi\u00f3 con el lanzamiento en julio de su nuevo \u00e1lbum, Petal, y sirvi\u00f3 adem\u00e1s como plataforma de visibilidad para <b>The Brighter Days Ahead Foundation<\/b>, la fundaci\u00f3n de la artista, que a lo largo de la gira apoy\u00f3 a 30 organizaciones dedicadas a la atenci\u00f3n de salud mental y fondos de emergencia para comunidades vulnerables, con foco particular en la protecci\u00f3n de los derechos de personas trans y LGBTQ+.<\/p>\n<div class=\"visual__image\"><picture><source srcset=\"https:\/\/www.infobae.com\/resizer\/v2\/VZM4HTQGDFF4VJFTIKMNZZTPLY.jpg?auth=1d16173f318db702a1af688009887e8a0370db226cdca6579da72c1ed9030c6c&amp;smart=true&amp;width=992&amp;height=558&amp;quality=85\" media=\"(min-width: 1000px)\" \/><source srcset=\"https:\/\/www.infobae.com\/resizer\/v2\/VZM4HTQGDFF4VJFTIKMNZZTPLY.jpg?auth=1d16173f318db702a1af688009887e8a0370db226cdca6579da72c1ed9030c6c&amp;smart=true&amp;width=768&amp;height=432&amp;quality=85\" media=\"(min-width: 768px)\" \/><source srcset=\"https:\/\/www.infobae.com\/resizer\/v2\/VZM4HTQGDFF4VJFTIKMNZZTPLY.jpg?auth=1d16173f318db702a1af688009887e8a0370db226cdca6579da72c1ed9030c6c&amp;smart=true&amp;width=577&amp;height=325&amp;quality=85\" media=\"(min-width: 580px)\" \/><source srcset=\"https:\/\/www.infobae.com\/resizer\/v2\/VZM4HTQGDFF4VJFTIKMNZZTPLY.jpg?auth=1d16173f318db702a1af688009887e8a0370db226cdca6579da72c1ed9030c6c&amp;smart=true&amp;width=420&amp;height=236&amp;quality=85\" media=\"(min-width: 350px)\" \/><source srcset=\"https:\/\/www.infobae.com\/resizer\/v2\/VZM4HTQGDFF4VJFTIKMNZZTPLY.jpg?auth=1d16173f318db702a1af688009887e8a0370db226cdca6579da72c1ed9030c6c&amp;smart=true&amp;width=350&amp;height=197&amp;quality=85\" media=\"(min-width: 80px)\" \/><img decoding=\"async\" loading=\"lazy\" class=\"global-image\" src=\"https:\/\/www.infobae.com\/resizer\/v2\/VZM4HTQGDFF4VJFTIKMNZZTPLY.jpg?auth=1d16173f318db702a1af688009887e8a0370db226cdca6579da72c1ed9030c6c&amp;smart=true&amp;width=350&amp;height=197&amp;quality=85\" alt=\"Ariana Grande\" width=\"1920\" height=\"1080\" \/><\/picture><em>Ariana Grande dedic\u00f3 cuatro minutos de su concierto en Chicago para explicar personalmente por qu\u00e9 decidi\u00f3 alejarse temporalmente de la vida p\u00fablica (Cr\u00e9ditos: Team Ariana)<\/em><\/div>\n<p class=\"paragraph\" data-paragraph-number=\"6\" data-mrf-recirculation=\"Links inline\">La nominada al \u00d3scar por Wicked se despidi\u00f3 del p\u00fablico con un discurso cargado de emoci\u00f3n en su \u00faltima funci\u00f3n.<\/p>\n<p class=\"paragraph\" data-paragraph-number=\"7\" data-mrf-recirculation=\"Links inline\">\u201cEsta ha sido una de las experiencias m\u00e1s hermosas y extraordinarias de mi vida, y solo quer\u00eda expresar mi gratitud sin llegar a llorar del todo\u201d, dijo Grande entre l\u00e1grimas, seg\u00fan recogi\u00f3 <i>PEOPLE<\/i>. \u201cGracias de todo coraz\u00f3n. Ha sido muy especial. Siempre atesorar\u00e9 esta experiencia. Tengo los mejores fans del mundo entero\u201d, agreg\u00f3.<\/p>\n<p class=\"paragraph\" data-paragraph-number=\"8\" data-mrf-recirculation=\"Links inline\">El anuncio del receso que se viene no fue una decisi\u00f3n de \u00faltimo momento. Un representante de la artista hab\u00eda confirmado en exclusiva a <i>PEOPLE<\/i> el 2 de agosto que Grande planeaba \u201calejarse un poco de la vida p\u00fablica\u201d al finalizar la gira.<\/p>\n<div class=\"visual__image\"><picture><source srcset=\"https:\/\/www.infobae.com\/resizer\/v2\/ZU2KGRVGEJDDRHCV7V2W6GSPZY.JPG?auth=c2a7c48230440a56d0b0ef05c1b91309c8aad70dc05648627f5792577dc98ff3&amp;smart=true&amp;width=992&amp;height=661&amp;quality=85\" media=\"(min-width: 1000px)\" \/><source srcset=\"https:\/\/www.infobae.com\/resizer\/v2\/ZU2KGRVGEJDDRHCV7V2W6GSPZY.JPG?auth=c2a7c48230440a56d0b0ef05c1b91309c8aad70dc05648627f5792577dc98ff3&amp;smart=true&amp;width=768&amp;height=512&amp;quality=85\" media=\"(min-width: 768px)\" \/><source srcset=\"https:\/\/www.infobae.com\/resizer\/v2\/ZU2KGRVGEJDDRHCV7V2W6GSPZY.JPG?auth=c2a7c48230440a56d0b0ef05c1b91309c8aad70dc05648627f5792577dc98ff3&amp;smart=true&amp;width=577&amp;height=385&amp;quality=85\" media=\"(min-width: 580px)\" \/><source srcset=\"https:\/\/www.infobae.com\/resizer\/v2\/ZU2KGRVGEJDDRHCV7V2W6GSPZY.JPG?auth=c2a7c48230440a56d0b0ef05c1b91309c8aad70dc05648627f5792577dc98ff3&amp;smart=true&amp;width=420&amp;height=280&amp;quality=85\" media=\"(min-width: 350px)\" \/><source srcset=\"https:\/\/www.infobae.com\/resizer\/v2\/ZU2KGRVGEJDDRHCV7V2W6GSPZY.JPG?auth=c2a7c48230440a56d0b0ef05c1b91309c8aad70dc05648627f5792577dc98ff3&amp;smart=true&amp;width=350&amp;height=233&amp;quality=85\" media=\"(min-width: 80px)\" \/><img decoding=\"async\" loading=\"lazy\" class=\"global-image\" src=\"https:\/\/www.infobae.com\/resizer\/v2\/ZU2KGRVGEJDDRHCV7V2W6GSPZY.JPG?auth=c2a7c48230440a56d0b0ef05c1b91309c8aad70dc05648627f5792577dc98ff3&amp;smart=true&amp;width=350&amp;height=233&amp;quality=85\" alt=\"El Eternal Sunshine Tour de Ariana Grande termin\u00f3 en el O2 de Londres despu\u00e9s de 41 conciertos en 10 ciudades y m\u00e1s de 630.000 entradas vendidas - REUTERS\/Mario Anzuoni\/File Photo\" width=\"5732\" height=\"3821\" \/><\/picture><em>El Eternal Sunshine Tour de Ariana Grande termin\u00f3 en el O2 de Londres despu\u00e9s de 41 conciertos en 10 ciudades y m\u00e1s de 630.000 entradas vendidas &#8211; REUTERS\/Mario Anzuoni\/File Photo<\/em><\/div>\n<p class=\"paragraph\" data-paragraph-number=\"9\" data-mrf-recirculation=\"Links inline\">\u201cEst\u00e1 deseando terminar la gira por todo lo alto, con buena salud y feliz, para luego tomarse un merecido descanso de su trabajo y apariciones p\u00fablicas, que la han sometido a un escrutinio p\u00fablico constante e incesante\u201d, hab\u00eda se\u00f1alado el representante en ese momento. \u201cEsta gira ha sido una experiencia maravillosa para ella. Adora a sus fans y ha disfrutado much\u00edsimo cada minuto\u201d, agreg\u00f3.<\/p>\n<p class=\"paragraph\" data-paragraph-number=\"10\" data-mrf-recirculation=\"Links inline\">Tras conocerse la noticia, la propia Grande abord\u00f3 el tema frente a su p\u00fablico durante el show del 3 de agosto, con un mensaje que hab\u00eda preparado por escrito. \u201cEl anuncio que se hizo ayer no fue algo reactivo ni impulsivo. Es algo que decid\u00ed planificar\u201d, explic\u00f3 la cantante en aquella oportunidad.<\/p>\n<p class=\"paragraph\" data-paragraph-number=\"11\" data-mrf-recirculation=\"Links inline\"><b>La pausa tambi\u00e9n implic\u00f3 la salida de la artista de otro proyecto<\/b>: <i>PEOPLE<\/i> confirm\u00f3 en agosto que Grande ya no participar\u00e1 de la reposici\u00f3n en el West End de Sunday in the Park with George, de Stephen Sondheim, donde iba a compartir elenco con su compa\u00f1ero de Wicked, <b>Jonathan Bailey<\/b>. La producci\u00f3n, cuyo estreno est\u00e1 previsto para el pr\u00f3ximo verano boreal en el Barbican Centre de Londres, tambi\u00e9n perdi\u00f3 a Bailey, de 38 a\u00f1os, quien anunci\u00f3 su propia salida el 1 de septiembre.<\/p>\n<div class=\"visual__image\"><picture><source srcset=\"https:\/\/www.infobae.com\/resizer\/v2\/RQIYCA5FLVCPRERLPSODSZSC3Y.jpeg?auth=9f6f6e4745c8fbcb549e3e495a4af2894703755463607656c1ecef18dcfee9c7&amp;smart=true&amp;width=992&amp;height=558&amp;quality=85\" media=\"(min-width: 1000px)\" \/><source srcset=\"https:\/\/www.infobae.com\/resizer\/v2\/RQIYCA5FLVCPRERLPSODSZSC3Y.jpeg?auth=9f6f6e4745c8fbcb549e3e495a4af2894703755463607656c1ecef18dcfee9c7&amp;smart=true&amp;width=768&amp;height=432&amp;quality=85\" media=\"(min-width: 768px)\" \/><source srcset=\"https:\/\/www.infobae.com\/resizer\/v2\/RQIYCA5FLVCPRERLPSODSZSC3Y.jpeg?auth=9f6f6e4745c8fbcb549e3e495a4af2894703755463607656c1ecef18dcfee9c7&amp;smart=true&amp;width=577&amp;height=325&amp;quality=85\" media=\"(min-width: 580px)\" \/><source srcset=\"https:\/\/www.infobae.com\/resizer\/v2\/RQIYCA5FLVCPRERLPSODSZSC3Y.jpeg?auth=9f6f6e4745c8fbcb549e3e495a4af2894703755463607656c1ecef18dcfee9c7&amp;smart=true&amp;width=420&amp;height=236&amp;quality=85\" media=\"(min-width: 350px)\" \/><source srcset=\"https:\/\/www.infobae.com\/resizer\/v2\/RQIYCA5FLVCPRERLPSODSZSC3Y.jpeg?auth=9f6f6e4745c8fbcb549e3e495a4af2894703755463607656c1ecef18dcfee9c7&amp;smart=true&amp;width=350&amp;height=197&amp;quality=85\" media=\"(min-width: 80px)\" \/><img decoding=\"async\" loading=\"lazy\" class=\"global-image\" src=\"https:\/\/www.infobae.com\/resizer\/v2\/RQIYCA5FLVCPRERLPSODSZSC3Y.jpeg?auth=9f6f6e4745c8fbcb549e3e495a4af2894703755463607656c1ecef18dcfee9c7&amp;smart=true&amp;width=350&amp;height=197&amp;quality=85\" alt=\"Im\u00e1genes oficiales de La nueva Focker\" width=\"1200\" height=\"675\" \/><\/picture><em>La agenda de Ariana Grande incluye su trabajo en Wicked, Wicked: For Good y la pel\u00edcula animada \u00a1Oh, los lugares a los que ir\u00e1s!, prevista para 2028 &#8211; (Paramount Pictures)<\/em><\/div>\n<p class=\"paragraph\" data-paragraph-number=\"12\" data-mrf-recirculation=\"Links inline\">La agenda de Grande para los pr\u00f3ximos a\u00f1os incluye, adem\u00e1s de <i>Focker-in-Law,<\/i> su participaci\u00f3n como voz en la adaptaci\u00f3n animada de <i>\u00a1Oh, los lugares a los que ir\u00e1s!, del Dr. Seuss,<\/i> cuyo estreno est\u00e1 programado para 2028.<\/p>\n<p class=\"paragraph\" data-paragraph-number=\"13\" data-mrf-recirculation=\"Links inline\">El proyecto llega despu\u00e9s de que la artista completara su participaci\u00f3n en <i><b>Wicked <\/b><\/i>y<i><b> Wicked: For Good, <\/b><\/i>las dos entregas de la adaptaci\u00f3n cinematogr\u00e1fica del musical que consolid\u00f3 su regreso al cine tras a\u00f1os dedicados casi por completo a la m\u00fasica.<\/p>\n<p data-paragraph-number=\"13\" data-mrf-recirculation=\"Links inline\">(<em>Con informaci\u00f3n de Infobae)<\/em><\/p>\n<div class=\"display_flex align_items_center flex_row byline has-author follow-button-ctn byline-new\">\n<div class=\"display_flex byline-image-ctn\">\n<div class=\"author-image-header\">\n<div class=\"\"><picture><source srcset=\"https:\/\/www.infobae.com\/resizer\/v2\/https%3A%2F%2Fauthor-service-images-prod-us-east-1.publishing.aws.arc.pub%2Finfobae%2FJBELH74NDBHMRFA4NGHEDYEN6Y.jpg?auth=ea8f8a2a075cadafb749fbeb0c09579c551dcf29cc387e35f17dc4cbdab4ff9d&amp;smart=true&amp;width=40&amp;height=40&amp;quality=85\" media=\"(min-width: 80px)\" \/><img decoding=\"async\" loading=\"lazy\" class=\"global-image byline-author-image\" src=\"https:\/\/www.infobae.com\/resizer\/v2\/https%3A%2F%2Fauthor-service-images-prod-us-east-1.publishing.aws.arc.pub%2Finfobae%2FJBELH74NDBHMRFA4NGHEDYEN6Y.jpg?auth=ea8f8a2a075cadafb749fbeb0c09579c551dcf29cc387e35f17dc4cbdab4ff9d&amp;smart=true&amp;width=40&amp;height=40&amp;quality=85\" alt=\"Celeste Sawczuk\" width=\"1\" height=\"1\" \/><\/picture><\/div>\n<\/div>\n<\/div>\n<\/div>\n","protected":false},"excerpt":{"rendered":"<p>Tras cerrar el Eternal Sunshine Tour con un emotivo adi\u00f3s en Londres, la cantante mantendr\u00e1 su apoyo a la nueva comedia de Universal Pictures antes de alejarse un tiempo de los reflectores Ariana Grande mantiene su compromiso con la promoci\u00f3n de Focker-in-Law antes de iniciar el descanso que hab\u00eda anunciado semanas atr\u00e1s, seg\u00fan una fuente [&hellip;]<\/p>\n","protected":false},"author":1,"featured_media":93002,"comment_status":"open","ping_status":"open","sticky":false,"template":"","format":"standard","meta":{"om_disable_all_campaigns":false,"_mi_skip_tracking":false},"categories":[10],"tags":[],"yoast_head":"<!-- This site is optimized with the Yoast SEO plugin v20.5 - https:\/\/yoast.com\/wordpress\/plugins\/seo\/ -->\n<title>Ariana Grande cierra su gira mundial y promociona Focker-in-Law: \u201cEsta ha sido una de las experiencias m\u00e1s extraordinarias de mi vida\u201d - The citizen for the world<\/title>\n<meta name=\"robots\" content=\"index, follow, max-snippet:-1, max-image-preview:large, max-video-preview:-1\" \/>\n<link rel=\"canonical\" href=\"https:\/\/thecitizenfortheworld.com\/?p=93001\" \/>\n<meta property=\"og:locale\" content=\"es_ES\" \/>\n<meta property=\"og:type\" content=\"article\" \/>\n<meta property=\"og:title\" content=\"Ariana Grande cierra su gira mundial y promociona Focker-in-Law: \u201cEsta ha sido una de las experiencias m\u00e1s extraordinarias de mi vida\u201d - The citizen for the world\" \/>\n<meta property=\"og:description\" content=\"Tras cerrar el Eternal Sunshine Tour con un emotivo adi\u00f3s en Londres, la cantante mantendr\u00e1 su apoyo a la nueva comedia de Universal Pictures antes de alejarse un tiempo de los reflectores Ariana Grande mantiene su compromiso con la promoci\u00f3n de Focker-in-Law antes de iniciar el descanso que hab\u00eda anunciado semanas atr\u00e1s, seg\u00fan una fuente [&hellip;]\" \/>\n<meta property=\"og:url\" content=\"https:\/\/thecitizenfortheworld.com\/?p=93001\" \/>\n<meta property=\"og:site_name\" content=\"The citizen for the world\" \/>\n<meta property=\"article:publisher\" content=\"https:\/\/www.facebook.com\/thecitizenfortheworld\" \/>\n<meta property=\"article:published_time\" content=\"2026-09-05T21:33:47+00:00\" \/>\n<meta property=\"og:image\" content=\"https:\/\/thecitizenfortheworld.com\/wp-content\/uploads\/2026\/09\/Focker-in-law.jpg\" \/>\n\t<meta property=\"og:image:width\" content=\"399\" \/>\n\t<meta property=\"og:image:height\" content=\"501\" \/>\n\t<meta property=\"og:image:type\" content=\"image\/jpeg\" \/>\n<meta name=\"author\" content=\"thecitizenfortheworld23@gmail.com\" \/>\n<meta name=\"twitter:card\" content=\"summary_large_image\" \/>\n<meta name=\"twitter:label1\" content=\"Escrito por\" \/>\n\t<meta name=\"twitter:data1\" content=\"thecitizenfortheworld23@gmail.com\" \/>\n\t<meta name=\"twitter:label2\" content=\"Tiempo estimado de lectura\" \/>\n\t<meta name=\"twitter:data2\" content=\"5 minutos\" \/>\n<script type=\"application\/ld+json\" class=\"yoast-schema-graph\">{\"@context\":\"https:\/\/schema.org\",\"@graph\":[{\"@type\":\"Article\",\"@id\":\"https:\/\/thecitizenfortheworld.com\/?p=93001#article\",\"isPartOf\":{\"@id\":\"https:\/\/thecitizenfortheworld.com\/?p=93001\"},\"author\":{\"name\":\"thecitizenfortheworld23@gmail.com\",\"@id\":\"https:\/\/thecitizenfortheworld.com\/#\/schema\/person\/1f6b82847278ca8d344c472822b5b66f\"},\"headline\":\"Ariana Grande cierra su gira mundial y promociona Focker-in-Law: \u201cEsta ha sido una de las experiencias m\u00e1s extraordinarias de mi vida\u201d\",\"datePublished\":\"2026-09-05T21:33:47+00:00\",\"dateModified\":\"2026-09-05T21:33:47+00:00\",\"mainEntityOfPage\":{\"@id\":\"https:\/\/thecitizenfortheworld.com\/?p=93001\"},\"wordCount\":865,\"commentCount\":0,\"publisher\":{\"@id\":\"https:\/\/thecitizenfortheworld.com\/#organization\"},\"articleSection\":[\"Entretenimiento\"],\"inLanguage\":\"es-CO\",\"potentialAction\":[{\"@type\":\"CommentAction\",\"name\":\"Comment\",\"target\":[\"https:\/\/thecitizenfortheworld.com\/?p=93001#respond\"]}]},{\"@type\":\"WebPage\",\"@id\":\"https:\/\/thecitizenfortheworld.com\/?p=93001\",\"url\":\"https:\/\/thecitizenfortheworld.com\/?p=93001\",\"name\":\"Ariana Grande cierra su gira mundial y promociona Focker-in-Law: \u201cEsta ha sido una de las experiencias m\u00e1s extraordinarias de mi vida\u201d - The citizen for the world\",\"isPartOf\":{\"@id\":\"https:\/\/thecitizenfortheworld.com\/#website\"},\"datePublished\":\"2026-09-05T21:33:47+00:00\",\"dateModified\":\"2026-09-05T21:33:47+00:00\",\"breadcrumb\":{\"@id\":\"https:\/\/thecitizenfortheworld.com\/?p=93001#breadcrumb\"},\"inLanguage\":\"es-CO\",\"potentialAction\":[{\"@type\":\"ReadAction\",\"target\":[\"https:\/\/thecitizenfortheworld.com\/?p=93001\"]}]},{\"@type\":\"BreadcrumbList\",\"@id\":\"https:\/\/thecitizenfortheworld.com\/?p=93001#breadcrumb\",\"itemListElement\":[{\"@type\":\"ListItem\",\"position\":1,\"name\":\"Inicio\",\"item\":\"https:\/\/thecitizenfortheworld.com\/\"},{\"@type\":\"ListItem\",\"position\":2,\"name\":\"Ariana Grande cierra su gira mundial y promociona Focker-in-Law: \u201cEsta ha sido una de las experiencias m\u00e1s extraordinarias de mi vida\u201d\"}]},{\"@type\":\"WebSite\",\"@id\":\"https:\/\/thecitizenfortheworld.com\/#website\",\"url\":\"https:\/\/thecitizenfortheworld.com\/\",\"name\":\"The citizen for the world\",\"description\":\"\",\"publisher\":{\"@id\":\"https:\/\/thecitizenfortheworld.com\/#organization\"},\"potentialAction\":[{\"@type\":\"SearchAction\",\"target\":{\"@type\":\"EntryPoint\",\"urlTemplate\":\"https:\/\/thecitizenfortheworld.com\/?s={search_term_string}\"},\"query-input\":\"required name=search_term_string\"}],\"inLanguage\":\"es-CO\"},{\"@type\":\"Organization\",\"@id\":\"https:\/\/thecitizenfortheworld.com\/#organization\",\"name\":\"The citizen for the world\",\"url\":\"https:\/\/thecitizenfortheworld.com\/\",\"logo\":{\"@type\":\"ImageObject\",\"inLanguage\":\"es-CO\",\"@id\":\"https:\/\/thecitizenfortheworld.com\/#\/schema\/logo\/image\/\",\"url\":\"https:\/\/thecitizenfortheworld.com\/wp-content\/uploads\/2023\/04\/cropped-the-citizens.png\",\"contentUrl\":\"https:\/\/thecitizenfortheworld.com\/wp-content\/uploads\/2023\/04\/cropped-the-citizens.png\",\"width\":1135,\"height\":1302,\"caption\":\"The citizen for the world\"},\"image\":{\"@id\":\"https:\/\/thecitizenfortheworld.com\/#\/schema\/logo\/image\/\"},\"sameAs\":[\"https:\/\/www.facebook.com\/thecitizenfortheworld\"]},{\"@type\":\"Person\",\"@id\":\"https:\/\/thecitizenfortheworld.com\/#\/schema\/person\/1f6b82847278ca8d344c472822b5b66f\",\"name\":\"thecitizenfortheworld23@gmail.com\",\"image\":{\"@type\":\"ImageObject\",\"inLanguage\":\"es-CO\",\"@id\":\"https:\/\/thecitizenfortheworld.com\/#\/schema\/person\/image\/\",\"url\":\"https:\/\/secure.gravatar.com\/avatar\/fa0768c808e84d205962885f7091f34b?s=96&d=mm&r=pg\",\"contentUrl\":\"https:\/\/secure.gravatar.com\/avatar\/fa0768c808e84d205962885f7091f34b?s=96&d=mm&r=pg\",\"caption\":\"thecitizenfortheworld23@gmail.com\"},\"sameAs\":[\"http:\/\/thecitizenfortheworld.com\"],\"url\":\"https:\/\/thecitizenfortheworld.com\/?author=1\"}]}<\/script>\n<!-- \/ Yoast SEO plugin. -->","yoast_head_json":{"title":"Ariana Grande cierra su gira mundial y promociona Focker-in-Law: \u201cEsta ha sido una de las experiencias m\u00e1s extraordinarias de mi vida\u201d - The citizen for the world","robots":{"index":"index","follow":"follow","max-snippet":"max-snippet:-1","max-image-preview":"max-image-preview:large","max-video-preview":"max-video-preview:-1"},"canonical":"https:\/\/thecitizenfortheworld.com\/?p=93001","og_locale":"es_ES","og_type":"article","og_title":"Ariana Grande cierra su gira mundial y promociona Focker-in-Law: \u201cEsta ha sido una de las experiencias m\u00e1s extraordinarias de mi vida\u201d - The citizen for the world","og_description":"Tras cerrar el Eternal Sunshine Tour con un emotivo adi\u00f3s en Londres, la cantante mantendr\u00e1 su apoyo a la nueva comedia de Universal Pictures antes de alejarse un tiempo de los reflectores Ariana Grande mantiene su compromiso con la promoci\u00f3n de Focker-in-Law antes de iniciar el descanso que hab\u00eda anunciado semanas atr\u00e1s, seg\u00fan una fuente [&hellip;]","og_url":"https:\/\/thecitizenfortheworld.com\/?p=93001","og_site_name":"The citizen for the world","article_publisher":"https:\/\/www.facebook.com\/thecitizenfortheworld","article_published_time":"2026-09-05T21:33:47+00:00","og_image":[{"width":399,"height":501,"url":"https:\/\/thecitizenfortheworld.com\/wp-content\/uploads\/2026\/09\/Focker-in-law.jpg","type":"image\/jpeg"}],"author":"thecitizenfortheworld23@gmail.com","twitter_card":"summary_large_image","twitter_misc":{"Escrito por":"thecitizenfortheworld23@gmail.com","Tiempo estimado de lectura":"5 minutos"},"schema":{"@context":"https:\/\/schema.org","@graph":[{"@type":"Article","@id":"https:\/\/thecitizenfortheworld.com\/?p=93001#article","isPartOf":{"@id":"https:\/\/thecitizenfortheworld.com\/?p=93001"},"author":{"name":"thecitizenfortheworld23@gmail.com","@id":"https:\/\/thecitizenfortheworld.com\/#\/schema\/person\/1f6b82847278ca8d344c472822b5b66f"},"headline":"Ariana Grande cierra su gira mundial y promociona Focker-in-Law: \u201cEsta ha sido una de las experiencias m\u00e1s extraordinarias de mi vida\u201d","datePublished":"2026-09-05T21:33:47+00:00","dateModified":"2026-09-05T21:33:47+00:00","mainEntityOfPage":{"@id":"https:\/\/thecitizenfortheworld.com\/?p=93001"},"wordCount":865,"commentCount":0,"publisher":{"@id":"https:\/\/thecitizenfortheworld.com\/#organization"},"articleSection":["Entretenimiento"],"inLanguage":"es-CO","potentialAction":[{"@type":"CommentAction","name":"Comment","target":["https:\/\/thecitizenfortheworld.com\/?p=93001#respond"]}]},{"@type":"WebPage","@id":"https:\/\/thecitizenfortheworld.com\/?p=93001","url":"https:\/\/thecitizenfortheworld.com\/?p=93001","name":"Ariana Grande cierra su gira mundial y promociona Focker-in-Law: \u201cEsta ha sido una de las experiencias m\u00e1s extraordinarias de mi vida\u201d - The citizen for the world","isPartOf":{"@id":"https:\/\/thecitizenfortheworld.com\/#website"},"datePublished":"2026-09-05T21:33:47+00:00","dateModified":"2026-09-05T21:33:47+00:00","breadcrumb":{"@id":"https:\/\/thecitizenfortheworld.com\/?p=93001#breadcrumb"},"inLanguage":"es-CO","potentialAction":[{"@type":"ReadAction","target":["https:\/\/thecitizenfortheworld.com\/?p=93001"]}]},{"@type":"BreadcrumbList","@id":"https:\/\/thecitizenfortheworld.com\/?p=93001#breadcrumb","itemListElement":[{"@type":"ListItem","position":1,"name":"Inicio","item":"https:\/\/thecitizenfortheworld.com\/"},{"@type":"ListItem","position":2,"name":"Ariana Grande cierra su gira mundial y promociona Focker-in-Law: \u201cEsta ha sido una de las experiencias m\u00e1s extraordinarias de mi vida\u201d"}]},{"@type":"WebSite","@id":"https:\/\/thecitizenfortheworld.com\/#website","url":"https:\/\/thecitizenfortheworld.com\/","name":"The citizen for the world","description":"","publisher":{"@id":"https:\/\/thecitizenfortheworld.com\/#organization"},"potentialAction":[{"@type":"SearchAction","target":{"@type":"EntryPoint","urlTemplate":"https:\/\/thecitizenfortheworld.com\/?s={search_term_string}"},"query-input":"required name=search_term_string"}],"inLanguage":"es-CO"},{"@type":"Organization","@id":"https:\/\/thecitizenfortheworld.com\/#organization","name":"The citizen for the world","url":"https:\/\/thecitizenfortheworld.com\/","logo":{"@type":"ImageObject","inLanguage":"es-CO","@id":"https:\/\/thecitizenfortheworld.com\/#\/schema\/logo\/image\/","url":"https:\/\/thecitizenfortheworld.com\/wp-content\/uploads\/2023\/04\/cropped-the-citizens.png","contentUrl":"https:\/\/thecitizenfortheworld.com\/wp-content\/uploads\/2023\/04\/cropped-the-citizens.png","width":1135,"height":1302,"caption":"The citizen for the world"},"image":{"@id":"https:\/\/thecitizenfortheworld.com\/#\/schema\/logo\/image\/"},"sameAs":["https:\/\/www.facebook.com\/thecitizenfortheworld"]},{"@type":"Person","@id":"https:\/\/thecitizenfortheworld.com\/#\/schema\/person\/1f6b82847278ca8d344c472822b5b66f","name":"thecitizenfortheworld23@gmail.com","image":{"@type":"ImageObject","inLanguage":"es-CO","@id":"https:\/\/thecitizenfortheworld.com\/#\/schema\/person\/image\/","url":"https:\/\/secure.gravatar.com\/avatar\/fa0768c808e84d205962885f7091f34b?s=96&d=mm&r=pg","contentUrl":"https:\/\/secure.gravatar.com\/avatar\/fa0768c808e84d205962885f7091f34b?s=96&d=mm&r=pg","caption":"thecitizenfortheworld23@gmail.com"},"sameAs":["http:\/\/thecitizenfortheworld.com"],"url":"https:\/\/thecitizenfortheworld.com\/?author=1"}]}},"_links":{"self":[{"href":"https:\/\/thecitizenfortheworld.com\/index.php?rest_route=\/wp\/v2\/posts\/93001"}],"collection":[{"href":"https:\/\/thecitizenfortheworld.com\/index.php?rest_route=\/wp\/v2\/posts"}],"about":[{"href":"https:\/\/thecitizenfortheworld.com\/index.php?rest_route=\/wp\/v2\/types\/post"}],"author":[{"embeddable":true,"href":"https:\/\/thecitizenfortheworld.com\/index.php?rest_route=\/wp\/v2\/users\/1"}],"replies":[{"embeddable":true,"href":"https:\/\/thecitizenfortheworld.com\/index.php?rest_route=%2Fwp%2Fv2%2Fcomments&post=93001"}],"version-history":[{"count":1,"href":"https:\/\/thecitizenfortheworld.com\/index.php?rest_route=\/wp\/v2\/posts\/93001\/revisions"}],"predecessor-version":[{"id":93003,"href":"https:\/\/thecitizenfortheworld.com\/index.php?rest_route=\/wp\/v2\/posts\/93001\/revisions\/93003"}],"wp:featuredmedia":[{"embeddable":true,"href":"https:\/\/thecitizenfortheworld.com\/index.php?rest_route=\/wp\/v2\/media\/93002"}],"wp:attachment":[{"href":"https:\/\/thecitizenfortheworld.com\/index.php?rest_route=%2Fwp%2Fv2%2Fmedia&parent=93001"}],"wp:term":[{"taxonomy":"category","embeddable":true,"href":"https:\/\/thecitizenfortheworld.com\/index.php?rest_route=%2Fwp%2Fv2%2Fcategories&post=93001"},{"taxonomy":"post_tag","embeddable":true,"href":"https:\/\/thecitizenfortheworld.com\/index.php?rest_route=%2Fwp%2Fv2%2Ftags&post=93001"}],"curies":[{"name":"wp","href":"https:\/\/api.w.org\/{rel}","templated":true}]}}