{"id":92998,"date":"2026-09-05T13:49:46","date_gmt":"2026-09-05T18:49:46","guid":{"rendered":"https:\/\/thecitizenfortheworld.com\/?p=92998"},"modified":"2026-09-05T13:49:46","modified_gmt":"2026-09-05T18:49:46","slug":"theo-james-explico-por-que-no-quiere-ser-james-bond-y-revelo-el-costo-que-tendria-para-su-vida-privada","status":"publish","type":"post","link":"https:\/\/thecitizenfortheworld.com\/?p=92998","title":{"rendered":"Theo James explic\u00f3 por qu\u00e9 no quiere ser James Bond y revel\u00f3 el costo que tendr\u00eda para su vida privada"},"content":{"rendered":"<p class=\"article-subheadline text-align-left\">El actor brit\u00e1nico habl\u00f3 sobre el peso de la fama, la necesidad de preservar el anonimato por su familia y una etapa profesional en la que prioriza proyectos que le permitan conservar mayor libertad<\/p>\n<p><b>Theo James <\/b>y<b> <\/b><a title=\"https:\/\/www.infobae.com\/tag\/james-bond\/\" href=\"https:\/\/www.infobae.com\/tag\/james-bond\/\" target=\"_blank\" rel=\"noopener noreferrer\" data-mrf-link=\"https:\/\/www.infobae.com\/tag\/james-bond\/\"><b>James Bond<\/b><\/a> vuelven a coincidir en un momento de alta exposici\u00f3n para el actor brit\u00e1nico, entre <i><b>The Gentlemen<\/b><\/i>, el eco de <i><b>The White Lotus<\/b><\/i> y una respuesta tajante sobre el esp\u00eda m\u00e1s famoso del cine. <b>\u201cPara empezar, ya soy demasiado mayor, sin duda\u201d<\/b>, dijo a <i>GQ<\/i>.<\/p>\n<p>El actor asegur\u00f3 que no ve sentido en asumir un papel como James Bond si eso implica perder por completo una vida corriente y quedar absorbido por una fama irreversible. En la entrevista, tambi\u00e9n habl\u00f3 de su relaci\u00f3n con la exposici\u00f3n p\u00fablica, de su necesidad de preservar el anonimato por su familia y de una etapa profesional que le permite elegir mejor sus proyectos.<\/p>\n<p>A sus 41 a\u00f1os, Theo James habl\u00f3 con <i>British GQ <\/i>durante la promoci\u00f3n de la segunda temporada de <a title=\"https:\/\/www.infobae.com\/america\/agencias\/2026\/09\/02\/la-segunda-entrega-de-the-gentlemen-es-mas-profunda-y-oscura-dice-su-actor-protagonista\/\" href=\"https:\/\/www.infobae.com\/america\/agencias\/2026\/09\/02\/la-segunda-entrega-de-the-gentlemen-es-mas-profunda-y-oscura-dice-su-actor-protagonista\/\" target=\"_blank\" rel=\"noopener noreferrer\" data-mrf-link=\"https:\/\/www.infobae.com\/america\/agencias\/2026\/09\/02\/la-segunda-entrega-de-the-gentlemen-es-mas-profunda-y-oscura-dice-su-actor-protagonista\/\"><i>The Gentlemen<\/i><\/a>, que Netflix estren\u00f3 el 3 de septiembre de 2026 y donde interpreta a Edward \u201cEddie\u201d Horniman. El actor sostuvo que esta etapa de su carrera le permite elegir proyectos con mayor libertad: \u201cCon un poco m\u00e1s de \u00e9xito, y eso siempre fluct\u00faa, puedes permitirte ser algo m\u00e1s selectivo con lo que haces\u201d.<\/p>\n<h2 id=\"la-clase-el-poder-y-la-ambicion-en-&quot;the-gentlemen&quot;\" class=\"text-align-left vertical-align-top line-height-100 header headline-class-h2 headline\">La clase, el poder y la ambici\u00f3n en \u201cThe Gentlemen\u201d<\/h2>\n<p class=\"paragraph\" data-paragraph-number=\"4\" data-mrf-recirculation=\"Links inline\">Cuando la conversaci\u00f3n pas\u00f3 a <i>The Gentlemen<\/i>, James situ\u00f3 la serie en el <b>terreno de la clase social, el poder heredado y la corrupci\u00f3n moral<\/b>. En esa parte de la entrevista con <i>GQ<\/i>, dej\u00f3 una de sus definiciones m\u00e1s directas sobre el Reino Unido: \u201cCreemos que no es as\u00ed, pero la clase social define Gran Breta\u00f1a\u201d.<\/p>\n<div class=\"visual__image\"><picture><source srcset=\"https:\/\/www.infobae.com\/resizer\/v2\/WLAUWTJ2PZH2JFZR4GD6AP5ELI.jpg?auth=16098d9fbb06b054ad2e94b11558c3f632690fb04287ebcde8a413bfb22be641&amp;smart=true&amp;width=992&amp;height=557&amp;quality=85\" media=\"(min-width: 1000px)\" \/><source srcset=\"https:\/\/www.infobae.com\/resizer\/v2\/WLAUWTJ2PZH2JFZR4GD6AP5ELI.jpg?auth=16098d9fbb06b054ad2e94b11558c3f632690fb04287ebcde8a413bfb22be641&amp;smart=true&amp;width=768&amp;height=431&amp;quality=85\" media=\"(min-width: 768px)\" \/><source srcset=\"https:\/\/www.infobae.com\/resizer\/v2\/WLAUWTJ2PZH2JFZR4GD6AP5ELI.jpg?auth=16098d9fbb06b054ad2e94b11558c3f632690fb04287ebcde8a413bfb22be641&amp;smart=true&amp;width=577&amp;height=324&amp;quality=85\" media=\"(min-width: 580px)\" \/><source srcset=\"https:\/\/www.infobae.com\/resizer\/v2\/WLAUWTJ2PZH2JFZR4GD6AP5ELI.jpg?auth=16098d9fbb06b054ad2e94b11558c3f632690fb04287ebcde8a413bfb22be641&amp;smart=true&amp;width=420&amp;height=236&amp;quality=85\" media=\"(min-width: 350px)\" \/><source srcset=\"https:\/\/www.infobae.com\/resizer\/v2\/WLAUWTJ2PZH2JFZR4GD6AP5ELI.jpg?auth=16098d9fbb06b054ad2e94b11558c3f632690fb04287ebcde8a413bfb22be641&amp;smart=true&amp;width=350&amp;height=197&amp;quality=85\" media=\"(min-width: 80px)\" \/><img decoding=\"async\" loading=\"lazy\" class=\"global-image\" src=\"https:\/\/www.infobae.com\/resizer\/v2\/WLAUWTJ2PZH2JFZR4GD6AP5ELI.jpg?auth=16098d9fbb06b054ad2e94b11558c3f632690fb04287ebcde8a413bfb22be641&amp;smart=true&amp;width=350&amp;height=197&amp;quality=85\" alt=\"Theo James en la segunda temporada 'The Gentlemen: La serie', creada por Guy Ritchie (Netflix)\" width=\"1200\" height=\"674\" \/><\/picture><em>Theo James habl\u00f3 con GQ antes del estreno de la segunda temporada de &#8220;The Gentlemen&#8221; en Netflix, donde interpreta a Eddie Horniman y trabaja como coproductor ejecutivo (Netflix)<\/em><\/div>\n<p class=\"paragraph\" data-paragraph-number=\"5\" data-mrf-recirculation=\"Links inline\">El actor explic\u00f3 que al principio entendi\u00f3 a Eddie desde <b>\u201cun sentimiento de culpa de clase media\u201d<\/b>, como alguien que despreciar\u00eda ese legado aristocr\u00e1tico. Despu\u00e9s, a partir de las conversaciones con <b>Guy Ritchie<\/b>, dijo que empez\u00f3 a ver el magnetismo de pertenecer a un linaje de 600 a\u00f1os. \u201cEs algo que no puedes entender de verdad a no ser que lo tengas, y yo no lo tengo\u201d, se\u00f1al\u00f3. \u201cCreo que lo subestim\u00e9. El encanto, el poder y la importancia que tiene para la gente\u201d, agreg\u00f3.<\/p>\n<p data-paragraph-number=\"5\" data-mrf-recirculation=\"Links inline\">Para James, esa promesa de continuidad y pertenencia tambi\u00e9n est\u00e1 en el origen de una degradaci\u00f3n m\u00e1s profunda. \u201cLa gente comienza a creer que merece estar ah\u00ed por esa raz\u00f3n. Y que pueden hacer cualquier cosa con tal de mantenerse ah\u00ed\u2026 Y eso es lo m\u00e1s t\u00f3xico\u201d, dijo.<\/p>\n<p class=\"paragraph\" data-paragraph-number=\"7\" data-mrf-recirculation=\"Links inline\"><b>Ese deterioro aparece en la segunda temporada a trav\u00e9s de un Eddie m\u00e1s atra\u00eddo por su peso din\u00e1stico y m\u00e1s da\u00f1ado por las consecuencias de sus decisiones<\/b>. \u201cLa idea de que el alma se ennegrece hasta que ya no hay vuelta atr\u00e1s\u201d, plante\u00f3 James.<\/p>\n<h2 id=\"la-fama-los-selfis-y-el-precio-de-perder-el-anonimato\" class=\"text-align-left vertical-align-top line-height-100 header headline-class-h2 headline\">La fama, los selfis y el precio de perder el anonimato<\/h2>\n<p class=\"paragraph\" data-paragraph-number=\"8\" data-mrf-recirculation=\"Links inline\">Al mirar hacia la etapa de <i>Divergente<\/i>, el actor habl\u00f3 de una relaci\u00f3n mucho m\u00e1s \u00e1spera con la exposici\u00f3n. <b>\u201cCuando era m\u00e1s joven, hice una saga adolescente y eso fue m\u00e1s complicado. Hay un momento de euforia en el que la gente te persigue por la calle, ese tipo de cosas\u201d<\/b>, explic\u00f3.<\/p>\n<div class=\"visual__image\"><picture><source srcset=\"https:\/\/www.infobae.com\/resizer\/v2\/32QGPQH7YMHRJEAMQQYVN73Q4M.jpg?auth=5fa521d16f453ff28b48aa5b8b5f63440425fadc7764a4b406348d1b2c629e0e&amp;smart=true&amp;width=992&amp;height=668&amp;quality=85\" media=\"(min-width: 1000px)\" \/><source srcset=\"https:\/\/www.infobae.com\/resizer\/v2\/32QGPQH7YMHRJEAMQQYVN73Q4M.jpg?auth=5fa521d16f453ff28b48aa5b8b5f63440425fadc7764a4b406348d1b2c629e0e&amp;smart=true&amp;width=768&amp;height=517&amp;quality=85\" media=\"(min-width: 768px)\" \/><source srcset=\"https:\/\/www.infobae.com\/resizer\/v2\/32QGPQH7YMHRJEAMQQYVN73Q4M.jpg?auth=5fa521d16f453ff28b48aa5b8b5f63440425fadc7764a4b406348d1b2c629e0e&amp;smart=true&amp;width=577&amp;height=389&amp;quality=85\" media=\"(min-width: 580px)\" \/><source srcset=\"https:\/\/www.infobae.com\/resizer\/v2\/32QGPQH7YMHRJEAMQQYVN73Q4M.jpg?auth=5fa521d16f453ff28b48aa5b8b5f63440425fadc7764a4b406348d1b2c629e0e&amp;smart=true&amp;width=420&amp;height=283&amp;quality=85\" media=\"(min-width: 350px)\" \/><source srcset=\"https:\/\/www.infobae.com\/resizer\/v2\/32QGPQH7YMHRJEAMQQYVN73Q4M.jpg?auth=5fa521d16f453ff28b48aa5b8b5f63440425fadc7764a4b406348d1b2c629e0e&amp;smart=true&amp;width=350&amp;height=236&amp;quality=85\" media=\"(min-width: 80px)\" \/><img decoding=\"async\" loading=\"lazy\" class=\"global-image\" src=\"https:\/\/www.infobae.com\/resizer\/v2\/32QGPQH7YMHRJEAMQQYVN73Q4M.jpg?auth=5fa521d16f453ff28b48aa5b8b5f63440425fadc7764a4b406348d1b2c629e0e&amp;smart=true&amp;width=350&amp;height=236&amp;quality=85\" alt=\"El actor brit\u00e1nico dijo que preservar el anonimato y su vida privada con sus hijos pesa m\u00e1s que aceptar un papel como James Bond (REUTERS\/Mario Anzuoni)\" width=\"5500\" height=\"3706\" \/><\/picture><em>El actor brit\u00e1nico dijo que preservar el anonimato y su vida privada con sus hijos pesa m\u00e1s que aceptar un papel como James Bond (REUTERS\/Mario Anzuoni)<\/em><\/div>\n<p class=\"paragraph\" data-paragraph-number=\"9\" data-mrf-recirculation=\"Links inline\">Esa presi\u00f3n<i> <\/i>lo llev\u00f3 a encerrarse, a rechazar trabajo y hasta a pensar en estudiar <b>Oceanograf\u00eda <\/b>en la Universidad de Santa Cruz, en California. \u201cSin duda, me preguntaba si, de hacer algo as\u00ed, algo m\u00e1s real, en cierto modo, ser\u00eda m\u00e1s feliz\u201d, reconoci\u00f3.<\/p>\n<p class=\"paragraph\" data-paragraph-number=\"10\" data-mrf-recirculation=\"Links inline\">Adem\u00e1s, explic\u00f3 que <b>el anonimato sigue siendo una frontera que no quiere perder del todo, sobre todo por sus hijos, que van a cumplir 5 y 3 a\u00f1os<\/b>.<\/p>\n<h2 id=\"por-que-theo-james-no-idealiza-el-papel-de-james-bond\" class=\"text-align-left vertical-align-top line-height-100 header headline-class-h2 headline\">Por qu\u00e9 Theo James no idealiza el papel de James Bond<\/h2>\n<div class=\"visual__image\"><picture><source srcset=\"https:\/\/www.infobae.com\/resizer\/v2\/ZA66IQXFC5FYZKEDIDZSQ5WENQ.jpg?auth=c3d254613c3e2db97fab41d3e5049bd07946419ac5399b495736b16f163d8cf0&amp;smart=true&amp;width=992&amp;height=660&amp;quality=85\" media=\"(min-width: 1000px)\" \/><source srcset=\"https:\/\/www.infobae.com\/resizer\/v2\/ZA66IQXFC5FYZKEDIDZSQ5WENQ.jpg?auth=c3d254613c3e2db97fab41d3e5049bd07946419ac5399b495736b16f163d8cf0&amp;smart=true&amp;width=768&amp;height=511&amp;quality=85\" media=\"(min-width: 768px)\" \/><source srcset=\"https:\/\/www.infobae.com\/resizer\/v2\/ZA66IQXFC5FYZKEDIDZSQ5WENQ.jpg?auth=c3d254613c3e2db97fab41d3e5049bd07946419ac5399b495736b16f163d8cf0&amp;smart=true&amp;width=577&amp;height=384&amp;quality=85\" media=\"(min-width: 580px)\" \/><source srcset=\"https:\/\/www.infobae.com\/resizer\/v2\/ZA66IQXFC5FYZKEDIDZSQ5WENQ.jpg?auth=c3d254613c3e2db97fab41d3e5049bd07946419ac5399b495736b16f163d8cf0&amp;smart=true&amp;width=420&amp;height=280&amp;quality=85\" media=\"(min-width: 350px)\" \/><source srcset=\"https:\/\/www.infobae.com\/resizer\/v2\/ZA66IQXFC5FYZKEDIDZSQ5WENQ.jpg?auth=c3d254613c3e2db97fab41d3e5049bd07946419ac5399b495736b16f163d8cf0&amp;smart=true&amp;width=350&amp;height=233&amp;quality=85\" media=\"(min-width: 80px)\" \/><img decoding=\"async\" loading=\"lazy\" class=\"global-image\" src=\"https:\/\/www.infobae.com\/resizer\/v2\/ZA66IQXFC5FYZKEDIDZSQ5WENQ.jpg?auth=c3d254613c3e2db97fab41d3e5049bd07946419ac5399b495736b16f163d8cf0&amp;smart=true&amp;width=350&amp;height=233&amp;quality=85\" alt=\"Imagen de 'James Bond'\" width=\"700\" height=\"466\" \/><\/picture><\/div>\n<div class=\"visual__image\"><em>Theo James sostuvo que interpretar a James Bond no compensa si implica perder una vida corriente y quedar absorbido por una fama irreversible<\/em><\/div>\n<p class=\"paragraph\" data-paragraph-number=\"11\" data-mrf-recirculation=\"Links inline\">James no aborda la idea de Bond como una meta natural de carrera, sino como un papel capaz de alterar de forma permanente la relaci\u00f3n entre actor, personaje y vida privada. <b>\u201cPara m\u00ed, no merece la pena<\/b>\u201d, dijo al hablar del coste de una fama total. Y agreg\u00f3: \u201cA la vez, <b>es muy embriagador que te ofrezcan un papel enorme y atractivo que puede cambiar tu vida para siempre<\/b>. Pero, en \u00faltima instancia, no merecer\u00eda la pena\u201d.<\/p>\n<p class=\"paragraph\" data-paragraph-number=\"12\" data-mrf-recirculation=\"Links inline\"><i>GQ<\/i> tambi\u00e9n revel\u00f3 c\u00f3mo lo ven sus compa\u00f1eros en esta etapa. <b>Kaya Scodelario<\/b>, su compa\u00f1era en <i>The Gentlemen<\/i>, dijo: \u201cEs muy seguro de s\u00ed mismo. Es su mayor fortaleza. Theo no tiene aires ni pretensiones. Nunca act\u00faa para complacer a nadie\u201d.<\/p>\n<div class=\"ad_4 ad-wrapper dfpAd ad-1-al-6 ad-text ad-component-container\" data-ad-wrapper=\"arcad\" data-ad-type=\"ad_4\" data-ad-slot=\"infobae\/entretenimiento\/nota\/ad_4\" data-ad-container=\"dfp\" data-ad-slot-name=\"infobae\/entretenimiento\/nota\/ad_4\">\n<p class=\"ad-shell-label\">\n<\/div>\n<div class=\"visual__image\"><picture><source srcset=\"https:\/\/www.infobae.com\/resizer\/v2\/UT44RRITJC4N3CJ6YLBJRGWEYU.jpg?auth=8d15be4698d797b9f97c4934996c19ebfbcba790b8a4d4564c958ec7281c0d41&amp;smart=true&amp;width=992&amp;height=660&amp;quality=85\" media=\"(min-width: 1000px)\" \/><source srcset=\"https:\/\/www.infobae.com\/resizer\/v2\/UT44RRITJC4N3CJ6YLBJRGWEYU.jpg?auth=8d15be4698d797b9f97c4934996c19ebfbcba790b8a4d4564c958ec7281c0d41&amp;smart=true&amp;width=768&amp;height=511&amp;quality=85\" media=\"(min-width: 768px)\" \/><source srcset=\"https:\/\/www.infobae.com\/resizer\/v2\/UT44RRITJC4N3CJ6YLBJRGWEYU.jpg?auth=8d15be4698d797b9f97c4934996c19ebfbcba790b8a4d4564c958ec7281c0d41&amp;smart=true&amp;width=577&amp;height=384&amp;quality=85\" media=\"(min-width: 580px)\" \/><source srcset=\"https:\/\/www.infobae.com\/resizer\/v2\/UT44RRITJC4N3CJ6YLBJRGWEYU.jpg?auth=8d15be4698d797b9f97c4934996c19ebfbcba790b8a4d4564c958ec7281c0d41&amp;smart=true&amp;width=420&amp;height=279&amp;quality=85\" media=\"(min-width: 350px)\" \/><source srcset=\"https:\/\/www.infobae.com\/resizer\/v2\/UT44RRITJC4N3CJ6YLBJRGWEYU.jpg?auth=8d15be4698d797b9f97c4934996c19ebfbcba790b8a4d4564c958ec7281c0d41&amp;smart=true&amp;width=350&amp;height=233&amp;quality=85\" media=\"(min-width: 80px)\" \/><img decoding=\"async\" loading=\"lazy\" class=\"global-image\" src=\"https:\/\/www.infobae.com\/resizer\/v2\/UT44RRITJC4N3CJ6YLBJRGWEYU.jpg?auth=8d15be4698d797b9f97c4934996c19ebfbcba790b8a4d4564c958ec7281c0d41&amp;smart=true&amp;width=350&amp;height=233&amp;quality=85\" alt=\"Kaya Scodelario dijo que la seguridad en s\u00ed mismo es la mayor fortaleza de Theo James (REUTERS\/Mario Anzuoni)\" width=\"4270\" height=\"2839\" \/><\/picture><em>Kaya Scodelario dijo que la seguridad en s\u00ed mismo es la mayor fortaleza de Theo James (REUTERS\/Mario Anzuoni)<\/em><\/div>\n<p class=\"paragraph\" data-paragraph-number=\"13\" data-mrf-recirculation=\"Links inline\">Al llegar al asunto de 007, James mantuvo el tono del resto de la charla: menos atra\u00eddo por el mito que atento al costo que arrastra. Su respuesta dej\u00f3 claro que, ante un personaje capaz de absorberlo todo, prefiere preservar una carrera con m\u00e1s margen y una vida que todav\u00eda pueda parecerse a la de una persona corriente.<\/p>\n<p data-paragraph-number=\"13\" data-mrf-recirculation=\"Links inline\">(<em>Con informaci\u00f3n de Infobae)<\/em><\/p>\n","protected":false},"excerpt":{"rendered":"<p>El actor brit\u00e1nico habl\u00f3 sobre el peso de la fama, la necesidad de preservar el anonimato por su familia y una etapa profesional en la que prioriza proyectos que le permitan conservar mayor libertad Theo James y James Bond vuelven a coincidir en un momento de alta exposici\u00f3n para el actor brit\u00e1nico, entre The Gentlemen, [&hellip;]<\/p>\n","protected":false},"author":1,"featured_media":92999,"comment_status":"open","ping_status":"open","sticky":false,"template":"","format":"standard","meta":{"om_disable_all_campaigns":false,"_mi_skip_tracking":false},"categories":[10],"tags":[],"yoast_head":"<!-- This site is optimized with the Yoast SEO plugin v20.5 - https:\/\/yoast.com\/wordpress\/plugins\/seo\/ -->\n<title>Theo James explic\u00f3 por qu\u00e9 no quiere ser James Bond y revel\u00f3 el costo que tendr\u00eda para su vida privada - The citizen for the world<\/title>\n<meta name=\"robots\" content=\"index, follow, max-snippet:-1, max-image-preview:large, max-video-preview:-1\" \/>\n<link rel=\"canonical\" href=\"https:\/\/thecitizenfortheworld.com\/?p=92998\" \/>\n<meta property=\"og:locale\" content=\"es_ES\" \/>\n<meta property=\"og:type\" content=\"article\" \/>\n<meta property=\"og:title\" content=\"Theo James explic\u00f3 por qu\u00e9 no quiere ser James Bond y revel\u00f3 el costo que tendr\u00eda para su vida privada - The citizen for the world\" \/>\n<meta property=\"og:description\" content=\"El actor brit\u00e1nico habl\u00f3 sobre el peso de la fama, la necesidad de preservar el anonimato por su familia y una etapa profesional en la que prioriza proyectos que le permitan conservar mayor libertad Theo James y James Bond vuelven a coincidir en un momento de alta exposici\u00f3n para el actor brit\u00e1nico, entre The Gentlemen, [&hellip;]\" \/>\n<meta property=\"og:url\" content=\"https:\/\/thecitizenfortheworld.com\/?p=92998\" \/>\n<meta property=\"og:site_name\" content=\"The citizen for the world\" \/>\n<meta property=\"article:publisher\" content=\"https:\/\/www.facebook.com\/thecitizenfortheworld\" \/>\n<meta property=\"article:published_time\" content=\"2026-09-05T18:49:46+00:00\" \/>\n<meta property=\"og:image\" content=\"https:\/\/thecitizenfortheworld.com\/wp-content\/uploads\/2026\/09\/Theo-James.jpg\" \/>\n\t<meta property=\"og:image:width\" content=\"483\" \/>\n\t<meta property=\"og:image:height\" content=\"634\" \/>\n\t<meta property=\"og:image:type\" content=\"image\/jpeg\" \/>\n<meta name=\"author\" content=\"thecitizenfortheworld23@gmail.com\" \/>\n<meta name=\"twitter:card\" content=\"summary_large_image\" \/>\n<meta name=\"twitter:label1\" content=\"Escrito por\" \/>\n\t<meta name=\"twitter:data1\" content=\"thecitizenfortheworld23@gmail.com\" \/>\n\t<meta name=\"twitter:label2\" content=\"Tiempo estimado de lectura\" \/>\n\t<meta name=\"twitter:data2\" content=\"5 minutos\" \/>\n<script type=\"application\/ld+json\" class=\"yoast-schema-graph\">{\"@context\":\"https:\/\/schema.org\",\"@graph\":[{\"@type\":\"Article\",\"@id\":\"https:\/\/thecitizenfortheworld.com\/?p=92998#article\",\"isPartOf\":{\"@id\":\"https:\/\/thecitizenfortheworld.com\/?p=92998\"},\"author\":{\"name\":\"thecitizenfortheworld23@gmail.com\",\"@id\":\"https:\/\/thecitizenfortheworld.com\/#\/schema\/person\/1f6b82847278ca8d344c472822b5b66f\"},\"headline\":\"Theo James explic\u00f3 por qu\u00e9 no quiere ser James Bond y revel\u00f3 el costo que tendr\u00eda para su vida privada\",\"datePublished\":\"2026-09-05T18:49:46+00:00\",\"dateModified\":\"2026-09-05T18:49:46+00:00\",\"mainEntityOfPage\":{\"@id\":\"https:\/\/thecitizenfortheworld.com\/?p=92998\"},\"wordCount\":960,\"commentCount\":0,\"publisher\":{\"@id\":\"https:\/\/thecitizenfortheworld.com\/#organization\"},\"articleSection\":[\"Entretenimiento\"],\"inLanguage\":\"es-CO\",\"potentialAction\":[{\"@type\":\"CommentAction\",\"name\":\"Comment\",\"target\":[\"https:\/\/thecitizenfortheworld.com\/?p=92998#respond\"]}]},{\"@type\":\"WebPage\",\"@id\":\"https:\/\/thecitizenfortheworld.com\/?p=92998\",\"url\":\"https:\/\/thecitizenfortheworld.com\/?p=92998\",\"name\":\"Theo James explic\u00f3 por qu\u00e9 no quiere ser James Bond y revel\u00f3 el costo que tendr\u00eda para su vida privada - The citizen for the world\",\"isPartOf\":{\"@id\":\"https:\/\/thecitizenfortheworld.com\/#website\"},\"datePublished\":\"2026-09-05T18:49:46+00:00\",\"dateModified\":\"2026-09-05T18:49:46+00:00\",\"breadcrumb\":{\"@id\":\"https:\/\/thecitizenfortheworld.com\/?p=92998#breadcrumb\"},\"inLanguage\":\"es-CO\",\"potentialAction\":[{\"@type\":\"ReadAction\",\"target\":[\"https:\/\/thecitizenfortheworld.com\/?p=92998\"]}]},{\"@type\":\"BreadcrumbList\",\"@id\":\"https:\/\/thecitizenfortheworld.com\/?p=92998#breadcrumb\",\"itemListElement\":[{\"@type\":\"ListItem\",\"position\":1,\"name\":\"Inicio\",\"item\":\"https:\/\/thecitizenfortheworld.com\/\"},{\"@type\":\"ListItem\",\"position\":2,\"name\":\"Theo James explic\u00f3 por qu\u00e9 no quiere ser James Bond y revel\u00f3 el costo que tendr\u00eda para su vida privada\"}]},{\"@type\":\"WebSite\",\"@id\":\"https:\/\/thecitizenfortheworld.com\/#website\",\"url\":\"https:\/\/thecitizenfortheworld.com\/\",\"name\":\"The citizen for the world\",\"description\":\"\",\"publisher\":{\"@id\":\"https:\/\/thecitizenfortheworld.com\/#organization\"},\"potentialAction\":[{\"@type\":\"SearchAction\",\"target\":{\"@type\":\"EntryPoint\",\"urlTemplate\":\"https:\/\/thecitizenfortheworld.com\/?s={search_term_string}\"},\"query-input\":\"required name=search_term_string\"}],\"inLanguage\":\"es-CO\"},{\"@type\":\"Organization\",\"@id\":\"https:\/\/thecitizenfortheworld.com\/#organization\",\"name\":\"The citizen for the world\",\"url\":\"https:\/\/thecitizenfortheworld.com\/\",\"logo\":{\"@type\":\"ImageObject\",\"inLanguage\":\"es-CO\",\"@id\":\"https:\/\/thecitizenfortheworld.com\/#\/schema\/logo\/image\/\",\"url\":\"https:\/\/thecitizenfortheworld.com\/wp-content\/uploads\/2023\/04\/cropped-the-citizens.png\",\"contentUrl\":\"https:\/\/thecitizenfortheworld.com\/wp-content\/uploads\/2023\/04\/cropped-the-citizens.png\",\"width\":1135,\"height\":1302,\"caption\":\"The citizen for the world\"},\"image\":{\"@id\":\"https:\/\/thecitizenfortheworld.com\/#\/schema\/logo\/image\/\"},\"sameAs\":[\"https:\/\/www.facebook.com\/thecitizenfortheworld\"]},{\"@type\":\"Person\",\"@id\":\"https:\/\/thecitizenfortheworld.com\/#\/schema\/person\/1f6b82847278ca8d344c472822b5b66f\",\"name\":\"thecitizenfortheworld23@gmail.com\",\"image\":{\"@type\":\"ImageObject\",\"inLanguage\":\"es-CO\",\"@id\":\"https:\/\/thecitizenfortheworld.com\/#\/schema\/person\/image\/\",\"url\":\"https:\/\/secure.gravatar.com\/avatar\/fa0768c808e84d205962885f7091f34b?s=96&d=mm&r=pg\",\"contentUrl\":\"https:\/\/secure.gravatar.com\/avatar\/fa0768c808e84d205962885f7091f34b?s=96&d=mm&r=pg\",\"caption\":\"thecitizenfortheworld23@gmail.com\"},\"sameAs\":[\"http:\/\/thecitizenfortheworld.com\"],\"url\":\"https:\/\/thecitizenfortheworld.com\/?author=1\"}]}<\/script>\n<!-- \/ Yoast SEO plugin. -->","yoast_head_json":{"title":"Theo James explic\u00f3 por qu\u00e9 no quiere ser James Bond y revel\u00f3 el costo que tendr\u00eda para su vida privada - The citizen for the world","robots":{"index":"index","follow":"follow","max-snippet":"max-snippet:-1","max-image-preview":"max-image-preview:large","max-video-preview":"max-video-preview:-1"},"canonical":"https:\/\/thecitizenfortheworld.com\/?p=92998","og_locale":"es_ES","og_type":"article","og_title":"Theo James explic\u00f3 por qu\u00e9 no quiere ser James Bond y revel\u00f3 el costo que tendr\u00eda para su vida privada - The citizen for the world","og_description":"El actor brit\u00e1nico habl\u00f3 sobre el peso de la fama, la necesidad de preservar el anonimato por su familia y una etapa profesional en la que prioriza proyectos que le permitan conservar mayor libertad Theo James y James Bond vuelven a coincidir en un momento de alta exposici\u00f3n para el actor brit\u00e1nico, entre The Gentlemen, [&hellip;]","og_url":"https:\/\/thecitizenfortheworld.com\/?p=92998","og_site_name":"The citizen for the world","article_publisher":"https:\/\/www.facebook.com\/thecitizenfortheworld","article_published_time":"2026-09-05T18:49:46+00:00","og_image":[{"width":483,"height":634,"url":"https:\/\/thecitizenfortheworld.com\/wp-content\/uploads\/2026\/09\/Theo-James.jpg","type":"image\/jpeg"}],"author":"thecitizenfortheworld23@gmail.com","twitter_card":"summary_large_image","twitter_misc":{"Escrito por":"thecitizenfortheworld23@gmail.com","Tiempo estimado de lectura":"5 minutos"},"schema":{"@context":"https:\/\/schema.org","@graph":[{"@type":"Article","@id":"https:\/\/thecitizenfortheworld.com\/?p=92998#article","isPartOf":{"@id":"https:\/\/thecitizenfortheworld.com\/?p=92998"},"author":{"name":"thecitizenfortheworld23@gmail.com","@id":"https:\/\/thecitizenfortheworld.com\/#\/schema\/person\/1f6b82847278ca8d344c472822b5b66f"},"headline":"Theo James explic\u00f3 por qu\u00e9 no quiere ser James Bond y revel\u00f3 el costo que tendr\u00eda para su vida privada","datePublished":"2026-09-05T18:49:46+00:00","dateModified":"2026-09-05T18:49:46+00:00","mainEntityOfPage":{"@id":"https:\/\/thecitizenfortheworld.com\/?p=92998"},"wordCount":960,"commentCount":0,"publisher":{"@id":"https:\/\/thecitizenfortheworld.com\/#organization"},"articleSection":["Entretenimiento"],"inLanguage":"es-CO","potentialAction":[{"@type":"CommentAction","name":"Comment","target":["https:\/\/thecitizenfortheworld.com\/?p=92998#respond"]}]},{"@type":"WebPage","@id":"https:\/\/thecitizenfortheworld.com\/?p=92998","url":"https:\/\/thecitizenfortheworld.com\/?p=92998","name":"Theo James explic\u00f3 por qu\u00e9 no quiere ser James Bond y revel\u00f3 el costo que tendr\u00eda para su vida privada - The citizen for the world","isPartOf":{"@id":"https:\/\/thecitizenfortheworld.com\/#website"},"datePublished":"2026-09-05T18:49:46+00:00","dateModified":"2026-09-05T18:49:46+00:00","breadcrumb":{"@id":"https:\/\/thecitizenfortheworld.com\/?p=92998#breadcrumb"},"inLanguage":"es-CO","potentialAction":[{"@type":"ReadAction","target":["https:\/\/thecitizenfortheworld.com\/?p=92998"]}]},{"@type":"BreadcrumbList","@id":"https:\/\/thecitizenfortheworld.com\/?p=92998#breadcrumb","itemListElement":[{"@type":"ListItem","position":1,"name":"Inicio","item":"https:\/\/thecitizenfortheworld.com\/"},{"@type":"ListItem","position":2,"name":"Theo James explic\u00f3 por qu\u00e9 no quiere ser James Bond y revel\u00f3 el costo que tendr\u00eda para su vida privada"}]},{"@type":"WebSite","@id":"https:\/\/thecitizenfortheworld.com\/#website","url":"https:\/\/thecitizenfortheworld.com\/","name":"The citizen for the world","description":"","publisher":{"@id":"https:\/\/thecitizenfortheworld.com\/#organization"},"potentialAction":[{"@type":"SearchAction","target":{"@type":"EntryPoint","urlTemplate":"https:\/\/thecitizenfortheworld.com\/?s={search_term_string}"},"query-input":"required name=search_term_string"}],"inLanguage":"es-CO"},{"@type":"Organization","@id":"https:\/\/thecitizenfortheworld.com\/#organization","name":"The citizen for the world","url":"https:\/\/thecitizenfortheworld.com\/","logo":{"@type":"ImageObject","inLanguage":"es-CO","@id":"https:\/\/thecitizenfortheworld.com\/#\/schema\/logo\/image\/","url":"https:\/\/thecitizenfortheworld.com\/wp-content\/uploads\/2023\/04\/cropped-the-citizens.png","contentUrl":"https:\/\/thecitizenfortheworld.com\/wp-content\/uploads\/2023\/04\/cropped-the-citizens.png","width":1135,"height":1302,"caption":"The citizen for the world"},"image":{"@id":"https:\/\/thecitizenfortheworld.com\/#\/schema\/logo\/image\/"},"sameAs":["https:\/\/www.facebook.com\/thecitizenfortheworld"]},{"@type":"Person","@id":"https:\/\/thecitizenfortheworld.com\/#\/schema\/person\/1f6b82847278ca8d344c472822b5b66f","name":"thecitizenfortheworld23@gmail.com","image":{"@type":"ImageObject","inLanguage":"es-CO","@id":"https:\/\/thecitizenfortheworld.com\/#\/schema\/person\/image\/","url":"https:\/\/secure.gravatar.com\/avatar\/fa0768c808e84d205962885f7091f34b?s=96&d=mm&r=pg","contentUrl":"https:\/\/secure.gravatar.com\/avatar\/fa0768c808e84d205962885f7091f34b?s=96&d=mm&r=pg","caption":"thecitizenfortheworld23@gmail.com"},"sameAs":["http:\/\/thecitizenfortheworld.com"],"url":"https:\/\/thecitizenfortheworld.com\/?author=1"}]}},"_links":{"self":[{"href":"https:\/\/thecitizenfortheworld.com\/index.php?rest_route=\/wp\/v2\/posts\/92998"}],"collection":[{"href":"https:\/\/thecitizenfortheworld.com\/index.php?rest_route=\/wp\/v2\/posts"}],"about":[{"href":"https:\/\/thecitizenfortheworld.com\/index.php?rest_route=\/wp\/v2\/types\/post"}],"author":[{"embeddable":true,"href":"https:\/\/thecitizenfortheworld.com\/index.php?rest_route=\/wp\/v2\/users\/1"}],"replies":[{"embeddable":true,"href":"https:\/\/thecitizenfortheworld.com\/index.php?rest_route=%2Fwp%2Fv2%2Fcomments&post=92998"}],"version-history":[{"count":1,"href":"https:\/\/thecitizenfortheworld.com\/index.php?rest_route=\/wp\/v2\/posts\/92998\/revisions"}],"predecessor-version":[{"id":93000,"href":"https:\/\/thecitizenfortheworld.com\/index.php?rest_route=\/wp\/v2\/posts\/92998\/revisions\/93000"}],"wp:featuredmedia":[{"embeddable":true,"href":"https:\/\/thecitizenfortheworld.com\/index.php?rest_route=\/wp\/v2\/media\/92999"}],"wp:attachment":[{"href":"https:\/\/thecitizenfortheworld.com\/index.php?rest_route=%2Fwp%2Fv2%2Fmedia&parent=92998"}],"wp:term":[{"taxonomy":"category","embeddable":true,"href":"https:\/\/thecitizenfortheworld.com\/index.php?rest_route=%2Fwp%2Fv2%2Fcategories&post=92998"},{"taxonomy":"post_tag","embeddable":true,"href":"https:\/\/thecitizenfortheworld.com\/index.php?rest_route=%2Fwp%2Fv2%2Ftags&post=92998"}],"curies":[{"name":"wp","href":"https:\/\/api.w.org\/{rel}","templated":true}]}}