{"id":92995,"date":"2026-09-05T13:41:07","date_gmt":"2026-09-05T18:41:07","guid":{"rendered":"https:\/\/thecitizenfortheworld.com\/?p=92995"},"modified":"2026-09-05T13:41:07","modified_gmt":"2026-09-05T18:41:07","slug":"los-suplementos-de-colageno-sirven-realmente-para-la-piel-y-las-articulaciones-que-dice-la-ciencia","status":"publish","type":"post","link":"https:\/\/thecitizenfortheworld.com\/?p=92995","title":{"rendered":"\u00bfLos suplementos de col\u00e1geno sirven realmente para la piel y las articulaciones? Qu\u00e9 dice la ciencia"},"content":{"rendered":"<p class=\"article-subheadline text-align-left\">La evidencia acumulada en los \u00faltimos a\u00f1os distingue algunos efectos claros sobre el bienestar, al tiempo que aclara que no es igual para todos. Qu\u00e9 tener en cuenta y por qu\u00e9 es clave la consulta con un profesional de la salud<\/p>\n<p><b>Los suplementos de col\u00e1geno<\/b> ganaron lugar en las <b>rutinas de cuidado personal<\/b> y en las consultas por la <a href=\"https:\/\/www.infobae.com\/salud\/2025\/10\/02\/la-verdad-sobre-el-colageno-mitos-estudios-y-lo-que-realmente-mejora-la-piel\/\" target=\"_blank\" rel=\"noopener noreferrer\" data-mrf-link=\"https:\/\/www.infobae.com\/salud\/2025\/10\/02\/la-verdad-sobre-el-colageno-mitos-estudios-y-lo-que-realmente-mejora-la-piel\/\"><b>piel<\/b><\/a> y el <b>dolor <\/b><a href=\"https:\/\/www.infobae.com\/salud\/ciencia\/2026\/03\/01\/que-beneficios-reales-tiene-el-colageno-segun-el-mayor-estudio-internacional-y-en-que-casos-conviene-consumirlo\/\" target=\"_blank\" rel=\"noopener noreferrer\" data-mrf-link=\"https:\/\/www.infobae.com\/salud\/ciencia\/2026\/03\/01\/que-beneficios-reales-tiene-el-colageno-segun-el-mayor-estudio-internacional-y-en-que-casos-conviene-consumirlo\/\"><b>articular<\/b><\/a>. Con la publicaci\u00f3n de revisiones m\u00e1s amplias, los estudios empezaron a mostrar con m\u00e1s claridad en qu\u00e9 aspectos puede haber <b>beneficios<\/b> y en cu\u00e1les los resultados siguen abiertos a discusi\u00f3n.<\/p>\n<p>Una revisi\u00f3n publicada en enero de 2026 en el <a href=\"https:\/\/academic.oup.com\/asjopenforum\/article\/doi\/10.1093\/asjof\/ojag018\/8446510\" target=\"_blank\" rel=\"noopener\" data-mrf-link=\"https:\/\/academic.oup.com\/asjopenforum\/article\/doi\/10.1093\/asjof\/ojag018\/8446510\"><i>Aesthetic Surgery Journal Open Forum<\/i><\/a> reuni\u00f3 <b>16 metaan\u00e1lisis<\/b> con 113 ensayos cl\u00ednicos aleatorizados y <b>7.983 participantes<\/b> en total. Se trata de la s\u00edntesis m\u00e1s amplia disponible hasta ahora sobre este tema.<\/p>\n<p>El trabajo encontr\u00f3 resultados favorables en dos \u00e1reas concretas: la <b>salud de la piel<\/b> y el <b>alivio de s\u00edntomas en la osteoartritis<\/b>, una enfermedad que desgasta de forma progresiva el cart\u00edlago de las articulaciones. En otras \u00e1reas, como la salud bucal y algunos indicadores cardiovasculares y metab\u00f3licos, los resultados fueron variables entre estudios. De todos modos, antes de comenzar a consumir estos suplementos, <b>se recomienda la consulta con un profesional de la salud.<\/b><\/p>\n<h2 id=\"la-piel-muestra-mejoras-en-hidratacion-y-elasticidad\" class=\"text-align-left vertical-align-top line-height-100 header headline-class-h2 headline\">La piel muestra mejoras en hidrataci\u00f3n y elasticidad<\/h2>\n<div class=\"visual__image\"><picture><source srcset=\"https:\/\/www.infobae.com\/resizer\/v2\/U74ICP4CMZBMLLYIDYHWVAUUNM.png?auth=10a6c0bb57f49db7a834094cae357cdb89599fe3e8ed7bf6a750462697da1d70&amp;smart=true&amp;width=992&amp;height=554&amp;quality=85\" media=\"(min-width: 1000px)\" \/><source srcset=\"https:\/\/www.infobae.com\/resizer\/v2\/U74ICP4CMZBMLLYIDYHWVAUUNM.png?auth=10a6c0bb57f49db7a834094cae357cdb89599fe3e8ed7bf6a750462697da1d70&amp;smart=true&amp;width=768&amp;height=429&amp;quality=85\" media=\"(min-width: 768px)\" \/><source srcset=\"https:\/\/www.infobae.com\/resizer\/v2\/U74ICP4CMZBMLLYIDYHWVAUUNM.png?auth=10a6c0bb57f49db7a834094cae357cdb89599fe3e8ed7bf6a750462697da1d70&amp;smart=true&amp;width=577&amp;height=322&amp;quality=85\" media=\"(min-width: 580px)\" \/><source srcset=\"https:\/\/www.infobae.com\/resizer\/v2\/U74ICP4CMZBMLLYIDYHWVAUUNM.png?auth=10a6c0bb57f49db7a834094cae357cdb89599fe3e8ed7bf6a750462697da1d70&amp;smart=true&amp;width=420&amp;height=234&amp;quality=85\" media=\"(min-width: 350px)\" \/><source srcset=\"https:\/\/www.infobae.com\/resizer\/v2\/U74ICP4CMZBMLLYIDYHWVAUUNM.png?auth=10a6c0bb57f49db7a834094cae357cdb89599fe3e8ed7bf6a750462697da1d70&amp;smart=true&amp;width=350&amp;height=195&amp;quality=85\" media=\"(min-width: 80px)\" \/><img decoding=\"async\" loading=\"lazy\" class=\"global-image\" src=\"https:\/\/www.infobae.com\/resizer\/v2\/U74ICP4CMZBMLLYIDYHWVAUUNM.png?auth=10a6c0bb57f49db7a834094cae357cdb89599fe3e8ed7bf6a750462697da1d70&amp;smart=true&amp;width=350&amp;height=195&amp;quality=85\" alt=\"Una mujer adulta toca su mejilla con los dedos mientras observa su reflejo en un espejo con marco de madera.\" width=\"2752\" height=\"1536\" \/><\/picture><em>Los estudios m\u00e1s amplios registraron mejoras en la hidrataci\u00f3n y la elasticidad de la piel, pero no encontraron el mismo respaldo para arrugas profundas ni cambios estructurales visibles. (Imagen Ilustrativa Infobae)<\/em><\/div>\n<p class=\"paragraph\" data-paragraph-number=\"4\" data-mrf-recirculation=\"Links inline\">En el \u00e1rea dermatol\u00f3gica, la revisi\u00f3n encontr\u00f3 mejoras con alta certeza en dos medidas concretas: <b>elasticidad<\/b> e <b>hidrataci\u00f3n<\/b>. Los resultados surgen de an\u00e1lisis que reunieron a m\u00e1s de 1.200 participantes para el primer caso y a cerca de 1.000 para el segundo. Un <a href=\"https:\/\/pmc.ncbi.nlm.nih.gov\/articles\/PMC10180699\/\" target=\"_blank\" rel=\"noopener\" data-mrf-link=\"https:\/\/pmc.ncbi.nlm.nih.gov\/articles\/PMC10180699\/\">metaan\u00e1lisis<\/a> previo de 26 ensayos cl\u00ednicos y m\u00e1s de 1.700 participantes tambi\u00e9n registr\u00f3 mejoras en ambos puntos despu\u00e9s de al menos 8 semanas de suplementaci\u00f3n continua.<\/p>\n<p data-paragraph-number=\"4\" data-mrf-recirculation=\"Links inline\">El posible mecanismo de acci\u00f3n no es directo. Los <b>p\u00e9ptidos de col\u00e1geno<\/b>, que son fragmentos de la prote\u00edna obtenidos al dividirla en partes m\u00e1s peque\u00f1as, se absorben en el intestino y pasan al torrente sangu\u00edneo.<\/p>\n<p data-paragraph-number=\"4\" data-mrf-recirculation=\"Links inline\">El organismo no los env\u00eda de manera selectiva a la piel ni a otro tejido en particular. Su acci\u00f3n consistir\u00eda en <b>estimular <\/b>a los <b>fibroblastos<\/b>, que son las c\u00e9lulas encargadas de <b>producir col\u00e1geno de forma natural. <\/b>Por eso, la mejora no aparece de inmediato y los estudios de corta duraci\u00f3n suelen mostrar resultados m\u00e1s modestos.<\/p>\n<p class=\"paragraph\" data-paragraph-number=\"7\" data-mrf-recirculation=\"Links inline\">La situaci\u00f3n cambia cuando se analizan las arrugas profundas y la densidad de la dermis, la capa media de la piel. Un <a href=\"https:\/\/onlinelibrary.wiley.com\/doi\/10.1111\/jocd.71041\" target=\"_blank\" rel=\"noopener\" data-mrf-link=\"https:\/\/onlinelibrary.wiley.com\/doi\/10.1111\/jocd.71041\">metaan\u00e1lisis<\/a> publicado en 2026 en el <i>Journal of Cosmetic Dermatology<\/i>, con 35 ensayos y 2.534 participantes, mostr\u00f3 que los beneficios en esos dos puntos <b>no fueron consistentes<\/b> entre estudios. En cambio, <b>la hidrataci\u00f3n y la elasticidad mantuvieron resultados m\u00e1s estables.<\/b><\/p>\n<h2 id=\"en-osteoartritis-los-resultados-son-mas-consistentes\" class=\"text-align-left vertical-align-top line-height-100 header headline-class-h2 headline\">En osteoartritis, los resultados son m\u00e1s consistentes<\/h2>\n<div class=\"visual__image\"><picture><source srcset=\"https:\/\/www.infobae.com\/resizer\/v2\/O3HURNU55FFN5PAXXDZBSVJTY4.png?auth=a20fea996a8094ddc3771a85b613407b83a69d2a1b77c4063306337431486249&amp;smart=true&amp;width=992&amp;height=541&amp;quality=85\" media=\"(min-width: 1000px)\" \/><source srcset=\"https:\/\/www.infobae.com\/resizer\/v2\/O3HURNU55FFN5PAXXDZBSVJTY4.png?auth=a20fea996a8094ddc3771a85b613407b83a69d2a1b77c4063306337431486249&amp;smart=true&amp;width=768&amp;height=419&amp;quality=85\" media=\"(min-width: 768px)\" \/><source srcset=\"https:\/\/www.infobae.com\/resizer\/v2\/O3HURNU55FFN5PAXXDZBSVJTY4.png?auth=a20fea996a8094ddc3771a85b613407b83a69d2a1b77c4063306337431486249&amp;smart=true&amp;width=577&amp;height=315&amp;quality=85\" media=\"(min-width: 580px)\" \/><source srcset=\"https:\/\/www.infobae.com\/resizer\/v2\/O3HURNU55FFN5PAXXDZBSVJTY4.png?auth=a20fea996a8094ddc3771a85b613407b83a69d2a1b77c4063306337431486249&amp;smart=true&amp;width=420&amp;height=229&amp;quality=85\" media=\"(min-width: 350px)\" \/><source srcset=\"https:\/\/www.infobae.com\/resizer\/v2\/O3HURNU55FFN5PAXXDZBSVJTY4.png?auth=a20fea996a8094ddc3771a85b613407b83a69d2a1b77c4063306337431486249&amp;smart=true&amp;width=350&amp;height=191&amp;quality=85\" media=\"(min-width: 80px)\" \/><img decoding=\"async\" loading=\"lazy\" class=\"global-image\" src=\"https:\/\/www.infobae.com\/resizer\/v2\/O3HURNU55FFN5PAXXDZBSVJTY4.png?auth=a20fea996a8094ddc3771a85b613407b83a69d2a1b77c4063306337431486249&amp;smart=true&amp;width=350&amp;height=191&amp;quality=85\" alt=\"(Imagen Ilustrativa Infobae)\" width=\"1408\" height=\"768\" \/><\/picture><em>El col\u00e1geno oral mostr\u00f3 alivio del dolor y la rigidez en personas con osteoartritis, aunque la evidencia no indica que revierta el desgaste del cart\u00edlago ni reemplace tratamientos m\u00e9dicos (Imagen Ilustrativa Infobae)<\/em><\/div>\n<p class=\"paragraph\" data-paragraph-number=\"8\" data-mrf-recirculation=\"Links inline\">En las articulaciones, los resultados se repiten con mayor consistencia. La revisi\u00f3n del <i>Aesthetic Surgery Journal Open Forum<\/i> registr\u00f3 reducciones con alta certeza en varios indicadores de dolor y rigidez en pacientes con <b>osteoartritis<\/b>. El <b>dolor informado por los propios pacientes<\/b> <b>baj\u00f3 <\/b>de forma consistente en <b>25 ensayos<\/b> con casi 2.700 participantes.<\/p>\n<p class=\"paragraph\" data-paragraph-number=\"9\" data-mrf-recirculation=\"Links inline\">La escala <b>visual anal\u00f3gica<\/b>, una regla del 0 al 10 en la que<b> cada persona califica su dolor<\/b>, mostr\u00f3 <b>descensos en 7<\/b> ensayos con 572 participantes. El \u00edndice <b>WOMAC<\/b>, una herramienta validada que mide <b>dolor, rigidez y limitaci\u00f3n funcional en la artrosis<\/b>, tambi\u00e9n <b>mejor\u00f3 <\/b>tanto en la <b>puntuaci\u00f3n total<\/b> como en el componente espec\u00edfico de <b>rigidez<\/b>.<\/p>\n<p class=\"paragraph\" data-paragraph-number=\"10\" data-mrf-recirculation=\"Links inline\">Seg\u00fan los autores, este efecto podr\u00eda relacionarse con una mayor producci\u00f3n de la <b>matriz extracelular<\/b>, la red de prote\u00ednas que sostiene las c\u00e9lulas del cart\u00edlago, y con una menor actividad de procesos inflamatorios vinculados con su deterioro.<\/p>\n<p class=\"paragraph\" data-paragraph-number=\"11\" data-mrf-recirculation=\"Links inline\">La revisi\u00f3n tambi\u00e9n se\u00f1al\u00f3 un perfil de seguridad favorable en los estudios analizados. Aun as\u00ed, los investigadores aclaran que se trata de una <b>ayuda sintom\u00e1tica<\/b>, no de una intervenci\u00f3n capaz de frenar o revertir el da\u00f1o estructural de la articulaci\u00f3n.<\/p>\n<h2 id=\"el-tiempo-de-uso-parece-pesar-mas-que-la-dosis-diaria\" class=\"text-align-left vertical-align-top line-height-100 header headline-class-h2 headline\">El tiempo de uso parece pesar m\u00e1s que la dosis diaria<\/h2>\n<div class=\"visual__image\"><picture><source srcset=\"https:\/\/www.infobae.com\/resizer\/v2\/QDM3NNPMIBFZRI7TMWQ3QHIV4U.png?auth=8bc2dc8a66b032fbdabaa1f8d32f270e2641a1fa2010aa443fd4c1a706a84dfc&amp;smart=true&amp;width=992&amp;height=554&amp;quality=85\" media=\"(min-width: 1000px)\" \/><source srcset=\"https:\/\/www.infobae.com\/resizer\/v2\/QDM3NNPMIBFZRI7TMWQ3QHIV4U.png?auth=8bc2dc8a66b032fbdabaa1f8d32f270e2641a1fa2010aa443fd4c1a706a84dfc&amp;smart=true&amp;width=768&amp;height=429&amp;quality=85\" media=\"(min-width: 768px)\" \/><source srcset=\"https:\/\/www.infobae.com\/resizer\/v2\/QDM3NNPMIBFZRI7TMWQ3QHIV4U.png?auth=8bc2dc8a66b032fbdabaa1f8d32f270e2641a1fa2010aa443fd4c1a706a84dfc&amp;smart=true&amp;width=577&amp;height=322&amp;quality=85\" media=\"(min-width: 580px)\" \/><source srcset=\"https:\/\/www.infobae.com\/resizer\/v2\/QDM3NNPMIBFZRI7TMWQ3QHIV4U.png?auth=8bc2dc8a66b032fbdabaa1f8d32f270e2641a1fa2010aa443fd4c1a706a84dfc&amp;smart=true&amp;width=420&amp;height=234&amp;quality=85\" media=\"(min-width: 350px)\" \/><source srcset=\"https:\/\/www.infobae.com\/resizer\/v2\/QDM3NNPMIBFZRI7TMWQ3QHIV4U.png?auth=8bc2dc8a66b032fbdabaa1f8d32f270e2641a1fa2010aa443fd4c1a706a84dfc&amp;smart=true&amp;width=350&amp;height=195&amp;quality=85\" media=\"(min-width: 80px)\" \/><img decoding=\"async\" loading=\"lazy\" class=\"global-image\" src=\"https:\/\/www.infobae.com\/resizer\/v2\/QDM3NNPMIBFZRI7TMWQ3QHIV4U.png?auth=8bc2dc8a66b032fbdabaa1f8d32f270e2641a1fa2010aa443fd4c1a706a84dfc&amp;smart=true&amp;width=350&amp;height=195&amp;quality=85\" alt=\"Mano sosteniendo una cuchara con polvo sobre un vaso de agua, junto a un recipiente con polvo y un plato con salm\u00f3n y huevo.\" width=\"2752\" height=\"1536\" \/><\/picture><em>Los beneficios no aparecen de inmediato: las revisiones m\u00e1s recientes indican que la duraci\u00f3n del consumo pesa m\u00e1s que la dosis, y que los cambios en elasticidad suelen requerir al menos 12 semanas. (Imagen Ilustrativa Infobae)<\/em><\/div>\n<p class=\"paragraph\" data-paragraph-number=\"12\" data-mrf-recirculation=\"Links inline\">Uno de los hallazgos m\u00e1s relevantes es que <b>la duraci\u00f3n del consumo podr\u00eda influir m\u00e1s que la cantidad ingerida por d\u00eda<\/b>. El metaan\u00e1lisis publicado en 2026 en el <i>Journal of Cosmetic Dermatology<\/i> sugiri\u00f3 que los resultados sobre la piel se observaron con mayor frecuencia en los estudios de m\u00e1s duraci\u00f3n. En esa revisi\u00f3n, los cambios en elasticidad aparecieron sobre todo en ese grupo. La hidrataci\u00f3n, en cambio, mostr\u00f3 mejoras antes en otras revisiones.<\/p>\n<p class=\"paragraph\" data-paragraph-number=\"13\" data-mrf-recirculation=\"Links inline\">En las articulaciones, la revisi\u00f3n del Aesthetic Surgery Journal Open Forum describi\u00f3 un patr\u00f3n parecido: los mejores resultados en dolor y rigidez aparecieron en los estudios con mayor duraci\u00f3n.<\/p>\n<p class=\"paragraph\" data-paragraph-number=\"14\" data-mrf-recirculation=\"Links inline\">En personas con <b>osteoartritis diagnosticada<\/b>, conviene <b>consultar con un m\u00e9dico antes de iniciar la suplementaci\u00f3n<\/b>. El col\u00e1geno puede funcionar como complemento de tratamientos farmacol\u00f3gicos o kinesiol\u00f3gicos ya indicados, pero no como reemplazo de esas intervenciones.<\/p>\n<p data-paragraph-number=\"14\" data-mrf-recirculation=\"Links inline\">(<em>Con informaci\u00f3n de Infobae<\/em>)<\/p>\n","protected":false},"excerpt":{"rendered":"<p>La evidencia acumulada en los \u00faltimos a\u00f1os distingue algunos efectos claros sobre el bienestar, al tiempo que aclara que no es igual para todos. Qu\u00e9 tener en cuenta y por qu\u00e9 es clave la consulta con un profesional de la salud Los suplementos de col\u00e1geno ganaron lugar en las rutinas de cuidado personal y en [&hellip;]<\/p>\n","protected":false},"author":1,"featured_media":92996,"comment_status":"open","ping_status":"open","sticky":false,"template":"","format":"standard","meta":{"om_disable_all_campaigns":false,"_mi_skip_tracking":false},"categories":[6],"tags":[],"yoast_head":"<!-- This site is optimized with the Yoast SEO plugin v20.5 - https:\/\/yoast.com\/wordpress\/plugins\/seo\/ -->\n<title>\u00bfLos suplementos de col\u00e1geno sirven realmente para la piel y las articulaciones? Qu\u00e9 dice la ciencia - The citizen for the world<\/title>\n<meta name=\"robots\" content=\"index, follow, max-snippet:-1, max-image-preview:large, max-video-preview:-1\" \/>\n<link rel=\"canonical\" href=\"https:\/\/thecitizenfortheworld.com\/?p=92995\" \/>\n<meta property=\"og:locale\" content=\"es_ES\" \/>\n<meta property=\"og:type\" content=\"article\" \/>\n<meta property=\"og:title\" content=\"\u00bfLos suplementos de col\u00e1geno sirven realmente para la piel y las articulaciones? Qu\u00e9 dice la ciencia - The citizen for the world\" \/>\n<meta property=\"og:description\" content=\"La evidencia acumulada en los \u00faltimos a\u00f1os distingue algunos efectos claros sobre el bienestar, al tiempo que aclara que no es igual para todos. Qu\u00e9 tener en cuenta y por qu\u00e9 es clave la consulta con un profesional de la salud Los suplementos de col\u00e1geno ganaron lugar en las rutinas de cuidado personal y en [&hellip;]\" \/>\n<meta property=\"og:url\" content=\"https:\/\/thecitizenfortheworld.com\/?p=92995\" \/>\n<meta property=\"og:site_name\" content=\"The citizen for the world\" \/>\n<meta property=\"article:publisher\" content=\"https:\/\/www.facebook.com\/thecitizenfortheworld\" \/>\n<meta property=\"article:published_time\" content=\"2026-09-05T18:41:07+00:00\" \/>\n<meta property=\"og:image\" content=\"https:\/\/thecitizenfortheworld.com\/wp-content\/uploads\/2026\/09\/Magnesio.jpg\" \/>\n\t<meta property=\"og:image:width\" content=\"992\" \/>\n\t<meta property=\"og:image:height\" content=\"558\" \/>\n\t<meta property=\"og:image:type\" content=\"image\/jpeg\" \/>\n<meta name=\"author\" content=\"thecitizenfortheworld23@gmail.com\" \/>\n<meta name=\"twitter:card\" content=\"summary_large_image\" \/>\n<meta name=\"twitter:label1\" content=\"Escrito por\" \/>\n\t<meta name=\"twitter:data1\" content=\"thecitizenfortheworld23@gmail.com\" \/>\n\t<meta name=\"twitter:label2\" content=\"Tiempo estimado de lectura\" \/>\n\t<meta name=\"twitter:data2\" content=\"5 minutos\" \/>\n<script type=\"application\/ld+json\" class=\"yoast-schema-graph\">{\"@context\":\"https:\/\/schema.org\",\"@graph\":[{\"@type\":\"Article\",\"@id\":\"https:\/\/thecitizenfortheworld.com\/?p=92995#article\",\"isPartOf\":{\"@id\":\"https:\/\/thecitizenfortheworld.com\/?p=92995\"},\"author\":{\"name\":\"thecitizenfortheworld23@gmail.com\",\"@id\":\"https:\/\/thecitizenfortheworld.com\/#\/schema\/person\/1f6b82847278ca8d344c472822b5b66f\"},\"headline\":\"\u00bfLos suplementos de col\u00e1geno sirven realmente para la piel y las articulaciones? Qu\u00e9 dice la ciencia\",\"datePublished\":\"2026-09-05T18:41:07+00:00\",\"dateModified\":\"2026-09-05T18:41:07+00:00\",\"mainEntityOfPage\":{\"@id\":\"https:\/\/thecitizenfortheworld.com\/?p=92995\"},\"wordCount\":969,\"commentCount\":0,\"publisher\":{\"@id\":\"https:\/\/thecitizenfortheworld.com\/#organization\"},\"articleSection\":[\"Salud\"],\"inLanguage\":\"es-CO\",\"potentialAction\":[{\"@type\":\"CommentAction\",\"name\":\"Comment\",\"target\":[\"https:\/\/thecitizenfortheworld.com\/?p=92995#respond\"]}]},{\"@type\":\"WebPage\",\"@id\":\"https:\/\/thecitizenfortheworld.com\/?p=92995\",\"url\":\"https:\/\/thecitizenfortheworld.com\/?p=92995\",\"name\":\"\u00bfLos suplementos de col\u00e1geno sirven realmente para la piel y las articulaciones? Qu\u00e9 dice la ciencia - The citizen for the world\",\"isPartOf\":{\"@id\":\"https:\/\/thecitizenfortheworld.com\/#website\"},\"datePublished\":\"2026-09-05T18:41:07+00:00\",\"dateModified\":\"2026-09-05T18:41:07+00:00\",\"breadcrumb\":{\"@id\":\"https:\/\/thecitizenfortheworld.com\/?p=92995#breadcrumb\"},\"inLanguage\":\"es-CO\",\"potentialAction\":[{\"@type\":\"ReadAction\",\"target\":[\"https:\/\/thecitizenfortheworld.com\/?p=92995\"]}]},{\"@type\":\"BreadcrumbList\",\"@id\":\"https:\/\/thecitizenfortheworld.com\/?p=92995#breadcrumb\",\"itemListElement\":[{\"@type\":\"ListItem\",\"position\":1,\"name\":\"Inicio\",\"item\":\"https:\/\/thecitizenfortheworld.com\/\"},{\"@type\":\"ListItem\",\"position\":2,\"name\":\"\u00bfLos suplementos de col\u00e1geno sirven realmente para la piel y las articulaciones? Qu\u00e9 dice la ciencia\"}]},{\"@type\":\"WebSite\",\"@id\":\"https:\/\/thecitizenfortheworld.com\/#website\",\"url\":\"https:\/\/thecitizenfortheworld.com\/\",\"name\":\"The citizen for the world\",\"description\":\"\",\"publisher\":{\"@id\":\"https:\/\/thecitizenfortheworld.com\/#organization\"},\"potentialAction\":[{\"@type\":\"SearchAction\",\"target\":{\"@type\":\"EntryPoint\",\"urlTemplate\":\"https:\/\/thecitizenfortheworld.com\/?s={search_term_string}\"},\"query-input\":\"required name=search_term_string\"}],\"inLanguage\":\"es-CO\"},{\"@type\":\"Organization\",\"@id\":\"https:\/\/thecitizenfortheworld.com\/#organization\",\"name\":\"The citizen for the world\",\"url\":\"https:\/\/thecitizenfortheworld.com\/\",\"logo\":{\"@type\":\"ImageObject\",\"inLanguage\":\"es-CO\",\"@id\":\"https:\/\/thecitizenfortheworld.com\/#\/schema\/logo\/image\/\",\"url\":\"https:\/\/thecitizenfortheworld.com\/wp-content\/uploads\/2023\/04\/cropped-the-citizens.png\",\"contentUrl\":\"https:\/\/thecitizenfortheworld.com\/wp-content\/uploads\/2023\/04\/cropped-the-citizens.png\",\"width\":1135,\"height\":1302,\"caption\":\"The citizen for the world\"},\"image\":{\"@id\":\"https:\/\/thecitizenfortheworld.com\/#\/schema\/logo\/image\/\"},\"sameAs\":[\"https:\/\/www.facebook.com\/thecitizenfortheworld\"]},{\"@type\":\"Person\",\"@id\":\"https:\/\/thecitizenfortheworld.com\/#\/schema\/person\/1f6b82847278ca8d344c472822b5b66f\",\"name\":\"thecitizenfortheworld23@gmail.com\",\"image\":{\"@type\":\"ImageObject\",\"inLanguage\":\"es-CO\",\"@id\":\"https:\/\/thecitizenfortheworld.com\/#\/schema\/person\/image\/\",\"url\":\"https:\/\/secure.gravatar.com\/avatar\/fa0768c808e84d205962885f7091f34b?s=96&d=mm&r=pg\",\"contentUrl\":\"https:\/\/secure.gravatar.com\/avatar\/fa0768c808e84d205962885f7091f34b?s=96&d=mm&r=pg\",\"caption\":\"thecitizenfortheworld23@gmail.com\"},\"sameAs\":[\"http:\/\/thecitizenfortheworld.com\"],\"url\":\"https:\/\/thecitizenfortheworld.com\/?author=1\"}]}<\/script>\n<!-- \/ Yoast SEO plugin. -->","yoast_head_json":{"title":"\u00bfLos suplementos de col\u00e1geno sirven realmente para la piel y las articulaciones? Qu\u00e9 dice la ciencia - The citizen for the world","robots":{"index":"index","follow":"follow","max-snippet":"max-snippet:-1","max-image-preview":"max-image-preview:large","max-video-preview":"max-video-preview:-1"},"canonical":"https:\/\/thecitizenfortheworld.com\/?p=92995","og_locale":"es_ES","og_type":"article","og_title":"\u00bfLos suplementos de col\u00e1geno sirven realmente para la piel y las articulaciones? Qu\u00e9 dice la ciencia - The citizen for the world","og_description":"La evidencia acumulada en los \u00faltimos a\u00f1os distingue algunos efectos claros sobre el bienestar, al tiempo que aclara que no es igual para todos. Qu\u00e9 tener en cuenta y por qu\u00e9 es clave la consulta con un profesional de la salud Los suplementos de col\u00e1geno ganaron lugar en las rutinas de cuidado personal y en [&hellip;]","og_url":"https:\/\/thecitizenfortheworld.com\/?p=92995","og_site_name":"The citizen for the world","article_publisher":"https:\/\/www.facebook.com\/thecitizenfortheworld","article_published_time":"2026-09-05T18:41:07+00:00","og_image":[{"width":992,"height":558,"url":"https:\/\/thecitizenfortheworld.com\/wp-content\/uploads\/2026\/09\/Magnesio.jpg","type":"image\/jpeg"}],"author":"thecitizenfortheworld23@gmail.com","twitter_card":"summary_large_image","twitter_misc":{"Escrito por":"thecitizenfortheworld23@gmail.com","Tiempo estimado de lectura":"5 minutos"},"schema":{"@context":"https:\/\/schema.org","@graph":[{"@type":"Article","@id":"https:\/\/thecitizenfortheworld.com\/?p=92995#article","isPartOf":{"@id":"https:\/\/thecitizenfortheworld.com\/?p=92995"},"author":{"name":"thecitizenfortheworld23@gmail.com","@id":"https:\/\/thecitizenfortheworld.com\/#\/schema\/person\/1f6b82847278ca8d344c472822b5b66f"},"headline":"\u00bfLos suplementos de col\u00e1geno sirven realmente para la piel y las articulaciones? Qu\u00e9 dice la ciencia","datePublished":"2026-09-05T18:41:07+00:00","dateModified":"2026-09-05T18:41:07+00:00","mainEntityOfPage":{"@id":"https:\/\/thecitizenfortheworld.com\/?p=92995"},"wordCount":969,"commentCount":0,"publisher":{"@id":"https:\/\/thecitizenfortheworld.com\/#organization"},"articleSection":["Salud"],"inLanguage":"es-CO","potentialAction":[{"@type":"CommentAction","name":"Comment","target":["https:\/\/thecitizenfortheworld.com\/?p=92995#respond"]}]},{"@type":"WebPage","@id":"https:\/\/thecitizenfortheworld.com\/?p=92995","url":"https:\/\/thecitizenfortheworld.com\/?p=92995","name":"\u00bfLos suplementos de col\u00e1geno sirven realmente para la piel y las articulaciones? Qu\u00e9 dice la ciencia - The citizen for the world","isPartOf":{"@id":"https:\/\/thecitizenfortheworld.com\/#website"},"datePublished":"2026-09-05T18:41:07+00:00","dateModified":"2026-09-05T18:41:07+00:00","breadcrumb":{"@id":"https:\/\/thecitizenfortheworld.com\/?p=92995#breadcrumb"},"inLanguage":"es-CO","potentialAction":[{"@type":"ReadAction","target":["https:\/\/thecitizenfortheworld.com\/?p=92995"]}]},{"@type":"BreadcrumbList","@id":"https:\/\/thecitizenfortheworld.com\/?p=92995#breadcrumb","itemListElement":[{"@type":"ListItem","position":1,"name":"Inicio","item":"https:\/\/thecitizenfortheworld.com\/"},{"@type":"ListItem","position":2,"name":"\u00bfLos suplementos de col\u00e1geno sirven realmente para la piel y las articulaciones? Qu\u00e9 dice la ciencia"}]},{"@type":"WebSite","@id":"https:\/\/thecitizenfortheworld.com\/#website","url":"https:\/\/thecitizenfortheworld.com\/","name":"The citizen for the world","description":"","publisher":{"@id":"https:\/\/thecitizenfortheworld.com\/#organization"},"potentialAction":[{"@type":"SearchAction","target":{"@type":"EntryPoint","urlTemplate":"https:\/\/thecitizenfortheworld.com\/?s={search_term_string}"},"query-input":"required name=search_term_string"}],"inLanguage":"es-CO"},{"@type":"Organization","@id":"https:\/\/thecitizenfortheworld.com\/#organization","name":"The citizen for the world","url":"https:\/\/thecitizenfortheworld.com\/","logo":{"@type":"ImageObject","inLanguage":"es-CO","@id":"https:\/\/thecitizenfortheworld.com\/#\/schema\/logo\/image\/","url":"https:\/\/thecitizenfortheworld.com\/wp-content\/uploads\/2023\/04\/cropped-the-citizens.png","contentUrl":"https:\/\/thecitizenfortheworld.com\/wp-content\/uploads\/2023\/04\/cropped-the-citizens.png","width":1135,"height":1302,"caption":"The citizen for the world"},"image":{"@id":"https:\/\/thecitizenfortheworld.com\/#\/schema\/logo\/image\/"},"sameAs":["https:\/\/www.facebook.com\/thecitizenfortheworld"]},{"@type":"Person","@id":"https:\/\/thecitizenfortheworld.com\/#\/schema\/person\/1f6b82847278ca8d344c472822b5b66f","name":"thecitizenfortheworld23@gmail.com","image":{"@type":"ImageObject","inLanguage":"es-CO","@id":"https:\/\/thecitizenfortheworld.com\/#\/schema\/person\/image\/","url":"https:\/\/secure.gravatar.com\/avatar\/fa0768c808e84d205962885f7091f34b?s=96&d=mm&r=pg","contentUrl":"https:\/\/secure.gravatar.com\/avatar\/fa0768c808e84d205962885f7091f34b?s=96&d=mm&r=pg","caption":"thecitizenfortheworld23@gmail.com"},"sameAs":["http:\/\/thecitizenfortheworld.com"],"url":"https:\/\/thecitizenfortheworld.com\/?author=1"}]}},"_links":{"self":[{"href":"https:\/\/thecitizenfortheworld.com\/index.php?rest_route=\/wp\/v2\/posts\/92995"}],"collection":[{"href":"https:\/\/thecitizenfortheworld.com\/index.php?rest_route=\/wp\/v2\/posts"}],"about":[{"href":"https:\/\/thecitizenfortheworld.com\/index.php?rest_route=\/wp\/v2\/types\/post"}],"author":[{"embeddable":true,"href":"https:\/\/thecitizenfortheworld.com\/index.php?rest_route=\/wp\/v2\/users\/1"}],"replies":[{"embeddable":true,"href":"https:\/\/thecitizenfortheworld.com\/index.php?rest_route=%2Fwp%2Fv2%2Fcomments&post=92995"}],"version-history":[{"count":1,"href":"https:\/\/thecitizenfortheworld.com\/index.php?rest_route=\/wp\/v2\/posts\/92995\/revisions"}],"predecessor-version":[{"id":92997,"href":"https:\/\/thecitizenfortheworld.com\/index.php?rest_route=\/wp\/v2\/posts\/92995\/revisions\/92997"}],"wp:featuredmedia":[{"embeddable":true,"href":"https:\/\/thecitizenfortheworld.com\/index.php?rest_route=\/wp\/v2\/media\/92996"}],"wp:attachment":[{"href":"https:\/\/thecitizenfortheworld.com\/index.php?rest_route=%2Fwp%2Fv2%2Fmedia&parent=92995"}],"wp:term":[{"taxonomy":"category","embeddable":true,"href":"https:\/\/thecitizenfortheworld.com\/index.php?rest_route=%2Fwp%2Fv2%2Fcategories&post=92995"},{"taxonomy":"post_tag","embeddable":true,"href":"https:\/\/thecitizenfortheworld.com\/index.php?rest_route=%2Fwp%2Fv2%2Ftags&post=92995"}],"curies":[{"name":"wp","href":"https:\/\/api.w.org\/{rel}","templated":true}]}}