{"id":92992,"date":"2026-09-05T13:30:25","date_gmt":"2026-09-05T18:30:25","guid":{"rendered":"https:\/\/thecitizenfortheworld.com\/?p=92992"},"modified":"2026-09-05T13:30:25","modified_gmt":"2026-09-05T18:30:25","slug":"la-cancelacion-del-tps-puede-separar-a-mas-de-150000-ninos-estadounidenses-de-sus-familias-salvadorenas-advierte-la-organizacion-wola","status":"publish","type":"post","link":"https:\/\/thecitizenfortheworld.com\/?p=92992","title":{"rendered":"La cancelaci\u00f3n del TPS puede separar a m\u00e1s de 150,000 ni\u00f1os estadounidenses de sus familias salvadore\u00f1as, advierte la organizaci\u00f3n WOLA"},"content":{"rendered":"<p class=\"article-subheadline text-align-left\">El reporte de WOLA advierte que los menores no ser\u00edan expulsados, pero la p\u00e9rdida del amparo migratorio para un pariente elevar\u00eda el riesgo de rupturas de hogar y decisiones forzadas ante posibles retornos<\/p>\n<p><b>El TPS para salvadore\u00f1os<\/b> llega a su fecha l\u00edmite el 9 de septiembre sin que el Departamento de Seguridad Nacional haya publicado ninguna determinaci\u00f3n formal de renovaci\u00f3n, lo que deja a m\u00e1s de 232,000 personas en una situaci\u00f3n de incertidumbre legal sin precedentes en 25 a\u00f1os.<\/p>\n<p class=\"paragraph\" data-paragraph-number=\"2\" data-mrf-recirculation=\"Links inline\">La Oficina en Washington para <b>Asuntos Latinoamericanos (WOLA)<\/b> advirti\u00f3 que el impacto de la cancelaci\u00f3n va m\u00e1s all\u00e1 de los titulares del documento.<\/p>\n<p class=\"paragraph\" data-paragraph-number=\"3\" data-mrf-recirculation=\"Links inline\">M\u00e1s de 150.000 ni\u00f1os con ciudadan\u00eda estadounidense tienen al menos un familiar salvadore\u00f1o amparado por el Estatus de Protecci\u00f3n Temporal (TPS, por sus siglas en ingl\u00e9s). La p\u00e9rdida del estatus no los deporta, pero puede desintegrar los hogares en los que crecen.<\/p>\n<h2 id=\"el-fallo-de-la-corte-suprema-cerro-la-puerta-judicial-en-junio\" class=\"text-align-left vertical-align-top line-height-100 header headline-class-h2 headline\">El fallo de la Corte Suprema cerr\u00f3 la puerta judicial en junio<\/h2>\n<p class=\"paragraph\" data-paragraph-number=\"4\" data-mrf-recirculation=\"Links inline\">El 25 de junio de 2026, el <b>Tribunal Supremo de Estados Unidos<\/b> resolvi\u00f3 por 6 votos contra 3, en el caso <b>Mullin v. Doe<\/b>, que los tribunales federales no pueden revisar las decisiones del Departamento de Seguridad Nacional sobre la designaci\u00f3n, extensi\u00f3n o cancelaci\u00f3n del <b>TPS<\/b>.<\/p>\n<p class=\"paragraph\" data-paragraph-number=\"5\" data-mrf-recirculation=\"Links inline\">La mayor\u00eda, redactada por el magistrado <b>Samuel Alito<\/b>, se apoy\u00f3 en la ley original de 1990, que proh\u00edbe expresamente el control judicial de esas determinaciones.<\/p>\n<div class=\"inline_2 ad-wrapper dfpAd ad-inline ad-text ad-component-container\" data-ad-wrapper=\"arcad\" data-ad-type=\"inline_2\" data-ad-slot=\"infobae\/el-salvador\/nota\/inline_2\" data-ad-container=\"dfp\" data-ad-slot-name=\"infobae\/el-salvador\/nota\/inline_2\">\n<p class=\"ad-shell-label\">\n<\/div>\n<div class=\"visual__image\"><picture><source srcset=\"https:\/\/www.infobae.com\/resizer\/v2\/SWHGYIMYR5CWVHGVFC5ZRTJGC4.png?auth=98193813889cc5267ac8e4b75f8f489627e3c572602020f6f06dd6cb97fc3764&amp;smart=true&amp;width=992&amp;height=554&amp;quality=85\" media=\"(min-width: 1000px)\" \/><source srcset=\"https:\/\/www.infobae.com\/resizer\/v2\/SWHGYIMYR5CWVHGVFC5ZRTJGC4.png?auth=98193813889cc5267ac8e4b75f8f489627e3c572602020f6f06dd6cb97fc3764&amp;smart=true&amp;width=768&amp;height=429&amp;quality=85\" media=\"(min-width: 768px)\" \/><source srcset=\"https:\/\/www.infobae.com\/resizer\/v2\/SWHGYIMYR5CWVHGVFC5ZRTJGC4.png?auth=98193813889cc5267ac8e4b75f8f489627e3c572602020f6f06dd6cb97fc3764&amp;smart=true&amp;width=577&amp;height=322&amp;quality=85\" media=\"(min-width: 580px)\" \/><source srcset=\"https:\/\/www.infobae.com\/resizer\/v2\/SWHGYIMYR5CWVHGVFC5ZRTJGC4.png?auth=98193813889cc5267ac8e4b75f8f489627e3c572602020f6f06dd6cb97fc3764&amp;smart=true&amp;width=420&amp;height=234&amp;quality=85\" media=\"(min-width: 350px)\" \/><source srcset=\"https:\/\/www.infobae.com\/resizer\/v2\/SWHGYIMYR5CWVHGVFC5ZRTJGC4.png?auth=98193813889cc5267ac8e4b75f8f489627e3c572602020f6f06dd6cb97fc3764&amp;smart=true&amp;width=350&amp;height=195&amp;quality=85\" media=\"(min-width: 80px)\" \/><img decoding=\"async\" loading=\"lazy\" class=\"global-image\" src=\"https:\/\/www.infobae.com\/resizer\/v2\/SWHGYIMYR5CWVHGVFC5ZRTJGC4.png?auth=98193813889cc5267ac8e4b75f8f489627e3c572602020f6f06dd6cb97fc3764&amp;smart=true&amp;width=350&amp;height=195&amp;quality=85\" alt=\"Una mano sostiene una tarjeta con las siglas TPS entre las banderas de El Salvador y Estados Unidos, sobre siluetas de familias.\" width=\"2752\" height=\"1536\" \/><\/picture><em>Una tarjeta con las siglas TPS sostenida en alto simboliza la protecci\u00f3n migratoria para familias de El Salvador en Estados Unidos. (Imagen Ilustrativa Infobae)<\/em><\/div>\n<p class=\"paragraph\" data-paragraph-number=\"6\" data-mrf-recirculation=\"Links inline\"><b>\u201cEl TPS siempre fue concebido como temporal y puede cancelarse en el momento adecuado\u201d<\/b>, afirm\u00f3 James Percival, consejero general del Departamento de Seguridad Nacional, celebrando la decisi\u00f3n.<\/p>\n<p class=\"paragraph\" data-paragraph-number=\"7\" data-mrf-recirculation=\"Links inline\">La sentencia garantiz\u00f3, al mismo tiempo, que ning\u00fan tribunal pudiera evaluar si esa cancelaci\u00f3n es, en efecto, adecuada.<\/p>\n<p class=\"paragraph\" data-paragraph-number=\"8\" data-mrf-recirculation=\"Links inline\">Para <b>El Salvador<\/b>, el fallo lleg\u00f3 tarde en t\u00e9rminos procesales: la designaci\u00f3n no estaba bajo litigio activo. Pero clausur\u00f3 cualquier v\u00eda de impugnaci\u00f3n futura y dej\u00f3 a los beneficiarios sin recurso judicial efectivo.<\/p>\n<h2 id=\"la-administracion-trump-ya-elimino-el-tps-para-13-paises-desde-enero-de-2025\" class=\"text-align-left vertical-align-top line-height-100 header headline-class-h2 headline\">La administraci\u00f3n Trump ya elimin\u00f3 el TPS para 13 pa\u00edses desde enero de 2025<\/h2>\n<p class=\"paragraph\" data-paragraph-number=\"9\" data-mrf-recirculation=\"Links inline\">Cuando el presidente <b>Donald Trump<\/b> asumi\u00f3 en enero de 2025, 17 pa\u00edses ten\u00edan el TPS activo. Su administraci\u00f3n cancel\u00f3 la protecci\u00f3n para 13 de ellos. <b>El Salvador es el \u00faltimo de los cuatro restantes que enfrenta el vencimiento sin perspectiva de renovaci\u00f3n.<\/b><\/p>\n<p class=\"paragraph\" data-paragraph-number=\"10\" data-mrf-recirculation=\"Links inline\">El Servicio de Ciudadan\u00eda e Inmigraci\u00f3n (<b>USCIS<\/b>) public\u00f3 el 12 de agosto de 2026 una actualizaci\u00f3n en la que confirm\u00f3 que \u201cla designaci\u00f3n del TPS para El Salvador y los beneficios relacionados est\u00e1n previstos para terminar\u201d el 9 de septiembre.<\/p>\n<p class=\"paragraph\" data-paragraph-number=\"11\" data-mrf-recirculation=\"Links inline\">La notificaci\u00f3n no constituye el acto formal de cancelaci\u00f3n, pero establece esa fecha como el l\u00edmite operativo para la autorizaci\u00f3n de empleo de los beneficiarios.<\/p>\n<p class=\"paragraph\" data-paragraph-number=\"12\" data-mrf-recirculation=\"Links inline\">Si la protecci\u00f3n cae, el TPS quedar\u00e1 vigente para apenas 103.000 personas en todo el mundo: 101.150 de <b>Ucrania<\/b>, 1.790 de <b>Sud\u00e1n<\/b> y 150 del <b>L\u00edbano<\/b>.<\/p>\n<h2 id=\"las-remesas-sostienen-el-24percent-del-pib-salvadoreno\" class=\"text-align-left vertical-align-top line-height-100 header headline-class-h2 headline\">Las remesas sostienen el 24% del PIB salvadore\u00f1o<\/h2>\n<p class=\"paragraph\" data-paragraph-number=\"13\" data-mrf-recirculation=\"Links inline\">El golpe econ\u00f3mico de una cancelaci\u00f3n masiva cruzar\u00eda las fronteras. Las <b>remesas<\/b> representan entre el 24% y el 26% del Producto Interno Bruto de <b>El Salvador<\/b>, seg\u00fan el an\u00e1lisis de WOLA firmado por Ana Mar\u00eda M\u00e9ndez Dard\u00f3n, directora de la organizaci\u00f3n para Centroam\u00e9rica.<\/p>\n<p class=\"paragraph\" data-paragraph-number=\"14\" data-mrf-recirculation=\"Links inline\">Las cifras m\u00e1s recientes del <b>Fondo Monetario Internacional<\/b> sit\u00faan esas transferencias cerca de USD 10,000 millones anuales.<\/p>\n<p class=\"paragraph\" data-paragraph-number=\"15\" data-mrf-recirculation=\"Links inline\"><b>La inversi\u00f3n extranjera directa totaliz\u00f3 USD 764 millones en 2025, la cifra m\u00e1s baja de la regi\u00f3n centroamericana seg\u00fan la Comisi\u00f3n Econ\u00f3mica para Am\u00e9rica Latina y el Caribe (Cepal).<\/b><\/p>\n<div class=\"visual__image\"><picture><source srcset=\"https:\/\/www.infobae.com\/resizer\/v2\/RASQNYQH4BHKBL5NMV6A23QRNE.png?auth=bab208b60724adcf55cffd6867e93759be234285a47fa109e95a28cd958dedaa&amp;smart=true&amp;width=992&amp;height=541&amp;quality=85\" media=\"(min-width: 1000px)\" \/><source srcset=\"https:\/\/www.infobae.com\/resizer\/v2\/RASQNYQH4BHKBL5NMV6A23QRNE.png?auth=bab208b60724adcf55cffd6867e93759be234285a47fa109e95a28cd958dedaa&amp;smart=true&amp;width=768&amp;height=419&amp;quality=85\" media=\"(min-width: 768px)\" \/><source srcset=\"https:\/\/www.infobae.com\/resizer\/v2\/RASQNYQH4BHKBL5NMV6A23QRNE.png?auth=bab208b60724adcf55cffd6867e93759be234285a47fa109e95a28cd958dedaa&amp;smart=true&amp;width=577&amp;height=315&amp;quality=85\" media=\"(min-width: 580px)\" \/><source srcset=\"https:\/\/www.infobae.com\/resizer\/v2\/RASQNYQH4BHKBL5NMV6A23QRNE.png?auth=bab208b60724adcf55cffd6867e93759be234285a47fa109e95a28cd958dedaa&amp;smart=true&amp;width=420&amp;height=229&amp;quality=85\" media=\"(min-width: 350px)\" \/><source srcset=\"https:\/\/www.infobae.com\/resizer\/v2\/RASQNYQH4BHKBL5NMV6A23QRNE.png?auth=bab208b60724adcf55cffd6867e93759be234285a47fa109e95a28cd958dedaa&amp;smart=true&amp;width=350&amp;height=191&amp;quality=85\" media=\"(min-width: 80px)\" \/><img decoding=\"async\" loading=\"lazy\" class=\"global-image\" src=\"https:\/\/www.infobae.com\/resizer\/v2\/RASQNYQH4BHKBL5NMV6A23QRNE.png?auth=bab208b60724adcf55cffd6867e93759be234285a47fa109e95a28cd958dedaa&amp;smart=true&amp;width=350&amp;height=191&amp;quality=85\" alt=\"Una mujer recibe dinero en efectivo, billetes de d\u00f3lares estadounidenses, de un cajero de banco. Las banderas de Estados Unidos y El Salvador se ven al fondo.\" width=\"1408\" height=\"768\" \/><\/picture><em>Una persona recibe billetes de d\u00f3lares estadounidenses de un cajero bancario en El Salvador, con las banderas de Estados Unidos y El Salvador visibles de fondo, simbolizando el impacto de las remesas en la econom\u00eda local. (Imagen Ilustrativa Infobae)<\/em><\/div>\n<p class=\"paragraph\" data-paragraph-number=\"16\" data-mrf-recirculation=\"Links inline\">El exdirector del Banco Central de Reserva de El Salvador, Carlos Acevedo, se\u00f1al\u00f3 a <b>France 24<\/b> que la mejora en seguridad \u201cno es suficiente\u201d y que el pa\u00eds necesita con urgencia aumentar esa inversi\u00f3n.<\/p>\n<h2 id=\"sin-anuncio-formal-los-beneficiarios-esperan-hasta-el-ultimo-dia\" class=\"text-align-left vertical-align-top line-height-100 header headline-class-h2 headline\">Sin anuncio formal, los beneficiarios esperan hasta el \u00faltimo d\u00eda<\/h2>\n<p class=\"paragraph\" data-paragraph-number=\"17\" data-mrf-recirculation=\"Links inline\">La normativa del <b>DHS<\/b> exige que cualquier decisi\u00f3n de renovaci\u00f3n o cancelaci\u00f3n se publique en el <b>Registro Federal<\/b> con al menos 60 d\u00edas de anticipaci\u00f3n.<\/p>\n<p class=\"paragraph\" data-paragraph-number=\"18\" data-mrf-recirculation=\"Links inline\">Esa ventana ya venci\u00f3 sin ning\u00fan pronunciamiento. La ausencia de aviso formal dej\u00f3 a los titulares del <b>TPS<\/b> sin certeza hasta los \u00faltimos d\u00edas antes del vencimiento.<\/p>\n<p class=\"paragraph\" data-paragraph-number=\"19\" data-mrf-recirculation=\"Links inline\">Un tribunal federal en Massachusetts bloque\u00f3 el 21 de julio de 2026, de forma temporal, una pol\u00edtica del <b>USCIS<\/b> vinculada a la \u201cOne Big Beautiful Bill Act\u201d que habr\u00eda recortado las extensiones autom\u00e1ticas de autorizaci\u00f3n de empleo para titulares del TPS de Ucrania, El Salvador y Sud\u00e1n.<\/p>\n<p class=\"paragraph\" data-paragraph-number=\"20\" data-mrf-recirculation=\"Links inline\">La orden ilustra la velocidad con que el panorama legal puede cambiar, pero no altera el vencimiento del 9 de septiembre.<\/p>\n<p class=\"paragraph\" data-paragraph-number=\"21\" data-mrf-recirculation=\"Links inline\"><b>Quienes pierdan el estatus revertir\u00e1n a su condici\u00f3n migratoria anterior. Para la mayor\u00eda, eso significa quedar indocumentados y quedar expuestos a procedimientos de deportaci\u00f3n.<\/b><\/p>\n<p data-paragraph-number=\"21\" data-mrf-recirculation=\"Links inline\">(<em>Con informaci\u00f3n de Infobae)<\/em><\/p>\n","protected":false},"excerpt":{"rendered":"<p>El reporte de WOLA advierte que los menores no ser\u00edan expulsados, pero la p\u00e9rdida del amparo migratorio para un pariente elevar\u00eda el riesgo de rupturas de hogar y decisiones forzadas ante posibles retornos El TPS para salvadore\u00f1os llega a su fecha l\u00edmite el 9 de septiembre sin que el Departamento de Seguridad Nacional haya publicado [&hellip;]<\/p>\n","protected":false},"author":1,"featured_media":92993,"comment_status":"open","ping_status":"open","sticky":false,"template":"","format":"standard","meta":{"om_disable_all_campaigns":false,"_mi_skip_tracking":false},"categories":[56,4],"tags":[],"yoast_head":"<!-- This site is optimized with the Yoast SEO plugin v20.5 - https:\/\/yoast.com\/wordpress\/plugins\/seo\/ -->\n<title>La cancelaci\u00f3n del TPS puede separar a m\u00e1s de 150,000 ni\u00f1os estadounidenses de sus familias salvadore\u00f1as, advierte la organizaci\u00f3n WOLA - The citizen for the world<\/title>\n<meta name=\"robots\" content=\"index, follow, max-snippet:-1, max-image-preview:large, max-video-preview:-1\" \/>\n<link rel=\"canonical\" href=\"https:\/\/thecitizenfortheworld.com\/?p=92992\" \/>\n<meta property=\"og:locale\" content=\"es_ES\" \/>\n<meta property=\"og:type\" content=\"article\" \/>\n<meta property=\"og:title\" content=\"La cancelaci\u00f3n del TPS puede separar a m\u00e1s de 150,000 ni\u00f1os estadounidenses de sus familias salvadore\u00f1as, advierte la organizaci\u00f3n WOLA - The citizen for the world\" \/>\n<meta property=\"og:description\" content=\"El reporte de WOLA advierte que los menores no ser\u00edan expulsados, pero la p\u00e9rdida del amparo migratorio para un pariente elevar\u00eda el riesgo de rupturas de hogar y decisiones forzadas ante posibles retornos El TPS para salvadore\u00f1os llega a su fecha l\u00edmite el 9 de septiembre sin que el Departamento de Seguridad Nacional haya publicado [&hellip;]\" \/>\n<meta property=\"og:url\" content=\"https:\/\/thecitizenfortheworld.com\/?p=92992\" \/>\n<meta property=\"og:site_name\" content=\"The citizen for the world\" \/>\n<meta property=\"article:publisher\" content=\"https:\/\/www.facebook.com\/thecitizenfortheworld\" \/>\n<meta property=\"article:published_time\" content=\"2026-09-05T18:30:25+00:00\" \/>\n<meta property=\"og:image\" content=\"https:\/\/thecitizenfortheworld.com\/wp-content\/uploads\/2026\/09\/El-Salvador-TPS.jpg\" \/>\n\t<meta property=\"og:image:width\" content=\"738\" \/>\n\t<meta property=\"og:image:height\" content=\"414\" \/>\n\t<meta property=\"og:image:type\" content=\"image\/jpeg\" \/>\n<meta name=\"author\" content=\"thecitizenfortheworld23@gmail.com\" \/>\n<meta name=\"twitter:card\" content=\"summary_large_image\" \/>\n<meta name=\"twitter:label1\" content=\"Escrito por\" \/>\n\t<meta name=\"twitter:data1\" content=\"thecitizenfortheworld23@gmail.com\" \/>\n\t<meta name=\"twitter:label2\" content=\"Tiempo estimado de lectura\" \/>\n\t<meta name=\"twitter:data2\" content=\"5 minutos\" \/>\n<script type=\"application\/ld+json\" class=\"yoast-schema-graph\">{\"@context\":\"https:\/\/schema.org\",\"@graph\":[{\"@type\":\"Article\",\"@id\":\"https:\/\/thecitizenfortheworld.com\/?p=92992#article\",\"isPartOf\":{\"@id\":\"https:\/\/thecitizenfortheworld.com\/?p=92992\"},\"author\":{\"name\":\"thecitizenfortheworld23@gmail.com\",\"@id\":\"https:\/\/thecitizenfortheworld.com\/#\/schema\/person\/1f6b82847278ca8d344c472822b5b66f\"},\"headline\":\"La cancelaci\u00f3n del TPS puede separar a m\u00e1s de 150,000 ni\u00f1os estadounidenses de sus familias salvadore\u00f1as, advierte la organizaci\u00f3n WOLA\",\"datePublished\":\"2026-09-05T18:30:25+00:00\",\"dateModified\":\"2026-09-05T18:30:25+00:00\",\"mainEntityOfPage\":{\"@id\":\"https:\/\/thecitizenfortheworld.com\/?p=92992\"},\"wordCount\":890,\"commentCount\":0,\"publisher\":{\"@id\":\"https:\/\/thecitizenfortheworld.com\/#organization\"},\"articleSection\":[\"Centroam\u00e9rica\",\"Pol\u00edtica\"],\"inLanguage\":\"es-CO\",\"potentialAction\":[{\"@type\":\"CommentAction\",\"name\":\"Comment\",\"target\":[\"https:\/\/thecitizenfortheworld.com\/?p=92992#respond\"]}]},{\"@type\":\"WebPage\",\"@id\":\"https:\/\/thecitizenfortheworld.com\/?p=92992\",\"url\":\"https:\/\/thecitizenfortheworld.com\/?p=92992\",\"name\":\"La cancelaci\u00f3n del TPS puede separar a m\u00e1s de 150,000 ni\u00f1os estadounidenses de sus familias salvadore\u00f1as, advierte la organizaci\u00f3n WOLA - The citizen for the world\",\"isPartOf\":{\"@id\":\"https:\/\/thecitizenfortheworld.com\/#website\"},\"datePublished\":\"2026-09-05T18:30:25+00:00\",\"dateModified\":\"2026-09-05T18:30:25+00:00\",\"breadcrumb\":{\"@id\":\"https:\/\/thecitizenfortheworld.com\/?p=92992#breadcrumb\"},\"inLanguage\":\"es-CO\",\"potentialAction\":[{\"@type\":\"ReadAction\",\"target\":[\"https:\/\/thecitizenfortheworld.com\/?p=92992\"]}]},{\"@type\":\"BreadcrumbList\",\"@id\":\"https:\/\/thecitizenfortheworld.com\/?p=92992#breadcrumb\",\"itemListElement\":[{\"@type\":\"ListItem\",\"position\":1,\"name\":\"Inicio\",\"item\":\"https:\/\/thecitizenfortheworld.com\/\"},{\"@type\":\"ListItem\",\"position\":2,\"name\":\"La cancelaci\u00f3n del TPS puede separar a m\u00e1s de 150,000 ni\u00f1os estadounidenses de sus familias salvadore\u00f1as, advierte la organizaci\u00f3n WOLA\"}]},{\"@type\":\"WebSite\",\"@id\":\"https:\/\/thecitizenfortheworld.com\/#website\",\"url\":\"https:\/\/thecitizenfortheworld.com\/\",\"name\":\"The citizen for the world\",\"description\":\"\",\"publisher\":{\"@id\":\"https:\/\/thecitizenfortheworld.com\/#organization\"},\"potentialAction\":[{\"@type\":\"SearchAction\",\"target\":{\"@type\":\"EntryPoint\",\"urlTemplate\":\"https:\/\/thecitizenfortheworld.com\/?s={search_term_string}\"},\"query-input\":\"required name=search_term_string\"}],\"inLanguage\":\"es-CO\"},{\"@type\":\"Organization\",\"@id\":\"https:\/\/thecitizenfortheworld.com\/#organization\",\"name\":\"The citizen for the world\",\"url\":\"https:\/\/thecitizenfortheworld.com\/\",\"logo\":{\"@type\":\"ImageObject\",\"inLanguage\":\"es-CO\",\"@id\":\"https:\/\/thecitizenfortheworld.com\/#\/schema\/logo\/image\/\",\"url\":\"https:\/\/thecitizenfortheworld.com\/wp-content\/uploads\/2023\/04\/cropped-the-citizens.png\",\"contentUrl\":\"https:\/\/thecitizenfortheworld.com\/wp-content\/uploads\/2023\/04\/cropped-the-citizens.png\",\"width\":1135,\"height\":1302,\"caption\":\"The citizen for the world\"},\"image\":{\"@id\":\"https:\/\/thecitizenfortheworld.com\/#\/schema\/logo\/image\/\"},\"sameAs\":[\"https:\/\/www.facebook.com\/thecitizenfortheworld\"]},{\"@type\":\"Person\",\"@id\":\"https:\/\/thecitizenfortheworld.com\/#\/schema\/person\/1f6b82847278ca8d344c472822b5b66f\",\"name\":\"thecitizenfortheworld23@gmail.com\",\"image\":{\"@type\":\"ImageObject\",\"inLanguage\":\"es-CO\",\"@id\":\"https:\/\/thecitizenfortheworld.com\/#\/schema\/person\/image\/\",\"url\":\"https:\/\/secure.gravatar.com\/avatar\/fa0768c808e84d205962885f7091f34b?s=96&d=mm&r=pg\",\"contentUrl\":\"https:\/\/secure.gravatar.com\/avatar\/fa0768c808e84d205962885f7091f34b?s=96&d=mm&r=pg\",\"caption\":\"thecitizenfortheworld23@gmail.com\"},\"sameAs\":[\"http:\/\/thecitizenfortheworld.com\"],\"url\":\"https:\/\/thecitizenfortheworld.com\/?author=1\"}]}<\/script>\n<!-- \/ Yoast SEO plugin. -->","yoast_head_json":{"title":"La cancelaci\u00f3n del TPS puede separar a m\u00e1s de 150,000 ni\u00f1os estadounidenses de sus familias salvadore\u00f1as, advierte la organizaci\u00f3n WOLA - The citizen for the world","robots":{"index":"index","follow":"follow","max-snippet":"max-snippet:-1","max-image-preview":"max-image-preview:large","max-video-preview":"max-video-preview:-1"},"canonical":"https:\/\/thecitizenfortheworld.com\/?p=92992","og_locale":"es_ES","og_type":"article","og_title":"La cancelaci\u00f3n del TPS puede separar a m\u00e1s de 150,000 ni\u00f1os estadounidenses de sus familias salvadore\u00f1as, advierte la organizaci\u00f3n WOLA - The citizen for the world","og_description":"El reporte de WOLA advierte que los menores no ser\u00edan expulsados, pero la p\u00e9rdida del amparo migratorio para un pariente elevar\u00eda el riesgo de rupturas de hogar y decisiones forzadas ante posibles retornos El TPS para salvadore\u00f1os llega a su fecha l\u00edmite el 9 de septiembre sin que el Departamento de Seguridad Nacional haya publicado [&hellip;]","og_url":"https:\/\/thecitizenfortheworld.com\/?p=92992","og_site_name":"The citizen for the world","article_publisher":"https:\/\/www.facebook.com\/thecitizenfortheworld","article_published_time":"2026-09-05T18:30:25+00:00","og_image":[{"width":738,"height":414,"url":"https:\/\/thecitizenfortheworld.com\/wp-content\/uploads\/2026\/09\/El-Salvador-TPS.jpg","type":"image\/jpeg"}],"author":"thecitizenfortheworld23@gmail.com","twitter_card":"summary_large_image","twitter_misc":{"Escrito por":"thecitizenfortheworld23@gmail.com","Tiempo estimado de lectura":"5 minutos"},"schema":{"@context":"https:\/\/schema.org","@graph":[{"@type":"Article","@id":"https:\/\/thecitizenfortheworld.com\/?p=92992#article","isPartOf":{"@id":"https:\/\/thecitizenfortheworld.com\/?p=92992"},"author":{"name":"thecitizenfortheworld23@gmail.com","@id":"https:\/\/thecitizenfortheworld.com\/#\/schema\/person\/1f6b82847278ca8d344c472822b5b66f"},"headline":"La cancelaci\u00f3n del TPS puede separar a m\u00e1s de 150,000 ni\u00f1os estadounidenses de sus familias salvadore\u00f1as, advierte la organizaci\u00f3n WOLA","datePublished":"2026-09-05T18:30:25+00:00","dateModified":"2026-09-05T18:30:25+00:00","mainEntityOfPage":{"@id":"https:\/\/thecitizenfortheworld.com\/?p=92992"},"wordCount":890,"commentCount":0,"publisher":{"@id":"https:\/\/thecitizenfortheworld.com\/#organization"},"articleSection":["Centroam\u00e9rica","Pol\u00edtica"],"inLanguage":"es-CO","potentialAction":[{"@type":"CommentAction","name":"Comment","target":["https:\/\/thecitizenfortheworld.com\/?p=92992#respond"]}]},{"@type":"WebPage","@id":"https:\/\/thecitizenfortheworld.com\/?p=92992","url":"https:\/\/thecitizenfortheworld.com\/?p=92992","name":"La cancelaci\u00f3n del TPS puede separar a m\u00e1s de 150,000 ni\u00f1os estadounidenses de sus familias salvadore\u00f1as, advierte la organizaci\u00f3n WOLA - The citizen for the world","isPartOf":{"@id":"https:\/\/thecitizenfortheworld.com\/#website"},"datePublished":"2026-09-05T18:30:25+00:00","dateModified":"2026-09-05T18:30:25+00:00","breadcrumb":{"@id":"https:\/\/thecitizenfortheworld.com\/?p=92992#breadcrumb"},"inLanguage":"es-CO","potentialAction":[{"@type":"ReadAction","target":["https:\/\/thecitizenfortheworld.com\/?p=92992"]}]},{"@type":"BreadcrumbList","@id":"https:\/\/thecitizenfortheworld.com\/?p=92992#breadcrumb","itemListElement":[{"@type":"ListItem","position":1,"name":"Inicio","item":"https:\/\/thecitizenfortheworld.com\/"},{"@type":"ListItem","position":2,"name":"La cancelaci\u00f3n del TPS puede separar a m\u00e1s de 150,000 ni\u00f1os estadounidenses de sus familias salvadore\u00f1as, advierte la organizaci\u00f3n WOLA"}]},{"@type":"WebSite","@id":"https:\/\/thecitizenfortheworld.com\/#website","url":"https:\/\/thecitizenfortheworld.com\/","name":"The citizen for the world","description":"","publisher":{"@id":"https:\/\/thecitizenfortheworld.com\/#organization"},"potentialAction":[{"@type":"SearchAction","target":{"@type":"EntryPoint","urlTemplate":"https:\/\/thecitizenfortheworld.com\/?s={search_term_string}"},"query-input":"required name=search_term_string"}],"inLanguage":"es-CO"},{"@type":"Organization","@id":"https:\/\/thecitizenfortheworld.com\/#organization","name":"The citizen for the world","url":"https:\/\/thecitizenfortheworld.com\/","logo":{"@type":"ImageObject","inLanguage":"es-CO","@id":"https:\/\/thecitizenfortheworld.com\/#\/schema\/logo\/image\/","url":"https:\/\/thecitizenfortheworld.com\/wp-content\/uploads\/2023\/04\/cropped-the-citizens.png","contentUrl":"https:\/\/thecitizenfortheworld.com\/wp-content\/uploads\/2023\/04\/cropped-the-citizens.png","width":1135,"height":1302,"caption":"The citizen for the world"},"image":{"@id":"https:\/\/thecitizenfortheworld.com\/#\/schema\/logo\/image\/"},"sameAs":["https:\/\/www.facebook.com\/thecitizenfortheworld"]},{"@type":"Person","@id":"https:\/\/thecitizenfortheworld.com\/#\/schema\/person\/1f6b82847278ca8d344c472822b5b66f","name":"thecitizenfortheworld23@gmail.com","image":{"@type":"ImageObject","inLanguage":"es-CO","@id":"https:\/\/thecitizenfortheworld.com\/#\/schema\/person\/image\/","url":"https:\/\/secure.gravatar.com\/avatar\/fa0768c808e84d205962885f7091f34b?s=96&d=mm&r=pg","contentUrl":"https:\/\/secure.gravatar.com\/avatar\/fa0768c808e84d205962885f7091f34b?s=96&d=mm&r=pg","caption":"thecitizenfortheworld23@gmail.com"},"sameAs":["http:\/\/thecitizenfortheworld.com"],"url":"https:\/\/thecitizenfortheworld.com\/?author=1"}]}},"_links":{"self":[{"href":"https:\/\/thecitizenfortheworld.com\/index.php?rest_route=\/wp\/v2\/posts\/92992"}],"collection":[{"href":"https:\/\/thecitizenfortheworld.com\/index.php?rest_route=\/wp\/v2\/posts"}],"about":[{"href":"https:\/\/thecitizenfortheworld.com\/index.php?rest_route=\/wp\/v2\/types\/post"}],"author":[{"embeddable":true,"href":"https:\/\/thecitizenfortheworld.com\/index.php?rest_route=\/wp\/v2\/users\/1"}],"replies":[{"embeddable":true,"href":"https:\/\/thecitizenfortheworld.com\/index.php?rest_route=%2Fwp%2Fv2%2Fcomments&post=92992"}],"version-history":[{"count":1,"href":"https:\/\/thecitizenfortheworld.com\/index.php?rest_route=\/wp\/v2\/posts\/92992\/revisions"}],"predecessor-version":[{"id":92994,"href":"https:\/\/thecitizenfortheworld.com\/index.php?rest_route=\/wp\/v2\/posts\/92992\/revisions\/92994"}],"wp:featuredmedia":[{"embeddable":true,"href":"https:\/\/thecitizenfortheworld.com\/index.php?rest_route=\/wp\/v2\/media\/92993"}],"wp:attachment":[{"href":"https:\/\/thecitizenfortheworld.com\/index.php?rest_route=%2Fwp%2Fv2%2Fmedia&parent=92992"}],"wp:term":[{"taxonomy":"category","embeddable":true,"href":"https:\/\/thecitizenfortheworld.com\/index.php?rest_route=%2Fwp%2Fv2%2Fcategories&post=92992"},{"taxonomy":"post_tag","embeddable":true,"href":"https:\/\/thecitizenfortheworld.com\/index.php?rest_route=%2Fwp%2Fv2%2Ftags&post=92992"}],"curies":[{"name":"wp","href":"https:\/\/api.w.org\/{rel}","templated":true}]}}