{"id":92982,"date":"2026-09-05T13:03:35","date_gmt":"2026-09-05T18:03:35","guid":{"rendered":"https:\/\/thecitizenfortheworld.com\/?p=92982"},"modified":"2026-09-05T13:03:35","modified_gmt":"2026-09-05T18:03:35","slug":"de-la-espriella-lanzo-dura-advertencia-al-eln-tras-el-asesinato-de-dos-soldados-durante-ofensiva-a-instalacion-militar-los-vamos-a-combatir-sin-descanso","status":"publish","type":"post","link":"https:\/\/thecitizenfortheworld.com\/?p=92982","title":{"rendered":"De la Espriella lanz\u00f3 dura advertencia al ELN tras el asesinato de dos soldados durante ofensiva a instalaci\u00f3n militar: \u201cLos vamos a combatir sin descanso\u201d"},"content":{"rendered":"<p class=\"article-subheadline text-align-left\">El presidente de la Rep\u00fablica se\u00f1al\u00f3 que avanza en el dise\u00f1o de estrategias para intervenir las estructuras, los cabecillas, las finanzas y las econom\u00edas il\u00edcitas que alimentan la maquinaria criminal<\/p>\n<p>El presidente de la Rep\u00fablica, Abelardo de la Espriella, anunci\u00f3 en sus redes sociales que su Gobierno dise\u00f1ar\u00e1 una nueva estrategia para el Catatumbo tras la ofensiva atribuida al Ej\u00e9rcito de Liberaci\u00f3n Nacional (ELN) contra el Cant\u00f3n Militar El Trapiche, en Oca\u00f1a, Norte de Santander, ocurrido la noche del viernes 4 de septiembre de 2026, que dej\u00f3 dos uniformados muertos y cinco soldados profesionales heridos, seg\u00fan el Ej\u00e9rcito Nacional.<\/p>\n<p>En su pronunciamiento, De la Espriella sostuvo que el Frente Camilo Torres Restrepo del ELN habr\u00eda atacado la instalaci\u00f3n militar con artefactos explosivos lanzados desde drones y agreg\u00f3 que una aeronave de la Fuerza A\u00e9rea Colombiana (FAC) fue alcanzada por esquirlas.<\/p>\n<p class=\"paragraph\" data-paragraph-number=\"3\" data-mrf-recirculation=\"Links inline\">A la par, dijo que el grupo armado \u201cacaba de asesinar a dos de nuestros militares en Oca\u00f1a\u201d y expres\u00f3 su solidaridad con las familias:<b> \u201cA las familias de nuestros dos h\u00e9roes asesinados, toda mi solidaridad, mis oraciones y la gratitud de Colombia. A nuestros soldados heridos, mi deseo de pronta recuperaci\u00f3n\u201d.<\/b><\/p>\n<div class=\"marfeel-recommender marfeel-recommender-3\">\n<div class=\"news-module\" data-mrf-recirculation=\"IL_lWS2EA6iQUyxu3m60hpKkw\" data-testid=\"text-html\" data-mrf-experience=\"IL_lWS2EA6iQUyxu3m60hpKkw\">\n<div class=\"recommended-card__image-container\">Seg\u00fan reporte del Ej\u00e9rcito Nacional, las v\u00edctimas fueron identificadas como el capit\u00e1n Marco David Piraj\u00f3n Montezuma y el soldado profesional Joel Alberto Jim\u00e9nez Jaramillo, que murieron durante un combate de encuentro con presuntos integrantes de la estructura guerrillera, luego de que un pelot\u00f3n de soldados motorizados saliera de la unidad para asegurar el per\u00edmetro y verificar posibles amenazas tras el ataque.<\/div>\n<\/div>\n<\/div>\n<div><\/div>\n<div>El mandatario lanz\u00f3 una advertencia directa al grupo armado y asegur\u00f3 que responder\u00e1 con la fuerza del Estado ante nuevos ataques contra integrantes de la fuerza p\u00fablica:<b> \u201cAl ELN le digo con absoluta claridad: por cada polic\u00eda o soldado que asesinen, har\u00e9 caer sobre ustedes todo el peso y toda la fuerza leg\u00edtima del Estado. Los vamos a perseguir, encontrar y combatir sin descanso. Se van a arrepentir de cada colombiano que asesinen\u201d, afirm\u00f3.<\/b><\/div>\n<div><\/div>\n<div>\n<div class=\"marfeel-recommender marfeel-recommender-5\">\n<div class=\"news-module\" data-mrf-recirculation=\"IL_SNt-W_tGSLGMl86GFr_tnQ\" data-testid=\"text-html\" data-mrf-experience=\"IL_SNt-W_tGSLGMl86GFr_tnQ\">\n<div class=\"recommended-card__info\">\n<div class=\"recommended-card__info-button recommended-card__info-button--deportes\"><\/div>\n<\/div>\n<\/div>\n<\/div>\n<div class=\"visual__image\"><picture><source srcset=\"https:\/\/www.infobae.com\/resizer\/v2\/P7PZ3V52CBDHRNFGNYO7MDPACE.png?auth=9bde0480d067ea7ad07b045e5c759207eef59bb9df9847f39a3a54684a98fd08&amp;smart=true&amp;width=992&amp;height=1523&amp;quality=85\" media=\"(min-width: 1000px)\" \/><source srcset=\"https:\/\/www.infobae.com\/resizer\/v2\/P7PZ3V52CBDHRNFGNYO7MDPACE.png?auth=9bde0480d067ea7ad07b045e5c759207eef59bb9df9847f39a3a54684a98fd08&amp;smart=true&amp;width=768&amp;height=1179&amp;quality=85\" media=\"(min-width: 768px)\" \/><source srcset=\"https:\/\/www.infobae.com\/resizer\/v2\/P7PZ3V52CBDHRNFGNYO7MDPACE.png?auth=9bde0480d067ea7ad07b045e5c759207eef59bb9df9847f39a3a54684a98fd08&amp;smart=true&amp;width=577&amp;height=886&amp;quality=85\" media=\"(min-width: 580px)\" \/><source srcset=\"https:\/\/www.infobae.com\/resizer\/v2\/P7PZ3V52CBDHRNFGNYO7MDPACE.png?auth=9bde0480d067ea7ad07b045e5c759207eef59bb9df9847f39a3a54684a98fd08&amp;smart=true&amp;width=420&amp;height=645&amp;quality=85\" media=\"(min-width: 350px)\" \/><source srcset=\"https:\/\/www.infobae.com\/resizer\/v2\/P7PZ3V52CBDHRNFGNYO7MDPACE.png?auth=9bde0480d067ea7ad07b045e5c759207eef59bb9df9847f39a3a54684a98fd08&amp;smart=true&amp;width=350&amp;height=537&amp;quality=85\" media=\"(min-width: 80px)\" \/><img decoding=\"async\" loading=\"lazy\" class=\"global-image\" src=\"https:\/\/www.infobae.com\/resizer\/v2\/P7PZ3V52CBDHRNFGNYO7MDPACE.png?auth=9bde0480d067ea7ad07b045e5c759207eef59bb9df9847f39a3a54684a98fd08&amp;smart=true&amp;width=350&amp;height=537&amp;quality=85\" alt=\"El presidente de la Rep\u00fablica se\u00f1al\u00f3 que avanza en el dise\u00f1o de estrategias para intervenir las estructuras, los cabecillas, las finanzas y las econom\u00edas il\u00edcitas que alimentan la maquinaria criminal - cr\u00e9dito @ABDELAESPRIELLA\/X\" width=\"557\" height=\"855\" \/><\/picture><\/div>\n<div class=\"visual__image\"><em>El presidente de la Rep\u00fablica se\u00f1al\u00f3 que avanza en el dise\u00f1o de estrategias para intervenir las estructuras, los cabecillas, las finanzas y las econom\u00edas il\u00edcitas que alimentan la maquinaria criminal &#8211; cr\u00e9dito @ABDELAESPRIELLA\/X<\/em><\/div>\n<p class=\"paragraph\" data-paragraph-number=\"6\" data-mrf-recirculation=\"Links inline\">Sobre el Catatumbo, De la Espriella dijo que trabajar\u00e1 con la c\u00fapula militar y de la Polic\u00eda Nacional en una estrategia enfocada en intervenir las estructuras, los cabecillas, las finanzas y las econom\u00edas il\u00edcitas relacionadas con los grupos armados: <b>\u201cVoy a dise\u00f1ar, junto con la c\u00fapula militar y de Polic\u00eda, una nueva estrategia para el Catatumbo. Vamos a golpear sus estructuras, sus cabecillas, sus finanzas y las econom\u00edas il\u00edcitas que alimentan su maquinaria criminal\u201d.<\/b><\/p>\n<p class=\"paragraph\" data-paragraph-number=\"7\" data-mrf-recirculation=\"Links inline\">En su mensaje, tambi\u00e9n se refiri\u00f3 al flagelo del narcotr\u00e1fico y a las estructuras armadas que operan en la regi\u00f3n: \u201cVamos a acabar con ese c\u00e1ncer del narcoterrorismo que durante d\u00e9cadas ha desangrado al Catatumbo y a Colombia\u201d.<\/p>\n<p class=\"paragraph\" data-paragraph-number=\"8\" data-mrf-recirculation=\"Links inline\">Y agreg\u00f3:<b> \u201cNo nos van a doblegar con terrorismo. Cada ataque contra nuestra Fuerza P\u00fablica fortalecer\u00e1 nuestra determinaci\u00f3n de derrotarlos\u201d.<\/b><\/p>\n<h2 id=\"abelardo-de-la-espriella-hablo-del-operativo-que-dio-de-baja-a-alias-bendito-menor\" class=\"text-align-left vertical-align-top line-height-100 header headline-class-h2 headline\">Abelardo de la Espriella habl\u00f3 del operativo que dio de baja a alias Bendito Menor<\/h2>\n<div class=\"visual__image\"><picture><source srcset=\"https:\/\/www.infobae.com\/resizer\/v2\/7P3JLUY67BDPFLVWODD3PHZ63M.jpg?auth=dbdb03907cd3af6406a5e7f62bd6e433ba639726ac4671dc4ed125b940452465&amp;smart=true&amp;width=992&amp;height=558&amp;quality=85\" media=\"(min-width: 1000px)\" \/><source srcset=\"https:\/\/www.infobae.com\/resizer\/v2\/7P3JLUY67BDPFLVWODD3PHZ63M.jpg?auth=dbdb03907cd3af6406a5e7f62bd6e433ba639726ac4671dc4ed125b940452465&amp;smart=true&amp;width=768&amp;height=432&amp;quality=85\" media=\"(min-width: 768px)\" \/><source srcset=\"https:\/\/www.infobae.com\/resizer\/v2\/7P3JLUY67BDPFLVWODD3PHZ63M.jpg?auth=dbdb03907cd3af6406a5e7f62bd6e433ba639726ac4671dc4ed125b940452465&amp;smart=true&amp;width=577&amp;height=325&amp;quality=85\" media=\"(min-width: 580px)\" \/><source srcset=\"https:\/\/www.infobae.com\/resizer\/v2\/7P3JLUY67BDPFLVWODD3PHZ63M.jpg?auth=dbdb03907cd3af6406a5e7f62bd6e433ba639726ac4671dc4ed125b940452465&amp;smart=true&amp;width=420&amp;height=236&amp;quality=85\" media=\"(min-width: 350px)\" \/><source srcset=\"https:\/\/www.infobae.com\/resizer\/v2\/7P3JLUY67BDPFLVWODD3PHZ63M.jpg?auth=dbdb03907cd3af6406a5e7f62bd6e433ba639726ac4671dc4ed125b940452465&amp;smart=true&amp;width=350&amp;height=197&amp;quality=85\" media=\"(min-width: 80px)\" \/><img decoding=\"async\" loading=\"lazy\" class=\"global-image\" src=\"https:\/\/www.infobae.com\/resizer\/v2\/7P3JLUY67BDPFLVWODD3PHZ63M.jpg?auth=dbdb03907cd3af6406a5e7f62bd6e433ba639726ac4671dc4ed125b940452465&amp;smart=true&amp;width=350&amp;height=197&amp;quality=85\" alt=\"Abelardo de la Espriella habl\u00f3 del operativo que dio de baja a alias Bendito Menor - cr\u00e9dito Reuters\/Captura de Pantalla Na\u00edn P\u00e9rez - Facebook\" width=\"1920\" height=\"1080\" \/><\/picture><em>Abelardo de la Espriella habl\u00f3 del operativo que dio de baja a alias Bendito Menor &#8211; cr\u00e9dito Reuters\/Captura de Pantalla Na\u00edn P\u00e9rez &#8211; Facebook<\/em><\/div>\n<p class=\"paragraph\" data-paragraph-number=\"9\" data-mrf-recirculation=\"Links inline\">El presidente de la Rep\u00fablica, Abelardo de la Espriella, habl\u00f3 desde el Batall\u00f3n Cartagena de Riohacha, el 4 de septiembre de 2026, horas despu\u00e9s de confirmarse la muerte de quien era se\u00f1alado como m\u00e1ximo cabecilla de las Autodefensas Conquistadoras de la Sierra Nevada. El abogado sostuvo que P\u00e9rez Toncel era uno de los criminales m\u00e1s buscados de Colombia y record\u00f3 que por informaci\u00f3n que permitiera ubicarlo se ofrec\u00edan hasta $1.000.000.000 de recompensa.<\/p>\n<p class=\"paragraph\" data-paragraph-number=\"10\" data-mrf-recirculation=\"Links inline\">La operaci\u00f3n, dijo, fue ejecutada por un comando <b>especial de la Direcci\u00f3n de Investigaci\u00f3n Criminal e Interpol (Dij\u00edn) de la Polic\u00eda Nacional en una vivienda del barrio Los Olivos de Riohacha, cerca del aeropuerto Almirante Padilla.<\/b> La acci\u00f3n cont\u00f3 con participaci\u00f3n de unidades de la fuerza p\u00fablica y apoyo de inteligencia de Estados Unidos.<\/p>\n<p class=\"paragraph\" data-paragraph-number=\"11\" data-mrf-recirculation=\"Links inline\">\u201cLos que tienen que sentir p\u00e1nico y terror son los delincuentes, porque aquellos que no se sometan terminar\u00e1n de esta forma\u201d, expres\u00f3 el primer mandatario. En la misma intervenci\u00f3n sostuvo que su administraci\u00f3n centra esfuerzos en impedir que las organizaciones criminales intimiden a la poblaci\u00f3n.<\/p>\n<\/div>\n<div class=\"share-note-txt\">(<em>Con informaci\u00f3n de Infobae)<\/em><\/div>\n","protected":false},"excerpt":{"rendered":"<p>El presidente de la Rep\u00fablica se\u00f1al\u00f3 que avanza en el dise\u00f1o de estrategias para intervenir las estructuras, los cabecillas, las finanzas y las econom\u00edas il\u00edcitas que alimentan la maquinaria criminal El presidente de la Rep\u00fablica, Abelardo de la Espriella, anunci\u00f3 en sus redes sociales que su Gobierno dise\u00f1ar\u00e1 una nueva estrategia para el Catatumbo tras [&hellip;]<\/p>\n","protected":false},"author":1,"featured_media":92983,"comment_status":"open","ping_status":"open","sticky":false,"template":"","format":"standard","meta":{"om_disable_all_campaigns":false,"_mi_skip_tracking":false},"categories":[58,4],"tags":[],"yoast_head":"<!-- This site is optimized with the Yoast SEO plugin v20.5 - https:\/\/yoast.com\/wordpress\/plugins\/seo\/ -->\n<title>De la Espriella lanz\u00f3 dura advertencia al ELN tras el asesinato de dos soldados durante ofensiva a instalaci\u00f3n militar: \u201cLos vamos a combatir sin descanso\u201d - The citizen for the world<\/title>\n<meta name=\"robots\" content=\"index, follow, max-snippet:-1, max-image-preview:large, max-video-preview:-1\" \/>\n<link rel=\"canonical\" href=\"https:\/\/thecitizenfortheworld.com\/?p=92982\" \/>\n<meta property=\"og:locale\" content=\"es_ES\" \/>\n<meta property=\"og:type\" content=\"article\" \/>\n<meta property=\"og:title\" content=\"De la Espriella lanz\u00f3 dura advertencia al ELN tras el asesinato de dos soldados durante ofensiva a instalaci\u00f3n militar: \u201cLos vamos a combatir sin descanso\u201d - The citizen for the world\" \/>\n<meta property=\"og:description\" content=\"El presidente de la Rep\u00fablica se\u00f1al\u00f3 que avanza en el dise\u00f1o de estrategias para intervenir las estructuras, los cabecillas, las finanzas y las econom\u00edas il\u00edcitas que alimentan la maquinaria criminal El presidente de la Rep\u00fablica, Abelardo de la Espriella, anunci\u00f3 en sus redes sociales que su Gobierno dise\u00f1ar\u00e1 una nueva estrategia para el Catatumbo tras [&hellip;]\" \/>\n<meta property=\"og:url\" content=\"https:\/\/thecitizenfortheworld.com\/?p=92982\" \/>\n<meta property=\"og:site_name\" content=\"The citizen for the world\" \/>\n<meta property=\"article:publisher\" content=\"https:\/\/www.facebook.com\/thecitizenfortheworld\" \/>\n<meta property=\"article:published_time\" content=\"2026-09-05T18:03:35+00:00\" \/>\n<meta property=\"og:image\" content=\"https:\/\/thecitizenfortheworld.com\/wp-content\/uploads\/2026\/09\/Lord-farcuad.jpg\" \/>\n\t<meta property=\"og:image:width\" content=\"678\" \/>\n\t<meta property=\"og:image:height\" content=\"452\" \/>\n\t<meta property=\"og:image:type\" content=\"image\/jpeg\" \/>\n<meta name=\"author\" content=\"thecitizenfortheworld23@gmail.com\" \/>\n<meta name=\"twitter:card\" content=\"summary_large_image\" \/>\n<meta name=\"twitter:label1\" content=\"Escrito por\" \/>\n\t<meta name=\"twitter:data1\" content=\"thecitizenfortheworld23@gmail.com\" \/>\n\t<meta name=\"twitter:label2\" content=\"Tiempo estimado de lectura\" \/>\n\t<meta name=\"twitter:data2\" content=\"4 minutos\" \/>\n<script type=\"application\/ld+json\" class=\"yoast-schema-graph\">{\"@context\":\"https:\/\/schema.org\",\"@graph\":[{\"@type\":\"Article\",\"@id\":\"https:\/\/thecitizenfortheworld.com\/?p=92982#article\",\"isPartOf\":{\"@id\":\"https:\/\/thecitizenfortheworld.com\/?p=92982\"},\"author\":{\"name\":\"thecitizenfortheworld23@gmail.com\",\"@id\":\"https:\/\/thecitizenfortheworld.com\/#\/schema\/person\/1f6b82847278ca8d344c472822b5b66f\"},\"headline\":\"De la Espriella lanz\u00f3 dura advertencia al ELN tras el asesinato de dos soldados durante ofensiva a instalaci\u00f3n militar: \u201cLos vamos a combatir sin descanso\u201d\",\"datePublished\":\"2026-09-05T18:03:35+00:00\",\"dateModified\":\"2026-09-05T18:03:35+00:00\",\"mainEntityOfPage\":{\"@id\":\"https:\/\/thecitizenfortheworld.com\/?p=92982\"},\"wordCount\":807,\"commentCount\":0,\"publisher\":{\"@id\":\"https:\/\/thecitizenfortheworld.com\/#organization\"},\"articleSection\":[\"Colombia\",\"Pol\u00edtica\"],\"inLanguage\":\"es-CO\",\"potentialAction\":[{\"@type\":\"CommentAction\",\"name\":\"Comment\",\"target\":[\"https:\/\/thecitizenfortheworld.com\/?p=92982#respond\"]}]},{\"@type\":\"WebPage\",\"@id\":\"https:\/\/thecitizenfortheworld.com\/?p=92982\",\"url\":\"https:\/\/thecitizenfortheworld.com\/?p=92982\",\"name\":\"De la Espriella lanz\u00f3 dura advertencia al ELN tras el asesinato de dos soldados durante ofensiva a instalaci\u00f3n militar: \u201cLos vamos a combatir sin descanso\u201d - The citizen for the world\",\"isPartOf\":{\"@id\":\"https:\/\/thecitizenfortheworld.com\/#website\"},\"datePublished\":\"2026-09-05T18:03:35+00:00\",\"dateModified\":\"2026-09-05T18:03:35+00:00\",\"breadcrumb\":{\"@id\":\"https:\/\/thecitizenfortheworld.com\/?p=92982#breadcrumb\"},\"inLanguage\":\"es-CO\",\"potentialAction\":[{\"@type\":\"ReadAction\",\"target\":[\"https:\/\/thecitizenfortheworld.com\/?p=92982\"]}]},{\"@type\":\"BreadcrumbList\",\"@id\":\"https:\/\/thecitizenfortheworld.com\/?p=92982#breadcrumb\",\"itemListElement\":[{\"@type\":\"ListItem\",\"position\":1,\"name\":\"Inicio\",\"item\":\"https:\/\/thecitizenfortheworld.com\/\"},{\"@type\":\"ListItem\",\"position\":2,\"name\":\"De la Espriella lanz\u00f3 dura advertencia al ELN tras el asesinato de dos soldados durante ofensiva a instalaci\u00f3n militar: \u201cLos vamos a combatir sin descanso\u201d\"}]},{\"@type\":\"WebSite\",\"@id\":\"https:\/\/thecitizenfortheworld.com\/#website\",\"url\":\"https:\/\/thecitizenfortheworld.com\/\",\"name\":\"The citizen for the world\",\"description\":\"\",\"publisher\":{\"@id\":\"https:\/\/thecitizenfortheworld.com\/#organization\"},\"potentialAction\":[{\"@type\":\"SearchAction\",\"target\":{\"@type\":\"EntryPoint\",\"urlTemplate\":\"https:\/\/thecitizenfortheworld.com\/?s={search_term_string}\"},\"query-input\":\"required name=search_term_string\"}],\"inLanguage\":\"es-CO\"},{\"@type\":\"Organization\",\"@id\":\"https:\/\/thecitizenfortheworld.com\/#organization\",\"name\":\"The citizen for the world\",\"url\":\"https:\/\/thecitizenfortheworld.com\/\",\"logo\":{\"@type\":\"ImageObject\",\"inLanguage\":\"es-CO\",\"@id\":\"https:\/\/thecitizenfortheworld.com\/#\/schema\/logo\/image\/\",\"url\":\"https:\/\/thecitizenfortheworld.com\/wp-content\/uploads\/2023\/04\/cropped-the-citizens.png\",\"contentUrl\":\"https:\/\/thecitizenfortheworld.com\/wp-content\/uploads\/2023\/04\/cropped-the-citizens.png\",\"width\":1135,\"height\":1302,\"caption\":\"The citizen for the world\"},\"image\":{\"@id\":\"https:\/\/thecitizenfortheworld.com\/#\/schema\/logo\/image\/\"},\"sameAs\":[\"https:\/\/www.facebook.com\/thecitizenfortheworld\"]},{\"@type\":\"Person\",\"@id\":\"https:\/\/thecitizenfortheworld.com\/#\/schema\/person\/1f6b82847278ca8d344c472822b5b66f\",\"name\":\"thecitizenfortheworld23@gmail.com\",\"image\":{\"@type\":\"ImageObject\",\"inLanguage\":\"es-CO\",\"@id\":\"https:\/\/thecitizenfortheworld.com\/#\/schema\/person\/image\/\",\"url\":\"https:\/\/secure.gravatar.com\/avatar\/fa0768c808e84d205962885f7091f34b?s=96&d=mm&r=pg\",\"contentUrl\":\"https:\/\/secure.gravatar.com\/avatar\/fa0768c808e84d205962885f7091f34b?s=96&d=mm&r=pg\",\"caption\":\"thecitizenfortheworld23@gmail.com\"},\"sameAs\":[\"http:\/\/thecitizenfortheworld.com\"],\"url\":\"https:\/\/thecitizenfortheworld.com\/?author=1\"}]}<\/script>\n<!-- \/ Yoast SEO plugin. -->","yoast_head_json":{"title":"De la Espriella lanz\u00f3 dura advertencia al ELN tras el asesinato de dos soldados durante ofensiva a instalaci\u00f3n militar: \u201cLos vamos a combatir sin descanso\u201d - The citizen for the world","robots":{"index":"index","follow":"follow","max-snippet":"max-snippet:-1","max-image-preview":"max-image-preview:large","max-video-preview":"max-video-preview:-1"},"canonical":"https:\/\/thecitizenfortheworld.com\/?p=92982","og_locale":"es_ES","og_type":"article","og_title":"De la Espriella lanz\u00f3 dura advertencia al ELN tras el asesinato de dos soldados durante ofensiva a instalaci\u00f3n militar: \u201cLos vamos a combatir sin descanso\u201d - The citizen for the world","og_description":"El presidente de la Rep\u00fablica se\u00f1al\u00f3 que avanza en el dise\u00f1o de estrategias para intervenir las estructuras, los cabecillas, las finanzas y las econom\u00edas il\u00edcitas que alimentan la maquinaria criminal El presidente de la Rep\u00fablica, Abelardo de la Espriella, anunci\u00f3 en sus redes sociales que su Gobierno dise\u00f1ar\u00e1 una nueva estrategia para el Catatumbo tras [&hellip;]","og_url":"https:\/\/thecitizenfortheworld.com\/?p=92982","og_site_name":"The citizen for the world","article_publisher":"https:\/\/www.facebook.com\/thecitizenfortheworld","article_published_time":"2026-09-05T18:03:35+00:00","og_image":[{"width":678,"height":452,"url":"https:\/\/thecitizenfortheworld.com\/wp-content\/uploads\/2026\/09\/Lord-farcuad.jpg","type":"image\/jpeg"}],"author":"thecitizenfortheworld23@gmail.com","twitter_card":"summary_large_image","twitter_misc":{"Escrito por":"thecitizenfortheworld23@gmail.com","Tiempo estimado de lectura":"4 minutos"},"schema":{"@context":"https:\/\/schema.org","@graph":[{"@type":"Article","@id":"https:\/\/thecitizenfortheworld.com\/?p=92982#article","isPartOf":{"@id":"https:\/\/thecitizenfortheworld.com\/?p=92982"},"author":{"name":"thecitizenfortheworld23@gmail.com","@id":"https:\/\/thecitizenfortheworld.com\/#\/schema\/person\/1f6b82847278ca8d344c472822b5b66f"},"headline":"De la Espriella lanz\u00f3 dura advertencia al ELN tras el asesinato de dos soldados durante ofensiva a instalaci\u00f3n militar: \u201cLos vamos a combatir sin descanso\u201d","datePublished":"2026-09-05T18:03:35+00:00","dateModified":"2026-09-05T18:03:35+00:00","mainEntityOfPage":{"@id":"https:\/\/thecitizenfortheworld.com\/?p=92982"},"wordCount":807,"commentCount":0,"publisher":{"@id":"https:\/\/thecitizenfortheworld.com\/#organization"},"articleSection":["Colombia","Pol\u00edtica"],"inLanguage":"es-CO","potentialAction":[{"@type":"CommentAction","name":"Comment","target":["https:\/\/thecitizenfortheworld.com\/?p=92982#respond"]}]},{"@type":"WebPage","@id":"https:\/\/thecitizenfortheworld.com\/?p=92982","url":"https:\/\/thecitizenfortheworld.com\/?p=92982","name":"De la Espriella lanz\u00f3 dura advertencia al ELN tras el asesinato de dos soldados durante ofensiva a instalaci\u00f3n militar: \u201cLos vamos a combatir sin descanso\u201d - The citizen for the world","isPartOf":{"@id":"https:\/\/thecitizenfortheworld.com\/#website"},"datePublished":"2026-09-05T18:03:35+00:00","dateModified":"2026-09-05T18:03:35+00:00","breadcrumb":{"@id":"https:\/\/thecitizenfortheworld.com\/?p=92982#breadcrumb"},"inLanguage":"es-CO","potentialAction":[{"@type":"ReadAction","target":["https:\/\/thecitizenfortheworld.com\/?p=92982"]}]},{"@type":"BreadcrumbList","@id":"https:\/\/thecitizenfortheworld.com\/?p=92982#breadcrumb","itemListElement":[{"@type":"ListItem","position":1,"name":"Inicio","item":"https:\/\/thecitizenfortheworld.com\/"},{"@type":"ListItem","position":2,"name":"De la Espriella lanz\u00f3 dura advertencia al ELN tras el asesinato de dos soldados durante ofensiva a instalaci\u00f3n militar: \u201cLos vamos a combatir sin descanso\u201d"}]},{"@type":"WebSite","@id":"https:\/\/thecitizenfortheworld.com\/#website","url":"https:\/\/thecitizenfortheworld.com\/","name":"The citizen for the world","description":"","publisher":{"@id":"https:\/\/thecitizenfortheworld.com\/#organization"},"potentialAction":[{"@type":"SearchAction","target":{"@type":"EntryPoint","urlTemplate":"https:\/\/thecitizenfortheworld.com\/?s={search_term_string}"},"query-input":"required name=search_term_string"}],"inLanguage":"es-CO"},{"@type":"Organization","@id":"https:\/\/thecitizenfortheworld.com\/#organization","name":"The citizen for the world","url":"https:\/\/thecitizenfortheworld.com\/","logo":{"@type":"ImageObject","inLanguage":"es-CO","@id":"https:\/\/thecitizenfortheworld.com\/#\/schema\/logo\/image\/","url":"https:\/\/thecitizenfortheworld.com\/wp-content\/uploads\/2023\/04\/cropped-the-citizens.png","contentUrl":"https:\/\/thecitizenfortheworld.com\/wp-content\/uploads\/2023\/04\/cropped-the-citizens.png","width":1135,"height":1302,"caption":"The citizen for the world"},"image":{"@id":"https:\/\/thecitizenfortheworld.com\/#\/schema\/logo\/image\/"},"sameAs":["https:\/\/www.facebook.com\/thecitizenfortheworld"]},{"@type":"Person","@id":"https:\/\/thecitizenfortheworld.com\/#\/schema\/person\/1f6b82847278ca8d344c472822b5b66f","name":"thecitizenfortheworld23@gmail.com","image":{"@type":"ImageObject","inLanguage":"es-CO","@id":"https:\/\/thecitizenfortheworld.com\/#\/schema\/person\/image\/","url":"https:\/\/secure.gravatar.com\/avatar\/fa0768c808e84d205962885f7091f34b?s=96&d=mm&r=pg","contentUrl":"https:\/\/secure.gravatar.com\/avatar\/fa0768c808e84d205962885f7091f34b?s=96&d=mm&r=pg","caption":"thecitizenfortheworld23@gmail.com"},"sameAs":["http:\/\/thecitizenfortheworld.com"],"url":"https:\/\/thecitizenfortheworld.com\/?author=1"}]}},"_links":{"self":[{"href":"https:\/\/thecitizenfortheworld.com\/index.php?rest_route=\/wp\/v2\/posts\/92982"}],"collection":[{"href":"https:\/\/thecitizenfortheworld.com\/index.php?rest_route=\/wp\/v2\/posts"}],"about":[{"href":"https:\/\/thecitizenfortheworld.com\/index.php?rest_route=\/wp\/v2\/types\/post"}],"author":[{"embeddable":true,"href":"https:\/\/thecitizenfortheworld.com\/index.php?rest_route=\/wp\/v2\/users\/1"}],"replies":[{"embeddable":true,"href":"https:\/\/thecitizenfortheworld.com\/index.php?rest_route=%2Fwp%2Fv2%2Fcomments&post=92982"}],"version-history":[{"count":1,"href":"https:\/\/thecitizenfortheworld.com\/index.php?rest_route=\/wp\/v2\/posts\/92982\/revisions"}],"predecessor-version":[{"id":92984,"href":"https:\/\/thecitizenfortheworld.com\/index.php?rest_route=\/wp\/v2\/posts\/92982\/revisions\/92984"}],"wp:featuredmedia":[{"embeddable":true,"href":"https:\/\/thecitizenfortheworld.com\/index.php?rest_route=\/wp\/v2\/media\/92983"}],"wp:attachment":[{"href":"https:\/\/thecitizenfortheworld.com\/index.php?rest_route=%2Fwp%2Fv2%2Fmedia&parent=92982"}],"wp:term":[{"taxonomy":"category","embeddable":true,"href":"https:\/\/thecitizenfortheworld.com\/index.php?rest_route=%2Fwp%2Fv2%2Fcategories&post=92982"},{"taxonomy":"post_tag","embeddable":true,"href":"https:\/\/thecitizenfortheworld.com\/index.php?rest_route=%2Fwp%2Fv2%2Ftags&post=92982"}],"curies":[{"name":"wp","href":"https:\/\/api.w.org\/{rel}","templated":true}]}}