{"id":92979,"date":"2026-09-05T12:57:31","date_gmt":"2026-09-05T17:57:31","guid":{"rendered":"https:\/\/thecitizenfortheworld.com\/?p=92979"},"modified":"2026-09-05T12:57:31","modified_gmt":"2026-09-05T17:57:31","slug":"un-grupo-de-hombres-enmascarados-bloqueo-los-accesos-al-puerto-de-dover-uno-de-los-mas-concurridos-de-reino-unido","status":"publish","type":"post","link":"https:\/\/thecitizenfortheworld.com\/?p=92979","title":{"rendered":"Un grupo de hombres enmascarados bloque\u00f3 los accesos al puerto de Dover, uno de los m\u00e1s concurridos de Reino Unido"},"content":{"rendered":"<p class=\"article-subheadline text-align-left\">Las autoridades se\u00f1alaron que todo el tr\u00e1fico de entrada y salida estaba \u201cdetenido debido a un incidente de orden p\u00fablico en curso\u201d, y la polic\u00eda dijo que estaba \u201cinteractuando con los manifestantes\u201d<\/p>\n<p>Un grupo de hombres enmascarados bloque\u00f3 el s\u00e1bado las carreteras de acceso al puerto de transbordadores m\u00e1s concurrido de Reino Unido en lo que, seg\u00fan autoridades, parec\u00eda ser una protesta contra la inmigraci\u00f3n.<\/p>\n<p>El Puerto de Dover se\u00f1al\u00f3 que todo el tr\u00e1fico de entrada y salida estaba \u201cdetenido debido a un incidente de orden p\u00fablico en curso\u201d, y la polic\u00eda dijo que estaba <b>\u201cinteractuando con los manifestantes\u201d.<\/b><\/p>\n<p>Las im\u00e1genes difundidas en redes sociales mostraban a varias decenas de hombres vestidos de negro y con el rostro cubierto, apostados en una carretera principal cerca del puerto. En un video pod\u00eda verse a los manifestantes enlazando los brazos a lo ancho de una v\u00eda y gritando <b>\u201cdetengan los barcos\u201d.<\/b><\/p>\n<p class=\"paragraph\" data-paragraph-number=\"4\" data-mrf-recirculation=\"Links inline\">Chris Vinson, concejal local del Partido Conservador, apunt\u00f3 que la protesta parec\u00eda estar \u201crelacionada con la migraci\u00f3n ilegal\u201d.<\/p>\n<p class=\"paragraph\" data-paragraph-number=\"5\" data-mrf-recirculation=\"Links inline\"><b>\u201cNo tengo conocimiento de que haya habido violencia, aunque claramente, que hombres que visten equipo paramilitar negro y pasamonta\u00f1as bloqueen el paso de tu veh\u00edculo es extremadamente intimidante\u201d<\/b>, asever\u00f3.<\/p>\n<p data-paragraph-number=\"5\" data-mrf-recirculation=\"Links inline\">La agencia nacional de carreteras indic\u00f3 que las protestas bloquearon las rutas hacia el puerto y causaron un atasco de 6,4 kil\u00f3metros (4 millas) el s\u00e1bado por la ma\u00f1ana. El Puerto de Dover se\u00f1al\u00f3 que uno de los viajes de acceso reabri\u00f3 a \u00faltima hora de la ma\u00f1ana.<\/p>\n<p class=\"paragraph\" data-paragraph-number=\"7\" data-mrf-recirculation=\"Links inline\">P&amp;O Ferries, que opera servicios entre Dover y Calais, en Francia, manifest\u00f3 que a los pasajeros que perdieran su ferry se les ofrecer\u00eda el siguiente disponible.<\/p>\n<div class=\"visual__image\"><picture><source srcset=\"https:\/\/www.infobae.com\/resizer\/v2\/S5ZGPCEDXQ7LRVNBVFXRIKGU6Y.jpg?auth=5ca662fd2822bb9a2f04e1e5e4081a337ecf19fede86da276de0ad01d0ebe071&amp;smart=true&amp;width=992&amp;height=661&amp;quality=85\" media=\"(min-width: 1000px)\" \/><source srcset=\"https:\/\/www.infobae.com\/resizer\/v2\/S5ZGPCEDXQ7LRVNBVFXRIKGU6Y.jpg?auth=5ca662fd2822bb9a2f04e1e5e4081a337ecf19fede86da276de0ad01d0ebe071&amp;smart=true&amp;width=768&amp;height=512&amp;quality=85\" media=\"(min-width: 768px)\" \/><source srcset=\"https:\/\/www.infobae.com\/resizer\/v2\/S5ZGPCEDXQ7LRVNBVFXRIKGU6Y.jpg?auth=5ca662fd2822bb9a2f04e1e5e4081a337ecf19fede86da276de0ad01d0ebe071&amp;smart=true&amp;width=577&amp;height=384&amp;quality=85\" media=\"(min-width: 580px)\" \/><source srcset=\"https:\/\/www.infobae.com\/resizer\/v2\/S5ZGPCEDXQ7LRVNBVFXRIKGU6Y.jpg?auth=5ca662fd2822bb9a2f04e1e5e4081a337ecf19fede86da276de0ad01d0ebe071&amp;smart=true&amp;width=420&amp;height=280&amp;quality=85\" media=\"(min-width: 350px)\" \/><source srcset=\"https:\/\/www.infobae.com\/resizer\/v2\/S5ZGPCEDXQ7LRVNBVFXRIKGU6Y.jpg?auth=5ca662fd2822bb9a2f04e1e5e4081a337ecf19fede86da276de0ad01d0ebe071&amp;smart=true&amp;width=350&amp;height=233&amp;quality=85\" media=\"(min-width: 80px)\" \/><img decoding=\"async\" loading=\"lazy\" class=\"global-image\" src=\"https:\/\/www.infobae.com\/resizer\/v2\/S5ZGPCEDXQ7LRVNBVFXRIKGU6Y.jpg?auth=5ca662fd2822bb9a2f04e1e5e4081a337ecf19fede86da276de0ad01d0ebe071&amp;smart=true&amp;width=350&amp;height=233&amp;quality=85\" alt=\"El Puerto de Dover, en Dover, Reino Unido. REUTERS\/Toby Melville\" width=\"800\" height=\"533\" \/><\/picture><\/div>\n<div class=\"visual__image\"><em>El Puerto de Dover, en Dover, Reino Unido. REUTERS\/Toby Melville<\/em><\/div>\n<p class=\"paragraph\" data-paragraph-number=\"8\" data-mrf-recirculation=\"Links inline\">Dover, a unos 110 kms (70 millas) al sureste de Londres, atendi\u00f3 a m\u00e1s de nueve millones de pasajeros y dos millones de veh\u00edculos de mercanc\u00edas en 2025, seg\u00fan la web del puerto.<\/p>\n<p class=\"paragraph\" data-paragraph-number=\"9\" data-mrf-recirculation=\"Links inline\">La ciudad ha sido escenario en el pasado de protestas contra la inmigraci\u00f3n, centradas en quienes cruzan el canal de la Mancha desde Francia en peque\u00f1as embarcaciones. Algunos pol\u00edticos, entre ellos Nigel Farage, del partido de ultraderecha Reform UK, han aprovechado el tema. En un discurso el viernes, calific\u00f3 a los solicitantes de asilo de \u201cuna invasi\u00f3n\u201d.<\/p>\n<p class=\"paragraph\" data-paragraph-number=\"10\" data-mrf-recirculation=\"Links inline\">El gobierno del Partido Laborista sostiene que el aumento de la cooperaci\u00f3n en materia de seguridad entre Reino Unido y Francia ha ayudado a reducir este a\u00f1o el n\u00famero de personas que realizan el cruce en m\u00e1s de un 40%, frente a los datos de 2025.<\/p>\n<p class=\"paragraph\" data-paragraph-number=\"11\" data-mrf-recirculation=\"Links inline\">Mike Tapp, legislador laborista que representa a Dover en el Parlamento, critic\u00f3 a <b>\u201cidiotas que vienen a Dover a causar trastornos\u201d.<\/b><\/p>\n<p class=\"paragraph\" data-paragraph-number=\"12\" data-mrf-recirculation=\"Links inline\">\u201cApuesto a que si le preguntaras a cualquiera de esos \u2018manifestantes\u2019, no sabr\u00eda que los cruces en peque\u00f1as embarcaciones han bajado un 40% y que estamos trabajando mucho para arreglar el desastre\u201d, escribi\u00f3 Tapp en Facebook el s\u00e1bado. <b>\u201c V\u00e1yanse a casa, disfruten su fin de semana\/consigan un trabajo\u201d.<\/b><\/p>\n<p class=\"paragraph\" data-paragraph-number=\"13\" data-mrf-recirculation=\"Links inline\"><i>(Con informaci\u00f3n de AP)<\/i><\/p>\n<div class=\"second-saved-buttons\">\n<div class=\"body-share-note\">\n<div class=\"share-note-txt\"><\/div>\n<\/div>\n<\/div>\n","protected":false},"excerpt":{"rendered":"<p>Las autoridades se\u00f1alaron que todo el tr\u00e1fico de entrada y salida estaba \u201cdetenido debido a un incidente de orden p\u00fablico en curso\u201d, y la polic\u00eda dijo que estaba \u201cinteractuando con los manifestantes\u201d Un grupo de hombres enmascarados bloque\u00f3 el s\u00e1bado las carreteras de acceso al puerto de transbordadores m\u00e1s concurrido de Reino Unido en lo [&hellip;]<\/p>\n","protected":false},"author":1,"featured_media":92980,"comment_status":"open","ping_status":"open","sticky":false,"template":"","format":"standard","meta":{"om_disable_all_campaigns":false,"_mi_skip_tracking":false},"categories":[2],"tags":[],"yoast_head":"<!-- This site is optimized with the Yoast SEO plugin v20.5 - https:\/\/yoast.com\/wordpress\/plugins\/seo\/ -->\n<title>Un grupo de hombres enmascarados bloque\u00f3 los accesos al puerto de Dover, uno de los m\u00e1s concurridos de Reino Unido - The citizen for the world<\/title>\n<meta name=\"robots\" content=\"index, follow, max-snippet:-1, max-image-preview:large, max-video-preview:-1\" \/>\n<link rel=\"canonical\" href=\"https:\/\/thecitizenfortheworld.com\/?p=92979\" \/>\n<meta property=\"og:locale\" content=\"es_ES\" \/>\n<meta property=\"og:type\" content=\"article\" \/>\n<meta property=\"og:title\" content=\"Un grupo de hombres enmascarados bloque\u00f3 los accesos al puerto de Dover, uno de los m\u00e1s concurridos de Reino Unido - The citizen for the world\" \/>\n<meta property=\"og:description\" content=\"Las autoridades se\u00f1alaron que todo el tr\u00e1fico de entrada y salida estaba \u201cdetenido debido a un incidente de orden p\u00fablico en curso\u201d, y la polic\u00eda dijo que estaba \u201cinteractuando con los manifestantes\u201d Un grupo de hombres enmascarados bloque\u00f3 el s\u00e1bado las carreteras de acceso al puerto de transbordadores m\u00e1s concurrido de Reino Unido en lo [&hellip;]\" \/>\n<meta property=\"og:url\" content=\"https:\/\/thecitizenfortheworld.com\/?p=92979\" \/>\n<meta property=\"og:site_name\" content=\"The citizen for the world\" \/>\n<meta property=\"article:publisher\" content=\"https:\/\/www.facebook.com\/thecitizenfortheworld\" \/>\n<meta property=\"article:published_time\" content=\"2026-09-05T17:57:31+00:00\" \/>\n<meta property=\"og:image\" content=\"https:\/\/thecitizenfortheworld.com\/wp-content\/uploads\/2026\/09\/Dover.jpg\" \/>\n\t<meta property=\"og:image:width\" content=\"992\" \/>\n\t<meta property=\"og:image:height\" content=\"635\" \/>\n\t<meta property=\"og:image:type\" content=\"image\/jpeg\" \/>\n<meta name=\"author\" content=\"thecitizenfortheworld23@gmail.com\" \/>\n<meta name=\"twitter:card\" content=\"summary_large_image\" \/>\n<meta name=\"twitter:label1\" content=\"Escrito por\" \/>\n\t<meta name=\"twitter:data1\" content=\"thecitizenfortheworld23@gmail.com\" \/>\n\t<meta name=\"twitter:label2\" content=\"Tiempo estimado de lectura\" \/>\n\t<meta name=\"twitter:data2\" content=\"3 minutos\" \/>\n<script type=\"application\/ld+json\" class=\"yoast-schema-graph\">{\"@context\":\"https:\/\/schema.org\",\"@graph\":[{\"@type\":\"Article\",\"@id\":\"https:\/\/thecitizenfortheworld.com\/?p=92979#article\",\"isPartOf\":{\"@id\":\"https:\/\/thecitizenfortheworld.com\/?p=92979\"},\"author\":{\"name\":\"thecitizenfortheworld23@gmail.com\",\"@id\":\"https:\/\/thecitizenfortheworld.com\/#\/schema\/person\/1f6b82847278ca8d344c472822b5b66f\"},\"headline\":\"Un grupo de hombres enmascarados bloque\u00f3 los accesos al puerto de Dover, uno de los m\u00e1s concurridos de Reino Unido\",\"datePublished\":\"2026-09-05T17:57:31+00:00\",\"dateModified\":\"2026-09-05T17:57:31+00:00\",\"mainEntityOfPage\":{\"@id\":\"https:\/\/thecitizenfortheworld.com\/?p=92979\"},\"wordCount\":549,\"commentCount\":0,\"publisher\":{\"@id\":\"https:\/\/thecitizenfortheworld.com\/#organization\"},\"articleSection\":[\"Internacionales\"],\"inLanguage\":\"es-CO\",\"potentialAction\":[{\"@type\":\"CommentAction\",\"name\":\"Comment\",\"target\":[\"https:\/\/thecitizenfortheworld.com\/?p=92979#respond\"]}]},{\"@type\":\"WebPage\",\"@id\":\"https:\/\/thecitizenfortheworld.com\/?p=92979\",\"url\":\"https:\/\/thecitizenfortheworld.com\/?p=92979\",\"name\":\"Un grupo de hombres enmascarados bloque\u00f3 los accesos al puerto de Dover, uno de los m\u00e1s concurridos de Reino Unido - The citizen for the world\",\"isPartOf\":{\"@id\":\"https:\/\/thecitizenfortheworld.com\/#website\"},\"datePublished\":\"2026-09-05T17:57:31+00:00\",\"dateModified\":\"2026-09-05T17:57:31+00:00\",\"breadcrumb\":{\"@id\":\"https:\/\/thecitizenfortheworld.com\/?p=92979#breadcrumb\"},\"inLanguage\":\"es-CO\",\"potentialAction\":[{\"@type\":\"ReadAction\",\"target\":[\"https:\/\/thecitizenfortheworld.com\/?p=92979\"]}]},{\"@type\":\"BreadcrumbList\",\"@id\":\"https:\/\/thecitizenfortheworld.com\/?p=92979#breadcrumb\",\"itemListElement\":[{\"@type\":\"ListItem\",\"position\":1,\"name\":\"Inicio\",\"item\":\"https:\/\/thecitizenfortheworld.com\/\"},{\"@type\":\"ListItem\",\"position\":2,\"name\":\"Un grupo de hombres enmascarados bloque\u00f3 los accesos al puerto de Dover, uno de los m\u00e1s concurridos de Reino Unido\"}]},{\"@type\":\"WebSite\",\"@id\":\"https:\/\/thecitizenfortheworld.com\/#website\",\"url\":\"https:\/\/thecitizenfortheworld.com\/\",\"name\":\"The citizen for the world\",\"description\":\"\",\"publisher\":{\"@id\":\"https:\/\/thecitizenfortheworld.com\/#organization\"},\"potentialAction\":[{\"@type\":\"SearchAction\",\"target\":{\"@type\":\"EntryPoint\",\"urlTemplate\":\"https:\/\/thecitizenfortheworld.com\/?s={search_term_string}\"},\"query-input\":\"required name=search_term_string\"}],\"inLanguage\":\"es-CO\"},{\"@type\":\"Organization\",\"@id\":\"https:\/\/thecitizenfortheworld.com\/#organization\",\"name\":\"The citizen for the world\",\"url\":\"https:\/\/thecitizenfortheworld.com\/\",\"logo\":{\"@type\":\"ImageObject\",\"inLanguage\":\"es-CO\",\"@id\":\"https:\/\/thecitizenfortheworld.com\/#\/schema\/logo\/image\/\",\"url\":\"https:\/\/thecitizenfortheworld.com\/wp-content\/uploads\/2023\/04\/cropped-the-citizens.png\",\"contentUrl\":\"https:\/\/thecitizenfortheworld.com\/wp-content\/uploads\/2023\/04\/cropped-the-citizens.png\",\"width\":1135,\"height\":1302,\"caption\":\"The citizen for the world\"},\"image\":{\"@id\":\"https:\/\/thecitizenfortheworld.com\/#\/schema\/logo\/image\/\"},\"sameAs\":[\"https:\/\/www.facebook.com\/thecitizenfortheworld\"]},{\"@type\":\"Person\",\"@id\":\"https:\/\/thecitizenfortheworld.com\/#\/schema\/person\/1f6b82847278ca8d344c472822b5b66f\",\"name\":\"thecitizenfortheworld23@gmail.com\",\"image\":{\"@type\":\"ImageObject\",\"inLanguage\":\"es-CO\",\"@id\":\"https:\/\/thecitizenfortheworld.com\/#\/schema\/person\/image\/\",\"url\":\"https:\/\/secure.gravatar.com\/avatar\/fa0768c808e84d205962885f7091f34b?s=96&d=mm&r=pg\",\"contentUrl\":\"https:\/\/secure.gravatar.com\/avatar\/fa0768c808e84d205962885f7091f34b?s=96&d=mm&r=pg\",\"caption\":\"thecitizenfortheworld23@gmail.com\"},\"sameAs\":[\"http:\/\/thecitizenfortheworld.com\"],\"url\":\"https:\/\/thecitizenfortheworld.com\/?author=1\"}]}<\/script>\n<!-- \/ Yoast SEO plugin. -->","yoast_head_json":{"title":"Un grupo de hombres enmascarados bloque\u00f3 los accesos al puerto de Dover, uno de los m\u00e1s concurridos de Reino Unido - The citizen for the world","robots":{"index":"index","follow":"follow","max-snippet":"max-snippet:-1","max-image-preview":"max-image-preview:large","max-video-preview":"max-video-preview:-1"},"canonical":"https:\/\/thecitizenfortheworld.com\/?p=92979","og_locale":"es_ES","og_type":"article","og_title":"Un grupo de hombres enmascarados bloque\u00f3 los accesos al puerto de Dover, uno de los m\u00e1s concurridos de Reino Unido - The citizen for the world","og_description":"Las autoridades se\u00f1alaron que todo el tr\u00e1fico de entrada y salida estaba \u201cdetenido debido a un incidente de orden p\u00fablico en curso\u201d, y la polic\u00eda dijo que estaba \u201cinteractuando con los manifestantes\u201d Un grupo de hombres enmascarados bloque\u00f3 el s\u00e1bado las carreteras de acceso al puerto de transbordadores m\u00e1s concurrido de Reino Unido en lo [&hellip;]","og_url":"https:\/\/thecitizenfortheworld.com\/?p=92979","og_site_name":"The citizen for the world","article_publisher":"https:\/\/www.facebook.com\/thecitizenfortheworld","article_published_time":"2026-09-05T17:57:31+00:00","og_image":[{"width":992,"height":635,"url":"https:\/\/thecitizenfortheworld.com\/wp-content\/uploads\/2026\/09\/Dover.jpg","type":"image\/jpeg"}],"author":"thecitizenfortheworld23@gmail.com","twitter_card":"summary_large_image","twitter_misc":{"Escrito por":"thecitizenfortheworld23@gmail.com","Tiempo estimado de lectura":"3 minutos"},"schema":{"@context":"https:\/\/schema.org","@graph":[{"@type":"Article","@id":"https:\/\/thecitizenfortheworld.com\/?p=92979#article","isPartOf":{"@id":"https:\/\/thecitizenfortheworld.com\/?p=92979"},"author":{"name":"thecitizenfortheworld23@gmail.com","@id":"https:\/\/thecitizenfortheworld.com\/#\/schema\/person\/1f6b82847278ca8d344c472822b5b66f"},"headline":"Un grupo de hombres enmascarados bloque\u00f3 los accesos al puerto de Dover, uno de los m\u00e1s concurridos de Reino Unido","datePublished":"2026-09-05T17:57:31+00:00","dateModified":"2026-09-05T17:57:31+00:00","mainEntityOfPage":{"@id":"https:\/\/thecitizenfortheworld.com\/?p=92979"},"wordCount":549,"commentCount":0,"publisher":{"@id":"https:\/\/thecitizenfortheworld.com\/#organization"},"articleSection":["Internacionales"],"inLanguage":"es-CO","potentialAction":[{"@type":"CommentAction","name":"Comment","target":["https:\/\/thecitizenfortheworld.com\/?p=92979#respond"]}]},{"@type":"WebPage","@id":"https:\/\/thecitizenfortheworld.com\/?p=92979","url":"https:\/\/thecitizenfortheworld.com\/?p=92979","name":"Un grupo de hombres enmascarados bloque\u00f3 los accesos al puerto de Dover, uno de los m\u00e1s concurridos de Reino Unido - The citizen for the world","isPartOf":{"@id":"https:\/\/thecitizenfortheworld.com\/#website"},"datePublished":"2026-09-05T17:57:31+00:00","dateModified":"2026-09-05T17:57:31+00:00","breadcrumb":{"@id":"https:\/\/thecitizenfortheworld.com\/?p=92979#breadcrumb"},"inLanguage":"es-CO","potentialAction":[{"@type":"ReadAction","target":["https:\/\/thecitizenfortheworld.com\/?p=92979"]}]},{"@type":"BreadcrumbList","@id":"https:\/\/thecitizenfortheworld.com\/?p=92979#breadcrumb","itemListElement":[{"@type":"ListItem","position":1,"name":"Inicio","item":"https:\/\/thecitizenfortheworld.com\/"},{"@type":"ListItem","position":2,"name":"Un grupo de hombres enmascarados bloque\u00f3 los accesos al puerto de Dover, uno de los m\u00e1s concurridos de Reino Unido"}]},{"@type":"WebSite","@id":"https:\/\/thecitizenfortheworld.com\/#website","url":"https:\/\/thecitizenfortheworld.com\/","name":"The citizen for the world","description":"","publisher":{"@id":"https:\/\/thecitizenfortheworld.com\/#organization"},"potentialAction":[{"@type":"SearchAction","target":{"@type":"EntryPoint","urlTemplate":"https:\/\/thecitizenfortheworld.com\/?s={search_term_string}"},"query-input":"required name=search_term_string"}],"inLanguage":"es-CO"},{"@type":"Organization","@id":"https:\/\/thecitizenfortheworld.com\/#organization","name":"The citizen for the world","url":"https:\/\/thecitizenfortheworld.com\/","logo":{"@type":"ImageObject","inLanguage":"es-CO","@id":"https:\/\/thecitizenfortheworld.com\/#\/schema\/logo\/image\/","url":"https:\/\/thecitizenfortheworld.com\/wp-content\/uploads\/2023\/04\/cropped-the-citizens.png","contentUrl":"https:\/\/thecitizenfortheworld.com\/wp-content\/uploads\/2023\/04\/cropped-the-citizens.png","width":1135,"height":1302,"caption":"The citizen for the world"},"image":{"@id":"https:\/\/thecitizenfortheworld.com\/#\/schema\/logo\/image\/"},"sameAs":["https:\/\/www.facebook.com\/thecitizenfortheworld"]},{"@type":"Person","@id":"https:\/\/thecitizenfortheworld.com\/#\/schema\/person\/1f6b82847278ca8d344c472822b5b66f","name":"thecitizenfortheworld23@gmail.com","image":{"@type":"ImageObject","inLanguage":"es-CO","@id":"https:\/\/thecitizenfortheworld.com\/#\/schema\/person\/image\/","url":"https:\/\/secure.gravatar.com\/avatar\/fa0768c808e84d205962885f7091f34b?s=96&d=mm&r=pg","contentUrl":"https:\/\/secure.gravatar.com\/avatar\/fa0768c808e84d205962885f7091f34b?s=96&d=mm&r=pg","caption":"thecitizenfortheworld23@gmail.com"},"sameAs":["http:\/\/thecitizenfortheworld.com"],"url":"https:\/\/thecitizenfortheworld.com\/?author=1"}]}},"_links":{"self":[{"href":"https:\/\/thecitizenfortheworld.com\/index.php?rest_route=\/wp\/v2\/posts\/92979"}],"collection":[{"href":"https:\/\/thecitizenfortheworld.com\/index.php?rest_route=\/wp\/v2\/posts"}],"about":[{"href":"https:\/\/thecitizenfortheworld.com\/index.php?rest_route=\/wp\/v2\/types\/post"}],"author":[{"embeddable":true,"href":"https:\/\/thecitizenfortheworld.com\/index.php?rest_route=\/wp\/v2\/users\/1"}],"replies":[{"embeddable":true,"href":"https:\/\/thecitizenfortheworld.com\/index.php?rest_route=%2Fwp%2Fv2%2Fcomments&post=92979"}],"version-history":[{"count":1,"href":"https:\/\/thecitizenfortheworld.com\/index.php?rest_route=\/wp\/v2\/posts\/92979\/revisions"}],"predecessor-version":[{"id":92981,"href":"https:\/\/thecitizenfortheworld.com\/index.php?rest_route=\/wp\/v2\/posts\/92979\/revisions\/92981"}],"wp:featuredmedia":[{"embeddable":true,"href":"https:\/\/thecitizenfortheworld.com\/index.php?rest_route=\/wp\/v2\/media\/92980"}],"wp:attachment":[{"href":"https:\/\/thecitizenfortheworld.com\/index.php?rest_route=%2Fwp%2Fv2%2Fmedia&parent=92979"}],"wp:term":[{"taxonomy":"category","embeddable":true,"href":"https:\/\/thecitizenfortheworld.com\/index.php?rest_route=%2Fwp%2Fv2%2Fcategories&post=92979"},{"taxonomy":"post_tag","embeddable":true,"href":"https:\/\/thecitizenfortheworld.com\/index.php?rest_route=%2Fwp%2Fv2%2Ftags&post=92979"}],"curies":[{"name":"wp","href":"https:\/\/api.w.org\/{rel}","templated":true}]}}