{"id":92976,"date":"2026-09-05T12:48:35","date_gmt":"2026-09-05T17:48:35","guid":{"rendered":"https:\/\/thecitizenfortheworld.com\/?p=92976"},"modified":"2026-09-05T12:48:35","modified_gmt":"2026-09-05T17:48:35","slug":"vladimir-putin-se-reune-con-los-enviados-de-donald-trump-para-dialogar-sobre-la-guerra-en-ucrania-la-situacion-no-es-sencilla","status":"publish","type":"post","link":"https:\/\/thecitizenfortheworld.com\/?p=92976","title":{"rendered":"Vladimir Putin se re\u00fane con los enviados de Donald Trump para dialogar sobre la guerra en Ucrania: \u201cLa situaci\u00f3n no es sencilla\u201d"},"content":{"rendered":"<p class=\"article-subheadline text-align-left\">El presidente ruso recibe a Steve Witkoff y Jared Kushner. Previamente, se acord\u00f3 la suspensi\u00f3n de los ataques por tres d\u00edas en Mosc\u00fa y Kiev<\/p>\n<p>El presidente ruso, <b>Vladimir Putin<\/b>, se re\u00fane este s\u00e1bado con los enviados de Estados Unidos <b>Steve Witkoff<\/b> y <b>Jared Kushner<\/b> para conversar sobre c\u00f3mo poner fin a m\u00e1s de cuatro a\u00f1os de guerra en Ucrania, inform\u00f3 la televisi\u00f3n rusa.<\/p>\n<p>\u201c<b>Desde luego, la situaci\u00f3n no es sencilla<\/b>\u201d, dijo Putin a los emisarios estadounidenses, seg\u00fan im\u00e1genes transmitidas por los medios p\u00fablicos, al comienzo del encuentro en el que, \u201c<b>primero de todo<\/b>\u201d, transmiti\u00f3 \u201c<b>los mejores deseos<\/b>\u201d al presidente norteamericano, <b>Donald Trump<\/b>.<\/p>\n<p>M\u00e1s temprano, el mandatario ucraniano, <b>Volodimir Zelensky<\/b>, <a title=\"https:\/\/www.infobae.com\/america\/mundo\/2026\/09\/05\/vladimir-putin-ordeno-suspender-por-tres-dias-los-ataques-contra-kiev-en-medio-de-la-visita-de-los-enviados-de-donald-trump\/\" href=\"https:\/\/www.infobae.com\/america\/mundo\/2026\/09\/05\/vladimir-putin-ordeno-suspender-por-tres-dias-los-ataques-contra-kiev-en-medio-de-la-visita-de-los-enviados-de-donald-trump\/\" target=\"_blank\" rel=\"noopener noreferrer\" data-mrf-link=\"https:\/\/www.infobae.com\/america\/mundo\/2026\/09\/05\/vladimir-putin-ordeno-suspender-por-tres-dias-los-ataques-contra-kiev-en-medio-de-la-visita-de-los-enviados-de-donald-trump\/\">dispuso una tregua en los ataques contra Mosc\u00fa hasta el lunes, en respuesta a una medida similar adoptada por Putin respecto de Kiev<\/a>. La decisi\u00f3n coincidi\u00f3 con la llegada de los enviados de la Casa Blanca a las capitales rusa y ucraniana.<\/p>\n<p>\u201cAcabo de hablar con los enviados del presidente de Estados Unidos. <b>Ya han comenzado hoy a trabajar con la parte rusa<\/b>. A partir de este momento, <b>estamos dispuestos a respetar un alto el fuego<\/b> en los ataques a\u00e9reos contra las ciudades implicadas en el proceso de negociaci\u00f3n\u201d, escribi\u00f3 el mandatario ucraniano en sus redes sociales.<\/p>\n<p>Seg\u00fan precis\u00f3, el compromiso rige \u201c<b>desde ahora y hasta el final del s\u00e1bado, as\u00ed como durante el domingo y el lunes<\/b>\u201d, per\u00edodo en el que Ucrania se abstendr\u00e1 de atacar Mosc\u00fa, con la expectativa de reciprocidad rusa hacia Kiev. A esta \u00faltima ciudad llegar\u00e1n ma\u00f1ana Witkoff y Kushner.<\/p>\n<div class=\"visual__image\"><picture><source srcset=\"https:\/\/www.infobae.com\/resizer\/v2\/KH2W3GVIPRDG3E3RLKAJKCDMU4.JPG?auth=6368d0f5a88d39e7cc3f557ebf34e0581b40b588b1d83f62d240ed74c756245b&amp;smart=true&amp;width=992&amp;height=558&amp;quality=85\" media=\"(min-width: 1000px)\" \/><source srcset=\"https:\/\/www.infobae.com\/resizer\/v2\/KH2W3GVIPRDG3E3RLKAJKCDMU4.JPG?auth=6368d0f5a88d39e7cc3f557ebf34e0581b40b588b1d83f62d240ed74c756245b&amp;smart=true&amp;width=768&amp;height=432&amp;quality=85\" media=\"(min-width: 768px)\" \/><source srcset=\"https:\/\/www.infobae.com\/resizer\/v2\/KH2W3GVIPRDG3E3RLKAJKCDMU4.JPG?auth=6368d0f5a88d39e7cc3f557ebf34e0581b40b588b1d83f62d240ed74c756245b&amp;smart=true&amp;width=577&amp;height=325&amp;quality=85\" media=\"(min-width: 580px)\" \/><source srcset=\"https:\/\/www.infobae.com\/resizer\/v2\/KH2W3GVIPRDG3E3RLKAJKCDMU4.JPG?auth=6368d0f5a88d39e7cc3f557ebf34e0581b40b588b1d83f62d240ed74c756245b&amp;smart=true&amp;width=420&amp;height=236&amp;quality=85\" media=\"(min-width: 350px)\" \/><source srcset=\"https:\/\/www.infobae.com\/resizer\/v2\/KH2W3GVIPRDG3E3RLKAJKCDMU4.JPG?auth=6368d0f5a88d39e7cc3f557ebf34e0581b40b588b1d83f62d240ed74c756245b&amp;smart=true&amp;width=350&amp;height=197&amp;quality=85\" media=\"(min-width: 80px)\" \/><img decoding=\"async\" loading=\"lazy\" class=\"global-image\" src=\"https:\/\/www.infobae.com\/resizer\/v2\/KH2W3GVIPRDG3E3RLKAJKCDMU4.JPG?auth=6368d0f5a88d39e7cc3f557ebf34e0581b40b588b1d83f62d240ed74c756245b&amp;smart=true&amp;width=350&amp;height=197&amp;quality=85\" alt=\"Kushner y Witkoff llegaron a Rusia para relanzar las negociaciones de paz con Ucrania (REUTERS)\" width=\"960\" height=\"540\" \/><\/picture><\/div>\n<div class=\"visual__image\"><em>Kushner y Witkoff llegaron a Rusia para relanzar las negociaciones de paz con Ucrania (REUTERS)<\/em><\/div>\n<p class=\"paragraph\" data-paragraph-number=\"6\" data-mrf-recirculation=\"Links inline\">Un d\u00eda antes, Zelensky hab\u00eda anticipado que garantizar\u00eda <b>\u201cel funcionamiento normal del espacio a\u00e9reo ruso para que los negociadores puedan llegar de forma segura<\/b>\u201d, y manifest\u00f3 su expectativa de que Rusia procediera de igual manera \u201cdurante el tiempo necesario para mantener estas conversaciones y resolver las cuestiones log\u00edsticas relacionadas con esta visita estadounidense\u201d.<\/p>\n<p class=\"paragraph\" data-paragraph-number=\"7\" data-mrf-recirculation=\"Links inline\">Sin embargo, horas antes de que Putin anunciara la pausa de tres d\u00edas sobre Kiev, <b>Zelensky hab\u00eda denunciado bombardeos rusos contra los aeropuertos de Kiev y Borispil<\/b>, a los que calific\u00f3 de deliberados frente a la inminente llegada de los emisarios estadounidenses.<\/p>\n<p class=\"paragraph\" data-paragraph-number=\"8\" data-mrf-recirculation=\"Links inline\">\u201c<b>Est\u00e1 claro que estos ataques rusos contra los aeropuertos son una reacci\u00f3n a las conversaciones<\/b> y a los preparativos ante la posibilidad de que la parte estadounidense utilice un avi\u00f3n para viajar a Ucrania y aterrizar en el aeropuerto de Kiev o en el de Borispil\u201d, ubicado a unos 30 kil\u00f3metros al este de la capital, afirm\u00f3.<\/p>\n<div class=\"visual__image\"><picture><source srcset=\"https:\/\/www.infobae.com\/resizer\/v2\/WSBT4D6CXNC6NOOO5FE3QOTPQE.jpg?auth=a28fa3cd4e999dc695d6418d15e835919dd6d3064b5c737e171780f290e4a56e&amp;smart=true&amp;width=992&amp;height=558&amp;quality=85\" media=\"(min-width: 1000px)\" \/><source srcset=\"https:\/\/www.infobae.com\/resizer\/v2\/WSBT4D6CXNC6NOOO5FE3QOTPQE.jpg?auth=a28fa3cd4e999dc695d6418d15e835919dd6d3064b5c737e171780f290e4a56e&amp;smart=true&amp;width=768&amp;height=432&amp;quality=85\" media=\"(min-width: 768px)\" \/><source srcset=\"https:\/\/www.infobae.com\/resizer\/v2\/WSBT4D6CXNC6NOOO5FE3QOTPQE.jpg?auth=a28fa3cd4e999dc695d6418d15e835919dd6d3064b5c737e171780f290e4a56e&amp;smart=true&amp;width=577&amp;height=325&amp;quality=85\" media=\"(min-width: 580px)\" \/><source srcset=\"https:\/\/www.infobae.com\/resizer\/v2\/WSBT4D6CXNC6NOOO5FE3QOTPQE.jpg?auth=a28fa3cd4e999dc695d6418d15e835919dd6d3064b5c737e171780f290e4a56e&amp;smart=true&amp;width=420&amp;height=236&amp;quality=85\" media=\"(min-width: 350px)\" \/><source srcset=\"https:\/\/www.infobae.com\/resizer\/v2\/WSBT4D6CXNC6NOOO5FE3QOTPQE.jpg?auth=a28fa3cd4e999dc695d6418d15e835919dd6d3064b5c737e171780f290e4a56e&amp;smart=true&amp;width=350&amp;height=197&amp;quality=85\" media=\"(min-width: 80px)\" \/><img decoding=\"async\" loading=\"lazy\" class=\"global-image\" src=\"https:\/\/www.infobae.com\/resizer\/v2\/WSBT4D6CXNC6NOOO5FE3QOTPQE.jpg?auth=a28fa3cd4e999dc695d6418d15e835919dd6d3064b5c737e171780f290e4a56e&amp;smart=true&amp;width=350&amp;height=197&amp;quality=85\" alt=\"Vladimir Putin - Volodimir Zelensky partida\" width=\"1920\" height=\"1080\" \/><\/picture><em>Los presidentes de Rusia, Vladimir Putin; y Ucrania, Volodimir Zelensky<\/em><\/div>\n<p class=\"paragraph\" data-paragraph-number=\"9\" data-mrf-recirculation=\"Links inline\">El espacio a\u00e9reo ucraniano permanece cerrado a la aviaci\u00f3n civil desde el 24 de febrero de 2022, a ra\u00edz de la guerra con Rusia. Desde entonces, ciudadanos, visitantes extranjeros y delegaciones oficiales suelen ingresar y desplazarse por el pa\u00eds en tren o por carretera, con frecuentes escalas en naciones europeas vecinas. No obstante, el cese de hostilidades anunciado por Putin este s\u00e1bado abre la posibilidad de que el avi\u00f3n de Witkoff y Kushner aterrice directamente en alguno de los dos aeropuertos mencionados.<\/p>\n<p class=\"paragraph\" data-paragraph-number=\"10\" data-mrf-recirculation=\"Links inline\">Zelensky afirm\u00f3 que \u00e9l y su equipo est\u00e1n \u201c<b>preparados para mantener una conversaci\u00f3n sustancial<\/b>\u201d con los representantes del presidente estadounidense, <b>Donald Trump<\/b>, quienes visitar\u00e1n Kiev por primera vez desde el inicio de su segundo mandato en la Casa Blanca.<\/p>\n<p data-paragraph-number=\"10\" data-mrf-recirculation=\"Links inline\">El mandatario ucraniano prometi\u00f3 firmeza y eficacia \u201c<b>cien por cien<\/b>\u201d en las negociaciones con Witkoff y el yerno de Trump, luego de recibir informes del ministro de Defensa, <b>Yevgueni Jmara<\/b>, y del comandante en jefe de las Fuerzas Armadas, <b>Mijailo Drapati<\/b>, sobre la situaci\u00f3n en el frente, la evoluci\u00f3n de las amenazas en el espacio a\u00e9reo ucraniano, las contramedidas adoptadas y las operaciones defensivas en curso.<\/p>\n<p data-paragraph-number=\"10\" data-mrf-recirculation=\"Links inline\">(<em>Con informaci\u00f3n de Infobae)<\/em><\/p>\n","protected":false},"excerpt":{"rendered":"<p>El presidente ruso recibe a Steve Witkoff y Jared Kushner. Previamente, se acord\u00f3 la suspensi\u00f3n de los ataques por tres d\u00edas en Mosc\u00fa y Kiev El presidente ruso, Vladimir Putin, se re\u00fane este s\u00e1bado con los enviados de Estados Unidos Steve Witkoff y Jared Kushner para conversar sobre c\u00f3mo poner fin a m\u00e1s de cuatro [&hellip;]<\/p>\n","protected":false},"author":1,"featured_media":92977,"comment_status":"open","ping_status":"open","sticky":false,"template":"","format":"standard","meta":{"om_disable_all_campaigns":false,"_mi_skip_tracking":false},"categories":[2,4],"tags":[],"yoast_head":"<!-- This site is optimized with the Yoast SEO plugin v20.5 - https:\/\/yoast.com\/wordpress\/plugins\/seo\/ -->\n<title>Vladimir Putin se re\u00fane con los enviados de Donald Trump para dialogar sobre la guerra en Ucrania: \u201cLa situaci\u00f3n no es sencilla\u201d - The citizen for the world<\/title>\n<meta name=\"robots\" content=\"index, follow, max-snippet:-1, max-image-preview:large, max-video-preview:-1\" \/>\n<link rel=\"canonical\" href=\"https:\/\/thecitizenfortheworld.com\/?p=92976\" \/>\n<meta property=\"og:locale\" content=\"es_ES\" \/>\n<meta property=\"og:type\" content=\"article\" \/>\n<meta property=\"og:title\" content=\"Vladimir Putin se re\u00fane con los enviados de Donald Trump para dialogar sobre la guerra en Ucrania: \u201cLa situaci\u00f3n no es sencilla\u201d - The citizen for the world\" \/>\n<meta property=\"og:description\" content=\"El presidente ruso recibe a Steve Witkoff y Jared Kushner. Previamente, se acord\u00f3 la suspensi\u00f3n de los ataques por tres d\u00edas en Mosc\u00fa y Kiev El presidente ruso, Vladimir Putin, se re\u00fane este s\u00e1bado con los enviados de Estados Unidos Steve Witkoff y Jared Kushner para conversar sobre c\u00f3mo poner fin a m\u00e1s de cuatro [&hellip;]\" \/>\n<meta property=\"og:url\" content=\"https:\/\/thecitizenfortheworld.com\/?p=92976\" \/>\n<meta property=\"og:site_name\" content=\"The citizen for the world\" \/>\n<meta property=\"article:publisher\" content=\"https:\/\/www.facebook.com\/thecitizenfortheworld\" \/>\n<meta property=\"article:published_time\" content=\"2026-09-05T17:48:35+00:00\" \/>\n<meta property=\"og:image\" content=\"https:\/\/thecitizenfortheworld.com\/wp-content\/uploads\/2026\/09\/dialogos-con-Rusia.jpg\" \/>\n\t<meta property=\"og:image:width\" content=\"992\" \/>\n\t<meta property=\"og:image:height\" content=\"653\" \/>\n\t<meta property=\"og:image:type\" content=\"image\/jpeg\" \/>\n<meta name=\"author\" content=\"thecitizenfortheworld23@gmail.com\" \/>\n<meta name=\"twitter:card\" content=\"summary_large_image\" \/>\n<meta name=\"twitter:label1\" content=\"Escrito por\" \/>\n\t<meta name=\"twitter:data1\" content=\"thecitizenfortheworld23@gmail.com\" \/>\n\t<meta name=\"twitter:label2\" content=\"Tiempo estimado de lectura\" \/>\n\t<meta name=\"twitter:data2\" content=\"4 minutos\" \/>\n<script type=\"application\/ld+json\" class=\"yoast-schema-graph\">{\"@context\":\"https:\/\/schema.org\",\"@graph\":[{\"@type\":\"Article\",\"@id\":\"https:\/\/thecitizenfortheworld.com\/?p=92976#article\",\"isPartOf\":{\"@id\":\"https:\/\/thecitizenfortheworld.com\/?p=92976\"},\"author\":{\"name\":\"thecitizenfortheworld23@gmail.com\",\"@id\":\"https:\/\/thecitizenfortheworld.com\/#\/schema\/person\/1f6b82847278ca8d344c472822b5b66f\"},\"headline\":\"Vladimir Putin se re\u00fane con los enviados de Donald Trump para dialogar sobre la guerra en Ucrania: \u201cLa situaci\u00f3n no es sencilla\u201d\",\"datePublished\":\"2026-09-05T17:48:35+00:00\",\"dateModified\":\"2026-09-05T17:48:35+00:00\",\"mainEntityOfPage\":{\"@id\":\"https:\/\/thecitizenfortheworld.com\/?p=92976\"},\"wordCount\":688,\"commentCount\":0,\"publisher\":{\"@id\":\"https:\/\/thecitizenfortheworld.com\/#organization\"},\"articleSection\":[\"Internacionales\",\"Pol\u00edtica\"],\"inLanguage\":\"es-CO\",\"potentialAction\":[{\"@type\":\"CommentAction\",\"name\":\"Comment\",\"target\":[\"https:\/\/thecitizenfortheworld.com\/?p=92976#respond\"]}]},{\"@type\":\"WebPage\",\"@id\":\"https:\/\/thecitizenfortheworld.com\/?p=92976\",\"url\":\"https:\/\/thecitizenfortheworld.com\/?p=92976\",\"name\":\"Vladimir Putin se re\u00fane con los enviados de Donald Trump para dialogar sobre la guerra en Ucrania: \u201cLa situaci\u00f3n no es sencilla\u201d - The citizen for the world\",\"isPartOf\":{\"@id\":\"https:\/\/thecitizenfortheworld.com\/#website\"},\"datePublished\":\"2026-09-05T17:48:35+00:00\",\"dateModified\":\"2026-09-05T17:48:35+00:00\",\"breadcrumb\":{\"@id\":\"https:\/\/thecitizenfortheworld.com\/?p=92976#breadcrumb\"},\"inLanguage\":\"es-CO\",\"potentialAction\":[{\"@type\":\"ReadAction\",\"target\":[\"https:\/\/thecitizenfortheworld.com\/?p=92976\"]}]},{\"@type\":\"BreadcrumbList\",\"@id\":\"https:\/\/thecitizenfortheworld.com\/?p=92976#breadcrumb\",\"itemListElement\":[{\"@type\":\"ListItem\",\"position\":1,\"name\":\"Inicio\",\"item\":\"https:\/\/thecitizenfortheworld.com\/\"},{\"@type\":\"ListItem\",\"position\":2,\"name\":\"Vladimir Putin se re\u00fane con los enviados de Donald Trump para dialogar sobre la guerra en Ucrania: \u201cLa situaci\u00f3n no es sencilla\u201d\"}]},{\"@type\":\"WebSite\",\"@id\":\"https:\/\/thecitizenfortheworld.com\/#website\",\"url\":\"https:\/\/thecitizenfortheworld.com\/\",\"name\":\"The citizen for the world\",\"description\":\"\",\"publisher\":{\"@id\":\"https:\/\/thecitizenfortheworld.com\/#organization\"},\"potentialAction\":[{\"@type\":\"SearchAction\",\"target\":{\"@type\":\"EntryPoint\",\"urlTemplate\":\"https:\/\/thecitizenfortheworld.com\/?s={search_term_string}\"},\"query-input\":\"required name=search_term_string\"}],\"inLanguage\":\"es-CO\"},{\"@type\":\"Organization\",\"@id\":\"https:\/\/thecitizenfortheworld.com\/#organization\",\"name\":\"The citizen for the world\",\"url\":\"https:\/\/thecitizenfortheworld.com\/\",\"logo\":{\"@type\":\"ImageObject\",\"inLanguage\":\"es-CO\",\"@id\":\"https:\/\/thecitizenfortheworld.com\/#\/schema\/logo\/image\/\",\"url\":\"https:\/\/thecitizenfortheworld.com\/wp-content\/uploads\/2023\/04\/cropped-the-citizens.png\",\"contentUrl\":\"https:\/\/thecitizenfortheworld.com\/wp-content\/uploads\/2023\/04\/cropped-the-citizens.png\",\"width\":1135,\"height\":1302,\"caption\":\"The citizen for the world\"},\"image\":{\"@id\":\"https:\/\/thecitizenfortheworld.com\/#\/schema\/logo\/image\/\"},\"sameAs\":[\"https:\/\/www.facebook.com\/thecitizenfortheworld\"]},{\"@type\":\"Person\",\"@id\":\"https:\/\/thecitizenfortheworld.com\/#\/schema\/person\/1f6b82847278ca8d344c472822b5b66f\",\"name\":\"thecitizenfortheworld23@gmail.com\",\"image\":{\"@type\":\"ImageObject\",\"inLanguage\":\"es-CO\",\"@id\":\"https:\/\/thecitizenfortheworld.com\/#\/schema\/person\/image\/\",\"url\":\"https:\/\/secure.gravatar.com\/avatar\/fa0768c808e84d205962885f7091f34b?s=96&d=mm&r=pg\",\"contentUrl\":\"https:\/\/secure.gravatar.com\/avatar\/fa0768c808e84d205962885f7091f34b?s=96&d=mm&r=pg\",\"caption\":\"thecitizenfortheworld23@gmail.com\"},\"sameAs\":[\"http:\/\/thecitizenfortheworld.com\"],\"url\":\"https:\/\/thecitizenfortheworld.com\/?author=1\"}]}<\/script>\n<!-- \/ Yoast SEO plugin. -->","yoast_head_json":{"title":"Vladimir Putin se re\u00fane con los enviados de Donald Trump para dialogar sobre la guerra en Ucrania: \u201cLa situaci\u00f3n no es sencilla\u201d - The citizen for the world","robots":{"index":"index","follow":"follow","max-snippet":"max-snippet:-1","max-image-preview":"max-image-preview:large","max-video-preview":"max-video-preview:-1"},"canonical":"https:\/\/thecitizenfortheworld.com\/?p=92976","og_locale":"es_ES","og_type":"article","og_title":"Vladimir Putin se re\u00fane con los enviados de Donald Trump para dialogar sobre la guerra en Ucrania: \u201cLa situaci\u00f3n no es sencilla\u201d - The citizen for the world","og_description":"El presidente ruso recibe a Steve Witkoff y Jared Kushner. Previamente, se acord\u00f3 la suspensi\u00f3n de los ataques por tres d\u00edas en Mosc\u00fa y Kiev El presidente ruso, Vladimir Putin, se re\u00fane este s\u00e1bado con los enviados de Estados Unidos Steve Witkoff y Jared Kushner para conversar sobre c\u00f3mo poner fin a m\u00e1s de cuatro [&hellip;]","og_url":"https:\/\/thecitizenfortheworld.com\/?p=92976","og_site_name":"The citizen for the world","article_publisher":"https:\/\/www.facebook.com\/thecitizenfortheworld","article_published_time":"2026-09-05T17:48:35+00:00","og_image":[{"width":992,"height":653,"url":"https:\/\/thecitizenfortheworld.com\/wp-content\/uploads\/2026\/09\/dialogos-con-Rusia.jpg","type":"image\/jpeg"}],"author":"thecitizenfortheworld23@gmail.com","twitter_card":"summary_large_image","twitter_misc":{"Escrito por":"thecitizenfortheworld23@gmail.com","Tiempo estimado de lectura":"4 minutos"},"schema":{"@context":"https:\/\/schema.org","@graph":[{"@type":"Article","@id":"https:\/\/thecitizenfortheworld.com\/?p=92976#article","isPartOf":{"@id":"https:\/\/thecitizenfortheworld.com\/?p=92976"},"author":{"name":"thecitizenfortheworld23@gmail.com","@id":"https:\/\/thecitizenfortheworld.com\/#\/schema\/person\/1f6b82847278ca8d344c472822b5b66f"},"headline":"Vladimir Putin se re\u00fane con los enviados de Donald Trump para dialogar sobre la guerra en Ucrania: \u201cLa situaci\u00f3n no es sencilla\u201d","datePublished":"2026-09-05T17:48:35+00:00","dateModified":"2026-09-05T17:48:35+00:00","mainEntityOfPage":{"@id":"https:\/\/thecitizenfortheworld.com\/?p=92976"},"wordCount":688,"commentCount":0,"publisher":{"@id":"https:\/\/thecitizenfortheworld.com\/#organization"},"articleSection":["Internacionales","Pol\u00edtica"],"inLanguage":"es-CO","potentialAction":[{"@type":"CommentAction","name":"Comment","target":["https:\/\/thecitizenfortheworld.com\/?p=92976#respond"]}]},{"@type":"WebPage","@id":"https:\/\/thecitizenfortheworld.com\/?p=92976","url":"https:\/\/thecitizenfortheworld.com\/?p=92976","name":"Vladimir Putin se re\u00fane con los enviados de Donald Trump para dialogar sobre la guerra en Ucrania: \u201cLa situaci\u00f3n no es sencilla\u201d - The citizen for the world","isPartOf":{"@id":"https:\/\/thecitizenfortheworld.com\/#website"},"datePublished":"2026-09-05T17:48:35+00:00","dateModified":"2026-09-05T17:48:35+00:00","breadcrumb":{"@id":"https:\/\/thecitizenfortheworld.com\/?p=92976#breadcrumb"},"inLanguage":"es-CO","potentialAction":[{"@type":"ReadAction","target":["https:\/\/thecitizenfortheworld.com\/?p=92976"]}]},{"@type":"BreadcrumbList","@id":"https:\/\/thecitizenfortheworld.com\/?p=92976#breadcrumb","itemListElement":[{"@type":"ListItem","position":1,"name":"Inicio","item":"https:\/\/thecitizenfortheworld.com\/"},{"@type":"ListItem","position":2,"name":"Vladimir Putin se re\u00fane con los enviados de Donald Trump para dialogar sobre la guerra en Ucrania: \u201cLa situaci\u00f3n no es sencilla\u201d"}]},{"@type":"WebSite","@id":"https:\/\/thecitizenfortheworld.com\/#website","url":"https:\/\/thecitizenfortheworld.com\/","name":"The citizen for the world","description":"","publisher":{"@id":"https:\/\/thecitizenfortheworld.com\/#organization"},"potentialAction":[{"@type":"SearchAction","target":{"@type":"EntryPoint","urlTemplate":"https:\/\/thecitizenfortheworld.com\/?s={search_term_string}"},"query-input":"required name=search_term_string"}],"inLanguage":"es-CO"},{"@type":"Organization","@id":"https:\/\/thecitizenfortheworld.com\/#organization","name":"The citizen for the world","url":"https:\/\/thecitizenfortheworld.com\/","logo":{"@type":"ImageObject","inLanguage":"es-CO","@id":"https:\/\/thecitizenfortheworld.com\/#\/schema\/logo\/image\/","url":"https:\/\/thecitizenfortheworld.com\/wp-content\/uploads\/2023\/04\/cropped-the-citizens.png","contentUrl":"https:\/\/thecitizenfortheworld.com\/wp-content\/uploads\/2023\/04\/cropped-the-citizens.png","width":1135,"height":1302,"caption":"The citizen for the world"},"image":{"@id":"https:\/\/thecitizenfortheworld.com\/#\/schema\/logo\/image\/"},"sameAs":["https:\/\/www.facebook.com\/thecitizenfortheworld"]},{"@type":"Person","@id":"https:\/\/thecitizenfortheworld.com\/#\/schema\/person\/1f6b82847278ca8d344c472822b5b66f","name":"thecitizenfortheworld23@gmail.com","image":{"@type":"ImageObject","inLanguage":"es-CO","@id":"https:\/\/thecitizenfortheworld.com\/#\/schema\/person\/image\/","url":"https:\/\/secure.gravatar.com\/avatar\/fa0768c808e84d205962885f7091f34b?s=96&d=mm&r=pg","contentUrl":"https:\/\/secure.gravatar.com\/avatar\/fa0768c808e84d205962885f7091f34b?s=96&d=mm&r=pg","caption":"thecitizenfortheworld23@gmail.com"},"sameAs":["http:\/\/thecitizenfortheworld.com"],"url":"https:\/\/thecitizenfortheworld.com\/?author=1"}]}},"_links":{"self":[{"href":"https:\/\/thecitizenfortheworld.com\/index.php?rest_route=\/wp\/v2\/posts\/92976"}],"collection":[{"href":"https:\/\/thecitizenfortheworld.com\/index.php?rest_route=\/wp\/v2\/posts"}],"about":[{"href":"https:\/\/thecitizenfortheworld.com\/index.php?rest_route=\/wp\/v2\/types\/post"}],"author":[{"embeddable":true,"href":"https:\/\/thecitizenfortheworld.com\/index.php?rest_route=\/wp\/v2\/users\/1"}],"replies":[{"embeddable":true,"href":"https:\/\/thecitizenfortheworld.com\/index.php?rest_route=%2Fwp%2Fv2%2Fcomments&post=92976"}],"version-history":[{"count":1,"href":"https:\/\/thecitizenfortheworld.com\/index.php?rest_route=\/wp\/v2\/posts\/92976\/revisions"}],"predecessor-version":[{"id":92978,"href":"https:\/\/thecitizenfortheworld.com\/index.php?rest_route=\/wp\/v2\/posts\/92976\/revisions\/92978"}],"wp:featuredmedia":[{"embeddable":true,"href":"https:\/\/thecitizenfortheworld.com\/index.php?rest_route=\/wp\/v2\/media\/92977"}],"wp:attachment":[{"href":"https:\/\/thecitizenfortheworld.com\/index.php?rest_route=%2Fwp%2Fv2%2Fmedia&parent=92976"}],"wp:term":[{"taxonomy":"category","embeddable":true,"href":"https:\/\/thecitizenfortheworld.com\/index.php?rest_route=%2Fwp%2Fv2%2Fcategories&post=92976"},{"taxonomy":"post_tag","embeddable":true,"href":"https:\/\/thecitizenfortheworld.com\/index.php?rest_route=%2Fwp%2Fv2%2Ftags&post=92976"}],"curies":[{"name":"wp","href":"https:\/\/api.w.org\/{rel}","templated":true}]}}