{"id":92973,"date":"2026-09-03T14:08:45","date_gmt":"2026-09-03T19:08:45","guid":{"rendered":"https:\/\/thecitizenfortheworld.com\/?p=92973"},"modified":"2026-09-03T14:08:45","modified_gmt":"2026-09-03T19:08:45","slug":"el-divertido-blooper-de-franco-colapinto-tras-sorprenderse-por-el-rayo-mcqueen-que-estara-de-safety-car-en-el-gran-premio-de-italia-de-formula-1","status":"publish","type":"post","link":"https:\/\/thecitizenfortheworld.com\/?p=92973","title":{"rendered":"El divertido blooper de Franco Colapinto tras sorprenderse por el \u201cRayo McQueen\u201d que estar\u00e1 de safety car en el Gran Premio de Italia de F\u00f3rmula 1"},"content":{"rendered":"<p class=\"article-subheadline text-align-left\">Como homenaje a la m\u00edtica pel\u00edcula, en Monza llevaron una r\u00e9plica del tama\u00f1o real del personaje. \u201c\u00bfPuedo manejarlo&#8221;, brome\u00f3 el argentino<\/p>\n<p><b>Franco Colapinto<\/b> protagoniz\u00f3 un momento desopilante este fin de semana en Monza, cuando se top\u00f3 cara a cara con una r\u00e9plica a tama\u00f1o real del <b>Rayo McQueen<\/b> que la F\u00f3rmula 1 prepar\u00f3 como parte de los festejos del 20\u00b0 aniversario de la pel\u00edcula <b>Cars<\/b>. La sorpresa fue tal que, al agacharse para inspeccionar el veh\u00edculo de cerca, se le cay\u00f3 el agua del termo que llevaba en brazos y se alej\u00f3 entre risas, con una expresi\u00f3n que no pas\u00f3 desapercibida.<\/p>\n<p>El episodio qued\u00f3 registrado en un video que comparti\u00f3 <b>Alpine <\/b>en sus redes sociales. <b>\u201c\u00a1El Rayo McQueen!\u201d<\/b>, exclam\u00f3 el piloto argentino al verlo.<b> \u201cAy, me encantar\u00eda manejarlo. Mira a McQueen. No, s\u00ed, s\u00ed. Me encanta. \u00bfPuedo manejarlo?\u201d<\/b>, pregunt\u00f3, antes de que alguien del equipo lo invitara a acercarse a echarle un vistazo. Fue en ese momento, mientras revisaba distintas partes de la r\u00e9plica, que el termo traicion\u00f3 al bonaerense y el agua se desparram\u00f3.<\/p>\n<div class=\"visual__image\"><picture><source srcset=\"https:\/\/www.infobae.com\/resizer\/v2\/S75RCPZL7FBRDEPDQTCSEDIUHM.jpg?auth=2c4ec814204b982fc9bd33309c18c0a5f2291fbd24f8e014f0f8da7c7077d798&amp;smart=true&amp;width=992&amp;height=1323&amp;quality=85\" media=\"(min-width: 1000px)\" \/><source srcset=\"https:\/\/www.infobae.com\/resizer\/v2\/S75RCPZL7FBRDEPDQTCSEDIUHM.jpg?auth=2c4ec814204b982fc9bd33309c18c0a5f2291fbd24f8e014f0f8da7c7077d798&amp;smart=true&amp;width=768&amp;height=1024&amp;quality=85\" media=\"(min-width: 768px)\" \/><source srcset=\"https:\/\/www.infobae.com\/resizer\/v2\/S75RCPZL7FBRDEPDQTCSEDIUHM.jpg?auth=2c4ec814204b982fc9bd33309c18c0a5f2291fbd24f8e014f0f8da7c7077d798&amp;smart=true&amp;width=577&amp;height=769&amp;quality=85\" media=\"(min-width: 580px)\" \/><source srcset=\"https:\/\/www.infobae.com\/resizer\/v2\/S75RCPZL7FBRDEPDQTCSEDIUHM.jpg?auth=2c4ec814204b982fc9bd33309c18c0a5f2291fbd24f8e014f0f8da7c7077d798&amp;smart=true&amp;width=420&amp;height=560&amp;quality=85\" media=\"(min-width: 350px)\" \/><source srcset=\"https:\/\/www.infobae.com\/resizer\/v2\/S75RCPZL7FBRDEPDQTCSEDIUHM.jpg?auth=2c4ec814204b982fc9bd33309c18c0a5f2291fbd24f8e014f0f8da7c7077d798&amp;smart=true&amp;width=350&amp;height=467&amp;quality=85\" media=\"(min-width: 80px)\" \/><img decoding=\"async\" loading=\"lazy\" class=\"global-image\" src=\"https:\/\/www.infobae.com\/resizer\/v2\/S75RCPZL7FBRDEPDQTCSEDIUHM.jpg?auth=2c4ec814204b982fc9bd33309c18c0a5f2291fbd24f8e014f0f8da7c7077d798&amp;smart=true&amp;width=350&amp;height=467&amp;quality=85\" alt=\"Un hombre con camiseta blanca vierte agua frente a un auto rojo con ojos y boca dibujados, junto a un cartel publicitario\" width=\"1920\" height=\"2560\" \/><\/picture><em>A Colapinto se le cay\u00f3 el agua del termo cuando miraba la r\u00e9plica (Foto: @AlpineF1Team)<\/em><\/div>\n<p class=\"paragraph\" data-paragraph-number=\"3\" data-mrf-recirculation=\"Links inline\">El contexto de la aparici\u00f3n del ic\u00f3nico personaje animado en el Gran Premio de Italia no es menor. La F1 program\u00f3 para este fin de semana una vuelta de honor del <b>Rayo McQueen<\/b> en el Circuito de Monza, en el marco de una celebraci\u00f3n especial por las dos d\u00e9cadas de la franquicia cinematogr\u00e1fica. Adem\u00e1s, el safety car oficial de la categor\u00eda lucir\u00e1 durante la carrera una decoraci\u00f3n exclusiva inspirada en Cars, dise\u00f1ada especialmente para la fecha italiana.<\/p>\n<div class=\"visual__image\"><picture><source srcset=\"https:\/\/www.infobae.com\/resizer\/v2\/KGJ35KQJ3JA2FPM54GWCYR7CHQ.jpg?auth=bb4e150c2f2dea01540a2daa913f2c46b1f54f0e38278fe1e4427e1c0ba620cb&amp;smart=true&amp;width=992&amp;height=1323&amp;quality=85\" media=\"(min-width: 1000px)\" \/><source srcset=\"https:\/\/www.infobae.com\/resizer\/v2\/KGJ35KQJ3JA2FPM54GWCYR7CHQ.jpg?auth=bb4e150c2f2dea01540a2daa913f2c46b1f54f0e38278fe1e4427e1c0ba620cb&amp;smart=true&amp;width=768&amp;height=1024&amp;quality=85\" media=\"(min-width: 768px)\" \/><source srcset=\"https:\/\/www.infobae.com\/resizer\/v2\/KGJ35KQJ3JA2FPM54GWCYR7CHQ.jpg?auth=bb4e150c2f2dea01540a2daa913f2c46b1f54f0e38278fe1e4427e1c0ba620cb&amp;smart=true&amp;width=577&amp;height=769&amp;quality=85\" media=\"(min-width: 580px)\" \/><source srcset=\"https:\/\/www.infobae.com\/resizer\/v2\/KGJ35KQJ3JA2FPM54GWCYR7CHQ.jpg?auth=bb4e150c2f2dea01540a2daa913f2c46b1f54f0e38278fe1e4427e1c0ba620cb&amp;smart=true&amp;width=420&amp;height=560&amp;quality=85\" media=\"(min-width: 350px)\" \/><source srcset=\"https:\/\/www.infobae.com\/resizer\/v2\/KGJ35KQJ3JA2FPM54GWCYR7CHQ.jpg?auth=bb4e150c2f2dea01540a2daa913f2c46b1f54f0e38278fe1e4427e1c0ba620cb&amp;smart=true&amp;width=350&amp;height=467&amp;quality=85\" media=\"(min-width: 80px)\" \/><img decoding=\"async\" loading=\"lazy\" class=\"global-image\" src=\"https:\/\/www.infobae.com\/resizer\/v2\/KGJ35KQJ3JA2FPM54GWCYR7CHQ.jpg?auth=bb4e150c2f2dea01540a2daa913f2c46b1f54f0e38278fe1e4427e1c0ba620cb&amp;smart=true&amp;width=350&amp;height=467&amp;quality=85\" alt=\"Un hombre con camiseta blanca sostiene un mate frente a un veh\u00edculo rojo con ojos en el parabrisas y un cartel del Gran Premio de Italia\" width=\"1920\" height=\"2560\" \/><\/picture><em>La divertida cara de Franco tras su blooper (Foto: @AlpineF1Team)<\/em><\/div>\n<p class=\"paragraph\" data-paragraph-number=\"4\" data-mrf-recirculation=\"Links inline\">El momento distendido con el Rayo McQueen contrasta con la agenda cargada que Colapinto tiene este fin de semana en Monza. El piloto de Alpine llega al Gran Premio de Italia con la pol\u00e9mica sanci\u00f3n del Gran Premio de Pa\u00edses Bajos todav\u00eda abierta: <a title=\"https:\/\/www.infobae.com\/deportes\/2026\/09\/03\/franco-colapinto-volvio-a-referirse-a-la-polemica-sancion-que-recibio-en-la-formula-1-y-detallo-las-dos-reuniones-que-tendra-sobre-el-tema-en-monza\/\" href=\"https:\/\/www.infobae.com\/deportes\/2026\/09\/03\/franco-colapinto-volvio-a-referirse-a-la-polemica-sancion-que-recibio-en-la-formula-1-y-detallo-las-dos-reuniones-que-tendra-sobre-el-tema-en-monza\/\" target=\"_blank\" rel=\"noopener noreferrer\" data-mrf-link=\"https:\/\/www.infobae.com\/deportes\/2026\/09\/03\/franco-colapinto-volvio-a-referirse-a-la-polemica-sancion-que-recibio-en-la-formula-1-y-detallo-las-dos-reuniones-que-tendra-sobre-el-tema-en-monza\/\">el argentino confirm\u00f3 que llevar\u00e1 el tema a la reuni\u00f3n de pilotos del viernes y que tambi\u00e9n planea hablar con algunos de los comisarios deportivos<\/a>. \u201cS\u00ed, por supuesto que hablaremos sobre ello\u201d, afirm\u00f3 el bonaerense en declaraciones a <i>Motorsport<\/i>. Aunque aclar\u00f3 que acepta la decisi\u00f3n y considera el episodio cerrado, subray\u00f3 que sigue sin estar de acuerdo con el criterio aplicado en Zandvoort, donde recibi\u00f3 un drive through y tres puntos menos en su superlicencia.<\/p>\n<div class=\"visual__image\"><picture><source srcset=\"https:\/\/www.infobae.com\/resizer\/v2\/VAP2KLI24NERLMMABKO3SEDRFE.jpg?auth=1564bb25dce2993a716708d2eab1de8b79eebf4540ecc24647b8fe24919115ac&amp;smart=true&amp;width=992&amp;height=1240&amp;quality=85\" media=\"(min-width: 1000px)\" \/><source srcset=\"https:\/\/www.infobae.com\/resizer\/v2\/VAP2KLI24NERLMMABKO3SEDRFE.jpg?auth=1564bb25dce2993a716708d2eab1de8b79eebf4540ecc24647b8fe24919115ac&amp;smart=true&amp;width=768&amp;height=960&amp;quality=85\" media=\"(min-width: 768px)\" \/><source srcset=\"https:\/\/www.infobae.com\/resizer\/v2\/VAP2KLI24NERLMMABKO3SEDRFE.jpg?auth=1564bb25dce2993a716708d2eab1de8b79eebf4540ecc24647b8fe24919115ac&amp;smart=true&amp;width=577&amp;height=721&amp;quality=85\" media=\"(min-width: 580px)\" \/><source srcset=\"https:\/\/www.infobae.com\/resizer\/v2\/VAP2KLI24NERLMMABKO3SEDRFE.jpg?auth=1564bb25dce2993a716708d2eab1de8b79eebf4540ecc24647b8fe24919115ac&amp;smart=true&amp;width=420&amp;height=525&amp;quality=85\" media=\"(min-width: 350px)\" \/><source srcset=\"https:\/\/www.infobae.com\/resizer\/v2\/VAP2KLI24NERLMMABKO3SEDRFE.jpg?auth=1564bb25dce2993a716708d2eab1de8b79eebf4540ecc24647b8fe24919115ac&amp;smart=true&amp;width=350&amp;height=438&amp;quality=85\" media=\"(min-width: 80px)\" \/><img decoding=\"async\" loading=\"lazy\" class=\"global-image\" src=\"https:\/\/www.infobae.com\/resizer\/v2\/VAP2KLI24NERLMMABKO3SEDRFE.jpg?auth=1564bb25dce2993a716708d2eab1de8b79eebf4540ecc24647b8fe24919115ac&amp;smart=true&amp;width=350&amp;height=438&amp;quality=85\" alt=\"Un autom\u00f3vil de carreras rojo y un veh\u00edculo con la forma del personaje Rayo McQueen est\u00e1n sobre la pista frente a un portal publicitario\" width=\"1920\" height=\"2400\" \/><\/picture><em>El coche de seguridad con la r\u00e9plica del Rayo McQueen<\/em><\/div>\n<p class=\"paragraph\" data-paragraph-number=\"5\" data-mrf-recirculation=\"Links inline\">A nivel deportivo, <a title=\"https:\/\/www.infobae.com\/deportes\/2026\/09\/03\/al-detalle-las-mejoras-que-tendra-el-alpine-de-franco-colapinto-en-el-gp-de-italia-de-f1-y-como-impactara-en-su-rendimiento\/\" href=\"https:\/\/www.infobae.com\/deportes\/2026\/09\/03\/al-detalle-las-mejoras-que-tendra-el-alpine-de-franco-colapinto-en-el-gp-de-italia-de-f1-y-como-impactara-en-su-rendimiento\/\" target=\"_blank\" rel=\"noopener noreferrer\" data-mrf-link=\"https:\/\/www.infobae.com\/deportes\/2026\/09\/03\/al-detalle-las-mejoras-que-tendra-el-alpine-de-franco-colapinto-en-el-gp-de-italia-de-f1-y-como-impactara-en-su-rendimiento\/\">Colapinto tambi\u00e9n estrena este fin de semana el paquete de ocho actualizaciones<\/a> aerodin\u00e1micas que Pierre Gasly ya utiliz\u00f3 en Pa\u00edses Bajos, y que Alpine estim\u00f3 puede representar una ganancia de m\u00e1s de medio segundo por vuelta en ciertas condiciones de pista. El marco tiene, adem\u00e1s, una carga simb\u00f3lica: fue justamente en Monza donde el piloto debut\u00f3 en la F\u00f3rmula 1, el 1\u00b0 de septiembre de 2024, entonces a bordo de un Williams. Vuelve al <i>Templo de la Velocidad<\/i> con <a title=\"https:\/\/www.infobae.com\/deportes\/2026\/08\/27\/confirmado-franco-colapinto-correra-con-alpine-en-la-formula-1-en-2027\/\" href=\"https:\/\/www.infobae.com\/deportes\/2026\/08\/27\/confirmado-franco-colapinto-correra-con-alpine-en-la-formula-1-en-2027\/\" target=\"_blank\" rel=\"noopener noreferrer\" data-mrf-link=\"https:\/\/www.infobae.com\/deportes\/2026\/08\/27\/confirmado-franco-colapinto-correra-con-alpine-en-la-formula-1-en-2027\/\">contrato renovado para 2027<\/a> y como titular confirmado del equipo franc\u00e9s.<\/p>\n<p data-paragraph-number=\"5\" data-mrf-recirculation=\"Links inline\">El <a title=\"https:\/\/www.infobae.com\/deportes\/2026\/09\/01\/franco-colapinto-correra-este-fin-de-semana-el-gp-de-italia-tras-ser-confirmado-en-alpine-para-2027-hora-tv-y-todo-lo-que-hay-que-saber\/\" href=\"https:\/\/www.infobae.com\/deportes\/2026\/09\/01\/franco-colapinto-correra-este-fin-de-semana-el-gp-de-italia-tras-ser-confirmado-en-alpine-para-2027-hora-tv-y-todo-lo-que-hay-que-saber\/\" target=\"_blank\" rel=\"noopener noreferrer\" data-mrf-link=\"https:\/\/www.infobae.com\/deportes\/2026\/09\/01\/franco-colapinto-correra-este-fin-de-semana-el-gp-de-italia-tras-ser-confirmado-en-alpine-para-2027-hora-tv-y-todo-lo-que-hay-que-saber\/\">Gran Premio de Italia tiene por delante un cronograma cl\u00e1sico<\/a>, sin sprint. El viernes 4 de septiembre se disputar\u00e1n las dos pr\u00e1cticas libres: la primera arranca a las 7.30 (hora argentina) y la segunda a las 11.00. El s\u00e1bado 5, la tercera pr\u00e1ctica se corre a las 7.30 y la clasificaci\u00f3n que definir\u00e1 la grilla de partida comienza a las 11.00. La carrera, a 53 vueltas sobre el trazado de 5.793 metros del Circuito de Monza, est\u00e1 prevista para el domingo 6 de septiembre a las 10.00 (hora argentina).<\/p>\n<p data-paragraph-number=\"5\" data-mrf-recirculation=\"Links inline\">(<em>Con informaci\u00f3n de Infobae)<\/em><\/p>\n","protected":false},"excerpt":{"rendered":"<p>Como homenaje a la m\u00edtica pel\u00edcula, en Monza llevaron una r\u00e9plica del tama\u00f1o real del personaje. \u201c\u00bfPuedo manejarlo&#8221;, brome\u00f3 el argentino Franco Colapinto protagoniz\u00f3 un momento desopilante este fin de semana en Monza, cuando se top\u00f3 cara a cara con una r\u00e9plica a tama\u00f1o real del Rayo McQueen que la F\u00f3rmula 1 prepar\u00f3 como parte [&hellip;]<\/p>\n","protected":false},"author":1,"featured_media":92974,"comment_status":"open","ping_status":"open","sticky":false,"template":"","format":"standard","meta":{"om_disable_all_campaigns":false,"_mi_skip_tracking":false},"categories":[8],"tags":[],"yoast_head":"<!-- This site is optimized with the Yoast SEO plugin v20.5 - https:\/\/yoast.com\/wordpress\/plugins\/seo\/ -->\n<title>El divertido blooper de Franco Colapinto tras sorprenderse por el \u201cRayo McQueen\u201d que estar\u00e1 de safety car en el Gran Premio de Italia de F\u00f3rmula 1 - The citizen for the world<\/title>\n<meta name=\"robots\" content=\"index, follow, max-snippet:-1, max-image-preview:large, max-video-preview:-1\" \/>\n<link rel=\"canonical\" href=\"https:\/\/thecitizenfortheworld.com\/?p=92973\" \/>\n<meta property=\"og:locale\" content=\"es_ES\" \/>\n<meta property=\"og:type\" content=\"article\" \/>\n<meta property=\"og:title\" content=\"El divertido blooper de Franco Colapinto tras sorprenderse por el \u201cRayo McQueen\u201d que estar\u00e1 de safety car en el Gran Premio de Italia de F\u00f3rmula 1 - The citizen for the world\" \/>\n<meta property=\"og:description\" content=\"Como homenaje a la m\u00edtica pel\u00edcula, en Monza llevaron una r\u00e9plica del tama\u00f1o real del personaje. \u201c\u00bfPuedo manejarlo&#8221;, brome\u00f3 el argentino Franco Colapinto protagoniz\u00f3 un momento desopilante este fin de semana en Monza, cuando se top\u00f3 cara a cara con una r\u00e9plica a tama\u00f1o real del Rayo McQueen que la F\u00f3rmula 1 prepar\u00f3 como parte [&hellip;]\" \/>\n<meta property=\"og:url\" content=\"https:\/\/thecitizenfortheworld.com\/?p=92973\" \/>\n<meta property=\"og:site_name\" content=\"The citizen for the world\" \/>\n<meta property=\"article:publisher\" content=\"https:\/\/www.facebook.com\/thecitizenfortheworld\" \/>\n<meta property=\"article:published_time\" content=\"2026-09-03T19:08:45+00:00\" \/>\n<meta property=\"og:image\" content=\"https:\/\/thecitizenfortheworld.com\/wp-content\/uploads\/2026\/09\/Colapinto-y-el-Rayo.jpg\" \/>\n\t<meta property=\"og:image:width\" content=\"218\" \/>\n\t<meta property=\"og:image:height\" content=\"232\" \/>\n\t<meta property=\"og:image:type\" content=\"image\/jpeg\" \/>\n<meta name=\"author\" content=\"thecitizenfortheworld23@gmail.com\" \/>\n<meta name=\"twitter:card\" content=\"summary_large_image\" \/>\n<meta name=\"twitter:label1\" content=\"Escrito por\" \/>\n\t<meta name=\"twitter:data1\" content=\"thecitizenfortheworld23@gmail.com\" \/>\n\t<meta name=\"twitter:label2\" content=\"Tiempo estimado de lectura\" \/>\n\t<meta name=\"twitter:data2\" content=\"4 minutos\" \/>\n<script type=\"application\/ld+json\" class=\"yoast-schema-graph\">{\"@context\":\"https:\/\/schema.org\",\"@graph\":[{\"@type\":\"Article\",\"@id\":\"https:\/\/thecitizenfortheworld.com\/?p=92973#article\",\"isPartOf\":{\"@id\":\"https:\/\/thecitizenfortheworld.com\/?p=92973\"},\"author\":{\"name\":\"thecitizenfortheworld23@gmail.com\",\"@id\":\"https:\/\/thecitizenfortheworld.com\/#\/schema\/person\/1f6b82847278ca8d344c472822b5b66f\"},\"headline\":\"El divertido blooper de Franco Colapinto tras sorprenderse por el \u201cRayo McQueen\u201d que estar\u00e1 de safety car en el Gran Premio de Italia de F\u00f3rmula 1\",\"datePublished\":\"2026-09-03T19:08:45+00:00\",\"dateModified\":\"2026-09-03T19:08:45+00:00\",\"mainEntityOfPage\":{\"@id\":\"https:\/\/thecitizenfortheworld.com\/?p=92973\"},\"wordCount\":649,\"commentCount\":0,\"publisher\":{\"@id\":\"https:\/\/thecitizenfortheworld.com\/#organization\"},\"articleSection\":[\"Deportes\"],\"inLanguage\":\"es-CO\",\"potentialAction\":[{\"@type\":\"CommentAction\",\"name\":\"Comment\",\"target\":[\"https:\/\/thecitizenfortheworld.com\/?p=92973#respond\"]}]},{\"@type\":\"WebPage\",\"@id\":\"https:\/\/thecitizenfortheworld.com\/?p=92973\",\"url\":\"https:\/\/thecitizenfortheworld.com\/?p=92973\",\"name\":\"El divertido blooper de Franco Colapinto tras sorprenderse por el \u201cRayo McQueen\u201d que estar\u00e1 de safety car en el Gran Premio de Italia de F\u00f3rmula 1 - The citizen for the world\",\"isPartOf\":{\"@id\":\"https:\/\/thecitizenfortheworld.com\/#website\"},\"datePublished\":\"2026-09-03T19:08:45+00:00\",\"dateModified\":\"2026-09-03T19:08:45+00:00\",\"breadcrumb\":{\"@id\":\"https:\/\/thecitizenfortheworld.com\/?p=92973#breadcrumb\"},\"inLanguage\":\"es-CO\",\"potentialAction\":[{\"@type\":\"ReadAction\",\"target\":[\"https:\/\/thecitizenfortheworld.com\/?p=92973\"]}]},{\"@type\":\"BreadcrumbList\",\"@id\":\"https:\/\/thecitizenfortheworld.com\/?p=92973#breadcrumb\",\"itemListElement\":[{\"@type\":\"ListItem\",\"position\":1,\"name\":\"Inicio\",\"item\":\"https:\/\/thecitizenfortheworld.com\/\"},{\"@type\":\"ListItem\",\"position\":2,\"name\":\"El divertido blooper de Franco Colapinto tras sorprenderse por el \u201cRayo McQueen\u201d que estar\u00e1 de safety car en el Gran Premio de Italia de F\u00f3rmula 1\"}]},{\"@type\":\"WebSite\",\"@id\":\"https:\/\/thecitizenfortheworld.com\/#website\",\"url\":\"https:\/\/thecitizenfortheworld.com\/\",\"name\":\"The citizen for the world\",\"description\":\"\",\"publisher\":{\"@id\":\"https:\/\/thecitizenfortheworld.com\/#organization\"},\"potentialAction\":[{\"@type\":\"SearchAction\",\"target\":{\"@type\":\"EntryPoint\",\"urlTemplate\":\"https:\/\/thecitizenfortheworld.com\/?s={search_term_string}\"},\"query-input\":\"required name=search_term_string\"}],\"inLanguage\":\"es-CO\"},{\"@type\":\"Organization\",\"@id\":\"https:\/\/thecitizenfortheworld.com\/#organization\",\"name\":\"The citizen for the world\",\"url\":\"https:\/\/thecitizenfortheworld.com\/\",\"logo\":{\"@type\":\"ImageObject\",\"inLanguage\":\"es-CO\",\"@id\":\"https:\/\/thecitizenfortheworld.com\/#\/schema\/logo\/image\/\",\"url\":\"https:\/\/thecitizenfortheworld.com\/wp-content\/uploads\/2023\/04\/cropped-the-citizens.png\",\"contentUrl\":\"https:\/\/thecitizenfortheworld.com\/wp-content\/uploads\/2023\/04\/cropped-the-citizens.png\",\"width\":1135,\"height\":1302,\"caption\":\"The citizen for the world\"},\"image\":{\"@id\":\"https:\/\/thecitizenfortheworld.com\/#\/schema\/logo\/image\/\"},\"sameAs\":[\"https:\/\/www.facebook.com\/thecitizenfortheworld\"]},{\"@type\":\"Person\",\"@id\":\"https:\/\/thecitizenfortheworld.com\/#\/schema\/person\/1f6b82847278ca8d344c472822b5b66f\",\"name\":\"thecitizenfortheworld23@gmail.com\",\"image\":{\"@type\":\"ImageObject\",\"inLanguage\":\"es-CO\",\"@id\":\"https:\/\/thecitizenfortheworld.com\/#\/schema\/person\/image\/\",\"url\":\"https:\/\/secure.gravatar.com\/avatar\/fa0768c808e84d205962885f7091f34b?s=96&d=mm&r=pg\",\"contentUrl\":\"https:\/\/secure.gravatar.com\/avatar\/fa0768c808e84d205962885f7091f34b?s=96&d=mm&r=pg\",\"caption\":\"thecitizenfortheworld23@gmail.com\"},\"sameAs\":[\"http:\/\/thecitizenfortheworld.com\"],\"url\":\"https:\/\/thecitizenfortheworld.com\/?author=1\"}]}<\/script>\n<!-- \/ Yoast SEO plugin. -->","yoast_head_json":{"title":"El divertido blooper de Franco Colapinto tras sorprenderse por el \u201cRayo McQueen\u201d que estar\u00e1 de safety car en el Gran Premio de Italia de F\u00f3rmula 1 - The citizen for the world","robots":{"index":"index","follow":"follow","max-snippet":"max-snippet:-1","max-image-preview":"max-image-preview:large","max-video-preview":"max-video-preview:-1"},"canonical":"https:\/\/thecitizenfortheworld.com\/?p=92973","og_locale":"es_ES","og_type":"article","og_title":"El divertido blooper de Franco Colapinto tras sorprenderse por el \u201cRayo McQueen\u201d que estar\u00e1 de safety car en el Gran Premio de Italia de F\u00f3rmula 1 - The citizen for the world","og_description":"Como homenaje a la m\u00edtica pel\u00edcula, en Monza llevaron una r\u00e9plica del tama\u00f1o real del personaje. \u201c\u00bfPuedo manejarlo&#8221;, brome\u00f3 el argentino Franco Colapinto protagoniz\u00f3 un momento desopilante este fin de semana en Monza, cuando se top\u00f3 cara a cara con una r\u00e9plica a tama\u00f1o real del Rayo McQueen que la F\u00f3rmula 1 prepar\u00f3 como parte [&hellip;]","og_url":"https:\/\/thecitizenfortheworld.com\/?p=92973","og_site_name":"The citizen for the world","article_publisher":"https:\/\/www.facebook.com\/thecitizenfortheworld","article_published_time":"2026-09-03T19:08:45+00:00","og_image":[{"width":218,"height":232,"url":"https:\/\/thecitizenfortheworld.com\/wp-content\/uploads\/2026\/09\/Colapinto-y-el-Rayo.jpg","type":"image\/jpeg"}],"author":"thecitizenfortheworld23@gmail.com","twitter_card":"summary_large_image","twitter_misc":{"Escrito por":"thecitizenfortheworld23@gmail.com","Tiempo estimado de lectura":"4 minutos"},"schema":{"@context":"https:\/\/schema.org","@graph":[{"@type":"Article","@id":"https:\/\/thecitizenfortheworld.com\/?p=92973#article","isPartOf":{"@id":"https:\/\/thecitizenfortheworld.com\/?p=92973"},"author":{"name":"thecitizenfortheworld23@gmail.com","@id":"https:\/\/thecitizenfortheworld.com\/#\/schema\/person\/1f6b82847278ca8d344c472822b5b66f"},"headline":"El divertido blooper de Franco Colapinto tras sorprenderse por el \u201cRayo McQueen\u201d que estar\u00e1 de safety car en el Gran Premio de Italia de F\u00f3rmula 1","datePublished":"2026-09-03T19:08:45+00:00","dateModified":"2026-09-03T19:08:45+00:00","mainEntityOfPage":{"@id":"https:\/\/thecitizenfortheworld.com\/?p=92973"},"wordCount":649,"commentCount":0,"publisher":{"@id":"https:\/\/thecitizenfortheworld.com\/#organization"},"articleSection":["Deportes"],"inLanguage":"es-CO","potentialAction":[{"@type":"CommentAction","name":"Comment","target":["https:\/\/thecitizenfortheworld.com\/?p=92973#respond"]}]},{"@type":"WebPage","@id":"https:\/\/thecitizenfortheworld.com\/?p=92973","url":"https:\/\/thecitizenfortheworld.com\/?p=92973","name":"El divertido blooper de Franco Colapinto tras sorprenderse por el \u201cRayo McQueen\u201d que estar\u00e1 de safety car en el Gran Premio de Italia de F\u00f3rmula 1 - The citizen for the world","isPartOf":{"@id":"https:\/\/thecitizenfortheworld.com\/#website"},"datePublished":"2026-09-03T19:08:45+00:00","dateModified":"2026-09-03T19:08:45+00:00","breadcrumb":{"@id":"https:\/\/thecitizenfortheworld.com\/?p=92973#breadcrumb"},"inLanguage":"es-CO","potentialAction":[{"@type":"ReadAction","target":["https:\/\/thecitizenfortheworld.com\/?p=92973"]}]},{"@type":"BreadcrumbList","@id":"https:\/\/thecitizenfortheworld.com\/?p=92973#breadcrumb","itemListElement":[{"@type":"ListItem","position":1,"name":"Inicio","item":"https:\/\/thecitizenfortheworld.com\/"},{"@type":"ListItem","position":2,"name":"El divertido blooper de Franco Colapinto tras sorprenderse por el \u201cRayo McQueen\u201d que estar\u00e1 de safety car en el Gran Premio de Italia de F\u00f3rmula 1"}]},{"@type":"WebSite","@id":"https:\/\/thecitizenfortheworld.com\/#website","url":"https:\/\/thecitizenfortheworld.com\/","name":"The citizen for the world","description":"","publisher":{"@id":"https:\/\/thecitizenfortheworld.com\/#organization"},"potentialAction":[{"@type":"SearchAction","target":{"@type":"EntryPoint","urlTemplate":"https:\/\/thecitizenfortheworld.com\/?s={search_term_string}"},"query-input":"required name=search_term_string"}],"inLanguage":"es-CO"},{"@type":"Organization","@id":"https:\/\/thecitizenfortheworld.com\/#organization","name":"The citizen for the world","url":"https:\/\/thecitizenfortheworld.com\/","logo":{"@type":"ImageObject","inLanguage":"es-CO","@id":"https:\/\/thecitizenfortheworld.com\/#\/schema\/logo\/image\/","url":"https:\/\/thecitizenfortheworld.com\/wp-content\/uploads\/2023\/04\/cropped-the-citizens.png","contentUrl":"https:\/\/thecitizenfortheworld.com\/wp-content\/uploads\/2023\/04\/cropped-the-citizens.png","width":1135,"height":1302,"caption":"The citizen for the world"},"image":{"@id":"https:\/\/thecitizenfortheworld.com\/#\/schema\/logo\/image\/"},"sameAs":["https:\/\/www.facebook.com\/thecitizenfortheworld"]},{"@type":"Person","@id":"https:\/\/thecitizenfortheworld.com\/#\/schema\/person\/1f6b82847278ca8d344c472822b5b66f","name":"thecitizenfortheworld23@gmail.com","image":{"@type":"ImageObject","inLanguage":"es-CO","@id":"https:\/\/thecitizenfortheworld.com\/#\/schema\/person\/image\/","url":"https:\/\/secure.gravatar.com\/avatar\/fa0768c808e84d205962885f7091f34b?s=96&d=mm&r=pg","contentUrl":"https:\/\/secure.gravatar.com\/avatar\/fa0768c808e84d205962885f7091f34b?s=96&d=mm&r=pg","caption":"thecitizenfortheworld23@gmail.com"},"sameAs":["http:\/\/thecitizenfortheworld.com"],"url":"https:\/\/thecitizenfortheworld.com\/?author=1"}]}},"_links":{"self":[{"href":"https:\/\/thecitizenfortheworld.com\/index.php?rest_route=\/wp\/v2\/posts\/92973"}],"collection":[{"href":"https:\/\/thecitizenfortheworld.com\/index.php?rest_route=\/wp\/v2\/posts"}],"about":[{"href":"https:\/\/thecitizenfortheworld.com\/index.php?rest_route=\/wp\/v2\/types\/post"}],"author":[{"embeddable":true,"href":"https:\/\/thecitizenfortheworld.com\/index.php?rest_route=\/wp\/v2\/users\/1"}],"replies":[{"embeddable":true,"href":"https:\/\/thecitizenfortheworld.com\/index.php?rest_route=%2Fwp%2Fv2%2Fcomments&post=92973"}],"version-history":[{"count":1,"href":"https:\/\/thecitizenfortheworld.com\/index.php?rest_route=\/wp\/v2\/posts\/92973\/revisions"}],"predecessor-version":[{"id":92975,"href":"https:\/\/thecitizenfortheworld.com\/index.php?rest_route=\/wp\/v2\/posts\/92973\/revisions\/92975"}],"wp:featuredmedia":[{"embeddable":true,"href":"https:\/\/thecitizenfortheworld.com\/index.php?rest_route=\/wp\/v2\/media\/92974"}],"wp:attachment":[{"href":"https:\/\/thecitizenfortheworld.com\/index.php?rest_route=%2Fwp%2Fv2%2Fmedia&parent=92973"}],"wp:term":[{"taxonomy":"category","embeddable":true,"href":"https:\/\/thecitizenfortheworld.com\/index.php?rest_route=%2Fwp%2Fv2%2Fcategories&post=92973"},{"taxonomy":"post_tag","embeddable":true,"href":"https:\/\/thecitizenfortheworld.com\/index.php?rest_route=%2Fwp%2Fv2%2Ftags&post=92973"}],"curies":[{"name":"wp","href":"https:\/\/api.w.org\/{rel}","templated":true}]}}