{"id":92967,"date":"2026-09-03T13:09:45","date_gmt":"2026-09-03T18:09:45","guid":{"rendered":"https:\/\/thecitizenfortheworld.com\/?p=92967"},"modified":"2026-09-03T13:09:45","modified_gmt":"2026-09-03T18:09:45","slug":"estados-unidos-cierra-la-puerta-a-una-nueva-prorroga-del-tps-para-hondurenos","status":"publish","type":"post","link":"https:\/\/thecitizenfortheworld.com\/?p=92967","title":{"rendered":"Estados Unidos cierra la puerta a una nueva pr\u00f3rroga del TPS para hondure\u00f1os"},"content":{"rendered":"<p class=\"article-subheadline text-align-left\">La Canciller\u00eda inform\u00f3 que continuar\u00e1 brindando orientaci\u00f3n a los beneficiarios, mientras cada caso es evaluado en busca de posibles v\u00edas de regularizaci\u00f3n migratoria<\/p>\n<p>El Gobierno de <b>Estados Unidos no conceder\u00e1<\/b> un plazo adicional para que los hondure\u00f1os beneficiarios del Estatus de Protecci\u00f3n Temporal (TPS) permanezcan bajo ese mecanismo migratorio, confirm\u00f3 la canciller Mireya Ag\u00fcero, tras conocerse el resultado de las gestiones realizadas por Honduras ante las autoridades estadounidenses.<\/p>\n<p>La decisi\u00f3n fue comunicada tras una reuni\u00f3n entre el embajador hondure\u00f1o en <b>Washington, Roberto Flores Berm\u00fadez, y funcionarios del Gobierno de Estados Unidos.<\/b><\/p>\n<p>Con ello, qued\u00f3 descartada la posibilidad de ampliar nuevamente el per\u00edodo solicitado por las autoridades hondure\u00f1as para facilitar la transici\u00f3n de los compatriotas protegidos por el TPS.<\/p>\n<p class=\"paragraph\" data-paragraph-number=\"4\" data-mrf-recirculation=\"Links inline\">La canciller explic\u00f3 que el Gobierno de Honduras hab\u00eda planteado formalmente la petici\u00f3n a Washington con el objetivo de conseguir un per\u00edodo adicional para que los beneficiarios tuvieran m\u00e1s tiempo para analizar su situaci\u00f3n migratoria y buscar alternativas.<\/p>\n<p class=\"paragraph\" data-paragraph-number=\"5\" data-mrf-recirculation=\"Links inline\">Ag\u00fcero se\u00f1al\u00f3 que, pese a que la petici\u00f3n de Honduras no prosper\u00f3, las autoridades nacionales continuar\u00e1n <b>acompa\u00f1ando a los compatriotas mediante informaci\u00f3n y orientaci\u00f3n sobre las opciones que eventualmente podr\u00edan estar disponibles para ellos.<\/b><\/p>\n<p data-paragraph-number=\"5\" data-mrf-recirculation=\"Links inline\">Ante el nuevo escenario, la Secretar\u00eda de Relaciones Exteriores y los consulados hondure\u00f1os en Estados Unidos concentrar\u00e1n <b>parte de sus esfuerzos en orientar a los ciudadanos sobre las distintas posibilidades de regularizaci\u00f3n migratoria.<\/b><\/p>\n<h2 id=\"orientacion-caso-por-caso\" class=\"text-align-left vertical-align-top line-height-100 header headline-class-h2 headline\">Orientaci\u00f3n caso por caso<\/h2>\n<p class=\"paragraph\" data-paragraph-number=\"7\" data-mrf-recirculation=\"Links inline\">La canciller enfatiz\u00f3 que no existe una \u00fanica alternativa aplicable a todos los beneficiarios del TPS, por lo que la situaci\u00f3n de <b>cada persona debe ser revisada de acuerdo con sus circunstancias particulares.<\/b><\/p>\n<p class=\"paragraph\" data-paragraph-number=\"8\" data-mrf-recirculation=\"Links inline\"><b>\u201cHay oportunidades diferentes para muchos de nuestros conciudadanos en este proceso\u201d,<\/b> manifest\u00f3 Ag\u00fcero al referirse a las opciones que podr\u00edan existir para algunos de los hondure\u00f1os afectados por el cierre de esta protecci\u00f3n migratoria.<\/p>\n<p class=\"paragraph\" data-paragraph-number=\"9\" data-mrf-recirculation=\"Links inline\">La funcionaria recomend\u00f3 a los beneficiarios evitar tomar decisiones basadas \u00fanicamente en informaci\u00f3n difundida en redes sociales o por personas que no est\u00e9n calificadas para brindar asesor\u00eda migratoria.<\/p>\n<p class=\"paragraph\" data-paragraph-number=\"10\" data-mrf-recirculation=\"Links inline\">Inst\u00f3 a los hondure\u00f1os a buscar <b>asistencia jur\u00eddica especializada<\/b> y a utilizar como referencia la informaci\u00f3n oficial preparada por la Canciller\u00eda y la red consular hondure\u00f1a.<\/p>\n<div class=\"ad_1 ad-wrapper dfpAd ad-1-al-6 ad-text ad-component-container\" data-ad-wrapper=\"arcad\" data-ad-type=\"ad_1\" data-ad-slot=\"infobae\/honduras\/nota\/ad_1\" data-ad-container=\"dfp\" data-ad-slot-name=\"infobae\/honduras\/nota\/ad_1\">\n<div id=\"infobae\/honduras\/nota\/ad_1\" class=\"infobae\/honduras\/nota\/ad_1 arcad ad-slot-node ad-slot-node--boxed\" data-ad-slot-id=\"infobae\/honduras\/nota\/ad_1\" data-google-query-id=\"CIPkyrP-0pYDFfSKFwcda00b3g\">\n<div id=\"google_ads_iframe_\/1058609\/infobae\/honduras\/nota\/ad_1_0__container__\"><\/div>\n<\/div>\n<\/div>\n<div class=\"visual__image\"><picture><source srcset=\"https:\/\/www.infobae.com\/resizer\/v2\/35BKAIPNYZARBOMEF7TXJUOACM.jpeg?auth=bf628fd3ec9689bb88933ac2db065fd26fb1c41e24fd950b9ca61e2b9fcd03e9&amp;smart=true&amp;width=992&amp;height=1284&amp;quality=85\" media=\"(min-width: 1000px)\" \/><source srcset=\"https:\/\/www.infobae.com\/resizer\/v2\/35BKAIPNYZARBOMEF7TXJUOACM.jpeg?auth=bf628fd3ec9689bb88933ac2db065fd26fb1c41e24fd950b9ca61e2b9fcd03e9&amp;smart=true&amp;width=768&amp;height=994&amp;quality=85\" media=\"(min-width: 768px)\" \/><source srcset=\"https:\/\/www.infobae.com\/resizer\/v2\/35BKAIPNYZARBOMEF7TXJUOACM.jpeg?auth=bf628fd3ec9689bb88933ac2db065fd26fb1c41e24fd950b9ca61e2b9fcd03e9&amp;smart=true&amp;width=577&amp;height=747&amp;quality=85\" media=\"(min-width: 580px)\" \/><source srcset=\"https:\/\/www.infobae.com\/resizer\/v2\/35BKAIPNYZARBOMEF7TXJUOACM.jpeg?auth=bf628fd3ec9689bb88933ac2db065fd26fb1c41e24fd950b9ca61e2b9fcd03e9&amp;smart=true&amp;width=420&amp;height=544&amp;quality=85\" media=\"(min-width: 350px)\" \/><source srcset=\"https:\/\/www.infobae.com\/resizer\/v2\/35BKAIPNYZARBOMEF7TXJUOACM.jpeg?auth=bf628fd3ec9689bb88933ac2db065fd26fb1c41e24fd950b9ca61e2b9fcd03e9&amp;smart=true&amp;width=350&amp;height=453&amp;quality=85\" media=\"(min-width: 80px)\" \/><img decoding=\"async\" loading=\"lazy\" class=\"global-image\" src=\"https:\/\/www.infobae.com\/resizer\/v2\/35BKAIPNYZARBOMEF7TXJUOACM.jpeg?auth=bf628fd3ec9689bb88933ac2db065fd26fb1c41e24fd950b9ca61e2b9fcd03e9&amp;smart=true&amp;width=350&amp;height=453&amp;quality=85\" alt=\"Las autoridades recomendaron a los beneficiarios del TPS buscar asistencia jur\u00eddica especializada y evitar decisiones basadas en redes sociales o asesor\u00edas no calificadas.\" width=\"1978\" height=\"2560\" \/><\/picture><em>Las autoridades recomendaron a los beneficiarios del TPS buscar asistencia jur\u00eddica especializada y evitar decisiones basadas en redes sociales o asesor\u00edas no calificadas.<\/em><\/div>\n<p class=\"paragraph\" data-paragraph-number=\"11\" data-mrf-recirculation=\"Links inline\">Uno de los principales mensajes de las autoridades hondure\u00f1as es que la terminaci\u00f3n de la protecci\u00f3n temporal no <b>implica que todos los beneficiarios deban enfrentar exactamente el mismo escenario.<\/b><\/p>\n<p class=\"paragraph\" data-paragraph-number=\"12\" data-mrf-recirculation=\"Links inline\">Las posibilidades migratorias dependen de factores particulares de cada persona, <b>entre ellos su historial migratorio y las condiciones que puedan permitirle acogerse a otros mecanismos<\/b> contemplados en la legislaci\u00f3n estadounidense.<\/p>\n<h2 id=\"que-implica-el-fin-del-tps\" class=\"text-align-left vertical-align-top line-height-100 header headline-class-h2 headline\">Qu\u00e9 implica el fin del TPS<\/h2>\n<p class=\"paragraph\" data-paragraph-number=\"13\" data-mrf-recirculation=\"Links inline\">Por ello, la Canciller\u00eda considera fundamental que los <b>beneficiarios conozcan su situaci\u00f3n antes de tomar cualquier determinaci\u00f3n<\/b> y que reciban asesor\u00eda profesional para identificar las opciones disponibles en cada caso.<\/p>\n<p class=\"paragraph\" data-paragraph-number=\"14\" data-mrf-recirculation=\"Links inline\">Los consulados hondure\u00f1os tambi\u00e9n forman parte de este <b>esfuerzo de orientaci\u00f3n<\/b>, especialmente ante la preocupaci\u00f3n que genera entre las familias la finalizaci\u00f3n de un programa que durante a\u00f1os permiti\u00f3 a numerosos compatriotas residir y trabajar legalmente en Estados Unidos bajo protecci\u00f3n temporal.<\/p>\n<p class=\"paragraph\" data-paragraph-number=\"15\" data-mrf-recirculation=\"Links inline\">La canciller dej\u00f3 claro que la situaci\u00f3n del TPS es uno de los asuntos que forman parte de una agenda bilateral m\u00e1s extensa entre Honduras y Estados Unidos.<\/p>\n<p class=\"paragraph\" data-paragraph-number=\"16\" data-mrf-recirculation=\"Links inline\">Ag\u00fcero destac\u00f3 que el pa\u00eds <b>norteamericano constituye uno de los principales socios estrat\u00e9gicos de Honduras<\/b> y que ambas naciones mantienen v\u00ednculos que abarcan diferentes \u00e1reas de inter\u00e9s.<\/p>\n<p class=\"paragraph\" data-paragraph-number=\"17\" data-mrf-recirculation=\"Links inline\">Entre esos \u00e1mbitos mencion\u00f3 el <b>comercio, la inversi\u00f3n, la seguridad<\/b>, la infraestructura y la cooperaci\u00f3n, sectores que, seg\u00fan la funcionaria, contin\u00faan formando parte de la relaci\u00f3n entre ambos gobiernos.<\/p>\n<div class=\"visual__image\"><picture><source srcset=\"https:\/\/www.infobae.com\/resizer\/v2\/UOPZVBFH2RHRFFFPAFUAEF2LHQ.webp?auth=1156c76b8306f65f31f490d6bf80cdeb05e91b36cdf732aaecb400f28935a5b3&amp;smart=true&amp;width=992&amp;height=496&amp;quality=85\" media=\"(min-width: 1000px)\" \/><source srcset=\"https:\/\/www.infobae.com\/resizer\/v2\/UOPZVBFH2RHRFFFPAFUAEF2LHQ.webp?auth=1156c76b8306f65f31f490d6bf80cdeb05e91b36cdf732aaecb400f28935a5b3&amp;smart=true&amp;width=768&amp;height=384&amp;quality=85\" media=\"(min-width: 768px)\" \/><source srcset=\"https:\/\/www.infobae.com\/resizer\/v2\/UOPZVBFH2RHRFFFPAFUAEF2LHQ.webp?auth=1156c76b8306f65f31f490d6bf80cdeb05e91b36cdf732aaecb400f28935a5b3&amp;smart=true&amp;width=577&amp;height=289&amp;quality=85\" media=\"(min-width: 580px)\" \/><source srcset=\"https:\/\/www.infobae.com\/resizer\/v2\/UOPZVBFH2RHRFFFPAFUAEF2LHQ.webp?auth=1156c76b8306f65f31f490d6bf80cdeb05e91b36cdf732aaecb400f28935a5b3&amp;smart=true&amp;width=420&amp;height=210&amp;quality=85\" media=\"(min-width: 350px)\" \/><source srcset=\"https:\/\/www.infobae.com\/resizer\/v2\/UOPZVBFH2RHRFFFPAFUAEF2LHQ.webp?auth=1156c76b8306f65f31f490d6bf80cdeb05e91b36cdf732aaecb400f28935a5b3&amp;smart=true&amp;width=350&amp;height=175&amp;quality=85\" media=\"(min-width: 80px)\" \/><img decoding=\"async\" loading=\"lazy\" class=\"global-image\" src=\"https:\/\/www.infobae.com\/resizer\/v2\/UOPZVBFH2RHRFFFPAFUAEF2LHQ.webp?auth=1156c76b8306f65f31f490d6bf80cdeb05e91b36cdf732aaecb400f28935a5b3&amp;smart=true&amp;width=350&amp;height=175&amp;quality=85\" alt=\"La canciller Mireya Ag\u00fcero anuncia que Honduras orientar\u00e1 a los beneficiarios del TPS caso por caso\" width=\"800\" height=\"400\" \/><\/picture><\/div>\n<div class=\"visual__image\"><em>La canciller Mireya Ag\u00fcero anuncia que Honduras orientar\u00e1 a los beneficiarios del TPS caso por caso<\/em><\/div>\n<p class=\"paragraph\" data-paragraph-number=\"18\" data-mrf-recirculation=\"Links inline\">La decisi\u00f3n estadounidense <b>sobre el TPS tambi\u00e9n gener\u00f3 interrogantes respecto de la posibilidad de que el tema migratorio tenga repercusiones<\/b> en otros programas de cooperaci\u00f3n entre Honduras y Estados Unidos.<\/p>\n<p class=\"paragraph\" data-paragraph-number=\"19\" data-mrf-recirculation=\"Links inline\">Sobre este punto, Ag\u00fcero descart\u00f3 que el cierre de la protecci\u00f3n temporal deba interpretarse autom\u00e1ticamente como una <b>se\u00f1al de deterioro generalizado de la relaci\u00f3n bilateral.<\/b><\/p>\n<p class=\"paragraph\" data-paragraph-number=\"20\" data-mrf-recirculation=\"Links inline\">Las autoridades consulares reiteran la recomendaci\u00f3n principal es acudir a profesionales del derecho migratorio y consultar directamente los canales oficiales <b>de la Canciller\u00eda y de los consulados hondure\u00f1os en Estados Unidos.<\/b><\/p>\n<p class=\"paragraph\" data-paragraph-number=\"21\" data-mrf-recirculation=\"Links inline\">La canciller Ag\u00fcero reiter\u00f3 que Honduras mantiene una <b>relaci\u00f3n de larga data<\/b> con Estados Unidos y que el v\u00ednculo bilateral trasciende el \u00e1mbito migratorio.<\/p>\n<p data-paragraph-number=\"21\" data-mrf-recirculation=\"Links inline\">(<em>Con informaci\u00f3n de Infobae)<\/em><\/p>\n","protected":false},"excerpt":{"rendered":"<p>La Canciller\u00eda inform\u00f3 que continuar\u00e1 brindando orientaci\u00f3n a los beneficiarios, mientras cada caso es evaluado en busca de posibles v\u00edas de regularizaci\u00f3n migratoria El Gobierno de Estados Unidos no conceder\u00e1 un plazo adicional para que los hondure\u00f1os beneficiarios del Estatus de Protecci\u00f3n Temporal (TPS) permanezcan bajo ese mecanismo migratorio, confirm\u00f3 la canciller Mireya Ag\u00fcero, tras [&hellip;]<\/p>\n","protected":false},"author":1,"featured_media":92968,"comment_status":"open","ping_status":"open","sticky":false,"template":"","format":"standard","meta":{"om_disable_all_campaigns":false,"_mi_skip_tracking":false},"categories":[56,4],"tags":[],"yoast_head":"<!-- This site is optimized with the Yoast SEO plugin v20.5 - https:\/\/yoast.com\/wordpress\/plugins\/seo\/ -->\n<title>Estados Unidos cierra la puerta a una nueva pr\u00f3rroga del TPS para hondure\u00f1os - The citizen for the world<\/title>\n<meta name=\"robots\" content=\"index, follow, max-snippet:-1, max-image-preview:large, max-video-preview:-1\" \/>\n<link rel=\"canonical\" href=\"https:\/\/thecitizenfortheworld.com\/?p=92967\" \/>\n<meta property=\"og:locale\" content=\"es_ES\" \/>\n<meta property=\"og:type\" content=\"article\" \/>\n<meta property=\"og:title\" content=\"Estados Unidos cierra la puerta a una nueva pr\u00f3rroga del TPS para hondure\u00f1os - The citizen for the world\" \/>\n<meta property=\"og:description\" content=\"La Canciller\u00eda inform\u00f3 que continuar\u00e1 brindando orientaci\u00f3n a los beneficiarios, mientras cada caso es evaluado en busca de posibles v\u00edas de regularizaci\u00f3n migratoria El Gobierno de Estados Unidos no conceder\u00e1 un plazo adicional para que los hondure\u00f1os beneficiarios del Estatus de Protecci\u00f3n Temporal (TPS) permanezcan bajo ese mecanismo migratorio, confirm\u00f3 la canciller Mireya Ag\u00fcero, tras [&hellip;]\" \/>\n<meta property=\"og:url\" content=\"https:\/\/thecitizenfortheworld.com\/?p=92967\" \/>\n<meta property=\"og:site_name\" content=\"The citizen for the world\" \/>\n<meta property=\"article:publisher\" content=\"https:\/\/www.facebook.com\/thecitizenfortheworld\" \/>\n<meta property=\"article:published_time\" content=\"2026-09-03T18:09:45+00:00\" \/>\n<meta property=\"og:image\" content=\"https:\/\/thecitizenfortheworld.com\/wp-content\/uploads\/2026\/09\/TPS-hondureno.jpg\" \/>\n\t<meta property=\"og:image:width\" content=\"678\" \/>\n\t<meta property=\"og:image:height\" content=\"452\" \/>\n\t<meta property=\"og:image:type\" content=\"image\/jpeg\" \/>\n<meta name=\"author\" content=\"thecitizenfortheworld23@gmail.com\" \/>\n<meta name=\"twitter:card\" content=\"summary_large_image\" \/>\n<meta name=\"twitter:label1\" content=\"Escrito por\" \/>\n\t<meta name=\"twitter:data1\" content=\"thecitizenfortheworld23@gmail.com\" \/>\n\t<meta name=\"twitter:label2\" content=\"Tiempo estimado de lectura\" \/>\n\t<meta name=\"twitter:data2\" content=\"4 minutos\" \/>\n<script type=\"application\/ld+json\" class=\"yoast-schema-graph\">{\"@context\":\"https:\/\/schema.org\",\"@graph\":[{\"@type\":\"Article\",\"@id\":\"https:\/\/thecitizenfortheworld.com\/?p=92967#article\",\"isPartOf\":{\"@id\":\"https:\/\/thecitizenfortheworld.com\/?p=92967\"},\"author\":{\"name\":\"thecitizenfortheworld23@gmail.com\",\"@id\":\"https:\/\/thecitizenfortheworld.com\/#\/schema\/person\/1f6b82847278ca8d344c472822b5b66f\"},\"headline\":\"Estados Unidos cierra la puerta a una nueva pr\u00f3rroga del TPS para hondure\u00f1os\",\"datePublished\":\"2026-09-03T18:09:45+00:00\",\"dateModified\":\"2026-09-03T18:09:45+00:00\",\"mainEntityOfPage\":{\"@id\":\"https:\/\/thecitizenfortheworld.com\/?p=92967\"},\"wordCount\":827,\"commentCount\":0,\"publisher\":{\"@id\":\"https:\/\/thecitizenfortheworld.com\/#organization\"},\"articleSection\":[\"Centroam\u00e9rica\",\"Pol\u00edtica\"],\"inLanguage\":\"es-CO\",\"potentialAction\":[{\"@type\":\"CommentAction\",\"name\":\"Comment\",\"target\":[\"https:\/\/thecitizenfortheworld.com\/?p=92967#respond\"]}]},{\"@type\":\"WebPage\",\"@id\":\"https:\/\/thecitizenfortheworld.com\/?p=92967\",\"url\":\"https:\/\/thecitizenfortheworld.com\/?p=92967\",\"name\":\"Estados Unidos cierra la puerta a una nueva pr\u00f3rroga del TPS para hondure\u00f1os - The citizen for the world\",\"isPartOf\":{\"@id\":\"https:\/\/thecitizenfortheworld.com\/#website\"},\"datePublished\":\"2026-09-03T18:09:45+00:00\",\"dateModified\":\"2026-09-03T18:09:45+00:00\",\"breadcrumb\":{\"@id\":\"https:\/\/thecitizenfortheworld.com\/?p=92967#breadcrumb\"},\"inLanguage\":\"es-CO\",\"potentialAction\":[{\"@type\":\"ReadAction\",\"target\":[\"https:\/\/thecitizenfortheworld.com\/?p=92967\"]}]},{\"@type\":\"BreadcrumbList\",\"@id\":\"https:\/\/thecitizenfortheworld.com\/?p=92967#breadcrumb\",\"itemListElement\":[{\"@type\":\"ListItem\",\"position\":1,\"name\":\"Inicio\",\"item\":\"https:\/\/thecitizenfortheworld.com\/\"},{\"@type\":\"ListItem\",\"position\":2,\"name\":\"Estados Unidos cierra la puerta a una nueva pr\u00f3rroga del TPS para hondure\u00f1os\"}]},{\"@type\":\"WebSite\",\"@id\":\"https:\/\/thecitizenfortheworld.com\/#website\",\"url\":\"https:\/\/thecitizenfortheworld.com\/\",\"name\":\"The citizen for the world\",\"description\":\"\",\"publisher\":{\"@id\":\"https:\/\/thecitizenfortheworld.com\/#organization\"},\"potentialAction\":[{\"@type\":\"SearchAction\",\"target\":{\"@type\":\"EntryPoint\",\"urlTemplate\":\"https:\/\/thecitizenfortheworld.com\/?s={search_term_string}\"},\"query-input\":\"required name=search_term_string\"}],\"inLanguage\":\"es-CO\"},{\"@type\":\"Organization\",\"@id\":\"https:\/\/thecitizenfortheworld.com\/#organization\",\"name\":\"The citizen for the world\",\"url\":\"https:\/\/thecitizenfortheworld.com\/\",\"logo\":{\"@type\":\"ImageObject\",\"inLanguage\":\"es-CO\",\"@id\":\"https:\/\/thecitizenfortheworld.com\/#\/schema\/logo\/image\/\",\"url\":\"https:\/\/thecitizenfortheworld.com\/wp-content\/uploads\/2023\/04\/cropped-the-citizens.png\",\"contentUrl\":\"https:\/\/thecitizenfortheworld.com\/wp-content\/uploads\/2023\/04\/cropped-the-citizens.png\",\"width\":1135,\"height\":1302,\"caption\":\"The citizen for the world\"},\"image\":{\"@id\":\"https:\/\/thecitizenfortheworld.com\/#\/schema\/logo\/image\/\"},\"sameAs\":[\"https:\/\/www.facebook.com\/thecitizenfortheworld\"]},{\"@type\":\"Person\",\"@id\":\"https:\/\/thecitizenfortheworld.com\/#\/schema\/person\/1f6b82847278ca8d344c472822b5b66f\",\"name\":\"thecitizenfortheworld23@gmail.com\",\"image\":{\"@type\":\"ImageObject\",\"inLanguage\":\"es-CO\",\"@id\":\"https:\/\/thecitizenfortheworld.com\/#\/schema\/person\/image\/\",\"url\":\"https:\/\/secure.gravatar.com\/avatar\/fa0768c808e84d205962885f7091f34b?s=96&d=mm&r=pg\",\"contentUrl\":\"https:\/\/secure.gravatar.com\/avatar\/fa0768c808e84d205962885f7091f34b?s=96&d=mm&r=pg\",\"caption\":\"thecitizenfortheworld23@gmail.com\"},\"sameAs\":[\"http:\/\/thecitizenfortheworld.com\"],\"url\":\"https:\/\/thecitizenfortheworld.com\/?author=1\"}]}<\/script>\n<!-- \/ Yoast SEO plugin. -->","yoast_head_json":{"title":"Estados Unidos cierra la puerta a una nueva pr\u00f3rroga del TPS para hondure\u00f1os - The citizen for the world","robots":{"index":"index","follow":"follow","max-snippet":"max-snippet:-1","max-image-preview":"max-image-preview:large","max-video-preview":"max-video-preview:-1"},"canonical":"https:\/\/thecitizenfortheworld.com\/?p=92967","og_locale":"es_ES","og_type":"article","og_title":"Estados Unidos cierra la puerta a una nueva pr\u00f3rroga del TPS para hondure\u00f1os - The citizen for the world","og_description":"La Canciller\u00eda inform\u00f3 que continuar\u00e1 brindando orientaci\u00f3n a los beneficiarios, mientras cada caso es evaluado en busca de posibles v\u00edas de regularizaci\u00f3n migratoria El Gobierno de Estados Unidos no conceder\u00e1 un plazo adicional para que los hondure\u00f1os beneficiarios del Estatus de Protecci\u00f3n Temporal (TPS) permanezcan bajo ese mecanismo migratorio, confirm\u00f3 la canciller Mireya Ag\u00fcero, tras [&hellip;]","og_url":"https:\/\/thecitizenfortheworld.com\/?p=92967","og_site_name":"The citizen for the world","article_publisher":"https:\/\/www.facebook.com\/thecitizenfortheworld","article_published_time":"2026-09-03T18:09:45+00:00","og_image":[{"width":678,"height":452,"url":"https:\/\/thecitizenfortheworld.com\/wp-content\/uploads\/2026\/09\/TPS-hondureno.jpg","type":"image\/jpeg"}],"author":"thecitizenfortheworld23@gmail.com","twitter_card":"summary_large_image","twitter_misc":{"Escrito por":"thecitizenfortheworld23@gmail.com","Tiempo estimado de lectura":"4 minutos"},"schema":{"@context":"https:\/\/schema.org","@graph":[{"@type":"Article","@id":"https:\/\/thecitizenfortheworld.com\/?p=92967#article","isPartOf":{"@id":"https:\/\/thecitizenfortheworld.com\/?p=92967"},"author":{"name":"thecitizenfortheworld23@gmail.com","@id":"https:\/\/thecitizenfortheworld.com\/#\/schema\/person\/1f6b82847278ca8d344c472822b5b66f"},"headline":"Estados Unidos cierra la puerta a una nueva pr\u00f3rroga del TPS para hondure\u00f1os","datePublished":"2026-09-03T18:09:45+00:00","dateModified":"2026-09-03T18:09:45+00:00","mainEntityOfPage":{"@id":"https:\/\/thecitizenfortheworld.com\/?p=92967"},"wordCount":827,"commentCount":0,"publisher":{"@id":"https:\/\/thecitizenfortheworld.com\/#organization"},"articleSection":["Centroam\u00e9rica","Pol\u00edtica"],"inLanguage":"es-CO","potentialAction":[{"@type":"CommentAction","name":"Comment","target":["https:\/\/thecitizenfortheworld.com\/?p=92967#respond"]}]},{"@type":"WebPage","@id":"https:\/\/thecitizenfortheworld.com\/?p=92967","url":"https:\/\/thecitizenfortheworld.com\/?p=92967","name":"Estados Unidos cierra la puerta a una nueva pr\u00f3rroga del TPS para hondure\u00f1os - The citizen for the world","isPartOf":{"@id":"https:\/\/thecitizenfortheworld.com\/#website"},"datePublished":"2026-09-03T18:09:45+00:00","dateModified":"2026-09-03T18:09:45+00:00","breadcrumb":{"@id":"https:\/\/thecitizenfortheworld.com\/?p=92967#breadcrumb"},"inLanguage":"es-CO","potentialAction":[{"@type":"ReadAction","target":["https:\/\/thecitizenfortheworld.com\/?p=92967"]}]},{"@type":"BreadcrumbList","@id":"https:\/\/thecitizenfortheworld.com\/?p=92967#breadcrumb","itemListElement":[{"@type":"ListItem","position":1,"name":"Inicio","item":"https:\/\/thecitizenfortheworld.com\/"},{"@type":"ListItem","position":2,"name":"Estados Unidos cierra la puerta a una nueva pr\u00f3rroga del TPS para hondure\u00f1os"}]},{"@type":"WebSite","@id":"https:\/\/thecitizenfortheworld.com\/#website","url":"https:\/\/thecitizenfortheworld.com\/","name":"The citizen for the world","description":"","publisher":{"@id":"https:\/\/thecitizenfortheworld.com\/#organization"},"potentialAction":[{"@type":"SearchAction","target":{"@type":"EntryPoint","urlTemplate":"https:\/\/thecitizenfortheworld.com\/?s={search_term_string}"},"query-input":"required name=search_term_string"}],"inLanguage":"es-CO"},{"@type":"Organization","@id":"https:\/\/thecitizenfortheworld.com\/#organization","name":"The citizen for the world","url":"https:\/\/thecitizenfortheworld.com\/","logo":{"@type":"ImageObject","inLanguage":"es-CO","@id":"https:\/\/thecitizenfortheworld.com\/#\/schema\/logo\/image\/","url":"https:\/\/thecitizenfortheworld.com\/wp-content\/uploads\/2023\/04\/cropped-the-citizens.png","contentUrl":"https:\/\/thecitizenfortheworld.com\/wp-content\/uploads\/2023\/04\/cropped-the-citizens.png","width":1135,"height":1302,"caption":"The citizen for the world"},"image":{"@id":"https:\/\/thecitizenfortheworld.com\/#\/schema\/logo\/image\/"},"sameAs":["https:\/\/www.facebook.com\/thecitizenfortheworld"]},{"@type":"Person","@id":"https:\/\/thecitizenfortheworld.com\/#\/schema\/person\/1f6b82847278ca8d344c472822b5b66f","name":"thecitizenfortheworld23@gmail.com","image":{"@type":"ImageObject","inLanguage":"es-CO","@id":"https:\/\/thecitizenfortheworld.com\/#\/schema\/person\/image\/","url":"https:\/\/secure.gravatar.com\/avatar\/fa0768c808e84d205962885f7091f34b?s=96&d=mm&r=pg","contentUrl":"https:\/\/secure.gravatar.com\/avatar\/fa0768c808e84d205962885f7091f34b?s=96&d=mm&r=pg","caption":"thecitizenfortheworld23@gmail.com"},"sameAs":["http:\/\/thecitizenfortheworld.com"],"url":"https:\/\/thecitizenfortheworld.com\/?author=1"}]}},"_links":{"self":[{"href":"https:\/\/thecitizenfortheworld.com\/index.php?rest_route=\/wp\/v2\/posts\/92967"}],"collection":[{"href":"https:\/\/thecitizenfortheworld.com\/index.php?rest_route=\/wp\/v2\/posts"}],"about":[{"href":"https:\/\/thecitizenfortheworld.com\/index.php?rest_route=\/wp\/v2\/types\/post"}],"author":[{"embeddable":true,"href":"https:\/\/thecitizenfortheworld.com\/index.php?rest_route=\/wp\/v2\/users\/1"}],"replies":[{"embeddable":true,"href":"https:\/\/thecitizenfortheworld.com\/index.php?rest_route=%2Fwp%2Fv2%2Fcomments&post=92967"}],"version-history":[{"count":1,"href":"https:\/\/thecitizenfortheworld.com\/index.php?rest_route=\/wp\/v2\/posts\/92967\/revisions"}],"predecessor-version":[{"id":92969,"href":"https:\/\/thecitizenfortheworld.com\/index.php?rest_route=\/wp\/v2\/posts\/92967\/revisions\/92969"}],"wp:featuredmedia":[{"embeddable":true,"href":"https:\/\/thecitizenfortheworld.com\/index.php?rest_route=\/wp\/v2\/media\/92968"}],"wp:attachment":[{"href":"https:\/\/thecitizenfortheworld.com\/index.php?rest_route=%2Fwp%2Fv2%2Fmedia&parent=92967"}],"wp:term":[{"taxonomy":"category","embeddable":true,"href":"https:\/\/thecitizenfortheworld.com\/index.php?rest_route=%2Fwp%2Fv2%2Fcategories&post=92967"},{"taxonomy":"post_tag","embeddable":true,"href":"https:\/\/thecitizenfortheworld.com\/index.php?rest_route=%2Fwp%2Fv2%2Ftags&post=92967"}],"curies":[{"name":"wp","href":"https:\/\/api.w.org\/{rel}","templated":true}]}}