{"id":92963,"date":"2026-09-03T12:50:10","date_gmt":"2026-09-03T17:50:10","guid":{"rendered":"https:\/\/thecitizenfortheworld.com\/?p=92963"},"modified":"2026-09-03T12:50:10","modified_gmt":"2026-09-03T17:50:10","slug":"exigen-al-gobierno-de-delcy-rodriguez-actualizar-datos-de-muertes-y-desaparecidos-por-los-terremotos","status":"publish","type":"post","link":"https:\/\/thecitizenfortheworld.com\/?p=92963","title":{"rendered":"Exigen al gobierno de Delcy Rodr\u00edguez actualizar datos de muertes y desaparecidos por los terremotos"},"content":{"rendered":"<p class=\"article-subheadline text-align-left\">El r\u00e9gimen chavista, que sin mediar explicaci\u00f3n cambi\u00f3 la periodicidad y elaboraci\u00f3n de los partes oficiales, no ha publicado el balance de esta semana<\/p>\n<p>Sin ofrecer ninguna explicaci\u00f3n, el gobierno interino de <b>Delcy Rodr\u00edguez<\/b> cambi\u00f3 la periodicidad de los balances de los terremotos -de diario a semanal- y tambi\u00e9n elimin\u00f3 varios de los datos que ofrec\u00eda tras la tragedia.<\/p>\n<p>Hasta hoy jueves 3 de septiembre, <b>a\u00fan no han publicado el reporte que han debido compartir el lunes<\/b>. En rechazo a la opacidad gubernamental, el Programa Venezolano de Educaci\u00f3n-Acci\u00f3n en Derechos Humanos (Provea) exigi\u00f3 al Ejecutivo actualizar la cifra de fallecidos y desaparecidos a causa del doblete s\u00edsmico del 24 de junio.<\/p>\n<p><b>\u201cLas autoridades interinas tienen m\u00e1s de una semana sin actualizar el n\u00famero de fallecidos por el doble terremoto en Venezuela, cuya \u00faltima cifra fue de 6.509 v\u00edctimas\u201d<\/b>, denunci\u00f3 la ONG, recordando que <b>en el caso de los desaparecidos la deuda es a\u00fan mayor: \u201cm\u00e1s de 69 d\u00edas sin actualizar\u201d<\/b>.<\/p>\n<p>El manejo de la cifra de desaparecidos ha sido pol\u00e9mico desde un principio. Al d\u00eda siguiente del cataclismo, el jefe del Parlamento y hermano de la mandataria interina, <b>Jorge Rodr\u00edguez<\/b>, indic\u00f3 que eran apenas 157 personas. A partir de all\u00ed, ni Rodr\u00edguez ni ning\u00fan vocero del gobierno central jam\u00e1s volvi\u00f3 a brindar una estad\u00edstica distinta.<\/p>\n<div class=\"visual__image\"><picture><source srcset=\"https:\/\/www.infobae.com\/resizer\/v2\/UBC54QL6MBBULFKC5LL47657UE.JPG?auth=e596fee796b076d3eb9073b19531827ebda3733b40fb266e47f259163e17b459&amp;smart=true&amp;width=992&amp;height=662&amp;quality=85\" media=\"(min-width: 1000px)\" \/><source srcset=\"https:\/\/www.infobae.com\/resizer\/v2\/UBC54QL6MBBULFKC5LL47657UE.JPG?auth=e596fee796b076d3eb9073b19531827ebda3733b40fb266e47f259163e17b459&amp;smart=true&amp;width=768&amp;height=512&amp;quality=85\" media=\"(min-width: 768px)\" \/><source srcset=\"https:\/\/www.infobae.com\/resizer\/v2\/UBC54QL6MBBULFKC5LL47657UE.JPG?auth=e596fee796b076d3eb9073b19531827ebda3733b40fb266e47f259163e17b459&amp;smart=true&amp;width=577&amp;height=385&amp;quality=85\" media=\"(min-width: 580px)\" \/><source srcset=\"https:\/\/www.infobae.com\/resizer\/v2\/UBC54QL6MBBULFKC5LL47657UE.JPG?auth=e596fee796b076d3eb9073b19531827ebda3733b40fb266e47f259163e17b459&amp;smart=true&amp;width=420&amp;height=280&amp;quality=85\" media=\"(min-width: 350px)\" \/><source srcset=\"https:\/\/www.infobae.com\/resizer\/v2\/UBC54QL6MBBULFKC5LL47657UE.JPG?auth=e596fee796b076d3eb9073b19531827ebda3733b40fb266e47f259163e17b459&amp;smart=true&amp;width=350&amp;height=233&amp;quality=85\" media=\"(min-width: 80px)\" \/><img decoding=\"async\" loading=\"lazy\" class=\"global-image\" src=\"https:\/\/www.infobae.com\/resizer\/v2\/UBC54QL6MBBULFKC5LL47657UE.JPG?auth=e596fee796b076d3eb9073b19531827ebda3733b40fb266e47f259163e17b459&amp;smart=true&amp;width=350&amp;height=233&amp;quality=85\" alt=\"Una persona observa carteles con fotos de personas desaparecidas tras los terremotos del 24 de junio, en el Hospital Dr. Domingo Luciani, al este de Caracas, Venezuela. 13 de julio de 2026. REUTERS\/Leonardo Fern\u00e1ndez Viloria\" width=\"5057\" height=\"3373\" \/><\/picture><em>Una persona observa carteles con fotos de personas desaparecidas tras los terremotos del 24 de junio, en el Hospital Dr. Domingo Luciani, al este de Caracas, Venezuela. 13 de julio de 2026. REUTERS\/Leonardo Fern\u00e1ndez Viloria<\/em><\/div>\n<p class=\"paragraph\" data-paragraph-number=\"5\" data-mrf-recirculation=\"Links inline\">\u201c<b>Mucho se ha dicho sobre la cifra de desaparecidos, que nosotros estamos ocultando<\/b>, si te das cuenta, desde el d\u00eda 25 de junio, personalmente me present\u00e9 y dimos la cifra de personas que fallecieron, personas que tenemos la certificaci\u00f3n de que en efecto lamentablemente perdieron la vida durante los dos terremotos. <b>No podemos manejarnos en base a especulaciones sino en base a la realidad<\/b>\u201d, trat\u00f3 de justificarse Rodr\u00edguez en una rueda de prensa el 11 de julio.<\/p>\n<p data-paragraph-number=\"5\" data-mrf-recirculation=\"Links inline\">El gobernador del estado La Guaira, <b>Jos\u00e9 Alejandro Ter\u00e1n<\/b>, dijo hace un mes que la cantidad de desaparecidos alcanzaba los 1.579. \u201cEsta es la base de datos m\u00e1s s\u00f3lida de personas desaparecidas que se ha tenido porque ha sido suministrada por los mismos familiares\u201d, manifest\u00f3 Ter\u00e1n el 4 de agosto.<\/p>\n<h2 id=\"borrados\" class=\"text-align-left vertical-align-top line-height-100 header headline-class-h2 headline\">Borrados<\/h2>\n<p class=\"paragraph\" data-paragraph-number=\"7\" data-mrf-recirculation=\"Links inline\">Frente al silencio oficial, Provea apunta que <b>\u201ciniciativas ciudadanas han denunciado miles de personas con paradero desconocido, sin que exista un registro p\u00fablico que respalde\u201d<\/b>.<\/p>\n<p class=\"paragraph\" data-paragraph-number=\"8\" data-mrf-recirculation=\"Links inline\">Los familiares se\u00f1alan que chocan contra la <b>falta de informaci\u00f3n<\/b> al momento de buscar a sus seres queridos, mientras en La Guaira -declarada zona de desastre- contin\u00faan los trabajos de remoci\u00f3n de escombros y recuperaci\u00f3n de cuerpos.<\/p>\n<div class=\"visual__image\"><picture><source srcset=\"https:\/\/www.infobae.com\/resizer\/v2\/EPFIL3NK6FBH3OKTSCUDIHATXA.JPG?auth=b57a16e20888cc47e5c5bf4ee6b70cac3d80f72192d067bf6a4e50a49fa8d3f9&amp;smart=true&amp;width=992&amp;height=662&amp;quality=85\" media=\"(min-width: 1000px)\" \/><source srcset=\"https:\/\/www.infobae.com\/resizer\/v2\/EPFIL3NK6FBH3OKTSCUDIHATXA.JPG?auth=b57a16e20888cc47e5c5bf4ee6b70cac3d80f72192d067bf6a4e50a49fa8d3f9&amp;smart=true&amp;width=768&amp;height=513&amp;quality=85\" media=\"(min-width: 768px)\" \/><source srcset=\"https:\/\/www.infobae.com\/resizer\/v2\/EPFIL3NK6FBH3OKTSCUDIHATXA.JPG?auth=b57a16e20888cc47e5c5bf4ee6b70cac3d80f72192d067bf6a4e50a49fa8d3f9&amp;smart=true&amp;width=577&amp;height=385&amp;quality=85\" media=\"(min-width: 580px)\" \/><source srcset=\"https:\/\/www.infobae.com\/resizer\/v2\/EPFIL3NK6FBH3OKTSCUDIHATXA.JPG?auth=b57a16e20888cc47e5c5bf4ee6b70cac3d80f72192d067bf6a4e50a49fa8d3f9&amp;smart=true&amp;width=420&amp;height=280&amp;quality=85\" media=\"(min-width: 350px)\" \/><source srcset=\"https:\/\/www.infobae.com\/resizer\/v2\/EPFIL3NK6FBH3OKTSCUDIHATXA.JPG?auth=b57a16e20888cc47e5c5bf4ee6b70cac3d80f72192d067bf6a4e50a49fa8d3f9&amp;smart=true&amp;width=350&amp;height=234&amp;quality=85\" media=\"(min-width: 80px)\" \/><img decoding=\"async\" loading=\"lazy\" class=\"global-image\" src=\"https:\/\/www.infobae.com\/resizer\/v2\/EPFIL3NK6FBH3OKTSCUDIHATXA.JPG?auth=b57a16e20888cc47e5c5bf4ee6b70cac3d80f72192d067bf6a4e50a49fa8d3f9&amp;smart=true&amp;width=350&amp;height=234&amp;quality=85\" alt=\"Armando Ceballos saca de entre los escombros el cad\u00e1ver de la madre de su amigo David, despu\u00e9s de que ambos pasaran m\u00e1s de un mes excavando t\u00faneles en busca de sus seres queridos tras los terremotos del 24 de junio que sacudieron Venezuela, causando la muerte y el desplazamiento de miles de personas, en Caraballeda, La Guaira, Venezuela, el 29 de julio de 2026. REUTERS\/Gaby Oraa     IM\u00c1GENES DEL D\u00cdA DE TPX\" width=\"5500\" height=\"3671\" \/><\/picture><em>Armando Ceballos saca de entre los escombros el cad\u00e1ver de la madre de su amigo David, despu\u00e9s de que ambos pasaran m\u00e1s de un mes excavando t\u00faneles en busca de sus seres queridos tras los terremotos del 24 de junio que sacudieron Venezuela, causando la muerte y el desplazamiento de miles de personas, en Caraballeda, La Guaira, Venezuela, el 29 de julio de 2026. REUTERS\/Gaby Oraa IM\u00c1GENES DEL D\u00cdA DE TPX<\/em><\/div>\n<p class=\"paragraph\" data-paragraph-number=\"9\" data-mrf-recirculation=\"Links inline\"><b>\u201cExigimos al Estado venezolano actualizar y publicar ambas cifras -fallecidos y desaparecidos- de forma continua. La informaci\u00f3n salva vidas y es una obligaci\u00f3n del Estado\u201d<\/b>, subrayan los defensores de Derechos Humanos.<\/p>\n<p class=\"paragraph\" data-paragraph-number=\"10\" data-mrf-recirculation=\"Links inline\">El parte original que divulgaba el gobierno interino inclu\u00eda datos como n\u00famero de heridos, damnificados, edificios afectados y colapsados, personas refugiadas en campamentos transitorios y hasta la cantidad de r\u00e9plicas, entre otros.<\/p>\n<p data-paragraph-number=\"10\" data-mrf-recirculation=\"Links inline\">De repente y sin mediar explicaci\u00f3n, <b>esos elementos fueron borrados y ahora el gobierno ofrece un balance reducido<\/b> que refleja el n\u00famero de viviendas entregadas (335 en el \u00faltimo reporte) y la cantidad de escombros recogidos (m\u00e1s de 600 mil toneladas hasta el 24 de agosto).<\/p>\n<p data-paragraph-number=\"10\" data-mrf-recirculation=\"Links inline\">(<em>Con informaci\u00f3n de Infobae)<\/em><\/p>\n","protected":false},"excerpt":{"rendered":"<p>El r\u00e9gimen chavista, que sin mediar explicaci\u00f3n cambi\u00f3 la periodicidad y elaboraci\u00f3n de los partes oficiales, no ha publicado el balance de esta semana Sin ofrecer ninguna explicaci\u00f3n, el gobierno interino de Delcy Rodr\u00edguez cambi\u00f3 la periodicidad de los balances de los terremotos -de diario a semanal- y tambi\u00e9n elimin\u00f3 varios de los datos que [&hellip;]<\/p>\n","protected":false},"author":1,"featured_media":92964,"comment_status":"open","ping_status":"open","sticky":false,"template":"","format":"standard","meta":{"om_disable_all_campaigns":false,"_mi_skip_tracking":false},"categories":[4,57],"tags":[],"yoast_head":"<!-- This site is optimized with the Yoast SEO plugin v20.5 - https:\/\/yoast.com\/wordpress\/plugins\/seo\/ -->\n<title>Exigen al gobierno de Delcy Rodr\u00edguez actualizar datos de muertes y desaparecidos por los terremotos - The citizen for the world<\/title>\n<meta name=\"robots\" content=\"index, follow, max-snippet:-1, max-image-preview:large, max-video-preview:-1\" \/>\n<link rel=\"canonical\" href=\"https:\/\/thecitizenfortheworld.com\/?p=92963\" \/>\n<meta property=\"og:locale\" content=\"es_ES\" \/>\n<meta property=\"og:type\" content=\"article\" \/>\n<meta property=\"og:title\" content=\"Exigen al gobierno de Delcy Rodr\u00edguez actualizar datos de muertes y desaparecidos por los terremotos - The citizen for the world\" \/>\n<meta property=\"og:description\" content=\"El r\u00e9gimen chavista, que sin mediar explicaci\u00f3n cambi\u00f3 la periodicidad y elaboraci\u00f3n de los partes oficiales, no ha publicado el balance de esta semana Sin ofrecer ninguna explicaci\u00f3n, el gobierno interino de Delcy Rodr\u00edguez cambi\u00f3 la periodicidad de los balances de los terremotos -de diario a semanal- y tambi\u00e9n elimin\u00f3 varios de los datos que [&hellip;]\" \/>\n<meta property=\"og:url\" content=\"https:\/\/thecitizenfortheworld.com\/?p=92963\" \/>\n<meta property=\"og:site_name\" content=\"The citizen for the world\" \/>\n<meta property=\"article:publisher\" content=\"https:\/\/www.facebook.com\/thecitizenfortheworld\" \/>\n<meta property=\"article:published_time\" content=\"2026-09-03T17:50:10+00:00\" \/>\n<meta property=\"og:image\" content=\"https:\/\/thecitizenfortheworld.com\/wp-content\/uploads\/2026\/09\/terremoto-Ven.jpg\" \/>\n\t<meta property=\"og:image:width\" content=\"638\" \/>\n\t<meta property=\"og:image:height\" content=\"480\" \/>\n\t<meta property=\"og:image:type\" content=\"image\/jpeg\" \/>\n<meta name=\"author\" content=\"thecitizenfortheworld23@gmail.com\" \/>\n<meta name=\"twitter:card\" content=\"summary_large_image\" \/>\n<meta name=\"twitter:label1\" content=\"Escrito por\" \/>\n\t<meta name=\"twitter:data1\" content=\"thecitizenfortheworld23@gmail.com\" \/>\n\t<meta name=\"twitter:label2\" content=\"Tiempo estimado de lectura\" \/>\n\t<meta name=\"twitter:data2\" content=\"4 minutos\" \/>\n<script type=\"application\/ld+json\" class=\"yoast-schema-graph\">{\"@context\":\"https:\/\/schema.org\",\"@graph\":[{\"@type\":\"Article\",\"@id\":\"https:\/\/thecitizenfortheworld.com\/?p=92963#article\",\"isPartOf\":{\"@id\":\"https:\/\/thecitizenfortheworld.com\/?p=92963\"},\"author\":{\"name\":\"thecitizenfortheworld23@gmail.com\",\"@id\":\"https:\/\/thecitizenfortheworld.com\/#\/schema\/person\/1f6b82847278ca8d344c472822b5b66f\"},\"headline\":\"Exigen al gobierno de Delcy Rodr\u00edguez actualizar datos de muertes y desaparecidos por los terremotos\",\"datePublished\":\"2026-09-03T17:50:10+00:00\",\"dateModified\":\"2026-09-03T17:50:10+00:00\",\"mainEntityOfPage\":{\"@id\":\"https:\/\/thecitizenfortheworld.com\/?p=92963\"},\"wordCount\":677,\"commentCount\":0,\"publisher\":{\"@id\":\"https:\/\/thecitizenfortheworld.com\/#organization\"},\"articleSection\":[\"Pol\u00edtica\",\"Venezuela\"],\"inLanguage\":\"es-CO\",\"potentialAction\":[{\"@type\":\"CommentAction\",\"name\":\"Comment\",\"target\":[\"https:\/\/thecitizenfortheworld.com\/?p=92963#respond\"]}]},{\"@type\":\"WebPage\",\"@id\":\"https:\/\/thecitizenfortheworld.com\/?p=92963\",\"url\":\"https:\/\/thecitizenfortheworld.com\/?p=92963\",\"name\":\"Exigen al gobierno de Delcy Rodr\u00edguez actualizar datos de muertes y desaparecidos por los terremotos - The citizen for the world\",\"isPartOf\":{\"@id\":\"https:\/\/thecitizenfortheworld.com\/#website\"},\"datePublished\":\"2026-09-03T17:50:10+00:00\",\"dateModified\":\"2026-09-03T17:50:10+00:00\",\"breadcrumb\":{\"@id\":\"https:\/\/thecitizenfortheworld.com\/?p=92963#breadcrumb\"},\"inLanguage\":\"es-CO\",\"potentialAction\":[{\"@type\":\"ReadAction\",\"target\":[\"https:\/\/thecitizenfortheworld.com\/?p=92963\"]}]},{\"@type\":\"BreadcrumbList\",\"@id\":\"https:\/\/thecitizenfortheworld.com\/?p=92963#breadcrumb\",\"itemListElement\":[{\"@type\":\"ListItem\",\"position\":1,\"name\":\"Inicio\",\"item\":\"https:\/\/thecitizenfortheworld.com\/\"},{\"@type\":\"ListItem\",\"position\":2,\"name\":\"Exigen al gobierno de Delcy Rodr\u00edguez actualizar datos de muertes y desaparecidos por los terremotos\"}]},{\"@type\":\"WebSite\",\"@id\":\"https:\/\/thecitizenfortheworld.com\/#website\",\"url\":\"https:\/\/thecitizenfortheworld.com\/\",\"name\":\"The citizen for the world\",\"description\":\"\",\"publisher\":{\"@id\":\"https:\/\/thecitizenfortheworld.com\/#organization\"},\"potentialAction\":[{\"@type\":\"SearchAction\",\"target\":{\"@type\":\"EntryPoint\",\"urlTemplate\":\"https:\/\/thecitizenfortheworld.com\/?s={search_term_string}\"},\"query-input\":\"required name=search_term_string\"}],\"inLanguage\":\"es-CO\"},{\"@type\":\"Organization\",\"@id\":\"https:\/\/thecitizenfortheworld.com\/#organization\",\"name\":\"The citizen for the world\",\"url\":\"https:\/\/thecitizenfortheworld.com\/\",\"logo\":{\"@type\":\"ImageObject\",\"inLanguage\":\"es-CO\",\"@id\":\"https:\/\/thecitizenfortheworld.com\/#\/schema\/logo\/image\/\",\"url\":\"https:\/\/thecitizenfortheworld.com\/wp-content\/uploads\/2023\/04\/cropped-the-citizens.png\",\"contentUrl\":\"https:\/\/thecitizenfortheworld.com\/wp-content\/uploads\/2023\/04\/cropped-the-citizens.png\",\"width\":1135,\"height\":1302,\"caption\":\"The citizen for the world\"},\"image\":{\"@id\":\"https:\/\/thecitizenfortheworld.com\/#\/schema\/logo\/image\/\"},\"sameAs\":[\"https:\/\/www.facebook.com\/thecitizenfortheworld\"]},{\"@type\":\"Person\",\"@id\":\"https:\/\/thecitizenfortheworld.com\/#\/schema\/person\/1f6b82847278ca8d344c472822b5b66f\",\"name\":\"thecitizenfortheworld23@gmail.com\",\"image\":{\"@type\":\"ImageObject\",\"inLanguage\":\"es-CO\",\"@id\":\"https:\/\/thecitizenfortheworld.com\/#\/schema\/person\/image\/\",\"url\":\"https:\/\/secure.gravatar.com\/avatar\/fa0768c808e84d205962885f7091f34b?s=96&d=mm&r=pg\",\"contentUrl\":\"https:\/\/secure.gravatar.com\/avatar\/fa0768c808e84d205962885f7091f34b?s=96&d=mm&r=pg\",\"caption\":\"thecitizenfortheworld23@gmail.com\"},\"sameAs\":[\"http:\/\/thecitizenfortheworld.com\"],\"url\":\"https:\/\/thecitizenfortheworld.com\/?author=1\"}]}<\/script>\n<!-- \/ Yoast SEO plugin. -->","yoast_head_json":{"title":"Exigen al gobierno de Delcy Rodr\u00edguez actualizar datos de muertes y desaparecidos por los terremotos - The citizen for the world","robots":{"index":"index","follow":"follow","max-snippet":"max-snippet:-1","max-image-preview":"max-image-preview:large","max-video-preview":"max-video-preview:-1"},"canonical":"https:\/\/thecitizenfortheworld.com\/?p=92963","og_locale":"es_ES","og_type":"article","og_title":"Exigen al gobierno de Delcy Rodr\u00edguez actualizar datos de muertes y desaparecidos por los terremotos - The citizen for the world","og_description":"El r\u00e9gimen chavista, que sin mediar explicaci\u00f3n cambi\u00f3 la periodicidad y elaboraci\u00f3n de los partes oficiales, no ha publicado el balance de esta semana Sin ofrecer ninguna explicaci\u00f3n, el gobierno interino de Delcy Rodr\u00edguez cambi\u00f3 la periodicidad de los balances de los terremotos -de diario a semanal- y tambi\u00e9n elimin\u00f3 varios de los datos que [&hellip;]","og_url":"https:\/\/thecitizenfortheworld.com\/?p=92963","og_site_name":"The citizen for the world","article_publisher":"https:\/\/www.facebook.com\/thecitizenfortheworld","article_published_time":"2026-09-03T17:50:10+00:00","og_image":[{"width":638,"height":480,"url":"https:\/\/thecitizenfortheworld.com\/wp-content\/uploads\/2026\/09\/terremoto-Ven.jpg","type":"image\/jpeg"}],"author":"thecitizenfortheworld23@gmail.com","twitter_card":"summary_large_image","twitter_misc":{"Escrito por":"thecitizenfortheworld23@gmail.com","Tiempo estimado de lectura":"4 minutos"},"schema":{"@context":"https:\/\/schema.org","@graph":[{"@type":"Article","@id":"https:\/\/thecitizenfortheworld.com\/?p=92963#article","isPartOf":{"@id":"https:\/\/thecitizenfortheworld.com\/?p=92963"},"author":{"name":"thecitizenfortheworld23@gmail.com","@id":"https:\/\/thecitizenfortheworld.com\/#\/schema\/person\/1f6b82847278ca8d344c472822b5b66f"},"headline":"Exigen al gobierno de Delcy Rodr\u00edguez actualizar datos de muertes y desaparecidos por los terremotos","datePublished":"2026-09-03T17:50:10+00:00","dateModified":"2026-09-03T17:50:10+00:00","mainEntityOfPage":{"@id":"https:\/\/thecitizenfortheworld.com\/?p=92963"},"wordCount":677,"commentCount":0,"publisher":{"@id":"https:\/\/thecitizenfortheworld.com\/#organization"},"articleSection":["Pol\u00edtica","Venezuela"],"inLanguage":"es-CO","potentialAction":[{"@type":"CommentAction","name":"Comment","target":["https:\/\/thecitizenfortheworld.com\/?p=92963#respond"]}]},{"@type":"WebPage","@id":"https:\/\/thecitizenfortheworld.com\/?p=92963","url":"https:\/\/thecitizenfortheworld.com\/?p=92963","name":"Exigen al gobierno de Delcy Rodr\u00edguez actualizar datos de muertes y desaparecidos por los terremotos - The citizen for the world","isPartOf":{"@id":"https:\/\/thecitizenfortheworld.com\/#website"},"datePublished":"2026-09-03T17:50:10+00:00","dateModified":"2026-09-03T17:50:10+00:00","breadcrumb":{"@id":"https:\/\/thecitizenfortheworld.com\/?p=92963#breadcrumb"},"inLanguage":"es-CO","potentialAction":[{"@type":"ReadAction","target":["https:\/\/thecitizenfortheworld.com\/?p=92963"]}]},{"@type":"BreadcrumbList","@id":"https:\/\/thecitizenfortheworld.com\/?p=92963#breadcrumb","itemListElement":[{"@type":"ListItem","position":1,"name":"Inicio","item":"https:\/\/thecitizenfortheworld.com\/"},{"@type":"ListItem","position":2,"name":"Exigen al gobierno de Delcy Rodr\u00edguez actualizar datos de muertes y desaparecidos por los terremotos"}]},{"@type":"WebSite","@id":"https:\/\/thecitizenfortheworld.com\/#website","url":"https:\/\/thecitizenfortheworld.com\/","name":"The citizen for the world","description":"","publisher":{"@id":"https:\/\/thecitizenfortheworld.com\/#organization"},"potentialAction":[{"@type":"SearchAction","target":{"@type":"EntryPoint","urlTemplate":"https:\/\/thecitizenfortheworld.com\/?s={search_term_string}"},"query-input":"required name=search_term_string"}],"inLanguage":"es-CO"},{"@type":"Organization","@id":"https:\/\/thecitizenfortheworld.com\/#organization","name":"The citizen for the world","url":"https:\/\/thecitizenfortheworld.com\/","logo":{"@type":"ImageObject","inLanguage":"es-CO","@id":"https:\/\/thecitizenfortheworld.com\/#\/schema\/logo\/image\/","url":"https:\/\/thecitizenfortheworld.com\/wp-content\/uploads\/2023\/04\/cropped-the-citizens.png","contentUrl":"https:\/\/thecitizenfortheworld.com\/wp-content\/uploads\/2023\/04\/cropped-the-citizens.png","width":1135,"height":1302,"caption":"The citizen for the world"},"image":{"@id":"https:\/\/thecitizenfortheworld.com\/#\/schema\/logo\/image\/"},"sameAs":["https:\/\/www.facebook.com\/thecitizenfortheworld"]},{"@type":"Person","@id":"https:\/\/thecitizenfortheworld.com\/#\/schema\/person\/1f6b82847278ca8d344c472822b5b66f","name":"thecitizenfortheworld23@gmail.com","image":{"@type":"ImageObject","inLanguage":"es-CO","@id":"https:\/\/thecitizenfortheworld.com\/#\/schema\/person\/image\/","url":"https:\/\/secure.gravatar.com\/avatar\/fa0768c808e84d205962885f7091f34b?s=96&d=mm&r=pg","contentUrl":"https:\/\/secure.gravatar.com\/avatar\/fa0768c808e84d205962885f7091f34b?s=96&d=mm&r=pg","caption":"thecitizenfortheworld23@gmail.com"},"sameAs":["http:\/\/thecitizenfortheworld.com"],"url":"https:\/\/thecitizenfortheworld.com\/?author=1"}]}},"_links":{"self":[{"href":"https:\/\/thecitizenfortheworld.com\/index.php?rest_route=\/wp\/v2\/posts\/92963"}],"collection":[{"href":"https:\/\/thecitizenfortheworld.com\/index.php?rest_route=\/wp\/v2\/posts"}],"about":[{"href":"https:\/\/thecitizenfortheworld.com\/index.php?rest_route=\/wp\/v2\/types\/post"}],"author":[{"embeddable":true,"href":"https:\/\/thecitizenfortheworld.com\/index.php?rest_route=\/wp\/v2\/users\/1"}],"replies":[{"embeddable":true,"href":"https:\/\/thecitizenfortheworld.com\/index.php?rest_route=%2Fwp%2Fv2%2Fcomments&post=92963"}],"version-history":[{"count":1,"href":"https:\/\/thecitizenfortheworld.com\/index.php?rest_route=\/wp\/v2\/posts\/92963\/revisions"}],"predecessor-version":[{"id":92965,"href":"https:\/\/thecitizenfortheworld.com\/index.php?rest_route=\/wp\/v2\/posts\/92963\/revisions\/92965"}],"wp:featuredmedia":[{"embeddable":true,"href":"https:\/\/thecitizenfortheworld.com\/index.php?rest_route=\/wp\/v2\/media\/92964"}],"wp:attachment":[{"href":"https:\/\/thecitizenfortheworld.com\/index.php?rest_route=%2Fwp%2Fv2%2Fmedia&parent=92963"}],"wp:term":[{"taxonomy":"category","embeddable":true,"href":"https:\/\/thecitizenfortheworld.com\/index.php?rest_route=%2Fwp%2Fv2%2Fcategories&post=92963"},{"taxonomy":"post_tag","embeddable":true,"href":"https:\/\/thecitizenfortheworld.com\/index.php?rest_route=%2Fwp%2Fv2%2Ftags&post=92963"}],"curies":[{"name":"wp","href":"https:\/\/api.w.org\/{rel}","templated":true}]}}