{"id":92958,"date":"2026-09-03T12:40:04","date_gmt":"2026-09-03T17:40:04","guid":{"rendered":"https:\/\/thecitizenfortheworld.com\/?p=92958"},"modified":"2026-09-03T12:40:04","modified_gmt":"2026-09-03T17:40:04","slug":"familiares-de-presos-politicos-en-venezuela-denuncian-traslados-arbitrarios-y-desaparicion-forzada","status":"publish","type":"post","link":"https:\/\/thecitizenfortheworld.com\/?p=92958","title":{"rendered":"Familiares de presos pol\u00edticos en Venezuela denuncian \u201ctraslados arbitrarios\u201d y \u201cdesaparici\u00f3n forzada\u201d"},"content":{"rendered":"<p class=\"article-subheadline text-align-left\">La jefa de la delegaci\u00f3n opositora que participa en el proceso de negociaci\u00f3n con el chavismo, Dinorah Figuera, expres\u00f3 su preocupaci\u00f3n y manifest\u00f3 su disposici\u00f3n a reunirse con los familiares de los detenidos<\/p>\n<p>Familiares de presos pol\u00edticos denunciaron este mi\u00e9rcoles 2 de septiembre el traslado de reclusos que estaban en la c\u00e1rcel de El Rodeo I al Fuerte Guaicaipuro, ambos en el estado Miranda, <b>sin notificaci\u00f3n previa<\/b>.<\/p>\n<p>El Comit\u00e9 por la Libertad de los Presos Pol\u00edticos (Clippve) se refiri\u00f3 a <b>\u201ctraslados arbitrarios\u201d<\/b>, destacando el sufrimiento y la incertidumbre que afectan a los parientes de los detenidos por la ausencia de informaci\u00f3n oficial.<\/p>\n<p>\u201cAnte la falta de respuestas, <b>las familias subieron a la monta\u00f1a cercana para intentar comunicarse con los detenidos a trav\u00e9s del eco, logrando saber que se habr\u00edan ejecutado 32 traslados<\/b>, incluyendo el de tres ciudadanos de nacionalidad colombiana\u201d, relat\u00f3 Clippve la escena que se vivi\u00f3 la noche del mi\u00e9rcoles.<\/p>\n<p class=\"paragraph\" data-paragraph-number=\"4\" data-mrf-recirculation=\"Links inline\">Indicaron que <b>\u201cel intento de comunicaci\u00f3n fue interrumpido cuando los funcionarios encendieron una corneta desde el interior del penal para impedir que continuaran hablando\u201d<\/b>.<\/p>\n<div class=\"visual__image\"><picture><source srcset=\"https:\/\/www.infobae.com\/resizer\/v2\/UYZF4B4JZ5HHRKN3NRXJ3SZB3E.jpg?auth=51f00034dc4d7402b7b107a34bcaca12ab2dce87cf34087d7f8ccb527c7a6965&amp;smart=true&amp;width=992&amp;height=661&amp;quality=85\" media=\"(min-width: 1000px)\" \/><source srcset=\"https:\/\/www.infobae.com\/resizer\/v2\/UYZF4B4JZ5HHRKN3NRXJ3SZB3E.jpg?auth=51f00034dc4d7402b7b107a34bcaca12ab2dce87cf34087d7f8ccb527c7a6965&amp;smart=true&amp;width=768&amp;height=512&amp;quality=85\" media=\"(min-width: 768px)\" \/><source srcset=\"https:\/\/www.infobae.com\/resizer\/v2\/UYZF4B4JZ5HHRKN3NRXJ3SZB3E.jpg?auth=51f00034dc4d7402b7b107a34bcaca12ab2dce87cf34087d7f8ccb527c7a6965&amp;smart=true&amp;width=577&amp;height=385&amp;quality=85\" media=\"(min-width: 580px)\" \/><source srcset=\"https:\/\/www.infobae.com\/resizer\/v2\/UYZF4B4JZ5HHRKN3NRXJ3SZB3E.jpg?auth=51f00034dc4d7402b7b107a34bcaca12ab2dce87cf34087d7f8ccb527c7a6965&amp;smart=true&amp;width=420&amp;height=280&amp;quality=85\" media=\"(min-width: 350px)\" \/><source srcset=\"https:\/\/www.infobae.com\/resizer\/v2\/UYZF4B4JZ5HHRKN3NRXJ3SZB3E.jpg?auth=51f00034dc4d7402b7b107a34bcaca12ab2dce87cf34087d7f8ccb527c7a6965&amp;smart=true&amp;width=350&amp;height=233&amp;quality=85\" media=\"(min-width: 80px)\" \/><img decoding=\"async\" loading=\"lazy\" class=\"global-image\" src=\"https:\/\/www.infobae.com\/resizer\/v2\/UYZF4B4JZ5HHRKN3NRXJ3SZB3E.jpg?auth=51f00034dc4d7402b7b107a34bcaca12ab2dce87cf34087d7f8ccb527c7a6965&amp;smart=true&amp;width=350&amp;height=233&amp;quality=85\" alt=\"Familiares de presos pol\u00edticos han protagonizado vigilias y protestas exigiendo la liberaci\u00f3n de sus seres queridos. (EFE\/ Miguel Guti\u00e9rrez)\" width=\"1920\" height=\"1280\" \/><\/picture><em>Familiares de presos pol\u00edticos han protagonizado vigilias y protestas exigiendo la liberaci\u00f3n de sus seres queridos. (EFE\/ Miguel Guti\u00e9rrez)<\/em><\/div>\n<p class=\"paragraph\" data-paragraph-number=\"5\" data-mrf-recirculation=\"Links inline\">Recuerdan que estas familias<b> llevan adelante una vigilia a las afueras de El Rodeo I desde el 8 de enero<\/b>, y hoy \u201cexigen a las autoridades la publicaci\u00f3n inmediata de un listado oficial y transparente que detalle los nombres y los lugares exactos de reclusi\u00f3n de los trasladados\u201d.<\/p>\n<p class=\"paragraph\" data-paragraph-number=\"6\" data-mrf-recirculation=\"Links inline\">La ONG Realidad Helicoide apunt\u00f3 que este procedimiento \u201cse ejecut\u00f3 sin que los familiares ni los abogados defensores fueran notificados, vulnerando de forma absoluta sus derechos y garant\u00edas fundamentales\u201d.<\/p>\n<p class=\"paragraph\" data-paragraph-number=\"7\" data-mrf-recirculation=\"Links inline\">\u201cAl no haber confirmaci\u00f3n de su paradero ni acceso a sus defensas o familias, <b>se encuentran bajo una situaci\u00f3n de desaparici\u00f3n forzada, bajo alto riesgo para su integridad f\u00edsica y sus vidas<\/b>\u201d, sentenci\u00f3.<\/p>\n<p class=\"paragraph\" data-paragraph-number=\"8\" data-mrf-recirculation=\"Links inline\">\u201cTras m\u00e1s de 200 d\u00edas pernoctando a las afueras del penal para exigir la libertad de quienes nunca debieron estar tras las rejas, <b>las familias contin\u00faan enfrentando una situaci\u00f3n profundamente revictimizante<\/b>\u201d, se\u00f1al\u00f3 Clippve.<\/p>\n<h2 id=\"atencion\" class=\"text-align-left vertical-align-top line-height-100 header headline-class-h2 headline\">Atenci\u00f3n<\/h2>\n<p class=\"paragraph\" data-paragraph-number=\"9\" data-mrf-recirculation=\"Links inline\"><b>Dinorah Figuera<\/b>, jefe de la delegaci\u00f3n opositora que participa en el proceso de negociaci\u00f3n con el r\u00e9gimen chavista, acus\u00f3 recibo de la carta p\u00fablica de Clippve, donde solicitan una reuni\u00f3n con los representantes de ambas partes, y expres\u00f3 su inquietud por los traslados de los presos pol\u00edticos.<\/p>\n<div class=\"visual__image\"><picture><source srcset=\"https:\/\/www.infobae.com\/resizer\/v2\/DRKUNLKHURD4VJIA4CX7YFLTT4.JPG?auth=7a8927c7219a6a593d61e1b9e5ce6db5756d63ce23fadf3f560f5cf9b7e04340&amp;smart=true&amp;width=992&amp;height=662&amp;quality=85\" media=\"(min-width: 1000px)\" \/><source srcset=\"https:\/\/www.infobae.com\/resizer\/v2\/DRKUNLKHURD4VJIA4CX7YFLTT4.JPG?auth=7a8927c7219a6a593d61e1b9e5ce6db5756d63ce23fadf3f560f5cf9b7e04340&amp;smart=true&amp;width=768&amp;height=512&amp;quality=85\" media=\"(min-width: 768px)\" \/><source srcset=\"https:\/\/www.infobae.com\/resizer\/v2\/DRKUNLKHURD4VJIA4CX7YFLTT4.JPG?auth=7a8927c7219a6a593d61e1b9e5ce6db5756d63ce23fadf3f560f5cf9b7e04340&amp;smart=true&amp;width=577&amp;height=385&amp;quality=85\" media=\"(min-width: 580px)\" \/><source srcset=\"https:\/\/www.infobae.com\/resizer\/v2\/DRKUNLKHURD4VJIA4CX7YFLTT4.JPG?auth=7a8927c7219a6a593d61e1b9e5ce6db5756d63ce23fadf3f560f5cf9b7e04340&amp;smart=true&amp;width=420&amp;height=280&amp;quality=85\" media=\"(min-width: 350px)\" \/><source srcset=\"https:\/\/www.infobae.com\/resizer\/v2\/DRKUNLKHURD4VJIA4CX7YFLTT4.JPG?auth=7a8927c7219a6a593d61e1b9e5ce6db5756d63ce23fadf3f560f5cf9b7e04340&amp;smart=true&amp;width=350&amp;height=233&amp;quality=85\" media=\"(min-width: 80px)\" \/><img decoding=\"async\" loading=\"lazy\" class=\"global-image\" src=\"https:\/\/www.infobae.com\/resizer\/v2\/DRKUNLKHURD4VJIA4CX7YFLTT4.JPG?auth=7a8927c7219a6a593d61e1b9e5ce6db5756d63ce23fadf3f560f5cf9b7e04340&amp;smart=true&amp;width=350&amp;height=233&amp;quality=85\" alt=\"Dinorah Figuera, jefa de la delegaci\u00f3n opositora que participa en el proceso de negociaci\u00f3n con el r\u00e9gimen chavista. REUTERS\/Leonardo Fernandez Viloria\" width=\"8013\" height=\"5345\" \/><\/picture><em>Dinorah Figuera, jefa de la delegaci\u00f3n opositora que participa en el proceso de negociaci\u00f3n con el r\u00e9gimen chavista. REUTERS\/Leonardo Fernandez Viloria<\/em><\/div>\n<p class=\"paragraph\" data-paragraph-number=\"10\" data-mrf-recirculation=\"Links inline\"><b>\u201cManifiesto con preocupaci\u00f3n la denuncia acerca de los traslados de algunos presos pol\u00edticos del centro penitenciario Rodeo I sin el conocimiento de sus familiares y abogados, causando gran incertidumbre\u201d<\/b>, declar\u00f3 Figuera, ratificando su disposici\u00f3n a conversar con los defensores de los detenidos por razones pol\u00edticas.<\/p>\n<p class=\"paragraph\" data-paragraph-number=\"11\" data-mrf-recirculation=\"Links inline\">Clippve pidi\u00f3 abrir un \u201cespacio de encuentro\u201d con los voceros del chavismo y la oposici\u00f3n para ofrecerles informaci\u00f3n sobre <b>\u201cal menos 400 casos de personas detenidas arbitrariamente por motivos pol\u00edticos\u201d<\/b>, de las cuales \u201c<b>37 presentan patolog\u00edas graves<\/b> que requieren atenci\u00f3n m\u00e9dica sostenida\u201d.<\/p>\n<p data-paragraph-number=\"11\" data-mrf-recirculation=\"Links inline\">(<em>Con informaci\u00f3n de Infobae)<\/em><\/p>\n","protected":false},"excerpt":{"rendered":"<p>La jefa de la delegaci\u00f3n opositora que participa en el proceso de negociaci\u00f3n con el chavismo, Dinorah Figuera, expres\u00f3 su preocupaci\u00f3n y manifest\u00f3 su disposici\u00f3n a reunirse con los familiares de los detenidos Familiares de presos pol\u00edticos denunciaron este mi\u00e9rcoles 2 de septiembre el traslado de reclusos que estaban en la c\u00e1rcel de El Rodeo [&hellip;]<\/p>\n","protected":false},"author":1,"featured_media":92959,"comment_status":"open","ping_status":"open","sticky":false,"template":"","format":"standard","meta":{"om_disable_all_campaigns":false,"_mi_skip_tracking":false},"categories":[4,57],"tags":[],"yoast_head":"<!-- This site is optimized with the Yoast SEO plugin v20.5 - https:\/\/yoast.com\/wordpress\/plugins\/seo\/ -->\n<title>Familiares de presos pol\u00edticos en Venezuela denuncian \u201ctraslados arbitrarios\u201d y \u201cdesaparici\u00f3n forzada\u201d - The citizen for the world<\/title>\n<meta name=\"robots\" content=\"index, follow, max-snippet:-1, max-image-preview:large, max-video-preview:-1\" \/>\n<link rel=\"canonical\" href=\"https:\/\/thecitizenfortheworld.com\/?p=92958\" \/>\n<meta property=\"og:locale\" content=\"es_ES\" \/>\n<meta property=\"og:type\" content=\"article\" \/>\n<meta property=\"og:title\" content=\"Familiares de presos pol\u00edticos en Venezuela denuncian \u201ctraslados arbitrarios\u201d y \u201cdesaparici\u00f3n forzada\u201d - The citizen for the world\" \/>\n<meta property=\"og:description\" content=\"La jefa de la delegaci\u00f3n opositora que participa en el proceso de negociaci\u00f3n con el chavismo, Dinorah Figuera, expres\u00f3 su preocupaci\u00f3n y manifest\u00f3 su disposici\u00f3n a reunirse con los familiares de los detenidos Familiares de presos pol\u00edticos denunciaron este mi\u00e9rcoles 2 de septiembre el traslado de reclusos que estaban en la c\u00e1rcel de El Rodeo [&hellip;]\" \/>\n<meta property=\"og:url\" content=\"https:\/\/thecitizenfortheworld.com\/?p=92958\" \/>\n<meta property=\"og:site_name\" content=\"The citizen for the world\" \/>\n<meta property=\"article:publisher\" content=\"https:\/\/www.facebook.com\/thecitizenfortheworld\" \/>\n<meta property=\"article:published_time\" content=\"2026-09-03T17:40:04+00:00\" \/>\n<meta property=\"og:image\" content=\"https:\/\/thecitizenfortheworld.com\/wp-content\/uploads\/2026\/09\/traslado-.jpg\" \/>\n\t<meta property=\"og:image:width\" content=\"992\" \/>\n\t<meta property=\"og:image:height\" content=\"558\" \/>\n\t<meta property=\"og:image:type\" content=\"image\/jpeg\" \/>\n<meta name=\"author\" content=\"thecitizenfortheworld23@gmail.com\" \/>\n<meta name=\"twitter:card\" content=\"summary_large_image\" \/>\n<meta name=\"twitter:label1\" content=\"Escrito por\" \/>\n\t<meta name=\"twitter:data1\" content=\"thecitizenfortheworld23@gmail.com\" \/>\n\t<meta name=\"twitter:label2\" content=\"Tiempo estimado de lectura\" \/>\n\t<meta name=\"twitter:data2\" content=\"3 minutos\" \/>\n<script type=\"application\/ld+json\" class=\"yoast-schema-graph\">{\"@context\":\"https:\/\/schema.org\",\"@graph\":[{\"@type\":\"Article\",\"@id\":\"https:\/\/thecitizenfortheworld.com\/?p=92958#article\",\"isPartOf\":{\"@id\":\"https:\/\/thecitizenfortheworld.com\/?p=92958\"},\"author\":{\"name\":\"thecitizenfortheworld23@gmail.com\",\"@id\":\"https:\/\/thecitizenfortheworld.com\/#\/schema\/person\/1f6b82847278ca8d344c472822b5b66f\"},\"headline\":\"Familiares de presos pol\u00edticos en Venezuela denuncian \u201ctraslados arbitrarios\u201d y \u201cdesaparici\u00f3n forzada\u201d\",\"datePublished\":\"2026-09-03T17:40:04+00:00\",\"dateModified\":\"2026-09-03T17:40:04+00:00\",\"mainEntityOfPage\":{\"@id\":\"https:\/\/thecitizenfortheworld.com\/?p=92958\"},\"wordCount\":557,\"commentCount\":0,\"publisher\":{\"@id\":\"https:\/\/thecitizenfortheworld.com\/#organization\"},\"articleSection\":[\"Pol\u00edtica\",\"Venezuela\"],\"inLanguage\":\"es-CO\",\"potentialAction\":[{\"@type\":\"CommentAction\",\"name\":\"Comment\",\"target\":[\"https:\/\/thecitizenfortheworld.com\/?p=92958#respond\"]}]},{\"@type\":\"WebPage\",\"@id\":\"https:\/\/thecitizenfortheworld.com\/?p=92958\",\"url\":\"https:\/\/thecitizenfortheworld.com\/?p=92958\",\"name\":\"Familiares de presos pol\u00edticos en Venezuela denuncian \u201ctraslados arbitrarios\u201d y \u201cdesaparici\u00f3n forzada\u201d - The citizen for the world\",\"isPartOf\":{\"@id\":\"https:\/\/thecitizenfortheworld.com\/#website\"},\"datePublished\":\"2026-09-03T17:40:04+00:00\",\"dateModified\":\"2026-09-03T17:40:04+00:00\",\"breadcrumb\":{\"@id\":\"https:\/\/thecitizenfortheworld.com\/?p=92958#breadcrumb\"},\"inLanguage\":\"es-CO\",\"potentialAction\":[{\"@type\":\"ReadAction\",\"target\":[\"https:\/\/thecitizenfortheworld.com\/?p=92958\"]}]},{\"@type\":\"BreadcrumbList\",\"@id\":\"https:\/\/thecitizenfortheworld.com\/?p=92958#breadcrumb\",\"itemListElement\":[{\"@type\":\"ListItem\",\"position\":1,\"name\":\"Inicio\",\"item\":\"https:\/\/thecitizenfortheworld.com\/\"},{\"@type\":\"ListItem\",\"position\":2,\"name\":\"Familiares de presos pol\u00edticos en Venezuela denuncian \u201ctraslados arbitrarios\u201d y \u201cdesaparici\u00f3n forzada\u201d\"}]},{\"@type\":\"WebSite\",\"@id\":\"https:\/\/thecitizenfortheworld.com\/#website\",\"url\":\"https:\/\/thecitizenfortheworld.com\/\",\"name\":\"The citizen for the world\",\"description\":\"\",\"publisher\":{\"@id\":\"https:\/\/thecitizenfortheworld.com\/#organization\"},\"potentialAction\":[{\"@type\":\"SearchAction\",\"target\":{\"@type\":\"EntryPoint\",\"urlTemplate\":\"https:\/\/thecitizenfortheworld.com\/?s={search_term_string}\"},\"query-input\":\"required name=search_term_string\"}],\"inLanguage\":\"es-CO\"},{\"@type\":\"Organization\",\"@id\":\"https:\/\/thecitizenfortheworld.com\/#organization\",\"name\":\"The citizen for the world\",\"url\":\"https:\/\/thecitizenfortheworld.com\/\",\"logo\":{\"@type\":\"ImageObject\",\"inLanguage\":\"es-CO\",\"@id\":\"https:\/\/thecitizenfortheworld.com\/#\/schema\/logo\/image\/\",\"url\":\"https:\/\/thecitizenfortheworld.com\/wp-content\/uploads\/2023\/04\/cropped-the-citizens.png\",\"contentUrl\":\"https:\/\/thecitizenfortheworld.com\/wp-content\/uploads\/2023\/04\/cropped-the-citizens.png\",\"width\":1135,\"height\":1302,\"caption\":\"The citizen for the world\"},\"image\":{\"@id\":\"https:\/\/thecitizenfortheworld.com\/#\/schema\/logo\/image\/\"},\"sameAs\":[\"https:\/\/www.facebook.com\/thecitizenfortheworld\"]},{\"@type\":\"Person\",\"@id\":\"https:\/\/thecitizenfortheworld.com\/#\/schema\/person\/1f6b82847278ca8d344c472822b5b66f\",\"name\":\"thecitizenfortheworld23@gmail.com\",\"image\":{\"@type\":\"ImageObject\",\"inLanguage\":\"es-CO\",\"@id\":\"https:\/\/thecitizenfortheworld.com\/#\/schema\/person\/image\/\",\"url\":\"https:\/\/secure.gravatar.com\/avatar\/fa0768c808e84d205962885f7091f34b?s=96&d=mm&r=pg\",\"contentUrl\":\"https:\/\/secure.gravatar.com\/avatar\/fa0768c808e84d205962885f7091f34b?s=96&d=mm&r=pg\",\"caption\":\"thecitizenfortheworld23@gmail.com\"},\"sameAs\":[\"http:\/\/thecitizenfortheworld.com\"],\"url\":\"https:\/\/thecitizenfortheworld.com\/?author=1\"}]}<\/script>\n<!-- \/ Yoast SEO plugin. -->","yoast_head_json":{"title":"Familiares de presos pol\u00edticos en Venezuela denuncian \u201ctraslados arbitrarios\u201d y \u201cdesaparici\u00f3n forzada\u201d - The citizen for the world","robots":{"index":"index","follow":"follow","max-snippet":"max-snippet:-1","max-image-preview":"max-image-preview:large","max-video-preview":"max-video-preview:-1"},"canonical":"https:\/\/thecitizenfortheworld.com\/?p=92958","og_locale":"es_ES","og_type":"article","og_title":"Familiares de presos pol\u00edticos en Venezuela denuncian \u201ctraslados arbitrarios\u201d y \u201cdesaparici\u00f3n forzada\u201d - The citizen for the world","og_description":"La jefa de la delegaci\u00f3n opositora que participa en el proceso de negociaci\u00f3n con el chavismo, Dinorah Figuera, expres\u00f3 su preocupaci\u00f3n y manifest\u00f3 su disposici\u00f3n a reunirse con los familiares de los detenidos Familiares de presos pol\u00edticos denunciaron este mi\u00e9rcoles 2 de septiembre el traslado de reclusos que estaban en la c\u00e1rcel de El Rodeo [&hellip;]","og_url":"https:\/\/thecitizenfortheworld.com\/?p=92958","og_site_name":"The citizen for the world","article_publisher":"https:\/\/www.facebook.com\/thecitizenfortheworld","article_published_time":"2026-09-03T17:40:04+00:00","og_image":[{"width":992,"height":558,"url":"https:\/\/thecitizenfortheworld.com\/wp-content\/uploads\/2026\/09\/traslado-.jpg","type":"image\/jpeg"}],"author":"thecitizenfortheworld23@gmail.com","twitter_card":"summary_large_image","twitter_misc":{"Escrito por":"thecitizenfortheworld23@gmail.com","Tiempo estimado de lectura":"3 minutos"},"schema":{"@context":"https:\/\/schema.org","@graph":[{"@type":"Article","@id":"https:\/\/thecitizenfortheworld.com\/?p=92958#article","isPartOf":{"@id":"https:\/\/thecitizenfortheworld.com\/?p=92958"},"author":{"name":"thecitizenfortheworld23@gmail.com","@id":"https:\/\/thecitizenfortheworld.com\/#\/schema\/person\/1f6b82847278ca8d344c472822b5b66f"},"headline":"Familiares de presos pol\u00edticos en Venezuela denuncian \u201ctraslados arbitrarios\u201d y \u201cdesaparici\u00f3n forzada\u201d","datePublished":"2026-09-03T17:40:04+00:00","dateModified":"2026-09-03T17:40:04+00:00","mainEntityOfPage":{"@id":"https:\/\/thecitizenfortheworld.com\/?p=92958"},"wordCount":557,"commentCount":0,"publisher":{"@id":"https:\/\/thecitizenfortheworld.com\/#organization"},"articleSection":["Pol\u00edtica","Venezuela"],"inLanguage":"es-CO","potentialAction":[{"@type":"CommentAction","name":"Comment","target":["https:\/\/thecitizenfortheworld.com\/?p=92958#respond"]}]},{"@type":"WebPage","@id":"https:\/\/thecitizenfortheworld.com\/?p=92958","url":"https:\/\/thecitizenfortheworld.com\/?p=92958","name":"Familiares de presos pol\u00edticos en Venezuela denuncian \u201ctraslados arbitrarios\u201d y \u201cdesaparici\u00f3n forzada\u201d - The citizen for the world","isPartOf":{"@id":"https:\/\/thecitizenfortheworld.com\/#website"},"datePublished":"2026-09-03T17:40:04+00:00","dateModified":"2026-09-03T17:40:04+00:00","breadcrumb":{"@id":"https:\/\/thecitizenfortheworld.com\/?p=92958#breadcrumb"},"inLanguage":"es-CO","potentialAction":[{"@type":"ReadAction","target":["https:\/\/thecitizenfortheworld.com\/?p=92958"]}]},{"@type":"BreadcrumbList","@id":"https:\/\/thecitizenfortheworld.com\/?p=92958#breadcrumb","itemListElement":[{"@type":"ListItem","position":1,"name":"Inicio","item":"https:\/\/thecitizenfortheworld.com\/"},{"@type":"ListItem","position":2,"name":"Familiares de presos pol\u00edticos en Venezuela denuncian \u201ctraslados arbitrarios\u201d y \u201cdesaparici\u00f3n forzada\u201d"}]},{"@type":"WebSite","@id":"https:\/\/thecitizenfortheworld.com\/#website","url":"https:\/\/thecitizenfortheworld.com\/","name":"The citizen for the world","description":"","publisher":{"@id":"https:\/\/thecitizenfortheworld.com\/#organization"},"potentialAction":[{"@type":"SearchAction","target":{"@type":"EntryPoint","urlTemplate":"https:\/\/thecitizenfortheworld.com\/?s={search_term_string}"},"query-input":"required name=search_term_string"}],"inLanguage":"es-CO"},{"@type":"Organization","@id":"https:\/\/thecitizenfortheworld.com\/#organization","name":"The citizen for the world","url":"https:\/\/thecitizenfortheworld.com\/","logo":{"@type":"ImageObject","inLanguage":"es-CO","@id":"https:\/\/thecitizenfortheworld.com\/#\/schema\/logo\/image\/","url":"https:\/\/thecitizenfortheworld.com\/wp-content\/uploads\/2023\/04\/cropped-the-citizens.png","contentUrl":"https:\/\/thecitizenfortheworld.com\/wp-content\/uploads\/2023\/04\/cropped-the-citizens.png","width":1135,"height":1302,"caption":"The citizen for the world"},"image":{"@id":"https:\/\/thecitizenfortheworld.com\/#\/schema\/logo\/image\/"},"sameAs":["https:\/\/www.facebook.com\/thecitizenfortheworld"]},{"@type":"Person","@id":"https:\/\/thecitizenfortheworld.com\/#\/schema\/person\/1f6b82847278ca8d344c472822b5b66f","name":"thecitizenfortheworld23@gmail.com","image":{"@type":"ImageObject","inLanguage":"es-CO","@id":"https:\/\/thecitizenfortheworld.com\/#\/schema\/person\/image\/","url":"https:\/\/secure.gravatar.com\/avatar\/fa0768c808e84d205962885f7091f34b?s=96&d=mm&r=pg","contentUrl":"https:\/\/secure.gravatar.com\/avatar\/fa0768c808e84d205962885f7091f34b?s=96&d=mm&r=pg","caption":"thecitizenfortheworld23@gmail.com"},"sameAs":["http:\/\/thecitizenfortheworld.com"],"url":"https:\/\/thecitizenfortheworld.com\/?author=1"}]}},"_links":{"self":[{"href":"https:\/\/thecitizenfortheworld.com\/index.php?rest_route=\/wp\/v2\/posts\/92958"}],"collection":[{"href":"https:\/\/thecitizenfortheworld.com\/index.php?rest_route=\/wp\/v2\/posts"}],"about":[{"href":"https:\/\/thecitizenfortheworld.com\/index.php?rest_route=\/wp\/v2\/types\/post"}],"author":[{"embeddable":true,"href":"https:\/\/thecitizenfortheworld.com\/index.php?rest_route=\/wp\/v2\/users\/1"}],"replies":[{"embeddable":true,"href":"https:\/\/thecitizenfortheworld.com\/index.php?rest_route=%2Fwp%2Fv2%2Fcomments&post=92958"}],"version-history":[{"count":1,"href":"https:\/\/thecitizenfortheworld.com\/index.php?rest_route=\/wp\/v2\/posts\/92958\/revisions"}],"predecessor-version":[{"id":92960,"href":"https:\/\/thecitizenfortheworld.com\/index.php?rest_route=\/wp\/v2\/posts\/92958\/revisions\/92960"}],"wp:featuredmedia":[{"embeddable":true,"href":"https:\/\/thecitizenfortheworld.com\/index.php?rest_route=\/wp\/v2\/media\/92959"}],"wp:attachment":[{"href":"https:\/\/thecitizenfortheworld.com\/index.php?rest_route=%2Fwp%2Fv2%2Fmedia&parent=92958"}],"wp:term":[{"taxonomy":"category","embeddable":true,"href":"https:\/\/thecitizenfortheworld.com\/index.php?rest_route=%2Fwp%2Fv2%2Fcategories&post=92958"},{"taxonomy":"post_tag","embeddable":true,"href":"https:\/\/thecitizenfortheworld.com\/index.php?rest_route=%2Fwp%2Fv2%2Ftags&post=92958"}],"curies":[{"name":"wp","href":"https:\/\/api.w.org\/{rel}","templated":true}]}}