{"id":92955,"date":"2026-09-03T12:19:21","date_gmt":"2026-09-03T17:19:21","guid":{"rendered":"https:\/\/thecitizenfortheworld.com\/?p=92955"},"modified":"2026-09-03T12:19:21","modified_gmt":"2026-09-03T17:19:21","slug":"quien-es-ilva-myriam-hoyos-la-nueva-ministra-de-educacion-que-trabajo-en-la-procuraduria-de-alejandro-ordonez","status":"publish","type":"post","link":"https:\/\/thecitizenfortheworld.com\/?p=92955","title":{"rendered":"Qui\u00e9n es Ilva Myriam Hoyos, la nueva ministra de Educaci\u00f3n que trabaj\u00f3 en la Procuradur\u00eda de Alejandro Ord\u00f3\u00f1ez"},"content":{"rendered":"<p class=\"article-subheadline text-align-left\">La nueva ministra de educaci\u00f3n lleg\u00f3 en reemplazo de Viviane Morales, quien dur\u00f3 en el cargo solo tres semanas<\/p>\n<p>Ilva Myriam Hoyos fue designada como nueva ministra de Educaci\u00f3n por el presidente Abelardo de la Espriella, luego de la renuncia de Viviane Morales por una situaci\u00f3n familiar.<\/p>\n<p>Su llegada al cargo, prevista para el 7 de septiembre, pone al frente de la cartera a una abogada y acad\u00e9mica <b>que tuvo a su cargo la defensa de los derechos de ni\u00f1os, adolescentes y familias desde la Procuradur\u00eda<\/b>.<\/p>\n<p>La designaci\u00f3n fue anunciada el 2 de septiembre. Morales explic\u00f3 en su carta de renuncia que una circunstancia familiar inesperada requer\u00eda de su presencia y atenci\u00f3n inmediata, por lo que no pod\u00eda continuar con la dedicaci\u00f3n que demandaba el Ministerio de Educaci\u00f3n.<\/p>\n<div class=\"visual__image\"><picture><img decoding=\"async\" loading=\"lazy\" class=\"global-image\" src=\"https:\/\/www.infobae.com\/resizer\/v2\/XEKKB6WNINALBJXPOGGHENAC4Q.png?auth=37c60bdc1fb32934bd7fca1c8ca674b22744231fa06aa8c622c5082b9c135fa4&amp;smart=true&amp;width=350&amp;height=280&amp;quality=85\" alt=\"Abelardo de la Espriella anunci\u00f3 en X la salida de Viviane Morales del Ministerio de Educaci\u00f3n el 2 de septiembre - cr\u00e9dito @ABDELAESPRIELLA \/ X\" width=\"800\" height=\"641\" \/><\/picture><\/div>\n<div class=\"visual__image\"><em>Abelardo de la Espriella anunci\u00f3 en X la salida de Viviane Morales del Ministerio de Educaci\u00f3n el 2 de septiembre &#8211; cr\u00e9dito @ABDELAESPRIELLA \/ X<\/em><\/div>\n<p class=\"paragraph\" data-paragraph-number=\"4\" data-mrf-recirculation=\"Links inline\">De la Espriella se\u00f1al\u00f3 que Hoyos cuenta con \u201ctalante, fortaleza, honradez y firme defensa de los valores\u201d. Tambi\u00e9n expres\u00f3 que conf\u00eda en que ejercer\u00e1 sus funciones con \u201centrega, car\u00e1cter y convicci\u00f3n\u201d.<\/p>\n<h2 id=\"fue-procuradora-delegada-para-la-infancia-la-adolescencia-y-la-familia\" class=\"text-align-left vertical-align-top line-height-100 header headline-class-h2 headline\">Fue procuradora delegada para la infancia, la adolescencia y la familia<\/h2>\n<p class=\"paragraph\" data-paragraph-number=\"5\" data-mrf-recirculation=\"Links inline\"><b>Ilva Myriam Hoyos es abogada de la Universidad del Rosario y doctora en Derecho de la Universidad de Navarra, en Espa\u00f1a.<\/b> Su carrera re\u00fane experiencia en la academia, la investigaci\u00f3n jur\u00eddica y el servicio p\u00fablico.<\/p>\n<p class=\"paragraph\" data-paragraph-number=\"6\" data-mrf-recirculation=\"Links inline\">Uno de los cargos m\u00e1s visibles de su trayectoria fue el de procuradora delegada para la Defensa de los Derechos de la Infancia, la Adolescencia y la Familia. <b>Ocup\u00f3 esa funci\u00f3n durante la administraci\u00f3n de Alejandro Ord\u00f3\u00f1ez en la Procuradur\u00eda General de la Naci\u00f3n<\/b>.<\/p>\n<p class=\"paragraph\" data-paragraph-number=\"7\" data-mrf-recirculation=\"Links inline\">Desde esa dependencia intervino en asuntos relacionados con la protecci\u00f3n de la ni\u00f1ez, la familia y los derechos reproductivos. Su posici\u00f3n frente a esos temas deriv\u00f3 en desacuerdos p\u00fablicos con organizaciones defensoras de los derechos sexuales y reproductivos de las mujeres, as\u00ed como con sectores que respaldaban los derechos de la comunidad Lgbtiq+.<\/p>\n<p class=\"paragraph\" data-paragraph-number=\"7\" data-mrf-recirculation=\"Links inline\">\n<div class=\"visual__image\"><picture><source srcset=\"https:\/\/www.infobae.com\/resizer\/v2\/OI3BYIK4ABHM7NKZZHBTB3DQGM.jpg?auth=d1a8ca6abcde9dd4c512b61f8a0bda8ff471ccd1a51910fdaa1ef3d8da65a779&amp;smart=true&amp;width=992&amp;height=558&amp;quality=85\" media=\"(min-width: 1000px)\" \/><source srcset=\"https:\/\/www.infobae.com\/resizer\/v2\/OI3BYIK4ABHM7NKZZHBTB3DQGM.jpg?auth=d1a8ca6abcde9dd4c512b61f8a0bda8ff471ccd1a51910fdaa1ef3d8da65a779&amp;smart=true&amp;width=768&amp;height=432&amp;quality=85\" media=\"(min-width: 768px)\" \/><source srcset=\"https:\/\/www.infobae.com\/resizer\/v2\/OI3BYIK4ABHM7NKZZHBTB3DQGM.jpg?auth=d1a8ca6abcde9dd4c512b61f8a0bda8ff471ccd1a51910fdaa1ef3d8da65a779&amp;smart=true&amp;width=577&amp;height=325&amp;quality=85\" media=\"(min-width: 580px)\" \/><source srcset=\"https:\/\/www.infobae.com\/resizer\/v2\/OI3BYIK4ABHM7NKZZHBTB3DQGM.jpg?auth=d1a8ca6abcde9dd4c512b61f8a0bda8ff471ccd1a51910fdaa1ef3d8da65a779&amp;smart=true&amp;width=420&amp;height=236&amp;quality=85\" media=\"(min-width: 350px)\" \/><source srcset=\"https:\/\/www.infobae.com\/resizer\/v2\/OI3BYIK4ABHM7NKZZHBTB3DQGM.jpg?auth=d1a8ca6abcde9dd4c512b61f8a0bda8ff471ccd1a51910fdaa1ef3d8da65a779&amp;smart=true&amp;width=350&amp;height=197&amp;quality=85\" media=\"(min-width: 80px)\" \/><img decoding=\"async\" loading=\"lazy\" class=\"global-image\" src=\"https:\/\/www.infobae.com\/resizer\/v2\/OI3BYIK4ABHM7NKZZHBTB3DQGM.jpg?auth=d1a8ca6abcde9dd4c512b61f8a0bda8ff471ccd1a51910fdaa1ef3d8da65a779&amp;smart=true&amp;width=350&amp;height=197&amp;quality=85\" alt=\"El embajador de Colombia ante la OEA, Alejandro Ord\u00f3\u00f1ez, se encuentra en un centro hospitalario en Washington D.C. Foto: Colprensa.\" width=\"3923\" height=\"2207\" \/><\/picture><em>Ilva Myriam Hoyos fue procuradora delegada para la Defensa de los Derechos de la Infancia, la Adolescencia y la Familia durante la administraci\u00f3n de Alejandro Ord\u00f3\u00f1ez en la Procuradur\u00eda General de la Naci\u00f3n &#8211; cr\u00e9dito Colprensa<\/em><\/div>\n<p class=\"paragraph\" data-paragraph-number=\"8\" data-mrf-recirculation=\"Links inline\"><b>En 2012, 1.279 mujeres presentaron una tutela contra Ord\u00f3\u00f1ez y varios funcionarios de la Procuradur\u00eda, incluida Hoyos.<\/b> La Corte Constitucional concedi\u00f3 el amparo y orden\u00f3 que rectificara una comunicaci\u00f3n dirigida a la Superintendencia Nacional de Salud sobre el acceso a la interrupci\u00f3n voluntaria del embarazo.<\/p>\n<h2 id=\"su-trayectoria-combina-cargos-universitarios-juridicos-y-religiosos\" class=\"text-align-left vertical-align-top line-height-100 header headline-class-h2 headline\">Su trayectoria combina cargos universitarios, jur\u00eddicos y religiosos<\/h2>\n<p class=\"paragraph\" data-paragraph-number=\"9\" data-mrf-recirculation=\"Links inline\">La futura ministra fue directora del Instituto de Humanidades y decana de la Facultad de Derecho de la Universidad de La Sabana. En esa instituci\u00f3n lider\u00f3 el grupo de investigaci\u00f3n sobre razonamiento constitucional y fundamentos del derecho.<\/p>\n<p class=\"paragraph\" data-paragraph-number=\"10\" data-mrf-recirculation=\"Links inline\">Tambi\u00e9n ejerci\u00f3 como profesora en universidades colombianas y extranjeras, <b>entre ellas la Universidad del Rosario, la Universidad Externado, la Universidad Santo Tom\u00e1s, la Universidad de Salamanca, la Universidad Cat\u00f3lica de Chile y el Instituto Tecnol\u00f3gico y de Estudios Superiores de Monterrey, en M\u00e9xico<\/b>.<\/p>\n<p class=\"paragraph\" data-paragraph-number=\"11\" data-mrf-recirculation=\"Links inline\">Fue conjuez de la Secci\u00f3n Primera de lo Contencioso Administrativo del Consejo de Estado e integr\u00f3 el Comit\u00e9 Distrital de Defensa, Protecci\u00f3n y Promoci\u00f3n de los Derechos Humanos del Distrito Capital, en la Asociaci\u00f3n Colombiana de Universidades (Asc\u00fan).<\/p>\n<p class=\"paragraph\" data-paragraph-number=\"12\" data-mrf-recirculation=\"Links inline\">Adem\u00e1s, Hoyos fue asesora del Pontificio Consejo para la Familia, del Consejo Episcopal Latinoamericano (Celam) y de la Conferencia Episcopal de Colombia. Entre sus publicaciones figuran De la dignidad y los derechos humanos, Las personas y sus derechos y La libertad religiosa en la Constituci\u00f3n de 1991.<\/p>\n<div class=\"visual__image\"><picture><source srcset=\"https:\/\/www.infobae.com\/resizer\/v2\/SCEPQ4K7SVAB3HFOOM323DODGQ.jpg?auth=038811a4bc6e149c154eb0fad89867a3500af830d6ae75a15fe8ff5620c71089&amp;smart=true&amp;width=992&amp;height=607&amp;quality=85\" media=\"(min-width: 1000px)\" \/><source srcset=\"https:\/\/www.infobae.com\/resizer\/v2\/SCEPQ4K7SVAB3HFOOM323DODGQ.jpg?auth=038811a4bc6e149c154eb0fad89867a3500af830d6ae75a15fe8ff5620c71089&amp;smart=true&amp;width=768&amp;height=470&amp;quality=85\" media=\"(min-width: 768px)\" \/><source srcset=\"https:\/\/www.infobae.com\/resizer\/v2\/SCEPQ4K7SVAB3HFOOM323DODGQ.jpg?auth=038811a4bc6e149c154eb0fad89867a3500af830d6ae75a15fe8ff5620c71089&amp;smart=true&amp;width=577&amp;height=353&amp;quality=85\" media=\"(min-width: 580px)\" \/><source srcset=\"https:\/\/www.infobae.com\/resizer\/v2\/SCEPQ4K7SVAB3HFOOM323DODGQ.jpg?auth=038811a4bc6e149c154eb0fad89867a3500af830d6ae75a15fe8ff5620c71089&amp;smart=true&amp;width=420&amp;height=257&amp;quality=85\" media=\"(min-width: 350px)\" \/><source srcset=\"https:\/\/www.infobae.com\/resizer\/v2\/SCEPQ4K7SVAB3HFOOM323DODGQ.jpg?auth=038811a4bc6e149c154eb0fad89867a3500af830d6ae75a15fe8ff5620c71089&amp;smart=true&amp;width=350&amp;height=214&amp;quality=85\" media=\"(min-width: 80px)\" \/><img decoding=\"async\" loading=\"lazy\" class=\"global-image\" src=\"https:\/\/www.infobae.com\/resizer\/v2\/SCEPQ4K7SVAB3HFOOM323DODGQ.jpg?auth=038811a4bc6e149c154eb0fad89867a3500af830d6ae75a15fe8ff5620c71089&amp;smart=true&amp;width=350&amp;height=214&amp;quality=85\" alt=\"Ilva Myriam Hoyos - cr\u00e9dito Colprensa \" width=\"900\" height=\"551\" \/><\/picture><\/div>\n<div class=\"visual__image\"><em>La futura ministra fue directora del Instituto de Humanidades y decana de la Facultad de Derecho de la Universidad de La Sabana &#8211; cr\u00e9dito Colprensa<\/em><\/div>\n<p class=\"paragraph\" data-paragraph-number=\"13\" data-mrf-recirculation=\"Links inline\">El presidente Abelardo de la Espriella afirm\u00f3 que la renuncia de Viviane Morales no alterar\u00e1 la prioridad que su Gobierno asigna a la educaci\u00f3n. \u201cLa educaci\u00f3n seguir\u00e1 siendo un pilar insustituible de este Gobierno\u201d, dijo. A\u00f1adi\u00f3 que el equipo conformado por la exministra continuar\u00e1 al frente de las tareas ya iniciadas.<\/p>\n<p class=\"paragraph\" data-paragraph-number=\"14\" data-mrf-recirculation=\"Links inline\">Ilva Myriam Hoyos recibir\u00e1 una cartera que a\u00fan atraviesa sus primeras semanas de organizaci\u00f3n. Deber\u00e1 asumir la conducci\u00f3n del Ministerio de Educaci\u00f3n <b>y dar continuidad a los planes que comenzaron a dise\u00f1arse durante la gesti\u00f3n de Morales, adem\u00e1s de sostener las prioridades definidas por la administraci\u00f3n.<\/b><\/p>\n<p data-paragraph-number=\"14\" data-mrf-recirculation=\"Links inline\">De la Espriella sostuvo que los avances alcanzados por Morales permanecer\u00e1n en la agenda educativa oficial. Al presentar a Hoyos, destac\u00f3 su \u201cfortaleza, honradez\u201d y defensa de los valores. El mandatario manifest\u00f3 que espera que la nueva ministra ejerza con \u201centrega, car\u00e1cter y convicci\u00f3n\u201d. El nombramiento estuvo entre los primeros cambios del gabinete.<\/p>\n<p data-paragraph-number=\"14\" data-mrf-recirculation=\"Links inline\">(<em>Con informaci\u00f3n de Infobae)<\/em><\/p>\n","protected":false},"excerpt":{"rendered":"<p>La nueva ministra de educaci\u00f3n lleg\u00f3 en reemplazo de Viviane Morales, quien dur\u00f3 en el cargo solo tres semanas Ilva Myriam Hoyos fue designada como nueva ministra de Educaci\u00f3n por el presidente Abelardo de la Espriella, luego de la renuncia de Viviane Morales por una situaci\u00f3n familiar. Su llegada al cargo, prevista para el 7 [&hellip;]<\/p>\n","protected":false},"author":1,"featured_media":92956,"comment_status":"open","ping_status":"open","sticky":false,"template":"","format":"standard","meta":{"om_disable_all_campaigns":false,"_mi_skip_tracking":false},"categories":[58,4],"tags":[],"yoast_head":"<!-- This site is optimized with the Yoast SEO plugin v20.5 - https:\/\/yoast.com\/wordpress\/plugins\/seo\/ -->\n<title>Qui\u00e9n es Ilva Myriam Hoyos, la nueva ministra de Educaci\u00f3n que trabaj\u00f3 en la Procuradur\u00eda de Alejandro Ord\u00f3\u00f1ez - The citizen for the world<\/title>\n<meta name=\"robots\" content=\"index, follow, max-snippet:-1, max-image-preview:large, max-video-preview:-1\" \/>\n<link rel=\"canonical\" href=\"https:\/\/thecitizenfortheworld.com\/?p=92955\" \/>\n<meta property=\"og:locale\" content=\"es_ES\" \/>\n<meta property=\"og:type\" content=\"article\" \/>\n<meta property=\"og:title\" content=\"Qui\u00e9n es Ilva Myriam Hoyos, la nueva ministra de Educaci\u00f3n que trabaj\u00f3 en la Procuradur\u00eda de Alejandro Ord\u00f3\u00f1ez - The citizen for the world\" \/>\n<meta property=\"og:description\" content=\"La nueva ministra de educaci\u00f3n lleg\u00f3 en reemplazo de Viviane Morales, quien dur\u00f3 en el cargo solo tres semanas Ilva Myriam Hoyos fue designada como nueva ministra de Educaci\u00f3n por el presidente Abelardo de la Espriella, luego de la renuncia de Viviane Morales por una situaci\u00f3n familiar. Su llegada al cargo, prevista para el 7 [&hellip;]\" \/>\n<meta property=\"og:url\" content=\"https:\/\/thecitizenfortheworld.com\/?p=92955\" \/>\n<meta property=\"og:site_name\" content=\"The citizen for the world\" \/>\n<meta property=\"article:publisher\" content=\"https:\/\/www.facebook.com\/thecitizenfortheworld\" \/>\n<meta property=\"article:published_time\" content=\"2026-09-03T17:19:21+00:00\" \/>\n<meta property=\"og:image\" content=\"https:\/\/thecitizenfortheworld.com\/wp-content\/uploads\/2026\/09\/Ilva-Hoyos.jpg\" \/>\n\t<meta property=\"og:image:width\" content=\"992\" \/>\n\t<meta property=\"og:image:height\" content=\"558\" \/>\n\t<meta property=\"og:image:type\" content=\"image\/jpeg\" \/>\n<meta name=\"author\" content=\"thecitizenfortheworld23@gmail.com\" \/>\n<meta name=\"twitter:card\" content=\"summary_large_image\" \/>\n<meta name=\"twitter:label1\" content=\"Escrito por\" \/>\n\t<meta name=\"twitter:data1\" content=\"thecitizenfortheworld23@gmail.com\" \/>\n\t<meta name=\"twitter:label2\" content=\"Tiempo estimado de lectura\" \/>\n\t<meta name=\"twitter:data2\" content=\"5 minutos\" \/>\n<script type=\"application\/ld+json\" class=\"yoast-schema-graph\">{\"@context\":\"https:\/\/schema.org\",\"@graph\":[{\"@type\":\"Article\",\"@id\":\"https:\/\/thecitizenfortheworld.com\/?p=92955#article\",\"isPartOf\":{\"@id\":\"https:\/\/thecitizenfortheworld.com\/?p=92955\"},\"author\":{\"name\":\"thecitizenfortheworld23@gmail.com\",\"@id\":\"https:\/\/thecitizenfortheworld.com\/#\/schema\/person\/1f6b82847278ca8d344c472822b5b66f\"},\"headline\":\"Qui\u00e9n es Ilva Myriam Hoyos, la nueva ministra de Educaci\u00f3n que trabaj\u00f3 en la Procuradur\u00eda de Alejandro Ord\u00f3\u00f1ez\",\"datePublished\":\"2026-09-03T17:19:21+00:00\",\"dateModified\":\"2026-09-03T17:19:21+00:00\",\"mainEntityOfPage\":{\"@id\":\"https:\/\/thecitizenfortheworld.com\/?p=92955\"},\"wordCount\":849,\"commentCount\":0,\"publisher\":{\"@id\":\"https:\/\/thecitizenfortheworld.com\/#organization\"},\"articleSection\":[\"Colombia\",\"Pol\u00edtica\"],\"inLanguage\":\"es-CO\",\"potentialAction\":[{\"@type\":\"CommentAction\",\"name\":\"Comment\",\"target\":[\"https:\/\/thecitizenfortheworld.com\/?p=92955#respond\"]}]},{\"@type\":\"WebPage\",\"@id\":\"https:\/\/thecitizenfortheworld.com\/?p=92955\",\"url\":\"https:\/\/thecitizenfortheworld.com\/?p=92955\",\"name\":\"Qui\u00e9n es Ilva Myriam Hoyos, la nueva ministra de Educaci\u00f3n que trabaj\u00f3 en la Procuradur\u00eda de Alejandro Ord\u00f3\u00f1ez - The citizen for the world\",\"isPartOf\":{\"@id\":\"https:\/\/thecitizenfortheworld.com\/#website\"},\"datePublished\":\"2026-09-03T17:19:21+00:00\",\"dateModified\":\"2026-09-03T17:19:21+00:00\",\"breadcrumb\":{\"@id\":\"https:\/\/thecitizenfortheworld.com\/?p=92955#breadcrumb\"},\"inLanguage\":\"es-CO\",\"potentialAction\":[{\"@type\":\"ReadAction\",\"target\":[\"https:\/\/thecitizenfortheworld.com\/?p=92955\"]}]},{\"@type\":\"BreadcrumbList\",\"@id\":\"https:\/\/thecitizenfortheworld.com\/?p=92955#breadcrumb\",\"itemListElement\":[{\"@type\":\"ListItem\",\"position\":1,\"name\":\"Inicio\",\"item\":\"https:\/\/thecitizenfortheworld.com\/\"},{\"@type\":\"ListItem\",\"position\":2,\"name\":\"Qui\u00e9n es Ilva Myriam Hoyos, la nueva ministra de Educaci\u00f3n que trabaj\u00f3 en la Procuradur\u00eda de Alejandro Ord\u00f3\u00f1ez\"}]},{\"@type\":\"WebSite\",\"@id\":\"https:\/\/thecitizenfortheworld.com\/#website\",\"url\":\"https:\/\/thecitizenfortheworld.com\/\",\"name\":\"The citizen for the world\",\"description\":\"\",\"publisher\":{\"@id\":\"https:\/\/thecitizenfortheworld.com\/#organization\"},\"potentialAction\":[{\"@type\":\"SearchAction\",\"target\":{\"@type\":\"EntryPoint\",\"urlTemplate\":\"https:\/\/thecitizenfortheworld.com\/?s={search_term_string}\"},\"query-input\":\"required name=search_term_string\"}],\"inLanguage\":\"es-CO\"},{\"@type\":\"Organization\",\"@id\":\"https:\/\/thecitizenfortheworld.com\/#organization\",\"name\":\"The citizen for the world\",\"url\":\"https:\/\/thecitizenfortheworld.com\/\",\"logo\":{\"@type\":\"ImageObject\",\"inLanguage\":\"es-CO\",\"@id\":\"https:\/\/thecitizenfortheworld.com\/#\/schema\/logo\/image\/\",\"url\":\"https:\/\/thecitizenfortheworld.com\/wp-content\/uploads\/2023\/04\/cropped-the-citizens.png\",\"contentUrl\":\"https:\/\/thecitizenfortheworld.com\/wp-content\/uploads\/2023\/04\/cropped-the-citizens.png\",\"width\":1135,\"height\":1302,\"caption\":\"The citizen for the world\"},\"image\":{\"@id\":\"https:\/\/thecitizenfortheworld.com\/#\/schema\/logo\/image\/\"},\"sameAs\":[\"https:\/\/www.facebook.com\/thecitizenfortheworld\"]},{\"@type\":\"Person\",\"@id\":\"https:\/\/thecitizenfortheworld.com\/#\/schema\/person\/1f6b82847278ca8d344c472822b5b66f\",\"name\":\"thecitizenfortheworld23@gmail.com\",\"image\":{\"@type\":\"ImageObject\",\"inLanguage\":\"es-CO\",\"@id\":\"https:\/\/thecitizenfortheworld.com\/#\/schema\/person\/image\/\",\"url\":\"https:\/\/secure.gravatar.com\/avatar\/fa0768c808e84d205962885f7091f34b?s=96&d=mm&r=pg\",\"contentUrl\":\"https:\/\/secure.gravatar.com\/avatar\/fa0768c808e84d205962885f7091f34b?s=96&d=mm&r=pg\",\"caption\":\"thecitizenfortheworld23@gmail.com\"},\"sameAs\":[\"http:\/\/thecitizenfortheworld.com\"],\"url\":\"https:\/\/thecitizenfortheworld.com\/?author=1\"}]}<\/script>\n<!-- \/ Yoast SEO plugin. -->","yoast_head_json":{"title":"Qui\u00e9n es Ilva Myriam Hoyos, la nueva ministra de Educaci\u00f3n que trabaj\u00f3 en la Procuradur\u00eda de Alejandro Ord\u00f3\u00f1ez - The citizen for the world","robots":{"index":"index","follow":"follow","max-snippet":"max-snippet:-1","max-image-preview":"max-image-preview:large","max-video-preview":"max-video-preview:-1"},"canonical":"https:\/\/thecitizenfortheworld.com\/?p=92955","og_locale":"es_ES","og_type":"article","og_title":"Qui\u00e9n es Ilva Myriam Hoyos, la nueva ministra de Educaci\u00f3n que trabaj\u00f3 en la Procuradur\u00eda de Alejandro Ord\u00f3\u00f1ez - The citizen for the world","og_description":"La nueva ministra de educaci\u00f3n lleg\u00f3 en reemplazo de Viviane Morales, quien dur\u00f3 en el cargo solo tres semanas Ilva Myriam Hoyos fue designada como nueva ministra de Educaci\u00f3n por el presidente Abelardo de la Espriella, luego de la renuncia de Viviane Morales por una situaci\u00f3n familiar. Su llegada al cargo, prevista para el 7 [&hellip;]","og_url":"https:\/\/thecitizenfortheworld.com\/?p=92955","og_site_name":"The citizen for the world","article_publisher":"https:\/\/www.facebook.com\/thecitizenfortheworld","article_published_time":"2026-09-03T17:19:21+00:00","og_image":[{"width":992,"height":558,"url":"https:\/\/thecitizenfortheworld.com\/wp-content\/uploads\/2026\/09\/Ilva-Hoyos.jpg","type":"image\/jpeg"}],"author":"thecitizenfortheworld23@gmail.com","twitter_card":"summary_large_image","twitter_misc":{"Escrito por":"thecitizenfortheworld23@gmail.com","Tiempo estimado de lectura":"5 minutos"},"schema":{"@context":"https:\/\/schema.org","@graph":[{"@type":"Article","@id":"https:\/\/thecitizenfortheworld.com\/?p=92955#article","isPartOf":{"@id":"https:\/\/thecitizenfortheworld.com\/?p=92955"},"author":{"name":"thecitizenfortheworld23@gmail.com","@id":"https:\/\/thecitizenfortheworld.com\/#\/schema\/person\/1f6b82847278ca8d344c472822b5b66f"},"headline":"Qui\u00e9n es Ilva Myriam Hoyos, la nueva ministra de Educaci\u00f3n que trabaj\u00f3 en la Procuradur\u00eda de Alejandro Ord\u00f3\u00f1ez","datePublished":"2026-09-03T17:19:21+00:00","dateModified":"2026-09-03T17:19:21+00:00","mainEntityOfPage":{"@id":"https:\/\/thecitizenfortheworld.com\/?p=92955"},"wordCount":849,"commentCount":0,"publisher":{"@id":"https:\/\/thecitizenfortheworld.com\/#organization"},"articleSection":["Colombia","Pol\u00edtica"],"inLanguage":"es-CO","potentialAction":[{"@type":"CommentAction","name":"Comment","target":["https:\/\/thecitizenfortheworld.com\/?p=92955#respond"]}]},{"@type":"WebPage","@id":"https:\/\/thecitizenfortheworld.com\/?p=92955","url":"https:\/\/thecitizenfortheworld.com\/?p=92955","name":"Qui\u00e9n es Ilva Myriam Hoyos, la nueva ministra de Educaci\u00f3n que trabaj\u00f3 en la Procuradur\u00eda de Alejandro Ord\u00f3\u00f1ez - The citizen for the world","isPartOf":{"@id":"https:\/\/thecitizenfortheworld.com\/#website"},"datePublished":"2026-09-03T17:19:21+00:00","dateModified":"2026-09-03T17:19:21+00:00","breadcrumb":{"@id":"https:\/\/thecitizenfortheworld.com\/?p=92955#breadcrumb"},"inLanguage":"es-CO","potentialAction":[{"@type":"ReadAction","target":["https:\/\/thecitizenfortheworld.com\/?p=92955"]}]},{"@type":"BreadcrumbList","@id":"https:\/\/thecitizenfortheworld.com\/?p=92955#breadcrumb","itemListElement":[{"@type":"ListItem","position":1,"name":"Inicio","item":"https:\/\/thecitizenfortheworld.com\/"},{"@type":"ListItem","position":2,"name":"Qui\u00e9n es Ilva Myriam Hoyos, la nueva ministra de Educaci\u00f3n que trabaj\u00f3 en la Procuradur\u00eda de Alejandro Ord\u00f3\u00f1ez"}]},{"@type":"WebSite","@id":"https:\/\/thecitizenfortheworld.com\/#website","url":"https:\/\/thecitizenfortheworld.com\/","name":"The citizen for the world","description":"","publisher":{"@id":"https:\/\/thecitizenfortheworld.com\/#organization"},"potentialAction":[{"@type":"SearchAction","target":{"@type":"EntryPoint","urlTemplate":"https:\/\/thecitizenfortheworld.com\/?s={search_term_string}"},"query-input":"required name=search_term_string"}],"inLanguage":"es-CO"},{"@type":"Organization","@id":"https:\/\/thecitizenfortheworld.com\/#organization","name":"The citizen for the world","url":"https:\/\/thecitizenfortheworld.com\/","logo":{"@type":"ImageObject","inLanguage":"es-CO","@id":"https:\/\/thecitizenfortheworld.com\/#\/schema\/logo\/image\/","url":"https:\/\/thecitizenfortheworld.com\/wp-content\/uploads\/2023\/04\/cropped-the-citizens.png","contentUrl":"https:\/\/thecitizenfortheworld.com\/wp-content\/uploads\/2023\/04\/cropped-the-citizens.png","width":1135,"height":1302,"caption":"The citizen for the world"},"image":{"@id":"https:\/\/thecitizenfortheworld.com\/#\/schema\/logo\/image\/"},"sameAs":["https:\/\/www.facebook.com\/thecitizenfortheworld"]},{"@type":"Person","@id":"https:\/\/thecitizenfortheworld.com\/#\/schema\/person\/1f6b82847278ca8d344c472822b5b66f","name":"thecitizenfortheworld23@gmail.com","image":{"@type":"ImageObject","inLanguage":"es-CO","@id":"https:\/\/thecitizenfortheworld.com\/#\/schema\/person\/image\/","url":"https:\/\/secure.gravatar.com\/avatar\/fa0768c808e84d205962885f7091f34b?s=96&d=mm&r=pg","contentUrl":"https:\/\/secure.gravatar.com\/avatar\/fa0768c808e84d205962885f7091f34b?s=96&d=mm&r=pg","caption":"thecitizenfortheworld23@gmail.com"},"sameAs":["http:\/\/thecitizenfortheworld.com"],"url":"https:\/\/thecitizenfortheworld.com\/?author=1"}]}},"_links":{"self":[{"href":"https:\/\/thecitizenfortheworld.com\/index.php?rest_route=\/wp\/v2\/posts\/92955"}],"collection":[{"href":"https:\/\/thecitizenfortheworld.com\/index.php?rest_route=\/wp\/v2\/posts"}],"about":[{"href":"https:\/\/thecitizenfortheworld.com\/index.php?rest_route=\/wp\/v2\/types\/post"}],"author":[{"embeddable":true,"href":"https:\/\/thecitizenfortheworld.com\/index.php?rest_route=\/wp\/v2\/users\/1"}],"replies":[{"embeddable":true,"href":"https:\/\/thecitizenfortheworld.com\/index.php?rest_route=%2Fwp%2Fv2%2Fcomments&post=92955"}],"version-history":[{"count":1,"href":"https:\/\/thecitizenfortheworld.com\/index.php?rest_route=\/wp\/v2\/posts\/92955\/revisions"}],"predecessor-version":[{"id":92957,"href":"https:\/\/thecitizenfortheworld.com\/index.php?rest_route=\/wp\/v2\/posts\/92955\/revisions\/92957"}],"wp:featuredmedia":[{"embeddable":true,"href":"https:\/\/thecitizenfortheworld.com\/index.php?rest_route=\/wp\/v2\/media\/92956"}],"wp:attachment":[{"href":"https:\/\/thecitizenfortheworld.com\/index.php?rest_route=%2Fwp%2Fv2%2Fmedia&parent=92955"}],"wp:term":[{"taxonomy":"category","embeddable":true,"href":"https:\/\/thecitizenfortheworld.com\/index.php?rest_route=%2Fwp%2Fv2%2Fcategories&post=92955"},{"taxonomy":"post_tag","embeddable":true,"href":"https:\/\/thecitizenfortheworld.com\/index.php?rest_route=%2Fwp%2Fv2%2Ftags&post=92955"}],"curies":[{"name":"wp","href":"https:\/\/api.w.org\/{rel}","templated":true}]}}