{"id":92951,"date":"2026-09-03T12:00:51","date_gmt":"2026-09-03T17:00:51","guid":{"rendered":"https:\/\/thecitizenfortheworld.com\/?p=92951"},"modified":"2026-09-03T12:01:43","modified_gmt":"2026-09-03T17:01:43","slug":"infobae-3-sep-2026-argentina-estados-unidos-colombia-espana-mexico-peru-centroamerica-mundo-cuba-ultimas-noticias-deportes-argentina-estados-unidos-colombia-espana-mexico-peru-centroamerica-mundo-cu","status":"publish","type":"post","link":"https:\/\/thecitizenfortheworld.com\/?p=92951","title":{"rendered":"Los movimientos de la Armada de China entre las islas japonesas encienden las alertas en Tokio: \u201cEs una provocaci\u00f3n\u201d"},"content":{"rendered":"<p class=\"article-subheadline text-align-left\">El paso de destructores chinos cerca de la isla de Amami-Oshima se multiplic\u00f3 este a\u00f1o, en momentos en que Jap\u00f3n atraviesa, seg\u00fan sus propias autoridades, el peor escenario de seguridad desde la Segunda Guerra Mundial<\/p>\n<p>Los buques de guerra chinos que navegan cada vez m\u00e1s cerca de la isla japonesa de <b>Amami-Oshima<\/b> pusieron en alerta a las autoridades de <b>Jap\u00f3n<\/b>, en momentos en que el pa\u00eds enfrenta lo que sus propios funcionarios describen como<b> el entorno de seguridad m\u00e1s severo desde la Segunda Guerra Mundial<\/b>, seg\u00fan una investigaci\u00f3n publicada por el diario estadounidense <i>The Wall Street Journal<\/i>.<\/p>\n<p>La vigilancia japonesa detect\u00f3 al menos <b>diez cruces<\/b> de destructores chinos por el <b>estrecho que conecta el mar de China Oriental con el oc\u00e9ano Pac\u00edfico<\/b>, cerca de esa isla, en lo que va de este a\u00f1o. <b>La cifra contrasta con los cero pasos registrados en 2025 <\/b>y ya se encamina a superar los 15 que se hab\u00edan contabilizado en 2024.<\/p>\n<p><b>\u201cEs una provocaci\u00f3n, seguro\u201d<\/b>, afirm\u00f3 al <i>WSJ <\/i><b>Takuya Matsuda<\/b>, especialista en seguridad internacional de la Universidad Aoyama Gakuin, en Tokio.<\/p>\n<p class=\"paragraph\" data-paragraph-number=\"4\" data-mrf-recirculation=\"Links inline\"><b>Naruhito Kamada<\/b>, alcalde de la ciudad de Setouchi y ex luchador de sumo, cont\u00f3 al diario que la situaci\u00f3n le genera un fuerte temor a que ocurra una colisi\u00f3n en ese angosto canal. <b>\u201cSiento una sensaci\u00f3n de crisis\u201d<\/b>, dijo. Kamada trabaja junto a otros funcionarios locales en un <b>plan de evacuaci\u00f3n para los 60.000 habitantes de la isla<\/b>, por si llegara a ser necesario.<\/p>\n<h2 id=\"un-canal-angosto-que-china-usa-para-reconocer-el-terreno\" class=\"text-align-left vertical-align-top line-height-100 header headline-class-h2 headline\">Un canal angosto que China usa para reconocer el terreno<\/h2>\n<div class=\"rawHTML raw_html \">\n<div class=\"container-video\"><iframe class=\"responsive-iframe-video\" title=\"video-google\" src=\"https:\/\/www.google.com\/maps\/embed?pb=!1m18!1m12!1m3!1d2765567.2910885774!2d127.65721134702058!3d28.616614040409043!2m3!1f0!2f0!3f0!3m2!1i1024!2i768!4f13.1!3m3!1m2!1s0x351fb65ec52298b7%3A0xa6d5376c92ef8f01!2sAmami%20%C5%8Cshima!5e0!3m2!1ses!2sar!4v1788439650160!5m2!1ses!2sar\" data-mce-fragment=\"1\"><\/iframe><\/div>\n<\/div>\n<p class=\"paragraph\" data-paragraph-number=\"5\" data-mrf-recirculation=\"Links inline\">Seg\u00fan expertos navales consultados por el <i>WSJ<\/i>, <b>la Armada china utiliza ese pasaje<\/b> \u2014apenas <b>11 kil\u00f3metros de ancho<\/b> debido a sus peligrosos baj\u00edos, mucho m\u00e1s estrecho que otros del archipi\u00e9lago japon\u00e9s, como el de <b>Miyako<\/b>, m\u00e1s al sur, que supera los 240 kil\u00f3metros\u2014 <b>para estudiar una zona donde eventualmente podr\u00eda enfrentar combate.<\/b><\/p>\n<p class=\"paragraph\" data-paragraph-number=\"6\" data-mrf-recirculation=\"Links inline\">El canal forma parte de la llamada <b>Primera Cadena de Islas<\/b>, la barrera que Estados Unidos y China consideran clave para contener la expansi\u00f3n naval china hacia el Pac\u00edfico. <b>Los buques comerciales y petroleros suelen evitar esa ruta<\/b>, lo que vuelve todav\u00eda m\u00e1s visible el paso reiterado de destructores militares.<\/p>\n<h2 id=\"una-isla-de-manglares-con-un-pasado-de-guerra\" class=\"text-align-left vertical-align-top line-height-100 header headline-class-h2 headline\">Una isla de manglares con un pasado de guerra<\/h2>\n<div class=\"visual__image\"><picture><source srcset=\"https:\/\/www.infobae.com\/resizer\/v2\/ML36ZESCJZCVZIE5ITXKUDNQTA.jpg?auth=b19c6451c5f187192a2e1d8272fb6c269067857a716992af66169bf115125afb&amp;smart=true&amp;width=992&amp;height=558&amp;quality=85\" media=\"(min-width: 1000px)\" \/><source srcset=\"https:\/\/www.infobae.com\/resizer\/v2\/ML36ZESCJZCVZIE5ITXKUDNQTA.jpg?auth=b19c6451c5f187192a2e1d8272fb6c269067857a716992af66169bf115125afb&amp;smart=true&amp;width=768&amp;height=432&amp;quality=85\" media=\"(min-width: 768px)\" \/><source srcset=\"https:\/\/www.infobae.com\/resizer\/v2\/ML36ZESCJZCVZIE5ITXKUDNQTA.jpg?auth=b19c6451c5f187192a2e1d8272fb6c269067857a716992af66169bf115125afb&amp;smart=true&amp;width=577&amp;height=325&amp;quality=85\" media=\"(min-width: 580px)\" \/><source srcset=\"https:\/\/www.infobae.com\/resizer\/v2\/ML36ZESCJZCVZIE5ITXKUDNQTA.jpg?auth=b19c6451c5f187192a2e1d8272fb6c269067857a716992af66169bf115125afb&amp;smart=true&amp;width=420&amp;height=236&amp;quality=85\" media=\"(min-width: 350px)\" \/><source srcset=\"https:\/\/www.infobae.com\/resizer\/v2\/ML36ZESCJZCVZIE5ITXKUDNQTA.jpg?auth=b19c6451c5f187192a2e1d8272fb6c269067857a716992af66169bf115125afb&amp;smart=true&amp;width=350&amp;height=197&amp;quality=85\" media=\"(min-width: 80px)\" \/><img decoding=\"async\" loading=\"lazy\" class=\"global-image\" src=\"https:\/\/www.infobae.com\/resizer\/v2\/ML36ZESCJZCVZIE5ITXKUDNQTA.jpg?auth=b19c6451c5f187192a2e1d8272fb6c269067857a716992af66169bf115125afb&amp;smart=true&amp;width=350&amp;height=197&amp;quality=85\" alt=\"Isla Amami-Oshima, en Jap\u00f3n (Turismo Jap\u00f3n).\" width=\"2000\" height=\"1125\" \/><\/picture><em>Amami-Oshima, conocida hoy por sus manglares y arrecifes de coral, conserva antiguas bases desde donde se lanzaron ataques con lanchas suicidas durante la Segunda Guerra Mundial. (Archivo)<\/em><\/div>\n<p class=\"paragraph\" data-paragraph-number=\"7\" data-mrf-recirculation=\"Links inline\">Amami-Oshima es hoy conocida por sus manglares, sus arrecifes de coral repletos de tortugas y peces globo, y sus cultivos de maracuy\u00e1, granada y mandarina; la isla fue declarada Patrimonio de la Humanidad en 2021. Pero su paisaje tambi\u00e9n conserva ruinas de fortalezas y dep\u00f3sitos de municiones del siglo XIX, de la \u00e9poca en que Jap\u00f3n combat\u00eda contra China y Rusia, y en una isla vecina todav\u00eda se ven<b> bases en desuso desde donde se lanzaron ataques con lanchas suicidas shinyo contra fuerzas aliadas<\/b> <b>durante la Segunda Guerra Mundial.<\/b> Estados Unidos ocup\u00f3 Amami-Oshima al finalizar el conflicto y la devolvi\u00f3 al control japon\u00e9s reci\u00e9n en 1953.<\/p>\n<p class=\"paragraph\" data-paragraph-number=\"8\" data-mrf-recirculation=\"Links inline\">Esa historia dej\u00f3 una<b> fuerte tradici\u00f3n pacifista entre sus habitantes<\/b>, que sienten haber sido abandonados a su suerte en el pasado por un liderazgo militar lejano, un sentimiento que el <i>WSJ <\/i>describe como igual de fuerte en otras islas del sudoeste japon\u00e9s, como Okinawa, Ishigaki y Yonaguni.<\/p>\n<p class=\"paragraph\" data-paragraph-number=\"9\" data-mrf-recirculation=\"Links inline\"><b>\u201cLa expansi\u00f3n militar inevitablemente lleva a una carrera armamentista\u201d<\/b>, dijo al diario <b>Masayuki Seki<\/b>, ingeniero el\u00e9ctrico jubilado que trabaj\u00f3 treinta a\u00f1os para el gobierno local y que suele llevar consigo un ejemplar de bolsillo de la Constituci\u00f3n pacifista de Jap\u00f3n. <b>Seki se opone a la presencia de las Fuerzas de Autodefensa en la isla<\/b>, donde el Ej\u00e9rcito mantiene hoy dos bases con unos 600 efectivos \u2014incluida una unidad de misiles contra buques y aviones\u2014 y una base naval que se est\u00e1 ampliando para recibir buques de mayor porte y funcionar como centro log\u00edstico.<\/p>\n<h2 id=\"divididos-entre-el-miedo-y-el-alivio\" class=\"text-align-left vertical-align-top line-height-100 header headline-class-h2 headline\">Divididos entre el miedo y el alivio<\/h2>\n<p class=\"paragraph\" data-paragraph-number=\"10\" data-mrf-recirculation=\"Links inline\">No todos los isle\u00f1os comparten la misma mirada. <b>Keiichiro Tabata<\/b>, due\u00f1o de un peque\u00f1o hotel familiar en Amami City que empez\u00f3 treinta a\u00f1os atr\u00e1s como una tienda de art\u00edculos de pesca, le dijo al <i>WSJ <\/i>que la presencia de las bases militares alivia la ansiedad local: <b>\u201cSi hay una contingencia por Taiw\u00e1n, Amami inevitablemente se ver\u00eda envuelta\u201d<\/b>, sostuvo.<\/p>\n<p class=\"paragraph\" data-paragraph-number=\"11\" data-mrf-recirculation=\"Links inline\">Pese a las tensiones con Beijing, Tabata dijo seguir recibiendo con gusto a los turistas chinos que visitan su hotel desde hace a\u00f1os, aunque no sin sobresaltos: el a\u00f1o pasado, tres ciudadanos chinos alojados all\u00ed fueron multados y deportados despu\u00e9s de que el personal escuchara ruidos extra\u00f1os en sus valijas y la polic\u00eda encontrara <b>m\u00e1s de 5.000 cangrejos vivos de una especie protegida nativa de la isla<\/b>, muy codiciada por coleccionistas y que puede llegar a venderse por el equivalente a 125 d\u00f3lares el ejemplar m\u00e1s grande.<\/p>\n<h2 id=\"el-contexto-detras-de-la-tension\" class=\"text-align-left vertical-align-top line-height-100 header headline-class-h2 headline\">El contexto detr\u00e1s de la tensi\u00f3n<\/h2>\n<div class=\"visual__image\"><picture><source srcset=\"https:\/\/www.infobae.com\/resizer\/v2\/TJBUZGDAFNFRVEC3T2MIGWU5IY.JPG?auth=e11b4ea5ff1457454199ba7a66478fb9ce3a224c2c7e4247def06dc84977e2b0&amp;smart=true&amp;width=992&amp;height=767&amp;quality=85\" media=\"(min-width: 1000px)\" \/><source srcset=\"https:\/\/www.infobae.com\/resizer\/v2\/TJBUZGDAFNFRVEC3T2MIGWU5IY.JPG?auth=e11b4ea5ff1457454199ba7a66478fb9ce3a224c2c7e4247def06dc84977e2b0&amp;smart=true&amp;width=768&amp;height=594&amp;quality=85\" media=\"(min-width: 768px)\" \/><source srcset=\"https:\/\/www.infobae.com\/resizer\/v2\/TJBUZGDAFNFRVEC3T2MIGWU5IY.JPG?auth=e11b4ea5ff1457454199ba7a66478fb9ce3a224c2c7e4247def06dc84977e2b0&amp;smart=true&amp;width=577&amp;height=446&amp;quality=85\" media=\"(min-width: 580px)\" \/><source srcset=\"https:\/\/www.infobae.com\/resizer\/v2\/TJBUZGDAFNFRVEC3T2MIGWU5IY.JPG?auth=e11b4ea5ff1457454199ba7a66478fb9ce3a224c2c7e4247def06dc84977e2b0&amp;smart=true&amp;width=420&amp;height=325&amp;quality=85\" media=\"(min-width: 350px)\" \/><source srcset=\"https:\/\/www.infobae.com\/resizer\/v2\/TJBUZGDAFNFRVEC3T2MIGWU5IY.JPG?auth=e11b4ea5ff1457454199ba7a66478fb9ce3a224c2c7e4247def06dc84977e2b0&amp;smart=true&amp;width=350&amp;height=270&amp;quality=85\" media=\"(min-width: 80px)\" \/><img decoding=\"async\" loading=\"lazy\" class=\"global-image\" src=\"https:\/\/www.infobae.com\/resizer\/v2\/TJBUZGDAFNFRVEC3T2MIGWU5IY.JPG?auth=e11b4ea5ff1457454199ba7a66478fb9ce3a224c2c7e4247def06dc84977e2b0&amp;smart=true&amp;width=350&amp;height=270&amp;quality=85\" alt=\"La primera ministra de Jap\u00f3n, Sanae Takaichi, inspecciona la guardia de honor durante una conferencia de altos mandos de las Fuerzas de Autodefensa, en Tokio. Takaichi impulsa el mayor rearme japon\u00e9s en a\u00f1os ante la creciente presi\u00f3n naval de China (REUTERS\/Kim Kyung-Hoon\/Pool)\" width=\"5018\" height=\"3878\" \/><\/picture><em>La primera ministra de Jap\u00f3n, Sanae Takaichi, inspecciona la guardia de honor durante una conferencia de altos mandos de las Fuerzas de Autodefensa, en Tokio. Takaichi impulsa el mayor rearme japon\u00e9s en a\u00f1os ante la creciente presi\u00f3n naval de China (REUTERS\/Kim Kyung-Hoon\/Pool)<\/em><\/div>\n<p class=\"paragraph\" data-paragraph-number=\"12\" data-mrf-recirculation=\"Links inline\">Lo que ocurre en Amami-Oshima forma parte de un cuadro m\u00e1s amplio que, seg\u00fan el <i>WSJ<\/i>, funcionarios japoneses describen como <b>el peor escenario de seguridad para el pa\u00eds desde la Segunda Guerra Mundial:<\/b> China avanza sobre el Pac\u00edfico occidental, Corea del Norte desarrolla misiles de corto alcance con capacidad nuclear t\u00e1ctica apuntados a Jap\u00f3n, y Rusia realiza ejercicios con misiles cerca de las islas Kuriles del sur, en disputa entre ambos pa\u00edses.<\/p>\n<p class=\"paragraph\" data-paragraph-number=\"13\" data-mrf-recirculation=\"Links inline\">A eso se suma la fricci\u00f3n con la alianza estadounidense, luego de que el presidente <b>Donald Trump<\/b> <b>cuestionara el aporte de Jap\u00f3n a su propia defensa <\/b>y sembrara dudas sobre si Washington acudir\u00eda en su ayuda ante un conflicto por Taiw\u00e1n.<\/p>\n<p class=\"paragraph\" data-paragraph-number=\"14\" data-mrf-recirculation=\"Links inline\">Ese combo llev\u00f3 a la primera ministra <b>Sanae Takaichi<\/b> a impulsar el mayor rearme japon\u00e9s en a\u00f1os, con un <b>presupuesto de defensa que ya duplic\u00f3 al 2% del PBI<\/b> y un pedido reciente de fondos r\u00e9cord por <b>56.000 millones de d\u00f3lares para misiles y drones.<\/b> El gobierno tambi\u00e9n trabaja en radares para islas remotas como Kitadaitojima y en reservas estrat\u00e9gicas de energ\u00eda y alimentos, ante el temor a un conflicto prolongado, una lecci\u00f3n que Tokio dice haber aprendido de la guerra en Ucrania.<\/p>\n<p class=\"paragraph\" data-paragraph-number=\"15\" data-mrf-recirculation=\"Links inline\">Para <b>Hiroshi Ota<\/b>, ex comandante de una unidad de misiles que hoy gu\u00eda excursiones de trekking en Amami-Oshima, la falta de conciencia sobre estos riesgos es el verdadero problema. <b>\u201cRodeado de pa\u00edses as\u00ed, Jap\u00f3n es extremadamente vulnerable\u201d<\/b>, dijo al <i>WSJ<\/i>, en referencia a China, Rusia y Corea del Norte. <b>\u201cTenemos que entender que, sin el respaldo militar de Estados Unidos, Jap\u00f3n no puede sobrevivir\u201d<\/b>.<\/p>\n<p data-paragraph-number=\"15\" data-mrf-recirculation=\"Links inline\">(<em>Con informaci\u00f3n de Infobae)<\/em><\/p>\n","protected":false},"excerpt":{"rendered":"<p>El paso de destructores chinos cerca de la isla de Amami-Oshima se multiplic\u00f3 este a\u00f1o, en momentos en que Jap\u00f3n atraviesa, seg\u00fan sus propias autoridades, el peor escenario de seguridad desde la Segunda Guerra Mundial Los buques de guerra chinos que navegan cada vez m\u00e1s cerca de la isla japonesa de Amami-Oshima pusieron en alerta [&hellip;]<\/p>\n","protected":false},"author":1,"featured_media":92952,"comment_status":"open","ping_status":"open","sticky":false,"template":"","format":"standard","meta":{"om_disable_all_campaigns":false,"_mi_skip_tracking":false},"categories":[2],"tags":[],"yoast_head":"<!-- This site is optimized with the Yoast SEO plugin v20.5 - https:\/\/yoast.com\/wordpress\/plugins\/seo\/ -->\n<title>Los movimientos de la Armada de China entre las islas japonesas encienden las alertas en Tokio: \u201cEs una provocaci\u00f3n\u201d - The citizen for the world<\/title>\n<meta name=\"robots\" content=\"index, follow, max-snippet:-1, max-image-preview:large, max-video-preview:-1\" \/>\n<link rel=\"canonical\" href=\"https:\/\/thecitizenfortheworld.com\/?p=92951\" \/>\n<meta property=\"og:locale\" content=\"es_ES\" \/>\n<meta property=\"og:type\" content=\"article\" \/>\n<meta property=\"og:title\" content=\"Los movimientos de la Armada de China entre las islas japonesas encienden las alertas en Tokio: \u201cEs una provocaci\u00f3n\u201d - The citizen for the world\" \/>\n<meta property=\"og:description\" content=\"El paso de destructores chinos cerca de la isla de Amami-Oshima se multiplic\u00f3 este a\u00f1o, en momentos en que Jap\u00f3n atraviesa, seg\u00fan sus propias autoridades, el peor escenario de seguridad desde la Segunda Guerra Mundial Los buques de guerra chinos que navegan cada vez m\u00e1s cerca de la isla japonesa de Amami-Oshima pusieron en alerta [&hellip;]\" \/>\n<meta property=\"og:url\" content=\"https:\/\/thecitizenfortheworld.com\/?p=92951\" \/>\n<meta property=\"og:site_name\" content=\"The citizen for the world\" \/>\n<meta property=\"article:publisher\" content=\"https:\/\/www.facebook.com\/thecitizenfortheworld\" \/>\n<meta property=\"article:published_time\" content=\"2026-09-03T17:00:51+00:00\" \/>\n<meta property=\"article:modified_time\" content=\"2026-09-03T17:01:43+00:00\" \/>\n<meta property=\"og:image\" content=\"https:\/\/thecitizenfortheworld.com\/wp-content\/uploads\/2026\/09\/armada-china.jpg\" \/>\n\t<meta property=\"og:image:width\" content=\"992\" \/>\n\t<meta property=\"og:image:height\" content=\"662\" \/>\n\t<meta property=\"og:image:type\" content=\"image\/jpeg\" \/>\n<meta name=\"author\" content=\"thecitizenfortheworld23@gmail.com\" \/>\n<meta name=\"twitter:card\" content=\"summary_large_image\" \/>\n<meta name=\"twitter:label1\" content=\"Escrito por\" \/>\n\t<meta name=\"twitter:data1\" content=\"thecitizenfortheworld23@gmail.com\" \/>\n\t<meta name=\"twitter:label2\" content=\"Tiempo estimado de lectura\" \/>\n\t<meta name=\"twitter:data2\" content=\"6 minutos\" \/>\n<script type=\"application\/ld+json\" class=\"yoast-schema-graph\">{\"@context\":\"https:\/\/schema.org\",\"@graph\":[{\"@type\":\"Article\",\"@id\":\"https:\/\/thecitizenfortheworld.com\/?p=92951#article\",\"isPartOf\":{\"@id\":\"https:\/\/thecitizenfortheworld.com\/?p=92951\"},\"author\":{\"name\":\"thecitizenfortheworld23@gmail.com\",\"@id\":\"https:\/\/thecitizenfortheworld.com\/#\/schema\/person\/1f6b82847278ca8d344c472822b5b66f\"},\"headline\":\"Los movimientos de la Armada de China entre las islas japonesas encienden las alertas en Tokio: \u201cEs una provocaci\u00f3n\u201d\",\"datePublished\":\"2026-09-03T17:00:51+00:00\",\"dateModified\":\"2026-09-03T17:01:43+00:00\",\"mainEntityOfPage\":{\"@id\":\"https:\/\/thecitizenfortheworld.com\/?p=92951\"},\"wordCount\":1201,\"commentCount\":0,\"publisher\":{\"@id\":\"https:\/\/thecitizenfortheworld.com\/#organization\"},\"articleSection\":[\"Internacionales\"],\"inLanguage\":\"es-CO\",\"potentialAction\":[{\"@type\":\"CommentAction\",\"name\":\"Comment\",\"target\":[\"https:\/\/thecitizenfortheworld.com\/?p=92951#respond\"]}]},{\"@type\":\"WebPage\",\"@id\":\"https:\/\/thecitizenfortheworld.com\/?p=92951\",\"url\":\"https:\/\/thecitizenfortheworld.com\/?p=92951\",\"name\":\"Los movimientos de la Armada de China entre las islas japonesas encienden las alertas en Tokio: \u201cEs una provocaci\u00f3n\u201d - The citizen for the world\",\"isPartOf\":{\"@id\":\"https:\/\/thecitizenfortheworld.com\/#website\"},\"datePublished\":\"2026-09-03T17:00:51+00:00\",\"dateModified\":\"2026-09-03T17:01:43+00:00\",\"breadcrumb\":{\"@id\":\"https:\/\/thecitizenfortheworld.com\/?p=92951#breadcrumb\"},\"inLanguage\":\"es-CO\",\"potentialAction\":[{\"@type\":\"ReadAction\",\"target\":[\"https:\/\/thecitizenfortheworld.com\/?p=92951\"]}]},{\"@type\":\"BreadcrumbList\",\"@id\":\"https:\/\/thecitizenfortheworld.com\/?p=92951#breadcrumb\",\"itemListElement\":[{\"@type\":\"ListItem\",\"position\":1,\"name\":\"Inicio\",\"item\":\"https:\/\/thecitizenfortheworld.com\/\"},{\"@type\":\"ListItem\",\"position\":2,\"name\":\"Los movimientos de la Armada de China entre las islas japonesas encienden las alertas en Tokio: \u201cEs una provocaci\u00f3n\u201d\"}]},{\"@type\":\"WebSite\",\"@id\":\"https:\/\/thecitizenfortheworld.com\/#website\",\"url\":\"https:\/\/thecitizenfortheworld.com\/\",\"name\":\"The citizen for the world\",\"description\":\"\",\"publisher\":{\"@id\":\"https:\/\/thecitizenfortheworld.com\/#organization\"},\"potentialAction\":[{\"@type\":\"SearchAction\",\"target\":{\"@type\":\"EntryPoint\",\"urlTemplate\":\"https:\/\/thecitizenfortheworld.com\/?s={search_term_string}\"},\"query-input\":\"required name=search_term_string\"}],\"inLanguage\":\"es-CO\"},{\"@type\":\"Organization\",\"@id\":\"https:\/\/thecitizenfortheworld.com\/#organization\",\"name\":\"The citizen for the world\",\"url\":\"https:\/\/thecitizenfortheworld.com\/\",\"logo\":{\"@type\":\"ImageObject\",\"inLanguage\":\"es-CO\",\"@id\":\"https:\/\/thecitizenfortheworld.com\/#\/schema\/logo\/image\/\",\"url\":\"https:\/\/thecitizenfortheworld.com\/wp-content\/uploads\/2023\/04\/cropped-the-citizens.png\",\"contentUrl\":\"https:\/\/thecitizenfortheworld.com\/wp-content\/uploads\/2023\/04\/cropped-the-citizens.png\",\"width\":1135,\"height\":1302,\"caption\":\"The citizen for the world\"},\"image\":{\"@id\":\"https:\/\/thecitizenfortheworld.com\/#\/schema\/logo\/image\/\"},\"sameAs\":[\"https:\/\/www.facebook.com\/thecitizenfortheworld\"]},{\"@type\":\"Person\",\"@id\":\"https:\/\/thecitizenfortheworld.com\/#\/schema\/person\/1f6b82847278ca8d344c472822b5b66f\",\"name\":\"thecitizenfortheworld23@gmail.com\",\"image\":{\"@type\":\"ImageObject\",\"inLanguage\":\"es-CO\",\"@id\":\"https:\/\/thecitizenfortheworld.com\/#\/schema\/person\/image\/\",\"url\":\"https:\/\/secure.gravatar.com\/avatar\/fa0768c808e84d205962885f7091f34b?s=96&d=mm&r=pg\",\"contentUrl\":\"https:\/\/secure.gravatar.com\/avatar\/fa0768c808e84d205962885f7091f34b?s=96&d=mm&r=pg\",\"caption\":\"thecitizenfortheworld23@gmail.com\"},\"sameAs\":[\"http:\/\/thecitizenfortheworld.com\"],\"url\":\"https:\/\/thecitizenfortheworld.com\/?author=1\"}]}<\/script>\n<!-- \/ Yoast SEO plugin. -->","yoast_head_json":{"title":"Los movimientos de la Armada de China entre las islas japonesas encienden las alertas en Tokio: \u201cEs una provocaci\u00f3n\u201d - The citizen for the world","robots":{"index":"index","follow":"follow","max-snippet":"max-snippet:-1","max-image-preview":"max-image-preview:large","max-video-preview":"max-video-preview:-1"},"canonical":"https:\/\/thecitizenfortheworld.com\/?p=92951","og_locale":"es_ES","og_type":"article","og_title":"Los movimientos de la Armada de China entre las islas japonesas encienden las alertas en Tokio: \u201cEs una provocaci\u00f3n\u201d - The citizen for the world","og_description":"El paso de destructores chinos cerca de la isla de Amami-Oshima se multiplic\u00f3 este a\u00f1o, en momentos en que Jap\u00f3n atraviesa, seg\u00fan sus propias autoridades, el peor escenario de seguridad desde la Segunda Guerra Mundial Los buques de guerra chinos que navegan cada vez m\u00e1s cerca de la isla japonesa de Amami-Oshima pusieron en alerta [&hellip;]","og_url":"https:\/\/thecitizenfortheworld.com\/?p=92951","og_site_name":"The citizen for the world","article_publisher":"https:\/\/www.facebook.com\/thecitizenfortheworld","article_published_time":"2026-09-03T17:00:51+00:00","article_modified_time":"2026-09-03T17:01:43+00:00","og_image":[{"width":992,"height":662,"url":"https:\/\/thecitizenfortheworld.com\/wp-content\/uploads\/2026\/09\/armada-china.jpg","type":"image\/jpeg"}],"author":"thecitizenfortheworld23@gmail.com","twitter_card":"summary_large_image","twitter_misc":{"Escrito por":"thecitizenfortheworld23@gmail.com","Tiempo estimado de lectura":"6 minutos"},"schema":{"@context":"https:\/\/schema.org","@graph":[{"@type":"Article","@id":"https:\/\/thecitizenfortheworld.com\/?p=92951#article","isPartOf":{"@id":"https:\/\/thecitizenfortheworld.com\/?p=92951"},"author":{"name":"thecitizenfortheworld23@gmail.com","@id":"https:\/\/thecitizenfortheworld.com\/#\/schema\/person\/1f6b82847278ca8d344c472822b5b66f"},"headline":"Los movimientos de la Armada de China entre las islas japonesas encienden las alertas en Tokio: \u201cEs una provocaci\u00f3n\u201d","datePublished":"2026-09-03T17:00:51+00:00","dateModified":"2026-09-03T17:01:43+00:00","mainEntityOfPage":{"@id":"https:\/\/thecitizenfortheworld.com\/?p=92951"},"wordCount":1201,"commentCount":0,"publisher":{"@id":"https:\/\/thecitizenfortheworld.com\/#organization"},"articleSection":["Internacionales"],"inLanguage":"es-CO","potentialAction":[{"@type":"CommentAction","name":"Comment","target":["https:\/\/thecitizenfortheworld.com\/?p=92951#respond"]}]},{"@type":"WebPage","@id":"https:\/\/thecitizenfortheworld.com\/?p=92951","url":"https:\/\/thecitizenfortheworld.com\/?p=92951","name":"Los movimientos de la Armada de China entre las islas japonesas encienden las alertas en Tokio: \u201cEs una provocaci\u00f3n\u201d - The citizen for the world","isPartOf":{"@id":"https:\/\/thecitizenfortheworld.com\/#website"},"datePublished":"2026-09-03T17:00:51+00:00","dateModified":"2026-09-03T17:01:43+00:00","breadcrumb":{"@id":"https:\/\/thecitizenfortheworld.com\/?p=92951#breadcrumb"},"inLanguage":"es-CO","potentialAction":[{"@type":"ReadAction","target":["https:\/\/thecitizenfortheworld.com\/?p=92951"]}]},{"@type":"BreadcrumbList","@id":"https:\/\/thecitizenfortheworld.com\/?p=92951#breadcrumb","itemListElement":[{"@type":"ListItem","position":1,"name":"Inicio","item":"https:\/\/thecitizenfortheworld.com\/"},{"@type":"ListItem","position":2,"name":"Los movimientos de la Armada de China entre las islas japonesas encienden las alertas en Tokio: \u201cEs una provocaci\u00f3n\u201d"}]},{"@type":"WebSite","@id":"https:\/\/thecitizenfortheworld.com\/#website","url":"https:\/\/thecitizenfortheworld.com\/","name":"The citizen for the world","description":"","publisher":{"@id":"https:\/\/thecitizenfortheworld.com\/#organization"},"potentialAction":[{"@type":"SearchAction","target":{"@type":"EntryPoint","urlTemplate":"https:\/\/thecitizenfortheworld.com\/?s={search_term_string}"},"query-input":"required name=search_term_string"}],"inLanguage":"es-CO"},{"@type":"Organization","@id":"https:\/\/thecitizenfortheworld.com\/#organization","name":"The citizen for the world","url":"https:\/\/thecitizenfortheworld.com\/","logo":{"@type":"ImageObject","inLanguage":"es-CO","@id":"https:\/\/thecitizenfortheworld.com\/#\/schema\/logo\/image\/","url":"https:\/\/thecitizenfortheworld.com\/wp-content\/uploads\/2023\/04\/cropped-the-citizens.png","contentUrl":"https:\/\/thecitizenfortheworld.com\/wp-content\/uploads\/2023\/04\/cropped-the-citizens.png","width":1135,"height":1302,"caption":"The citizen for the world"},"image":{"@id":"https:\/\/thecitizenfortheworld.com\/#\/schema\/logo\/image\/"},"sameAs":["https:\/\/www.facebook.com\/thecitizenfortheworld"]},{"@type":"Person","@id":"https:\/\/thecitizenfortheworld.com\/#\/schema\/person\/1f6b82847278ca8d344c472822b5b66f","name":"thecitizenfortheworld23@gmail.com","image":{"@type":"ImageObject","inLanguage":"es-CO","@id":"https:\/\/thecitizenfortheworld.com\/#\/schema\/person\/image\/","url":"https:\/\/secure.gravatar.com\/avatar\/fa0768c808e84d205962885f7091f34b?s=96&d=mm&r=pg","contentUrl":"https:\/\/secure.gravatar.com\/avatar\/fa0768c808e84d205962885f7091f34b?s=96&d=mm&r=pg","caption":"thecitizenfortheworld23@gmail.com"},"sameAs":["http:\/\/thecitizenfortheworld.com"],"url":"https:\/\/thecitizenfortheworld.com\/?author=1"}]}},"_links":{"self":[{"href":"https:\/\/thecitizenfortheworld.com\/index.php?rest_route=\/wp\/v2\/posts\/92951"}],"collection":[{"href":"https:\/\/thecitizenfortheworld.com\/index.php?rest_route=\/wp\/v2\/posts"}],"about":[{"href":"https:\/\/thecitizenfortheworld.com\/index.php?rest_route=\/wp\/v2\/types\/post"}],"author":[{"embeddable":true,"href":"https:\/\/thecitizenfortheworld.com\/index.php?rest_route=\/wp\/v2\/users\/1"}],"replies":[{"embeddable":true,"href":"https:\/\/thecitizenfortheworld.com\/index.php?rest_route=%2Fwp%2Fv2%2Fcomments&post=92951"}],"version-history":[{"count":2,"href":"https:\/\/thecitizenfortheworld.com\/index.php?rest_route=\/wp\/v2\/posts\/92951\/revisions"}],"predecessor-version":[{"id":92954,"href":"https:\/\/thecitizenfortheworld.com\/index.php?rest_route=\/wp\/v2\/posts\/92951\/revisions\/92954"}],"wp:featuredmedia":[{"embeddable":true,"href":"https:\/\/thecitizenfortheworld.com\/index.php?rest_route=\/wp\/v2\/media\/92952"}],"wp:attachment":[{"href":"https:\/\/thecitizenfortheworld.com\/index.php?rest_route=%2Fwp%2Fv2%2Fmedia&parent=92951"}],"wp:term":[{"taxonomy":"category","embeddable":true,"href":"https:\/\/thecitizenfortheworld.com\/index.php?rest_route=%2Fwp%2Fv2%2Fcategories&post=92951"},{"taxonomy":"post_tag","embeddable":true,"href":"https:\/\/thecitizenfortheworld.com\/index.php?rest_route=%2Fwp%2Fv2%2Ftags&post=92951"}],"curies":[{"name":"wp","href":"https:\/\/api.w.org\/{rel}","templated":true}]}}