{"id":92948,"date":"2026-09-03T11:52:48","date_gmt":"2026-09-03T16:52:48","guid":{"rendered":"https:\/\/thecitizenfortheworld.com\/?p=92948"},"modified":"2026-09-03T11:52:48","modified_gmt":"2026-09-03T16:52:48","slug":"los-precios-del-crudo-subieron-a-maximos-de-seis-semanas-tras-los-ataques-de-estados-unidos-a-iran","status":"publish","type":"post","link":"https:\/\/thecitizenfortheworld.com\/?p=92948","title":{"rendered":"Los precios del crudo subieron a m\u00e1ximos de seis semanas tras los ataques de Estados Unidos a Ir\u00e1n"},"content":{"rendered":"<p class=\"article-subheadline text-align-left\">La escalada militar en Oriente Medio y nuevas advertencias desde Tel Aviv reactivaron el riesgo de cortes en el abastecimiento. El barril de Brent subi\u00f3 por encima de los USD 97 y el WTI super\u00f3 los USD 92<\/p>\n<p>Los precios del <b>crudo<\/b> subieron este jueves hasta niveles no vistos en <b>seis semanas<\/b> despu\u00e9s de que nuevos ataques de <b>Estados Unidos<\/b> contra <b>Ir\u00e1n<\/b> y nuevas amenazas de Israel contra Teher\u00e1n reactivaran el temor a interrupciones del suministro en Oriente Medio.<\/p>\n<p>Seg\u00fan <i>Reuters<\/i>, los futuros del Brent ganaron <b>1,8%<\/b> hasta USD 97,39 por barril a las 10:25 GMT, mientras que el West Texas Intermediate en Estados Unidos avanz\u00f3 <b>2,1%<\/b> hasta USD 92,92. Ambos contratos quedaron encaminados a su cuarto d\u00eda consecutivo de alzas tras tocar m\u00e1ximos de seis semanas m\u00e1s temprano.<\/p>\n<p>La presi\u00f3n sobre el mercado qued\u00f3 atada al deterioro de la seguridad en una zona clave para el transporte energ\u00e9tico. Los \u00faltimos ataques marcaron el intercambio de fuego m\u00e1s intenso entre Estados Unidos e Ir\u00e1n desde <b>julio<\/b>, en una guerra que ya entr\u00f3 en su s\u00e9ptimo mes.<\/p>\n<p>El movimiento de los precios coincidi\u00f3 adem\u00e1s con una ca\u00edda del tr\u00e1fico mar\u00edtimo en el estrecho de Ormuz, uno de los puntos m\u00e1s sensibles para el flujo regional de crudo. Datos preliminares publicados el jueves mostraron que seis buques de mercanc\u00edas cruzaron el paso el mi\u00e9rcoles, frente a 11 del d\u00eda anterior y por debajo de la media de los \u00faltimos 10 d\u00edas, que ronda los 13.<\/p>\n<div class=\"visual__image\"><picture><source srcset=\"https:\/\/www.infobae.com\/resizer\/v2\/MF5D7XTAHBDS3JSYNZ5WVVWBYM.jpg?auth=6a2c92a687da3556c45f9e57e4cc867d709ad40c6d4cf56d00234343f28f4a5b&amp;smart=true&amp;width=992&amp;height=661&amp;quality=85\" media=\"(min-width: 1000px)\" \/><source srcset=\"https:\/\/www.infobae.com\/resizer\/v2\/MF5D7XTAHBDS3JSYNZ5WVVWBYM.jpg?auth=6a2c92a687da3556c45f9e57e4cc867d709ad40c6d4cf56d00234343f28f4a5b&amp;smart=true&amp;width=768&amp;height=512&amp;quality=85\" media=\"(min-width: 768px)\" \/><source srcset=\"https:\/\/www.infobae.com\/resizer\/v2\/MF5D7XTAHBDS3JSYNZ5WVVWBYM.jpg?auth=6a2c92a687da3556c45f9e57e4cc867d709ad40c6d4cf56d00234343f28f4a5b&amp;smart=true&amp;width=577&amp;height=385&amp;quality=85\" media=\"(min-width: 580px)\" \/><source srcset=\"https:\/\/www.infobae.com\/resizer\/v2\/MF5D7XTAHBDS3JSYNZ5WVVWBYM.jpg?auth=6a2c92a687da3556c45f9e57e4cc867d709ad40c6d4cf56d00234343f28f4a5b&amp;smart=true&amp;width=420&amp;height=280&amp;quality=85\" media=\"(min-width: 350px)\" \/><source srcset=\"https:\/\/www.infobae.com\/resizer\/v2\/MF5D7XTAHBDS3JSYNZ5WVVWBYM.jpg?auth=6a2c92a687da3556c45f9e57e4cc867d709ad40c6d4cf56d00234343f28f4a5b&amp;smart=true&amp;width=350&amp;height=233&amp;quality=85\" media=\"(min-width: 80px)\" \/><img decoding=\"async\" loading=\"lazy\" class=\"global-image\" src=\"https:\/\/www.infobae.com\/resizer\/v2\/MF5D7XTAHBDS3JSYNZ5WVVWBYM.jpg?auth=6a2c92a687da3556c45f9e57e4cc867d709ad40c6d4cf56d00234343f28f4a5b&amp;smart=true&amp;width=350&amp;height=233&amp;quality=85\" alt=\"Una persona echa combustible\n\nDavid Zorrakino \/ Europa Press\" width=\"1920\" height=\"1280\" \/><\/picture><em>Una persona echa combustible David Zorrakino \/ Europa Press<\/em><\/div>\n<h2 id=\"israel-amenazo-con-golpear-instalaciones-energeticas-iranies\" class=\"text-align-left vertical-align-top line-height-100 header headline-class-h2 headline\">Israel amenaz\u00f3 con golpear instalaciones energ\u00e9ticas iran\u00edes<\/h2>\n<p class=\"paragraph\" data-paragraph-number=\"5\" data-mrf-recirculation=\"Links inline\">El ministro de Defensa israel\u00ed, <b>Israel Katz<\/b>, reiter\u00f3 que su pa\u00eds \u201cparalizar\u00e1\u201d las infraestructuras militares y civiles de Ir\u00e1n, incluidas las instalaciones energ\u00e9ticas, si Teher\u00e1n los ataca. Ole Hansen, analista de Saxo Bank, dijo que esos comentarios ayudaron a impulsar la \u00faltima suba del petr\u00f3leo.<\/p>\n<p class=\"paragraph\" data-paragraph-number=\"6\" data-mrf-recirculation=\"Links inline\">Estados Unidos atac\u00f3 Ir\u00e1n y el mercado respondi\u00f3 con nuevas compras de crudo. La consecuencia inmediata fue un alza de las cotizaciones por el riesgo de que el conflicto afecte el suministro de Oriente Medio.<\/p>\n<h2 id=\"los-ataques-dejaron-muertos-y-heridos-en-iran\" class=\"text-align-left vertical-align-top line-height-100 header headline-class-h2 headline\">Los ataques dejaron muertos y heridos en Ir\u00e1n<\/h2>\n<p class=\"paragraph\" data-paragraph-number=\"7\" data-mrf-recirculation=\"Links inline\">El ministro de Salud iran\u00ed afirm\u00f3 que ocho personas murieron y 108 resultaron heridas en los ataques estadounidenses de la noche del martes en distintos puntos del pa\u00eds. La Media Luna Roja iran\u00ed indic\u00f3 que cuatro personas murieron y 67 resultaron heridas en una boda celebrada cerca de la costa del estrecho de Ormuz.<\/p>\n<p class=\"paragraph\" data-paragraph-number=\"8\" data-mrf-recirculation=\"Links inline\">Giovanni Staunovo, analista de energ\u00eda de UBS, afirm\u00f3 citado por la agencia que el mercado petrolero sigue tenso por la ca\u00edda de las reservas mundiales, un factor que empuj\u00f3 los precios al alza junto con la nueva escalada en Oriente Medio.<\/p>\n<p class=\"paragraph\" data-paragraph-number=\"9\" data-mrf-recirculation=\"Links inline\">Seis buques de mercanc\u00edas transitaron por el estrecho de Ormuz el mi\u00e9rcoles, frente a los 11 del d\u00eda anterior.<\/p>\n<p data-paragraph-number=\"9\" data-mrf-recirculation=\"Links inline\">(<em>Con informaci\u00f3n de Infobae)<\/em><\/p>\n","protected":false},"excerpt":{"rendered":"<p>La escalada militar en Oriente Medio y nuevas advertencias desde Tel Aviv reactivaron el riesgo de cortes en el abastecimiento. El barril de Brent subi\u00f3 por encima de los USD 97 y el WTI super\u00f3 los USD 92 Los precios del crudo subieron este jueves hasta niveles no vistos en seis semanas despu\u00e9s de que [&hellip;]<\/p>\n","protected":false},"author":1,"featured_media":92949,"comment_status":"open","ping_status":"open","sticky":false,"template":"","format":"standard","meta":{"om_disable_all_campaigns":false,"_mi_skip_tracking":false},"categories":[55,2],"tags":[],"yoast_head":"<!-- This site is optimized with the Yoast SEO plugin v20.5 - https:\/\/yoast.com\/wordpress\/plugins\/seo\/ -->\n<title>Los precios del crudo subieron a m\u00e1ximos de seis semanas tras los ataques de Estados Unidos a Ir\u00e1n - The citizen for the world<\/title>\n<meta name=\"robots\" content=\"index, follow, max-snippet:-1, max-image-preview:large, max-video-preview:-1\" \/>\n<link rel=\"canonical\" href=\"https:\/\/thecitizenfortheworld.com\/?p=92948\" \/>\n<meta property=\"og:locale\" content=\"es_ES\" \/>\n<meta property=\"og:type\" content=\"article\" \/>\n<meta property=\"og:title\" content=\"Los precios del crudo subieron a m\u00e1ximos de seis semanas tras los ataques de Estados Unidos a Ir\u00e1n - The citizen for the world\" \/>\n<meta property=\"og:description\" content=\"La escalada militar en Oriente Medio y nuevas advertencias desde Tel Aviv reactivaron el riesgo de cortes en el abastecimiento. El barril de Brent subi\u00f3 por encima de los USD 97 y el WTI super\u00f3 los USD 92 Los precios del crudo subieron este jueves hasta niveles no vistos en seis semanas despu\u00e9s de que [&hellip;]\" \/>\n<meta property=\"og:url\" content=\"https:\/\/thecitizenfortheworld.com\/?p=92948\" \/>\n<meta property=\"og:site_name\" content=\"The citizen for the world\" \/>\n<meta property=\"article:publisher\" content=\"https:\/\/www.facebook.com\/thecitizenfortheworld\" \/>\n<meta property=\"article:published_time\" content=\"2026-09-03T16:52:48+00:00\" \/>\n<meta property=\"og:image\" content=\"https:\/\/thecitizenfortheworld.com\/wp-content\/uploads\/2026\/09\/perforadoras.jpg\" \/>\n\t<meta property=\"og:image:width\" content=\"597\" \/>\n\t<meta property=\"og:image:height\" content=\"335\" \/>\n\t<meta property=\"og:image:type\" content=\"image\/jpeg\" \/>\n<meta name=\"author\" content=\"thecitizenfortheworld23@gmail.com\" \/>\n<meta name=\"twitter:card\" content=\"summary_large_image\" \/>\n<meta name=\"twitter:label1\" content=\"Escrito por\" \/>\n\t<meta name=\"twitter:data1\" content=\"thecitizenfortheworld23@gmail.com\" \/>\n\t<meta name=\"twitter:label2\" content=\"Tiempo estimado de lectura\" \/>\n\t<meta name=\"twitter:data2\" content=\"3 minutos\" \/>\n<script type=\"application\/ld+json\" class=\"yoast-schema-graph\">{\"@context\":\"https:\/\/schema.org\",\"@graph\":[{\"@type\":\"Article\",\"@id\":\"https:\/\/thecitizenfortheworld.com\/?p=92948#article\",\"isPartOf\":{\"@id\":\"https:\/\/thecitizenfortheworld.com\/?p=92948\"},\"author\":{\"name\":\"thecitizenfortheworld23@gmail.com\",\"@id\":\"https:\/\/thecitizenfortheworld.com\/#\/schema\/person\/1f6b82847278ca8d344c472822b5b66f\"},\"headline\":\"Los precios del crudo subieron a m\u00e1ximos de seis semanas tras los ataques de Estados Unidos a Ir\u00e1n\",\"datePublished\":\"2026-09-03T16:52:48+00:00\",\"dateModified\":\"2026-09-03T16:52:48+00:00\",\"mainEntityOfPage\":{\"@id\":\"https:\/\/thecitizenfortheworld.com\/?p=92948\"},\"wordCount\":508,\"commentCount\":0,\"publisher\":{\"@id\":\"https:\/\/thecitizenfortheworld.com\/#organization\"},\"articleSection\":[\"Econom\u00eda\",\"Internacionales\"],\"inLanguage\":\"es-CO\",\"potentialAction\":[{\"@type\":\"CommentAction\",\"name\":\"Comment\",\"target\":[\"https:\/\/thecitizenfortheworld.com\/?p=92948#respond\"]}]},{\"@type\":\"WebPage\",\"@id\":\"https:\/\/thecitizenfortheworld.com\/?p=92948\",\"url\":\"https:\/\/thecitizenfortheworld.com\/?p=92948\",\"name\":\"Los precios del crudo subieron a m\u00e1ximos de seis semanas tras los ataques de Estados Unidos a Ir\u00e1n - The citizen for the world\",\"isPartOf\":{\"@id\":\"https:\/\/thecitizenfortheworld.com\/#website\"},\"datePublished\":\"2026-09-03T16:52:48+00:00\",\"dateModified\":\"2026-09-03T16:52:48+00:00\",\"breadcrumb\":{\"@id\":\"https:\/\/thecitizenfortheworld.com\/?p=92948#breadcrumb\"},\"inLanguage\":\"es-CO\",\"potentialAction\":[{\"@type\":\"ReadAction\",\"target\":[\"https:\/\/thecitizenfortheworld.com\/?p=92948\"]}]},{\"@type\":\"BreadcrumbList\",\"@id\":\"https:\/\/thecitizenfortheworld.com\/?p=92948#breadcrumb\",\"itemListElement\":[{\"@type\":\"ListItem\",\"position\":1,\"name\":\"Inicio\",\"item\":\"https:\/\/thecitizenfortheworld.com\/\"},{\"@type\":\"ListItem\",\"position\":2,\"name\":\"Los precios del crudo subieron a m\u00e1ximos de seis semanas tras los ataques de Estados Unidos a Ir\u00e1n\"}]},{\"@type\":\"WebSite\",\"@id\":\"https:\/\/thecitizenfortheworld.com\/#website\",\"url\":\"https:\/\/thecitizenfortheworld.com\/\",\"name\":\"The citizen for the world\",\"description\":\"\",\"publisher\":{\"@id\":\"https:\/\/thecitizenfortheworld.com\/#organization\"},\"potentialAction\":[{\"@type\":\"SearchAction\",\"target\":{\"@type\":\"EntryPoint\",\"urlTemplate\":\"https:\/\/thecitizenfortheworld.com\/?s={search_term_string}\"},\"query-input\":\"required name=search_term_string\"}],\"inLanguage\":\"es-CO\"},{\"@type\":\"Organization\",\"@id\":\"https:\/\/thecitizenfortheworld.com\/#organization\",\"name\":\"The citizen for the world\",\"url\":\"https:\/\/thecitizenfortheworld.com\/\",\"logo\":{\"@type\":\"ImageObject\",\"inLanguage\":\"es-CO\",\"@id\":\"https:\/\/thecitizenfortheworld.com\/#\/schema\/logo\/image\/\",\"url\":\"https:\/\/thecitizenfortheworld.com\/wp-content\/uploads\/2023\/04\/cropped-the-citizens.png\",\"contentUrl\":\"https:\/\/thecitizenfortheworld.com\/wp-content\/uploads\/2023\/04\/cropped-the-citizens.png\",\"width\":1135,\"height\":1302,\"caption\":\"The citizen for the world\"},\"image\":{\"@id\":\"https:\/\/thecitizenfortheworld.com\/#\/schema\/logo\/image\/\"},\"sameAs\":[\"https:\/\/www.facebook.com\/thecitizenfortheworld\"]},{\"@type\":\"Person\",\"@id\":\"https:\/\/thecitizenfortheworld.com\/#\/schema\/person\/1f6b82847278ca8d344c472822b5b66f\",\"name\":\"thecitizenfortheworld23@gmail.com\",\"image\":{\"@type\":\"ImageObject\",\"inLanguage\":\"es-CO\",\"@id\":\"https:\/\/thecitizenfortheworld.com\/#\/schema\/person\/image\/\",\"url\":\"https:\/\/secure.gravatar.com\/avatar\/fa0768c808e84d205962885f7091f34b?s=96&d=mm&r=pg\",\"contentUrl\":\"https:\/\/secure.gravatar.com\/avatar\/fa0768c808e84d205962885f7091f34b?s=96&d=mm&r=pg\",\"caption\":\"thecitizenfortheworld23@gmail.com\"},\"sameAs\":[\"http:\/\/thecitizenfortheworld.com\"],\"url\":\"https:\/\/thecitizenfortheworld.com\/?author=1\"}]}<\/script>\n<!-- \/ Yoast SEO plugin. -->","yoast_head_json":{"title":"Los precios del crudo subieron a m\u00e1ximos de seis semanas tras los ataques de Estados Unidos a Ir\u00e1n - The citizen for the world","robots":{"index":"index","follow":"follow","max-snippet":"max-snippet:-1","max-image-preview":"max-image-preview:large","max-video-preview":"max-video-preview:-1"},"canonical":"https:\/\/thecitizenfortheworld.com\/?p=92948","og_locale":"es_ES","og_type":"article","og_title":"Los precios del crudo subieron a m\u00e1ximos de seis semanas tras los ataques de Estados Unidos a Ir\u00e1n - The citizen for the world","og_description":"La escalada militar en Oriente Medio y nuevas advertencias desde Tel Aviv reactivaron el riesgo de cortes en el abastecimiento. El barril de Brent subi\u00f3 por encima de los USD 97 y el WTI super\u00f3 los USD 92 Los precios del crudo subieron este jueves hasta niveles no vistos en seis semanas despu\u00e9s de que [&hellip;]","og_url":"https:\/\/thecitizenfortheworld.com\/?p=92948","og_site_name":"The citizen for the world","article_publisher":"https:\/\/www.facebook.com\/thecitizenfortheworld","article_published_time":"2026-09-03T16:52:48+00:00","og_image":[{"width":597,"height":335,"url":"https:\/\/thecitizenfortheworld.com\/wp-content\/uploads\/2026\/09\/perforadoras.jpg","type":"image\/jpeg"}],"author":"thecitizenfortheworld23@gmail.com","twitter_card":"summary_large_image","twitter_misc":{"Escrito por":"thecitizenfortheworld23@gmail.com","Tiempo estimado de lectura":"3 minutos"},"schema":{"@context":"https:\/\/schema.org","@graph":[{"@type":"Article","@id":"https:\/\/thecitizenfortheworld.com\/?p=92948#article","isPartOf":{"@id":"https:\/\/thecitizenfortheworld.com\/?p=92948"},"author":{"name":"thecitizenfortheworld23@gmail.com","@id":"https:\/\/thecitizenfortheworld.com\/#\/schema\/person\/1f6b82847278ca8d344c472822b5b66f"},"headline":"Los precios del crudo subieron a m\u00e1ximos de seis semanas tras los ataques de Estados Unidos a Ir\u00e1n","datePublished":"2026-09-03T16:52:48+00:00","dateModified":"2026-09-03T16:52:48+00:00","mainEntityOfPage":{"@id":"https:\/\/thecitizenfortheworld.com\/?p=92948"},"wordCount":508,"commentCount":0,"publisher":{"@id":"https:\/\/thecitizenfortheworld.com\/#organization"},"articleSection":["Econom\u00eda","Internacionales"],"inLanguage":"es-CO","potentialAction":[{"@type":"CommentAction","name":"Comment","target":["https:\/\/thecitizenfortheworld.com\/?p=92948#respond"]}]},{"@type":"WebPage","@id":"https:\/\/thecitizenfortheworld.com\/?p=92948","url":"https:\/\/thecitizenfortheworld.com\/?p=92948","name":"Los precios del crudo subieron a m\u00e1ximos de seis semanas tras los ataques de Estados Unidos a Ir\u00e1n - The citizen for the world","isPartOf":{"@id":"https:\/\/thecitizenfortheworld.com\/#website"},"datePublished":"2026-09-03T16:52:48+00:00","dateModified":"2026-09-03T16:52:48+00:00","breadcrumb":{"@id":"https:\/\/thecitizenfortheworld.com\/?p=92948#breadcrumb"},"inLanguage":"es-CO","potentialAction":[{"@type":"ReadAction","target":["https:\/\/thecitizenfortheworld.com\/?p=92948"]}]},{"@type":"BreadcrumbList","@id":"https:\/\/thecitizenfortheworld.com\/?p=92948#breadcrumb","itemListElement":[{"@type":"ListItem","position":1,"name":"Inicio","item":"https:\/\/thecitizenfortheworld.com\/"},{"@type":"ListItem","position":2,"name":"Los precios del crudo subieron a m\u00e1ximos de seis semanas tras los ataques de Estados Unidos a Ir\u00e1n"}]},{"@type":"WebSite","@id":"https:\/\/thecitizenfortheworld.com\/#website","url":"https:\/\/thecitizenfortheworld.com\/","name":"The citizen for the world","description":"","publisher":{"@id":"https:\/\/thecitizenfortheworld.com\/#organization"},"potentialAction":[{"@type":"SearchAction","target":{"@type":"EntryPoint","urlTemplate":"https:\/\/thecitizenfortheworld.com\/?s={search_term_string}"},"query-input":"required name=search_term_string"}],"inLanguage":"es-CO"},{"@type":"Organization","@id":"https:\/\/thecitizenfortheworld.com\/#organization","name":"The citizen for the world","url":"https:\/\/thecitizenfortheworld.com\/","logo":{"@type":"ImageObject","inLanguage":"es-CO","@id":"https:\/\/thecitizenfortheworld.com\/#\/schema\/logo\/image\/","url":"https:\/\/thecitizenfortheworld.com\/wp-content\/uploads\/2023\/04\/cropped-the-citizens.png","contentUrl":"https:\/\/thecitizenfortheworld.com\/wp-content\/uploads\/2023\/04\/cropped-the-citizens.png","width":1135,"height":1302,"caption":"The citizen for the world"},"image":{"@id":"https:\/\/thecitizenfortheworld.com\/#\/schema\/logo\/image\/"},"sameAs":["https:\/\/www.facebook.com\/thecitizenfortheworld"]},{"@type":"Person","@id":"https:\/\/thecitizenfortheworld.com\/#\/schema\/person\/1f6b82847278ca8d344c472822b5b66f","name":"thecitizenfortheworld23@gmail.com","image":{"@type":"ImageObject","inLanguage":"es-CO","@id":"https:\/\/thecitizenfortheworld.com\/#\/schema\/person\/image\/","url":"https:\/\/secure.gravatar.com\/avatar\/fa0768c808e84d205962885f7091f34b?s=96&d=mm&r=pg","contentUrl":"https:\/\/secure.gravatar.com\/avatar\/fa0768c808e84d205962885f7091f34b?s=96&d=mm&r=pg","caption":"thecitizenfortheworld23@gmail.com"},"sameAs":["http:\/\/thecitizenfortheworld.com"],"url":"https:\/\/thecitizenfortheworld.com\/?author=1"}]}},"_links":{"self":[{"href":"https:\/\/thecitizenfortheworld.com\/index.php?rest_route=\/wp\/v2\/posts\/92948"}],"collection":[{"href":"https:\/\/thecitizenfortheworld.com\/index.php?rest_route=\/wp\/v2\/posts"}],"about":[{"href":"https:\/\/thecitizenfortheworld.com\/index.php?rest_route=\/wp\/v2\/types\/post"}],"author":[{"embeddable":true,"href":"https:\/\/thecitizenfortheworld.com\/index.php?rest_route=\/wp\/v2\/users\/1"}],"replies":[{"embeddable":true,"href":"https:\/\/thecitizenfortheworld.com\/index.php?rest_route=%2Fwp%2Fv2%2Fcomments&post=92948"}],"version-history":[{"count":1,"href":"https:\/\/thecitizenfortheworld.com\/index.php?rest_route=\/wp\/v2\/posts\/92948\/revisions"}],"predecessor-version":[{"id":92950,"href":"https:\/\/thecitizenfortheworld.com\/index.php?rest_route=\/wp\/v2\/posts\/92948\/revisions\/92950"}],"wp:featuredmedia":[{"embeddable":true,"href":"https:\/\/thecitizenfortheworld.com\/index.php?rest_route=\/wp\/v2\/media\/92949"}],"wp:attachment":[{"href":"https:\/\/thecitizenfortheworld.com\/index.php?rest_route=%2Fwp%2Fv2%2Fmedia&parent=92948"}],"wp:term":[{"taxonomy":"category","embeddable":true,"href":"https:\/\/thecitizenfortheworld.com\/index.php?rest_route=%2Fwp%2Fv2%2Fcategories&post=92948"},{"taxonomy":"post_tag","embeddable":true,"href":"https:\/\/thecitizenfortheworld.com\/index.php?rest_route=%2Fwp%2Fv2%2Ftags&post=92948"}],"curies":[{"name":"wp","href":"https:\/\/api.w.org\/{rel}","templated":true}]}}