{"id":92944,"date":"2026-09-02T19:35:51","date_gmt":"2026-09-03T00:35:51","guid":{"rendered":"https:\/\/thecitizenfortheworld.com\/?p=92944"},"modified":"2026-09-02T19:35:51","modified_gmt":"2026-09-03T00:35:51","slug":"viviane-morales-sale-del-ministerio-de-educacion-en-su-reemplazo-abelardo-de-la-espriella-designo-a-ilva-myriam-hoyos","status":"publish","type":"post","link":"https:\/\/thecitizenfortheworld.com\/?p=92944","title":{"rendered":"Viviane Morales sale del Ministerio de Educaci\u00f3n: en su reemplazo Abelardo de la Espriella design\u00f3 a Ilva Myriam Hoyos"},"content":{"rendered":"<p class=\"article-subheadline text-align-left\">El mandatario comunic\u00f3 que la funcionaria dejar\u00e1 el gabinete para atender una situaci\u00f3n privada y anunci\u00f3 que la exprocuradora ocupar\u00e1 su lugar al frente de la cartera<\/p>\n<p>El presidente Abelardo de la Espriella anunci\u00f3 la salida de Viviane Morales del Ministerio de Educaci\u00f3n Nacional por motivos personales y design\u00f3 en su reemplazo a la exprocuradora Ilva Myriam Hoyos.<\/p>\n<p>El jefe de Estado inform\u00f3 la decisi\u00f3n a trav\u00e9s de un mensaje publicado en X, en el que expres\u00f3 su respaldo a la nueva ministra. <b>\u201cHoy estoy designando a la doctora Ilva Myriam Hoyos como Ministra de Educaci\u00f3n Nacional\u201d<\/b>, escribi\u00f3.<\/p>\n<p>De la Espriella sostuvo que Hoyos cuenta con las condiciones para asumir la cartera. Adem\u00e1s, destac\u00f3 su trayectoria y afirm\u00f3 que espera que ejerza el cargo \u201ccon entrega, car\u00e1cter y convicci\u00f3n\u201d.<\/p>\n<p class=\"paragraph\" data-paragraph-number=\"4\" data-mrf-recirculation=\"Links inline\">La nueva ministra reemplazar\u00e1 a Morales, que deja el Gobierno el 7 de septiembre de 2026 para atender una situaci\u00f3n personal. <b>En su mensaje, el presidente manifest\u00f3 su cercan\u00eda con la saliente funcionaria y le agradeci\u00f3 por su paso por el Ejecutivo. \u201cViviane se va con mi gratitud, mi afecto y mis oraciones\u201d, se\u00f1al\u00f3.<\/b><\/p>\n<p class=\"paragraph\" data-paragraph-number=\"5\" data-mrf-recirculation=\"Links inline\"><i>Noticia en desarrollo&#8230;<\/i><\/p>\n<p data-paragraph-number=\"5\" data-mrf-recirculation=\"Links inline\">(<em>Con informaci\u00f3n de Infobae)<\/em><\/p>\n","protected":false},"excerpt":{"rendered":"<p>El mandatario comunic\u00f3 que la funcionaria dejar\u00e1 el gabinete para atender una situaci\u00f3n privada y anunci\u00f3 que la exprocuradora ocupar\u00e1 su lugar al frente de la cartera El presidente Abelardo de la Espriella anunci\u00f3 la salida de Viviane Morales del Ministerio de Educaci\u00f3n Nacional por motivos personales y design\u00f3 en su reemplazo a la exprocuradora [&hellip;]<\/p>\n","protected":false},"author":1,"featured_media":92945,"comment_status":"open","ping_status":"open","sticky":false,"template":"","format":"standard","meta":{"om_disable_all_campaigns":false,"_mi_skip_tracking":false},"categories":[58,4],"tags":[],"yoast_head":"<!-- This site is optimized with the Yoast SEO plugin v20.5 - https:\/\/yoast.com\/wordpress\/plugins\/seo\/ -->\n<title>Viviane Morales sale del Ministerio de Educaci\u00f3n: en su reemplazo Abelardo de la Espriella design\u00f3 a Ilva Myriam Hoyos - The citizen for the world<\/title>\n<meta name=\"robots\" content=\"index, follow, max-snippet:-1, max-image-preview:large, max-video-preview:-1\" \/>\n<link rel=\"canonical\" href=\"https:\/\/thecitizenfortheworld.com\/?p=92944\" \/>\n<meta property=\"og:locale\" content=\"es_ES\" \/>\n<meta property=\"og:type\" content=\"article\" \/>\n<meta property=\"og:title\" content=\"Viviane Morales sale del Ministerio de Educaci\u00f3n: en su reemplazo Abelardo de la Espriella design\u00f3 a Ilva Myriam Hoyos - The citizen for the world\" \/>\n<meta property=\"og:description\" content=\"El mandatario comunic\u00f3 que la funcionaria dejar\u00e1 el gabinete para atender una situaci\u00f3n privada y anunci\u00f3 que la exprocuradora ocupar\u00e1 su lugar al frente de la cartera El presidente Abelardo de la Espriella anunci\u00f3 la salida de Viviane Morales del Ministerio de Educaci\u00f3n Nacional por motivos personales y design\u00f3 en su reemplazo a la exprocuradora [&hellip;]\" \/>\n<meta property=\"og:url\" content=\"https:\/\/thecitizenfortheworld.com\/?p=92944\" \/>\n<meta property=\"og:site_name\" content=\"The citizen for the world\" \/>\n<meta property=\"article:publisher\" content=\"https:\/\/www.facebook.com\/thecitizenfortheworld\" \/>\n<meta property=\"article:published_time\" content=\"2026-09-03T00:35:51+00:00\" \/>\n<meta property=\"og:image\" content=\"https:\/\/thecitizenfortheworld.com\/wp-content\/uploads\/2026\/09\/que-lala.jpg\" \/>\n\t<meta property=\"og:image:width\" content=\"992\" \/>\n\t<meta property=\"og:image:height\" content=\"558\" \/>\n\t<meta property=\"og:image:type\" content=\"image\/jpeg\" \/>\n<meta name=\"author\" content=\"thecitizenfortheworld23@gmail.com\" \/>\n<meta name=\"twitter:card\" content=\"summary_large_image\" \/>\n<meta name=\"twitter:label1\" content=\"Escrito por\" \/>\n\t<meta name=\"twitter:data1\" content=\"thecitizenfortheworld23@gmail.com\" \/>\n\t<meta name=\"twitter:label2\" content=\"Tiempo estimado de lectura\" \/>\n\t<meta name=\"twitter:data2\" content=\"1 minuto\" \/>\n<script type=\"application\/ld+json\" class=\"yoast-schema-graph\">{\"@context\":\"https:\/\/schema.org\",\"@graph\":[{\"@type\":\"Article\",\"@id\":\"https:\/\/thecitizenfortheworld.com\/?p=92944#article\",\"isPartOf\":{\"@id\":\"https:\/\/thecitizenfortheworld.com\/?p=92944\"},\"author\":{\"name\":\"thecitizenfortheworld23@gmail.com\",\"@id\":\"https:\/\/thecitizenfortheworld.com\/#\/schema\/person\/1f6b82847278ca8d344c472822b5b66f\"},\"headline\":\"Viviane Morales sale del Ministerio de Educaci\u00f3n: en su reemplazo Abelardo de la Espriella design\u00f3 a Ilva Myriam Hoyos\",\"datePublished\":\"2026-09-03T00:35:51+00:00\",\"dateModified\":\"2026-09-03T00:35:51+00:00\",\"mainEntityOfPage\":{\"@id\":\"https:\/\/thecitizenfortheworld.com\/?p=92944\"},\"wordCount\":220,\"commentCount\":0,\"publisher\":{\"@id\":\"https:\/\/thecitizenfortheworld.com\/#organization\"},\"articleSection\":[\"Colombia\",\"Pol\u00edtica\"],\"inLanguage\":\"es-CO\",\"potentialAction\":[{\"@type\":\"CommentAction\",\"name\":\"Comment\",\"target\":[\"https:\/\/thecitizenfortheworld.com\/?p=92944#respond\"]}]},{\"@type\":\"WebPage\",\"@id\":\"https:\/\/thecitizenfortheworld.com\/?p=92944\",\"url\":\"https:\/\/thecitizenfortheworld.com\/?p=92944\",\"name\":\"Viviane Morales sale del Ministerio de Educaci\u00f3n: en su reemplazo Abelardo de la Espriella design\u00f3 a Ilva Myriam Hoyos - The citizen for the world\",\"isPartOf\":{\"@id\":\"https:\/\/thecitizenfortheworld.com\/#website\"},\"datePublished\":\"2026-09-03T00:35:51+00:00\",\"dateModified\":\"2026-09-03T00:35:51+00:00\",\"breadcrumb\":{\"@id\":\"https:\/\/thecitizenfortheworld.com\/?p=92944#breadcrumb\"},\"inLanguage\":\"es-CO\",\"potentialAction\":[{\"@type\":\"ReadAction\",\"target\":[\"https:\/\/thecitizenfortheworld.com\/?p=92944\"]}]},{\"@type\":\"BreadcrumbList\",\"@id\":\"https:\/\/thecitizenfortheworld.com\/?p=92944#breadcrumb\",\"itemListElement\":[{\"@type\":\"ListItem\",\"position\":1,\"name\":\"Inicio\",\"item\":\"https:\/\/thecitizenfortheworld.com\/\"},{\"@type\":\"ListItem\",\"position\":2,\"name\":\"Viviane Morales sale del Ministerio de Educaci\u00f3n: en su reemplazo Abelardo de la Espriella design\u00f3 a Ilva Myriam Hoyos\"}]},{\"@type\":\"WebSite\",\"@id\":\"https:\/\/thecitizenfortheworld.com\/#website\",\"url\":\"https:\/\/thecitizenfortheworld.com\/\",\"name\":\"The citizen for the world\",\"description\":\"\",\"publisher\":{\"@id\":\"https:\/\/thecitizenfortheworld.com\/#organization\"},\"potentialAction\":[{\"@type\":\"SearchAction\",\"target\":{\"@type\":\"EntryPoint\",\"urlTemplate\":\"https:\/\/thecitizenfortheworld.com\/?s={search_term_string}\"},\"query-input\":\"required name=search_term_string\"}],\"inLanguage\":\"es-CO\"},{\"@type\":\"Organization\",\"@id\":\"https:\/\/thecitizenfortheworld.com\/#organization\",\"name\":\"The citizen for the world\",\"url\":\"https:\/\/thecitizenfortheworld.com\/\",\"logo\":{\"@type\":\"ImageObject\",\"inLanguage\":\"es-CO\",\"@id\":\"https:\/\/thecitizenfortheworld.com\/#\/schema\/logo\/image\/\",\"url\":\"https:\/\/thecitizenfortheworld.com\/wp-content\/uploads\/2023\/04\/cropped-the-citizens.png\",\"contentUrl\":\"https:\/\/thecitizenfortheworld.com\/wp-content\/uploads\/2023\/04\/cropped-the-citizens.png\",\"width\":1135,\"height\":1302,\"caption\":\"The citizen for the world\"},\"image\":{\"@id\":\"https:\/\/thecitizenfortheworld.com\/#\/schema\/logo\/image\/\"},\"sameAs\":[\"https:\/\/www.facebook.com\/thecitizenfortheworld\"]},{\"@type\":\"Person\",\"@id\":\"https:\/\/thecitizenfortheworld.com\/#\/schema\/person\/1f6b82847278ca8d344c472822b5b66f\",\"name\":\"thecitizenfortheworld23@gmail.com\",\"image\":{\"@type\":\"ImageObject\",\"inLanguage\":\"es-CO\",\"@id\":\"https:\/\/thecitizenfortheworld.com\/#\/schema\/person\/image\/\",\"url\":\"https:\/\/secure.gravatar.com\/avatar\/fa0768c808e84d205962885f7091f34b?s=96&d=mm&r=pg\",\"contentUrl\":\"https:\/\/secure.gravatar.com\/avatar\/fa0768c808e84d205962885f7091f34b?s=96&d=mm&r=pg\",\"caption\":\"thecitizenfortheworld23@gmail.com\"},\"sameAs\":[\"http:\/\/thecitizenfortheworld.com\"],\"url\":\"https:\/\/thecitizenfortheworld.com\/?author=1\"}]}<\/script>\n<!-- \/ Yoast SEO plugin. -->","yoast_head_json":{"title":"Viviane Morales sale del Ministerio de Educaci\u00f3n: en su reemplazo Abelardo de la Espriella design\u00f3 a Ilva Myriam Hoyos - The citizen for the world","robots":{"index":"index","follow":"follow","max-snippet":"max-snippet:-1","max-image-preview":"max-image-preview:large","max-video-preview":"max-video-preview:-1"},"canonical":"https:\/\/thecitizenfortheworld.com\/?p=92944","og_locale":"es_ES","og_type":"article","og_title":"Viviane Morales sale del Ministerio de Educaci\u00f3n: en su reemplazo Abelardo de la Espriella design\u00f3 a Ilva Myriam Hoyos - The citizen for the world","og_description":"El mandatario comunic\u00f3 que la funcionaria dejar\u00e1 el gabinete para atender una situaci\u00f3n privada y anunci\u00f3 que la exprocuradora ocupar\u00e1 su lugar al frente de la cartera El presidente Abelardo de la Espriella anunci\u00f3 la salida de Viviane Morales del Ministerio de Educaci\u00f3n Nacional por motivos personales y design\u00f3 en su reemplazo a la exprocuradora [&hellip;]","og_url":"https:\/\/thecitizenfortheworld.com\/?p=92944","og_site_name":"The citizen for the world","article_publisher":"https:\/\/www.facebook.com\/thecitizenfortheworld","article_published_time":"2026-09-03T00:35:51+00:00","og_image":[{"width":992,"height":558,"url":"https:\/\/thecitizenfortheworld.com\/wp-content\/uploads\/2026\/09\/que-lala.jpg","type":"image\/jpeg"}],"author":"thecitizenfortheworld23@gmail.com","twitter_card":"summary_large_image","twitter_misc":{"Escrito por":"thecitizenfortheworld23@gmail.com","Tiempo estimado de lectura":"1 minuto"},"schema":{"@context":"https:\/\/schema.org","@graph":[{"@type":"Article","@id":"https:\/\/thecitizenfortheworld.com\/?p=92944#article","isPartOf":{"@id":"https:\/\/thecitizenfortheworld.com\/?p=92944"},"author":{"name":"thecitizenfortheworld23@gmail.com","@id":"https:\/\/thecitizenfortheworld.com\/#\/schema\/person\/1f6b82847278ca8d344c472822b5b66f"},"headline":"Viviane Morales sale del Ministerio de Educaci\u00f3n: en su reemplazo Abelardo de la Espriella design\u00f3 a Ilva Myriam Hoyos","datePublished":"2026-09-03T00:35:51+00:00","dateModified":"2026-09-03T00:35:51+00:00","mainEntityOfPage":{"@id":"https:\/\/thecitizenfortheworld.com\/?p=92944"},"wordCount":220,"commentCount":0,"publisher":{"@id":"https:\/\/thecitizenfortheworld.com\/#organization"},"articleSection":["Colombia","Pol\u00edtica"],"inLanguage":"es-CO","potentialAction":[{"@type":"CommentAction","name":"Comment","target":["https:\/\/thecitizenfortheworld.com\/?p=92944#respond"]}]},{"@type":"WebPage","@id":"https:\/\/thecitizenfortheworld.com\/?p=92944","url":"https:\/\/thecitizenfortheworld.com\/?p=92944","name":"Viviane Morales sale del Ministerio de Educaci\u00f3n: en su reemplazo Abelardo de la Espriella design\u00f3 a Ilva Myriam Hoyos - The citizen for the world","isPartOf":{"@id":"https:\/\/thecitizenfortheworld.com\/#website"},"datePublished":"2026-09-03T00:35:51+00:00","dateModified":"2026-09-03T00:35:51+00:00","breadcrumb":{"@id":"https:\/\/thecitizenfortheworld.com\/?p=92944#breadcrumb"},"inLanguage":"es-CO","potentialAction":[{"@type":"ReadAction","target":["https:\/\/thecitizenfortheworld.com\/?p=92944"]}]},{"@type":"BreadcrumbList","@id":"https:\/\/thecitizenfortheworld.com\/?p=92944#breadcrumb","itemListElement":[{"@type":"ListItem","position":1,"name":"Inicio","item":"https:\/\/thecitizenfortheworld.com\/"},{"@type":"ListItem","position":2,"name":"Viviane Morales sale del Ministerio de Educaci\u00f3n: en su reemplazo Abelardo de la Espriella design\u00f3 a Ilva Myriam Hoyos"}]},{"@type":"WebSite","@id":"https:\/\/thecitizenfortheworld.com\/#website","url":"https:\/\/thecitizenfortheworld.com\/","name":"The citizen for the world","description":"","publisher":{"@id":"https:\/\/thecitizenfortheworld.com\/#organization"},"potentialAction":[{"@type":"SearchAction","target":{"@type":"EntryPoint","urlTemplate":"https:\/\/thecitizenfortheworld.com\/?s={search_term_string}"},"query-input":"required name=search_term_string"}],"inLanguage":"es-CO"},{"@type":"Organization","@id":"https:\/\/thecitizenfortheworld.com\/#organization","name":"The citizen for the world","url":"https:\/\/thecitizenfortheworld.com\/","logo":{"@type":"ImageObject","inLanguage":"es-CO","@id":"https:\/\/thecitizenfortheworld.com\/#\/schema\/logo\/image\/","url":"https:\/\/thecitizenfortheworld.com\/wp-content\/uploads\/2023\/04\/cropped-the-citizens.png","contentUrl":"https:\/\/thecitizenfortheworld.com\/wp-content\/uploads\/2023\/04\/cropped-the-citizens.png","width":1135,"height":1302,"caption":"The citizen for the world"},"image":{"@id":"https:\/\/thecitizenfortheworld.com\/#\/schema\/logo\/image\/"},"sameAs":["https:\/\/www.facebook.com\/thecitizenfortheworld"]},{"@type":"Person","@id":"https:\/\/thecitizenfortheworld.com\/#\/schema\/person\/1f6b82847278ca8d344c472822b5b66f","name":"thecitizenfortheworld23@gmail.com","image":{"@type":"ImageObject","inLanguage":"es-CO","@id":"https:\/\/thecitizenfortheworld.com\/#\/schema\/person\/image\/","url":"https:\/\/secure.gravatar.com\/avatar\/fa0768c808e84d205962885f7091f34b?s=96&d=mm&r=pg","contentUrl":"https:\/\/secure.gravatar.com\/avatar\/fa0768c808e84d205962885f7091f34b?s=96&d=mm&r=pg","caption":"thecitizenfortheworld23@gmail.com"},"sameAs":["http:\/\/thecitizenfortheworld.com"],"url":"https:\/\/thecitizenfortheworld.com\/?author=1"}]}},"_links":{"self":[{"href":"https:\/\/thecitizenfortheworld.com\/index.php?rest_route=\/wp\/v2\/posts\/92944"}],"collection":[{"href":"https:\/\/thecitizenfortheworld.com\/index.php?rest_route=\/wp\/v2\/posts"}],"about":[{"href":"https:\/\/thecitizenfortheworld.com\/index.php?rest_route=\/wp\/v2\/types\/post"}],"author":[{"embeddable":true,"href":"https:\/\/thecitizenfortheworld.com\/index.php?rest_route=\/wp\/v2\/users\/1"}],"replies":[{"embeddable":true,"href":"https:\/\/thecitizenfortheworld.com\/index.php?rest_route=%2Fwp%2Fv2%2Fcomments&post=92944"}],"version-history":[{"count":1,"href":"https:\/\/thecitizenfortheworld.com\/index.php?rest_route=\/wp\/v2\/posts\/92944\/revisions"}],"predecessor-version":[{"id":92946,"href":"https:\/\/thecitizenfortheworld.com\/index.php?rest_route=\/wp\/v2\/posts\/92944\/revisions\/92946"}],"wp:featuredmedia":[{"embeddable":true,"href":"https:\/\/thecitizenfortheworld.com\/index.php?rest_route=\/wp\/v2\/media\/92945"}],"wp:attachment":[{"href":"https:\/\/thecitizenfortheworld.com\/index.php?rest_route=%2Fwp%2Fv2%2Fmedia&parent=92944"}],"wp:term":[{"taxonomy":"category","embeddable":true,"href":"https:\/\/thecitizenfortheworld.com\/index.php?rest_route=%2Fwp%2Fv2%2Fcategories&post=92944"},{"taxonomy":"post_tag","embeddable":true,"href":"https:\/\/thecitizenfortheworld.com\/index.php?rest_route=%2Fwp%2Fv2%2Ftags&post=92944"}],"curies":[{"name":"wp","href":"https:\/\/api.w.org\/{rel}","templated":true}]}}