{"id":92941,"date":"2026-09-02T19:29:22","date_gmt":"2026-09-03T00:29:22","guid":{"rendered":"https:\/\/thecitizenfortheworld.com\/?p=92941"},"modified":"2026-09-02T19:29:22","modified_gmt":"2026-09-03T00:29:22","slug":"la-union-europea-prepara-un-nuevo-paquete-de-sanciones-contra-rusia","status":"publish","type":"post","link":"https:\/\/thecitizenfortheworld.com\/?p=92941","title":{"rendered":"La Uni\u00f3n Europea prepara un nuevo paquete de sanciones contra Rusia"},"content":{"rendered":"<p class=\"article-subheadline text-align-left\">La jefa de la diplomacia del bloque, Kaja Kallas, dijo que se trabaja en hasta 1.600 medidas para limitar la producci\u00f3n de misiles y cerrar v\u00edas de evasi\u00f3n con componentes extranjeros<\/p>\n<p>La <b>Uni\u00f3n Europea<\/b> prepara un nuevo paquete de sanciones contra <b>Rusia<\/b> y ratific\u00f3 que mantendr\u00e1 su apoyo a <b>Ucrania<\/b> tras atribuir a Mosc\u00fa una nueva escalada de ataques h\u00edbridos en territorio comunitario. El contexto estuvo marcado por el incidente registrado en agosto en el aeropuerto alem\u00e1n de <b>Leipzig<\/b>, el refuerzo de las advertencias de la <b>OTAN<\/b> y la continuidad de la ofensiva rusa en el frente ucraniano.<\/p>\n<p>La alta representante de la <b>Uni\u00f3n Europea<\/b>, <b>Kaja Kallas<\/b>, inform\u00f3 al t\u00e9rmino de una reuni\u00f3n informal de ministros de Exteriores en <b>Irlanda<\/b> que el bloque trabaj\u00f3 en su \u201cmayor paquete de sanciones\u201d, con <b>hasta 1.600 medidas<\/b> dirigidas contra el complejo militar e industrial ruso. El objetivo, seg\u00fan explic\u00f3, fue limitar la capacidad de Rusia para producir misiles y otros sistemas empleados en la guerra contra Ucrania.<\/p>\n<p>\u201cEst\u00e1 claro que tiene todas las caracter\u00edsticas del terrorismo patrocinado por el Estado (&#8230;). Ya hemos convocado a los embajadores rusos, al igual que muchos Estados miembros, y debatiremos qu\u00e9 m\u00e1s podemos hacer\u201d, indic\u00f3 Kaja Kallas.<\/p>\n<p>La jefa de la diplomacia europea se\u00f1al\u00f3 que la propuesta podr\u00eda presentarse en octubre y remarc\u00f3 que el bloque busc\u00f3, al mismo tiempo, cerrar v\u00edas de evasi\u00f3n que permitieron a Mosc\u00fa seguir recibiendo componentes extranjeros. En ese punto, advirti\u00f3 que en restos de misiles y drones utilizados por las fuerzas rusas siguieron apareciendo piezas fabricadas fuera de territorio ruso, un dato que reforz\u00f3 la decisi\u00f3n de endurecer controles y ampliar restricciones.<\/p>\n<p>Kallas tambi\u00e9n confirm\u00f3 que la UE convoc\u00f3 al principal representante diplom\u00e1tico ruso ante las instituciones comunitarias despu\u00e9s del episodio de Leipzig, al considerar que ese hecho encaj\u00f3 en un patr\u00f3n de acciones que los Veintisiete vincularon con una pol\u00edtica de presi\u00f3n directa sobre suelo europeo. En ese marco, a\u00f1adi\u00f3 que gan\u00f3 respaldo entre los Estados miembros la iniciativa para <b>prohibir la entrada de excombatientes rusos<\/b> en territorio europeo y para endurecer las restricciones de visado a turistas rusos.<\/p>\n<p>Desde <b>Bruselas<\/b>, la presidenta de la <b>Comisi\u00f3n Europea<\/b>, <b>Ursula von der Leyen<\/b>, recibi\u00f3 al secretario general de la <b>OTAN<\/b>, <b>Mark Rutte<\/b>, para abordar el aumento de las amenazas h\u00edbridas. All\u00ed sostuvo que lo ocurrido en Leipzig marc\u00f3 \u201c<b>una nueva escalada<\/b> en suelo de la Uni\u00f3n Europea atribuible directamente a Rusia\u201d y lo inscribi\u00f3 en una serie de incidentes recientes que, a juicio de las autoridades europeas, alteraron las condiciones de seguridad del bloque.<\/p>\n<div class=\"visual__image\"><picture><source srcset=\"https:\/\/www.infobae.com\/resizer\/v2\/LWQPQWYKU5BCLGHBQMNA6ELWSU.JPG?auth=6e000f5cfc23ccf709e91dbfac24a2b3151da3db26eec10f3a74e759b643b378&amp;smart=true&amp;width=992&amp;height=661&amp;quality=85\" media=\"(min-width: 1000px)\" \/><source srcset=\"https:\/\/www.infobae.com\/resizer\/v2\/LWQPQWYKU5BCLGHBQMNA6ELWSU.JPG?auth=6e000f5cfc23ccf709e91dbfac24a2b3151da3db26eec10f3a74e759b643b378&amp;smart=true&amp;width=768&amp;height=512&amp;quality=85\" media=\"(min-width: 768px)\" \/><source srcset=\"https:\/\/www.infobae.com\/resizer\/v2\/LWQPQWYKU5BCLGHBQMNA6ELWSU.JPG?auth=6e000f5cfc23ccf709e91dbfac24a2b3151da3db26eec10f3a74e759b643b378&amp;smart=true&amp;width=577&amp;height=385&amp;quality=85\" media=\"(min-width: 580px)\" \/><source srcset=\"https:\/\/www.infobae.com\/resizer\/v2\/LWQPQWYKU5BCLGHBQMNA6ELWSU.JPG?auth=6e000f5cfc23ccf709e91dbfac24a2b3151da3db26eec10f3a74e759b643b378&amp;smart=true&amp;width=420&amp;height=280&amp;quality=85\" media=\"(min-width: 350px)\" \/><source srcset=\"https:\/\/www.infobae.com\/resizer\/v2\/LWQPQWYKU5BCLGHBQMNA6ELWSU.JPG?auth=6e000f5cfc23ccf709e91dbfac24a2b3151da3db26eec10f3a74e759b643b378&amp;smart=true&amp;width=350&amp;height=233&amp;quality=85\" media=\"(min-width: 80px)\" \/><img decoding=\"async\" loading=\"lazy\" class=\"global-image\" src=\"https:\/\/www.infobae.com\/resizer\/v2\/LWQPQWYKU5BCLGHBQMNA6ELWSU.JPG?auth=6e000f5cfc23ccf709e91dbfac24a2b3151da3db26eec10f3a74e759b643b378&amp;smart=true&amp;width=350&amp;height=233&amp;quality=85\" alt=\"La UE busc\u00f3 cerrar v\u00edas de evasi\u00f3n para impedir que Rusia siga recibiendo componentes extranjeros usados en misiles y drones (REUTERS\/Geert Vanden Wijngaert)\" width=\"5472\" height=\"3648\" \/><\/picture><em>La UE busc\u00f3 cerrar v\u00edas de evasi\u00f3n para impedir que Rusia siga recibiendo componentes extranjeros usados en misiles y drones (REUTERS\/Geert Vanden Wijngaert)<\/em><\/div>\n<p class=\"paragraph\" data-paragraph-number=\"7\" data-mrf-recirculation=\"Links inline\">Von der Leyen afirm\u00f3 que la presi\u00f3n sobre Mosc\u00fa continuar\u00eda y que incluso aumentar\u00eda mientras siguieran los bombardeos rusos sobre poblaci\u00f3n civil en Ucrania. Tambi\u00e9n advirti\u00f3 que infraestructuras de uso cotidiano dentro de la UE pasaron a ser consideradas \u201c<b>objetivos de primera l\u00ednea<\/b>\u201d, por lo que la prioridad inmediata ser\u00eda reforzar su protecci\u00f3n frente a sabotajes, incursiones con drones y otras operaciones encubiertas.<\/p>\n<p class=\"paragraph\" data-paragraph-number=\"8\" data-mrf-recirculation=\"Links inline\">En la reuni\u00f3n celebrada en Irlanda participaron tambi\u00e9n, como invitados, los ministros de <b>Ucrania, Canad\u00e1, Islandia, Noruega, Reino Unido y Suiza<\/b>. Durante ese encuentro, los pa\u00edses comunitarios expresaron apoyo a <b>Alemania<\/b> y a otros socios que sufrieron incursiones con drones o episodios h\u00edbridos en los \u00faltimos meses.<\/p>\n<p class=\"paragraph\" data-paragraph-number=\"9\" data-mrf-recirculation=\"Links inline\">Mientras la UE avanza con nuevas medidas, el presidente de Rusia, <b>Vlad\u00edmir Putin<\/b>, declar\u00f3 en <b>Bishkek<\/b>, capital de <b>Kirguist\u00e1n<\/b>, que a su parecer, sus fuerzas est\u00e1n ganando la guerra. El mandatario formul\u00f3 esa afirmaci\u00f3n tras la cumbre de la Organizaci\u00f3n de Cooperaci\u00f3n de Shangh\u00e1i y sostuvo que las tropas rusas siguieron avanzando en el este de Ucrania.<\/p>\n<div class=\"visual__image\"><picture><source srcset=\"https:\/\/www.infobae.com\/resizer\/v2\/F6NJEP26OZE4HDRMIQI6HSZGUQ.JPG?auth=a35e787a5408eaedd551e02100a66683110d319176b616dcf67c013ac9a6adf5&amp;smart=true&amp;width=992&amp;height=653&amp;quality=85\" media=\"(min-width: 1000px)\" \/><source srcset=\"https:\/\/www.infobae.com\/resizer\/v2\/F6NJEP26OZE4HDRMIQI6HSZGUQ.JPG?auth=a35e787a5408eaedd551e02100a66683110d319176b616dcf67c013ac9a6adf5&amp;smart=true&amp;width=768&amp;height=506&amp;quality=85\" media=\"(min-width: 768px)\" \/><source srcset=\"https:\/\/www.infobae.com\/resizer\/v2\/F6NJEP26OZE4HDRMIQI6HSZGUQ.JPG?auth=a35e787a5408eaedd551e02100a66683110d319176b616dcf67c013ac9a6adf5&amp;smart=true&amp;width=577&amp;height=380&amp;quality=85\" media=\"(min-width: 580px)\" \/><source srcset=\"https:\/\/www.infobae.com\/resizer\/v2\/F6NJEP26OZE4HDRMIQI6HSZGUQ.JPG?auth=a35e787a5408eaedd551e02100a66683110d319176b616dcf67c013ac9a6adf5&amp;smart=true&amp;width=420&amp;height=277&amp;quality=85\" media=\"(min-width: 350px)\" \/><source srcset=\"https:\/\/www.infobae.com\/resizer\/v2\/F6NJEP26OZE4HDRMIQI6HSZGUQ.JPG?auth=a35e787a5408eaedd551e02100a66683110d319176b616dcf67c013ac9a6adf5&amp;smart=true&amp;width=350&amp;height=230&amp;quality=85\" media=\"(min-width: 80px)\" \/><img decoding=\"async\" loading=\"lazy\" class=\"global-image\" src=\"https:\/\/www.infobae.com\/resizer\/v2\/F6NJEP26OZE4HDRMIQI6HSZGUQ.JPG?auth=a35e787a5408eaedd551e02100a66683110d319176b616dcf67c013ac9a6adf5&amp;smart=true&amp;width=350&amp;height=230&amp;quality=85\" alt=\"Vlad\u00edmir Putin dijo que Rusia gana la guerra en Ucrania, asegur\u00f3 avances en Donetsk y endureci\u00f3 su discurso contra Kiev (Sputnik\/Vyacheslav Prokofyev\/Pool via REUTERS)\" width=\"3047\" height=\"2006\" \/><\/picture><em>Vlad\u00edmir Putin dijo que Rusia gana la guerra en Ucrania, asegur\u00f3 avances en Donetsk y endureci\u00f3 su discurso contra Kiev (Sputnik\/Vyacheslav Prokofyev\/Pool via REUTERS)<\/em><\/div>\n<p class=\"paragraph\" data-paragraph-number=\"10\" data-mrf-recirculation=\"Links inline\">Putin reconoci\u00f3 que los ataques ucranianos dentro de Rusia provocaron da\u00f1os y admiti\u00f3 que los drones representaron un desaf\u00edo para las defensas rusas. Pese a eso, asegur\u00f3 que el frente favorec\u00eda a Mosc\u00fa y afirm\u00f3 que sus fuerzas capturaron <b>270 kil\u00f3metros cuadrados<\/b> de territorio en la regi\u00f3n de <b>Donetsk<\/b> durante agosto. Tambi\u00e9n dijo que avanzaban hacia <b>Sloviansk<\/b> y <b>Kramatorsk<\/b>, dos ciudades clave para el control completo de esa regi\u00f3n.<\/p>\n<p class=\"paragraph\" data-paragraph-number=\"11\" data-mrf-recirculation=\"Links inline\">El jefe del Kremlin se\u00f1al\u00f3 adem\u00e1s que sus tropas se preparan para lanzar ataques masivos contra la infraestructura energ\u00e9tica ucraniana de cara al invierno boreal. Al mismo tiempo, rechaz\u00f3 versiones sobre una nueva movilizaci\u00f3n militar en Rusia y sostuvo que, aunque Kiev intensific\u00f3 sus operaciones con drones y misiles sobre la retaguardia rusa, Mosc\u00fa encontrar\u00eda una respuesta si esas acciones afectaban de manera m\u00e1s profunda el espacio a\u00e9reo del pa\u00eds.<\/p>\n<p class=\"paragraph\" data-paragraph-number=\"12\" data-mrf-recirculation=\"Links inline\">De igual manera, seg\u00fan detall\u00f3 <a title=\"https:\/\/www.infobae.com\/economist\/2026\/09\/02\/ucrania-se-prepara-para-la-ofensiva-invernal-mas-dura-de-rusia-hasta-la-fecha\/\" href=\"https:\/\/www.infobae.com\/economist\/2026\/09\/02\/ucrania-se-prepara-para-la-ofensiva-invernal-mas-dura-de-rusia-hasta-la-fecha\/\" target=\"_blank\" rel=\"noopener noreferrer\" data-mrf-link=\"https:\/\/www.infobae.com\/economist\/2026\/09\/02\/ucrania-se-prepara-para-la-ofensiva-invernal-mas-dura-de-rusia-hasta-la-fecha\/\">The Economist, <\/a>Ucrania<b> llega al pr\u00f3ximo invierno con una red energ\u00e9tica m\u00e1s reforzada, mayores reservas de gas y nuevas obras de protecci\u00f3n en instalaciones clave<\/b>.<\/p>\n<p class=\"paragraph\" data-paragraph-number=\"13\" data-mrf-recirculation=\"Links inline\">Ese trabajo permiti\u00f3 que el pa\u00eds llegara a esta etapa con mejores condiciones que en a\u00f1os anteriores, con la mitad de las obras ya completadas,<b> 14.000 millones de metros c\u00fabicos <\/b>de gas almacenados y nuevos sistemas de protecci\u00f3n en transformadores y centrales, en especial en Kiev, donde se aceleraron tareas que hab\u00edan quedado demoradas.<\/p>\n<p class=\"paragraph\" data-paragraph-number=\"14\" data-mrf-recirculation=\"Links inline\">Aunque la amenaza rusa sigue creciendo, el fragmento muestra a Ucrania como un pa\u00eds que se prepara con anticipaci\u00f3n, ampli\u00f3 su capacidad de resistencia y trata de llegar al invierno con m\u00e1s herramientas para sostener la electricidad, la calefacci\u00f3n y el funcionamiento de sus ciudades.<\/p>\n<p class=\"paragraph\" data-paragraph-number=\"15\" data-mrf-recirculation=\"Links inline\"><i>(Con una informaci\u00f3n de EFE)<\/i><\/p>\n","protected":false},"excerpt":{"rendered":"<p>La jefa de la diplomacia del bloque, Kaja Kallas, dijo que se trabaja en hasta 1.600 medidas para limitar la producci\u00f3n de misiles y cerrar v\u00edas de evasi\u00f3n con componentes extranjeros La Uni\u00f3n Europea prepara un nuevo paquete de sanciones contra Rusia y ratific\u00f3 que mantendr\u00e1 su apoyo a Ucrania tras atribuir a Mosc\u00fa una [&hellip;]<\/p>\n","protected":false},"author":1,"featured_media":92942,"comment_status":"open","ping_status":"open","sticky":false,"template":"","format":"standard","meta":{"om_disable_all_campaigns":false,"_mi_skip_tracking":false},"categories":[2,4],"tags":[],"yoast_head":"<!-- This site is optimized with the Yoast SEO plugin v20.5 - https:\/\/yoast.com\/wordpress\/plugins\/seo\/ -->\n<title>La Uni\u00f3n Europea prepara un nuevo paquete de sanciones contra Rusia - The citizen for the world<\/title>\n<meta name=\"robots\" content=\"index, follow, max-snippet:-1, max-image-preview:large, max-video-preview:-1\" \/>\n<link rel=\"canonical\" href=\"https:\/\/thecitizenfortheworld.com\/?p=92941\" \/>\n<meta property=\"og:locale\" content=\"es_ES\" \/>\n<meta property=\"og:type\" content=\"article\" \/>\n<meta property=\"og:title\" content=\"La Uni\u00f3n Europea prepara un nuevo paquete de sanciones contra Rusia - The citizen for the world\" \/>\n<meta property=\"og:description\" content=\"La jefa de la diplomacia del bloque, Kaja Kallas, dijo que se trabaja en hasta 1.600 medidas para limitar la producci\u00f3n de misiles y cerrar v\u00edas de evasi\u00f3n con componentes extranjeros La Uni\u00f3n Europea prepara un nuevo paquete de sanciones contra Rusia y ratific\u00f3 que mantendr\u00e1 su apoyo a Ucrania tras atribuir a Mosc\u00fa una [&hellip;]\" \/>\n<meta property=\"og:url\" content=\"https:\/\/thecitizenfortheworld.com\/?p=92941\" \/>\n<meta property=\"og:site_name\" content=\"The citizen for the world\" \/>\n<meta property=\"article:publisher\" content=\"https:\/\/www.facebook.com\/thecitizenfortheworld\" \/>\n<meta property=\"article:published_time\" content=\"2026-09-03T00:29:22+00:00\" \/>\n<meta property=\"og:image\" content=\"https:\/\/thecitizenfortheworld.com\/wp-content\/uploads\/2026\/09\/UE.jpg\" \/>\n\t<meta property=\"og:image:width\" content=\"597\" \/>\n\t<meta property=\"og:image:height\" content=\"335\" \/>\n\t<meta property=\"og:image:type\" content=\"image\/jpeg\" \/>\n<meta name=\"author\" content=\"thecitizenfortheworld23@gmail.com\" \/>\n<meta name=\"twitter:card\" content=\"summary_large_image\" \/>\n<meta name=\"twitter:label1\" content=\"Escrito por\" \/>\n\t<meta name=\"twitter:data1\" content=\"thecitizenfortheworld23@gmail.com\" \/>\n\t<meta name=\"twitter:label2\" content=\"Tiempo estimado de lectura\" \/>\n\t<meta name=\"twitter:data2\" content=\"5 minutos\" \/>\n<script type=\"application\/ld+json\" class=\"yoast-schema-graph\">{\"@context\":\"https:\/\/schema.org\",\"@graph\":[{\"@type\":\"Article\",\"@id\":\"https:\/\/thecitizenfortheworld.com\/?p=92941#article\",\"isPartOf\":{\"@id\":\"https:\/\/thecitizenfortheworld.com\/?p=92941\"},\"author\":{\"name\":\"thecitizenfortheworld23@gmail.com\",\"@id\":\"https:\/\/thecitizenfortheworld.com\/#\/schema\/person\/1f6b82847278ca8d344c472822b5b66f\"},\"headline\":\"La Uni\u00f3n Europea prepara un nuevo paquete de sanciones contra Rusia\",\"datePublished\":\"2026-09-03T00:29:22+00:00\",\"dateModified\":\"2026-09-03T00:29:22+00:00\",\"mainEntityOfPage\":{\"@id\":\"https:\/\/thecitizenfortheworld.com\/?p=92941\"},\"wordCount\":998,\"commentCount\":0,\"publisher\":{\"@id\":\"https:\/\/thecitizenfortheworld.com\/#organization\"},\"articleSection\":[\"Internacionales\",\"Pol\u00edtica\"],\"inLanguage\":\"es-CO\",\"potentialAction\":[{\"@type\":\"CommentAction\",\"name\":\"Comment\",\"target\":[\"https:\/\/thecitizenfortheworld.com\/?p=92941#respond\"]}]},{\"@type\":\"WebPage\",\"@id\":\"https:\/\/thecitizenfortheworld.com\/?p=92941\",\"url\":\"https:\/\/thecitizenfortheworld.com\/?p=92941\",\"name\":\"La Uni\u00f3n Europea prepara un nuevo paquete de sanciones contra Rusia - The citizen for the world\",\"isPartOf\":{\"@id\":\"https:\/\/thecitizenfortheworld.com\/#website\"},\"datePublished\":\"2026-09-03T00:29:22+00:00\",\"dateModified\":\"2026-09-03T00:29:22+00:00\",\"breadcrumb\":{\"@id\":\"https:\/\/thecitizenfortheworld.com\/?p=92941#breadcrumb\"},\"inLanguage\":\"es-CO\",\"potentialAction\":[{\"@type\":\"ReadAction\",\"target\":[\"https:\/\/thecitizenfortheworld.com\/?p=92941\"]}]},{\"@type\":\"BreadcrumbList\",\"@id\":\"https:\/\/thecitizenfortheworld.com\/?p=92941#breadcrumb\",\"itemListElement\":[{\"@type\":\"ListItem\",\"position\":1,\"name\":\"Inicio\",\"item\":\"https:\/\/thecitizenfortheworld.com\/\"},{\"@type\":\"ListItem\",\"position\":2,\"name\":\"La Uni\u00f3n Europea prepara un nuevo paquete de sanciones contra Rusia\"}]},{\"@type\":\"WebSite\",\"@id\":\"https:\/\/thecitizenfortheworld.com\/#website\",\"url\":\"https:\/\/thecitizenfortheworld.com\/\",\"name\":\"The citizen for the world\",\"description\":\"\",\"publisher\":{\"@id\":\"https:\/\/thecitizenfortheworld.com\/#organization\"},\"potentialAction\":[{\"@type\":\"SearchAction\",\"target\":{\"@type\":\"EntryPoint\",\"urlTemplate\":\"https:\/\/thecitizenfortheworld.com\/?s={search_term_string}\"},\"query-input\":\"required name=search_term_string\"}],\"inLanguage\":\"es-CO\"},{\"@type\":\"Organization\",\"@id\":\"https:\/\/thecitizenfortheworld.com\/#organization\",\"name\":\"The citizen for the world\",\"url\":\"https:\/\/thecitizenfortheworld.com\/\",\"logo\":{\"@type\":\"ImageObject\",\"inLanguage\":\"es-CO\",\"@id\":\"https:\/\/thecitizenfortheworld.com\/#\/schema\/logo\/image\/\",\"url\":\"https:\/\/thecitizenfortheworld.com\/wp-content\/uploads\/2023\/04\/cropped-the-citizens.png\",\"contentUrl\":\"https:\/\/thecitizenfortheworld.com\/wp-content\/uploads\/2023\/04\/cropped-the-citizens.png\",\"width\":1135,\"height\":1302,\"caption\":\"The citizen for the world\"},\"image\":{\"@id\":\"https:\/\/thecitizenfortheworld.com\/#\/schema\/logo\/image\/\"},\"sameAs\":[\"https:\/\/www.facebook.com\/thecitizenfortheworld\"]},{\"@type\":\"Person\",\"@id\":\"https:\/\/thecitizenfortheworld.com\/#\/schema\/person\/1f6b82847278ca8d344c472822b5b66f\",\"name\":\"thecitizenfortheworld23@gmail.com\",\"image\":{\"@type\":\"ImageObject\",\"inLanguage\":\"es-CO\",\"@id\":\"https:\/\/thecitizenfortheworld.com\/#\/schema\/person\/image\/\",\"url\":\"https:\/\/secure.gravatar.com\/avatar\/fa0768c808e84d205962885f7091f34b?s=96&d=mm&r=pg\",\"contentUrl\":\"https:\/\/secure.gravatar.com\/avatar\/fa0768c808e84d205962885f7091f34b?s=96&d=mm&r=pg\",\"caption\":\"thecitizenfortheworld23@gmail.com\"},\"sameAs\":[\"http:\/\/thecitizenfortheworld.com\"],\"url\":\"https:\/\/thecitizenfortheworld.com\/?author=1\"}]}<\/script>\n<!-- \/ Yoast SEO plugin. -->","yoast_head_json":{"title":"La Uni\u00f3n Europea prepara un nuevo paquete de sanciones contra Rusia - The citizen for the world","robots":{"index":"index","follow":"follow","max-snippet":"max-snippet:-1","max-image-preview":"max-image-preview:large","max-video-preview":"max-video-preview:-1"},"canonical":"https:\/\/thecitizenfortheworld.com\/?p=92941","og_locale":"es_ES","og_type":"article","og_title":"La Uni\u00f3n Europea prepara un nuevo paquete de sanciones contra Rusia - The citizen for the world","og_description":"La jefa de la diplomacia del bloque, Kaja Kallas, dijo que se trabaja en hasta 1.600 medidas para limitar la producci\u00f3n de misiles y cerrar v\u00edas de evasi\u00f3n con componentes extranjeros La Uni\u00f3n Europea prepara un nuevo paquete de sanciones contra Rusia y ratific\u00f3 que mantendr\u00e1 su apoyo a Ucrania tras atribuir a Mosc\u00fa una [&hellip;]","og_url":"https:\/\/thecitizenfortheworld.com\/?p=92941","og_site_name":"The citizen for the world","article_publisher":"https:\/\/www.facebook.com\/thecitizenfortheworld","article_published_time":"2026-09-03T00:29:22+00:00","og_image":[{"width":597,"height":335,"url":"https:\/\/thecitizenfortheworld.com\/wp-content\/uploads\/2026\/09\/UE.jpg","type":"image\/jpeg"}],"author":"thecitizenfortheworld23@gmail.com","twitter_card":"summary_large_image","twitter_misc":{"Escrito por":"thecitizenfortheworld23@gmail.com","Tiempo estimado de lectura":"5 minutos"},"schema":{"@context":"https:\/\/schema.org","@graph":[{"@type":"Article","@id":"https:\/\/thecitizenfortheworld.com\/?p=92941#article","isPartOf":{"@id":"https:\/\/thecitizenfortheworld.com\/?p=92941"},"author":{"name":"thecitizenfortheworld23@gmail.com","@id":"https:\/\/thecitizenfortheworld.com\/#\/schema\/person\/1f6b82847278ca8d344c472822b5b66f"},"headline":"La Uni\u00f3n Europea prepara un nuevo paquete de sanciones contra Rusia","datePublished":"2026-09-03T00:29:22+00:00","dateModified":"2026-09-03T00:29:22+00:00","mainEntityOfPage":{"@id":"https:\/\/thecitizenfortheworld.com\/?p=92941"},"wordCount":998,"commentCount":0,"publisher":{"@id":"https:\/\/thecitizenfortheworld.com\/#organization"},"articleSection":["Internacionales","Pol\u00edtica"],"inLanguage":"es-CO","potentialAction":[{"@type":"CommentAction","name":"Comment","target":["https:\/\/thecitizenfortheworld.com\/?p=92941#respond"]}]},{"@type":"WebPage","@id":"https:\/\/thecitizenfortheworld.com\/?p=92941","url":"https:\/\/thecitizenfortheworld.com\/?p=92941","name":"La Uni\u00f3n Europea prepara un nuevo paquete de sanciones contra Rusia - The citizen for the world","isPartOf":{"@id":"https:\/\/thecitizenfortheworld.com\/#website"},"datePublished":"2026-09-03T00:29:22+00:00","dateModified":"2026-09-03T00:29:22+00:00","breadcrumb":{"@id":"https:\/\/thecitizenfortheworld.com\/?p=92941#breadcrumb"},"inLanguage":"es-CO","potentialAction":[{"@type":"ReadAction","target":["https:\/\/thecitizenfortheworld.com\/?p=92941"]}]},{"@type":"BreadcrumbList","@id":"https:\/\/thecitizenfortheworld.com\/?p=92941#breadcrumb","itemListElement":[{"@type":"ListItem","position":1,"name":"Inicio","item":"https:\/\/thecitizenfortheworld.com\/"},{"@type":"ListItem","position":2,"name":"La Uni\u00f3n Europea prepara un nuevo paquete de sanciones contra Rusia"}]},{"@type":"WebSite","@id":"https:\/\/thecitizenfortheworld.com\/#website","url":"https:\/\/thecitizenfortheworld.com\/","name":"The citizen for the world","description":"","publisher":{"@id":"https:\/\/thecitizenfortheworld.com\/#organization"},"potentialAction":[{"@type":"SearchAction","target":{"@type":"EntryPoint","urlTemplate":"https:\/\/thecitizenfortheworld.com\/?s={search_term_string}"},"query-input":"required name=search_term_string"}],"inLanguage":"es-CO"},{"@type":"Organization","@id":"https:\/\/thecitizenfortheworld.com\/#organization","name":"The citizen for the world","url":"https:\/\/thecitizenfortheworld.com\/","logo":{"@type":"ImageObject","inLanguage":"es-CO","@id":"https:\/\/thecitizenfortheworld.com\/#\/schema\/logo\/image\/","url":"https:\/\/thecitizenfortheworld.com\/wp-content\/uploads\/2023\/04\/cropped-the-citizens.png","contentUrl":"https:\/\/thecitizenfortheworld.com\/wp-content\/uploads\/2023\/04\/cropped-the-citizens.png","width":1135,"height":1302,"caption":"The citizen for the world"},"image":{"@id":"https:\/\/thecitizenfortheworld.com\/#\/schema\/logo\/image\/"},"sameAs":["https:\/\/www.facebook.com\/thecitizenfortheworld"]},{"@type":"Person","@id":"https:\/\/thecitizenfortheworld.com\/#\/schema\/person\/1f6b82847278ca8d344c472822b5b66f","name":"thecitizenfortheworld23@gmail.com","image":{"@type":"ImageObject","inLanguage":"es-CO","@id":"https:\/\/thecitizenfortheworld.com\/#\/schema\/person\/image\/","url":"https:\/\/secure.gravatar.com\/avatar\/fa0768c808e84d205962885f7091f34b?s=96&d=mm&r=pg","contentUrl":"https:\/\/secure.gravatar.com\/avatar\/fa0768c808e84d205962885f7091f34b?s=96&d=mm&r=pg","caption":"thecitizenfortheworld23@gmail.com"},"sameAs":["http:\/\/thecitizenfortheworld.com"],"url":"https:\/\/thecitizenfortheworld.com\/?author=1"}]}},"_links":{"self":[{"href":"https:\/\/thecitizenfortheworld.com\/index.php?rest_route=\/wp\/v2\/posts\/92941"}],"collection":[{"href":"https:\/\/thecitizenfortheworld.com\/index.php?rest_route=\/wp\/v2\/posts"}],"about":[{"href":"https:\/\/thecitizenfortheworld.com\/index.php?rest_route=\/wp\/v2\/types\/post"}],"author":[{"embeddable":true,"href":"https:\/\/thecitizenfortheworld.com\/index.php?rest_route=\/wp\/v2\/users\/1"}],"replies":[{"embeddable":true,"href":"https:\/\/thecitizenfortheworld.com\/index.php?rest_route=%2Fwp%2Fv2%2Fcomments&post=92941"}],"version-history":[{"count":1,"href":"https:\/\/thecitizenfortheworld.com\/index.php?rest_route=\/wp\/v2\/posts\/92941\/revisions"}],"predecessor-version":[{"id":92943,"href":"https:\/\/thecitizenfortheworld.com\/index.php?rest_route=\/wp\/v2\/posts\/92941\/revisions\/92943"}],"wp:featuredmedia":[{"embeddable":true,"href":"https:\/\/thecitizenfortheworld.com\/index.php?rest_route=\/wp\/v2\/media\/92942"}],"wp:attachment":[{"href":"https:\/\/thecitizenfortheworld.com\/index.php?rest_route=%2Fwp%2Fv2%2Fmedia&parent=92941"}],"wp:term":[{"taxonomy":"category","embeddable":true,"href":"https:\/\/thecitizenfortheworld.com\/index.php?rest_route=%2Fwp%2Fv2%2Fcategories&post=92941"},{"taxonomy":"post_tag","embeddable":true,"href":"https:\/\/thecitizenfortheworld.com\/index.php?rest_route=%2Fwp%2Fv2%2Ftags&post=92941"}],"curies":[{"name":"wp","href":"https:\/\/api.w.org\/{rel}","templated":true}]}}