{"id":92924,"date":"2026-09-01T19:55:20","date_gmt":"2026-09-02T00:55:20","guid":{"rendered":"https:\/\/thecitizenfortheworld.com\/?p=92924"},"modified":"2026-09-01T19:55:20","modified_gmt":"2026-09-02T00:55:20","slug":"de-la-espriella-hizo-fuerte-advertencia-durante-el-consejo-de-seguridad-en-cucuta-tras-el-atentado-terrorista-en-los-patios-aqui-nadie-se-acobarda","status":"publish","type":"post","link":"https:\/\/thecitizenfortheworld.com\/?p=92924","title":{"rendered":"De la Espriella hizo fuerte advertencia durante el consejo de seguridad en C\u00facuta tras el atentado terrorista en Los Patios: \u201cAqu\u00ed nadie se acobarda\u201d"},"content":{"rendered":"<p class=\"article-subheadline text-align-left\">Un carro bomba explot\u00f3 en inmediaciones de la estaci\u00f3n de Polic\u00eda del municipio. Un civil muri\u00f3 y hay varias personas heridas<\/p>\n<p>El 1 de septiembre de 2026, el presidente Abelardo de la Espriella lider\u00f3 un consejo de seguridad extraordinario que se llev\u00f3 a cabo en C\u00facuta, Norte de Santander, tras el atentado que se registr\u00f3 en Los Patios, en el \u00e1rea metropolitana de C\u00facuta, Norte de Santander, el 31 de agosto.<\/p>\n<p><b>En inmediaciones de la estaci\u00f3n de Polic\u00eda del municipio explot\u00f3 un carro bomba. En un primer informe preliminar, las autoridades indicaron que el hecho dej\u00f3 un civil muerto y al menos 11 personas afectadas<\/b>, de las cuales dos son uniformados y nueve son civiles.<\/p>\n<p>\u201cLa Polic\u00eda Nacional, en coordinaci\u00f3n con la Fiscal\u00eda General de la Naci\u00f3n, adelanta las labores de investigaci\u00f3n criminal, inteligencia y polic\u00eda judicial encaminadas a establecer las circunstancias que ocurrieron, esta cobarde acci\u00f3n terrorista, as\u00ed como identificar y judicializar a los responsables\u201d, precis\u00f3 la Polic\u00eda Metropolitana de C\u00facuta en un comunicado oficial.<\/p>\n<p>Ante estos hechos de violencia, el jefe de Estado se reuni\u00f3 con las autoridades competentes, con el objetivo de verificar la estrategia de seguridad que se implementar\u00e1 para hacer frente a los criminales. En el encuentro, el primer mandatario dio un mensaje a la fuerza p\u00fablica y autoridades locales con respecto a las acciones que adelantar\u00e1 el Gobierno nacional para proteger a la ciudadan\u00eda y restar poder a los grupos armados al margen de la ley.<\/p>\n<p>\u201c<b>Aqu\u00ed nadie se arreda y aqu\u00ed nadie se acobarda. Los vamos a combatir y vamos a liberar este departamento de la violencia por la raz\u00f3n o por la fuerza<\/b>\u201d, asever\u00f3.<\/p>\n<p class=\"paragraph\" data-paragraph-number=\"6\" data-mrf-recirculation=\"Links inline\">Seg\u00fan indic\u00f3, cuando los criminales tienen \u00e9xito en sus actuaciones delictivas y atentados, quiere decir que hay irregularidades en el Gobierno y que, probablemente, hay alianzas entre el Estado y esas organizaciones. Asegur\u00f3 que su administraci\u00f3n no tiene ning\u00fan v\u00ednculo con grupos armados y que tomar\u00e1 medidas para impedir que las autoridades locales act\u00faen conforme a los intereses de los criminales.<\/p>\n<div class=\"visual__image\"><picture><source srcset=\"https:\/\/www.infobae.com\/resizer\/v2\/IOJSRODWQVCXPFJMV4DWW3AZNM.jpg?auth=ad8a21edf5664c10e8df271a359f96ec6325dcd072dbf19ec4cc44e0ce41c03a&amp;smart=true&amp;width=992&amp;height=660&amp;quality=85\" media=\"(min-width: 1000px)\" \/><source srcset=\"https:\/\/www.infobae.com\/resizer\/v2\/IOJSRODWQVCXPFJMV4DWW3AZNM.jpg?auth=ad8a21edf5664c10e8df271a359f96ec6325dcd072dbf19ec4cc44e0ce41c03a&amp;smart=true&amp;width=768&amp;height=511&amp;quality=85\" media=\"(min-width: 768px)\" \/><source srcset=\"https:\/\/www.infobae.com\/resizer\/v2\/IOJSRODWQVCXPFJMV4DWW3AZNM.jpg?auth=ad8a21edf5664c10e8df271a359f96ec6325dcd072dbf19ec4cc44e0ce41c03a&amp;smart=true&amp;width=577&amp;height=384&amp;quality=85\" media=\"(min-width: 580px)\" \/><source srcset=\"https:\/\/www.infobae.com\/resizer\/v2\/IOJSRODWQVCXPFJMV4DWW3AZNM.jpg?auth=ad8a21edf5664c10e8df271a359f96ec6325dcd072dbf19ec4cc44e0ce41c03a&amp;smart=true&amp;width=420&amp;height=280&amp;quality=85\" media=\"(min-width: 350px)\" \/><source srcset=\"https:\/\/www.infobae.com\/resizer\/v2\/IOJSRODWQVCXPFJMV4DWW3AZNM.jpg?auth=ad8a21edf5664c10e8df271a359f96ec6325dcd072dbf19ec4cc44e0ce41c03a&amp;smart=true&amp;width=350&amp;height=233&amp;quality=85\" media=\"(min-width: 80px)\" \/><img decoding=\"async\" loading=\"lazy\" class=\"global-image\" src=\"https:\/\/www.infobae.com\/resizer\/v2\/IOJSRODWQVCXPFJMV4DWW3AZNM.jpg?auth=ad8a21edf5664c10e8df271a359f96ec6325dcd072dbf19ec4cc44e0ce41c03a&amp;smart=true&amp;width=350&amp;height=233&amp;quality=85\" alt=\"El presidente Abelardo de la Espriella revisar\u00e1 los avances en materia de seguridad tras consejo de seguridad en C\u00facuta - cr\u00e9dito @FuerzasMilCol\/X\" width=\"1280\" height=\"852\" \/><\/picture><em>El presidente Abelardo de la Espriella revisar\u00e1 los avances en materia de seguridad tras consejo de seguridad en C\u00facuta &#8211; cr\u00e9dito @FuerzasMilCol\/X<\/em><\/div>\n<p class=\"paragraph\" data-paragraph-number=\"7\" data-mrf-recirculation=\"Links inline\">\u201cY aqu\u00ed se acab\u00f3 esa asociaci\u00f3n criminal y no vamos a permitir que tampoco mandatarios seccionales ni locales terminen aliados con estos bandidos, porque los vamos a hacer pagar tambi\u00e9n. As\u00ed que con total decisi\u00f3n los vamos a enfrentar con m\u00e1s ganas\u201d, dijo el presidente.<\/p>\n<p class=\"paragraph\" data-paragraph-number=\"8\" data-mrf-recirculation=\"Links inline\">Asimismo, inform\u00f3 que regresar\u00e1 a C\u00facuta para verificar que lo acordado en el consejo de seguridad se haya cumplido y para evaluar los avances de las autoridades en materia de seguridad. \u201c<b>Yo estoy firme con este departamento y aqu\u00ed voy a estar en 15 d\u00edas revisando cu\u00e1les son los avances<\/b>, porque este es un Gobierno de discursos y de pegorratas. Este es un Gobierno de resultados\u201d, indic\u00f3.<\/p>\n<h2 id=\"detalles-del-atentado-perpetrado-en-los-patios\" class=\"text-align-left vertical-align-top line-height-100 header headline-class-h2 headline\">Detalles del atentado perpetrado en Los Patios<\/h2>\n<p class=\"paragraph\" data-paragraph-number=\"9\" data-mrf-recirculation=\"Links inline\">De acuerdo con la Polic\u00eda Metropolitana de C\u00facuta, los hechos se presentaron a las 11:15 p. m., aproximadamente, frente a las instalaciones de la estaci\u00f3n de Polic\u00eda del municipio. Un artefacto explosivo que hab\u00eda sido acondicionado en un taxi fue detonado, dejando a varias personas afectadas y generando da\u00f1os en la infraestructura policial y en el parque automotor. Adem\u00e1s, varias motocicletas quedaron incineradas.<\/p>\n<p class=\"paragraph\" data-paragraph-number=\"10\" data-mrf-recirculation=\"Links inline\">El informe preliminar de las autoridades advirti\u00f3 sobre 11 personas heridas y un muerto (de nacionalidad venezolana). Sin embargo, el general Ricardo Alarc\u00f3n, comandante operativo de la Polic\u00eda Nacional, indic\u00f3 posteriormente a la prensa que el n\u00famero de afectados aument\u00f3:<b> resultaron lesionados siete uniformados, dos de ellos con heridas de consideraci\u00f3n, por lo que permanecen en una unidad de cuidados intensivos, y ocho particulares<\/b>.<\/p>\n<div class=\"visual__image\"><picture><source srcset=\"https:\/\/www.infobae.com\/resizer\/v2\/ESG6WFXV4ZAGVOKF6ZFYIYEPLA.jpg?auth=16cc01a82e6292785dbe53a2063c3971cb658f795d79164052208968a69ff0ce&amp;smart=true&amp;width=992&amp;height=558&amp;quality=85\" media=\"(min-width: 1000px)\" \/><source srcset=\"https:\/\/www.infobae.com\/resizer\/v2\/ESG6WFXV4ZAGVOKF6ZFYIYEPLA.jpg?auth=16cc01a82e6292785dbe53a2063c3971cb658f795d79164052208968a69ff0ce&amp;smart=true&amp;width=768&amp;height=432&amp;quality=85\" media=\"(min-width: 768px)\" \/><source srcset=\"https:\/\/www.infobae.com\/resizer\/v2\/ESG6WFXV4ZAGVOKF6ZFYIYEPLA.jpg?auth=16cc01a82e6292785dbe53a2063c3971cb658f795d79164052208968a69ff0ce&amp;smart=true&amp;width=577&amp;height=325&amp;quality=85\" media=\"(min-width: 580px)\" \/><source srcset=\"https:\/\/www.infobae.com\/resizer\/v2\/ESG6WFXV4ZAGVOKF6ZFYIYEPLA.jpg?auth=16cc01a82e6292785dbe53a2063c3971cb658f795d79164052208968a69ff0ce&amp;smart=true&amp;width=420&amp;height=236&amp;quality=85\" media=\"(min-width: 350px)\" \/><source srcset=\"https:\/\/www.infobae.com\/resizer\/v2\/ESG6WFXV4ZAGVOKF6ZFYIYEPLA.jpg?auth=16cc01a82e6292785dbe53a2063c3971cb658f795d79164052208968a69ff0ce&amp;smart=true&amp;width=350&amp;height=197&amp;quality=85\" media=\"(min-width: 80px)\" \/><img decoding=\"async\" loading=\"lazy\" class=\"global-image\" src=\"https:\/\/www.infobae.com\/resizer\/v2\/ESG6WFXV4ZAGVOKF6ZFYIYEPLA.jpg?auth=16cc01a82e6292785dbe53a2063c3971cb658f795d79164052208968a69ff0ce&amp;smart=true&amp;width=350&amp;height=197&amp;quality=85\" alt=\"El veh\u00edculo utilizado en el ataque fue acondicionado como un taxi - cr\u00e9dito captura de video de @TatanMojicaR\/X\" width=\"1920\" height=\"1080\" \/><\/picture><em>El veh\u00edculo utilizado en el ataque fue acondicionado como un taxi &#8211; cr\u00e9dito captura de video de @TatanMojicaR\/X<\/em><\/div>\n<p class=\"paragraph\" data-paragraph-number=\"11\" data-mrf-recirculation=\"Links inline\">El veh\u00edculo utilizado para el atentado hab\u00eda sido hurtado en junio de 2024, el cual fue acondicionado como un taxi. Un d\u00eda despu\u00e9s de que el carro fuera robado, se hall\u00f3 el cuerpo del due\u00f1o.<\/p>\n<p class=\"paragraph\" data-paragraph-number=\"12\" data-mrf-recirculation=\"Links inline\">\u201c<b>El sistema que utilizaron fue un sistema de frecuencia radial. El explosivo que utilizaron fue ammonal (sistema explosivo de alta potencia), una cantidad aproximada a los 80 kilos<\/b>. En este momento estamos haciendo toda la evaluaci\u00f3n de los da\u00f1os en las instalaciones, comenzar la recuperaci\u00f3n inmediata. Todo el apoyo a nuestros uniformados\u201d, precis\u00f3 el uniformado ante los medios de comunicaci\u00f3n.<\/p>\n<p class=\"paragraph\" data-paragraph-number=\"13\" data-mrf-recirculation=\"Links inline\">Seg\u00fan explic\u00f3, se presume que detr\u00e1s del ataque est\u00e1 el Frente de Guerra Urbano Carlos Germ\u00e1n Velasco, del Ej\u00e9rcito de Liberaci\u00f3n Nacional (ELN).<\/p>\n<p data-paragraph-number=\"13\" data-mrf-recirculation=\"Links inline\">(<em>Con informaci\u00f3n de Infobae)<\/em><\/p>\n","protected":false},"excerpt":{"rendered":"<p>Un carro bomba explot\u00f3 en inmediaciones de la estaci\u00f3n de Polic\u00eda del municipio. Un civil muri\u00f3 y hay varias personas heridas El 1 de septiembre de 2026, el presidente Abelardo de la Espriella lider\u00f3 un consejo de seguridad extraordinario que se llev\u00f3 a cabo en C\u00facuta, Norte de Santander, tras el atentado que se registr\u00f3 [&hellip;]<\/p>\n","protected":false},"author":1,"featured_media":92925,"comment_status":"open","ping_status":"open","sticky":false,"template":"","format":"standard","meta":{"om_disable_all_campaigns":false,"_mi_skip_tracking":false},"categories":[3,58,4],"tags":[],"yoast_head":"<!-- This site is optimized with the Yoast SEO plugin v20.5 - https:\/\/yoast.com\/wordpress\/plugins\/seo\/ -->\n<title>De la Espriella hizo fuerte advertencia durante el consejo de seguridad en C\u00facuta tras el atentado terrorista en Los Patios: \u201cAqu\u00ed nadie se acobarda\u201d - The citizen for the world<\/title>\n<meta name=\"robots\" content=\"index, follow, max-snippet:-1, max-image-preview:large, max-video-preview:-1\" \/>\n<link rel=\"canonical\" href=\"https:\/\/thecitizenfortheworld.com\/?p=92924\" \/>\n<meta property=\"og:locale\" content=\"es_ES\" \/>\n<meta property=\"og:type\" content=\"article\" \/>\n<meta property=\"og:title\" content=\"De la Espriella hizo fuerte advertencia durante el consejo de seguridad en C\u00facuta tras el atentado terrorista en Los Patios: \u201cAqu\u00ed nadie se acobarda\u201d - The citizen for the world\" \/>\n<meta property=\"og:description\" content=\"Un carro bomba explot\u00f3 en inmediaciones de la estaci\u00f3n de Polic\u00eda del municipio. Un civil muri\u00f3 y hay varias personas heridas El 1 de septiembre de 2026, el presidente Abelardo de la Espriella lider\u00f3 un consejo de seguridad extraordinario que se llev\u00f3 a cabo en C\u00facuta, Norte de Santander, tras el atentado que se registr\u00f3 [&hellip;]\" \/>\n<meta property=\"og:url\" content=\"https:\/\/thecitizenfortheworld.com\/?p=92924\" \/>\n<meta property=\"og:site_name\" content=\"The citizen for the world\" \/>\n<meta property=\"article:publisher\" content=\"https:\/\/www.facebook.com\/thecitizenfortheworld\" \/>\n<meta property=\"article:published_time\" content=\"2026-09-02T00:55:20+00:00\" \/>\n<meta property=\"og:image\" content=\"https:\/\/thecitizenfortheworld.com\/wp-content\/uploads\/2026\/09\/atentado-Cucuta.jpg\" \/>\n\t<meta property=\"og:image:width\" content=\"680\" \/>\n\t<meta property=\"og:image:height\" content=\"451\" \/>\n\t<meta property=\"og:image:type\" content=\"image\/jpeg\" \/>\n<meta name=\"author\" content=\"thecitizenfortheworld23@gmail.com\" \/>\n<meta name=\"twitter:card\" content=\"summary_large_image\" \/>\n<meta name=\"twitter:label1\" content=\"Escrito por\" \/>\n\t<meta name=\"twitter:data1\" content=\"thecitizenfortheworld23@gmail.com\" \/>\n\t<meta name=\"twitter:label2\" content=\"Tiempo estimado de lectura\" \/>\n\t<meta name=\"twitter:data2\" content=\"4 minutos\" \/>\n<script type=\"application\/ld+json\" class=\"yoast-schema-graph\">{\"@context\":\"https:\/\/schema.org\",\"@graph\":[{\"@type\":\"Article\",\"@id\":\"https:\/\/thecitizenfortheworld.com\/?p=92924#article\",\"isPartOf\":{\"@id\":\"https:\/\/thecitizenfortheworld.com\/?p=92924\"},\"author\":{\"name\":\"thecitizenfortheworld23@gmail.com\",\"@id\":\"https:\/\/thecitizenfortheworld.com\/#\/schema\/person\/1f6b82847278ca8d344c472822b5b66f\"},\"headline\":\"De la Espriella hizo fuerte advertencia durante el consejo de seguridad en C\u00facuta tras el atentado terrorista en Los Patios: \u201cAqu\u00ed nadie se acobarda\u201d\",\"datePublished\":\"2026-09-02T00:55:20+00:00\",\"dateModified\":\"2026-09-02T00:55:20+00:00\",\"mainEntityOfPage\":{\"@id\":\"https:\/\/thecitizenfortheworld.com\/?p=92924\"},\"wordCount\":819,\"commentCount\":0,\"publisher\":{\"@id\":\"https:\/\/thecitizenfortheworld.com\/#organization\"},\"articleSection\":[\"Am\u00e9rica Latina\",\"Colombia\",\"Pol\u00edtica\"],\"inLanguage\":\"es-CO\",\"potentialAction\":[{\"@type\":\"CommentAction\",\"name\":\"Comment\",\"target\":[\"https:\/\/thecitizenfortheworld.com\/?p=92924#respond\"]}]},{\"@type\":\"WebPage\",\"@id\":\"https:\/\/thecitizenfortheworld.com\/?p=92924\",\"url\":\"https:\/\/thecitizenfortheworld.com\/?p=92924\",\"name\":\"De la Espriella hizo fuerte advertencia durante el consejo de seguridad en C\u00facuta tras el atentado terrorista en Los Patios: \u201cAqu\u00ed nadie se acobarda\u201d - The citizen for the world\",\"isPartOf\":{\"@id\":\"https:\/\/thecitizenfortheworld.com\/#website\"},\"datePublished\":\"2026-09-02T00:55:20+00:00\",\"dateModified\":\"2026-09-02T00:55:20+00:00\",\"breadcrumb\":{\"@id\":\"https:\/\/thecitizenfortheworld.com\/?p=92924#breadcrumb\"},\"inLanguage\":\"es-CO\",\"potentialAction\":[{\"@type\":\"ReadAction\",\"target\":[\"https:\/\/thecitizenfortheworld.com\/?p=92924\"]}]},{\"@type\":\"BreadcrumbList\",\"@id\":\"https:\/\/thecitizenfortheworld.com\/?p=92924#breadcrumb\",\"itemListElement\":[{\"@type\":\"ListItem\",\"position\":1,\"name\":\"Inicio\",\"item\":\"https:\/\/thecitizenfortheworld.com\/\"},{\"@type\":\"ListItem\",\"position\":2,\"name\":\"De la Espriella hizo fuerte advertencia durante el consejo de seguridad en C\u00facuta tras el atentado terrorista en Los Patios: \u201cAqu\u00ed nadie se acobarda\u201d\"}]},{\"@type\":\"WebSite\",\"@id\":\"https:\/\/thecitizenfortheworld.com\/#website\",\"url\":\"https:\/\/thecitizenfortheworld.com\/\",\"name\":\"The citizen for the world\",\"description\":\"\",\"publisher\":{\"@id\":\"https:\/\/thecitizenfortheworld.com\/#organization\"},\"potentialAction\":[{\"@type\":\"SearchAction\",\"target\":{\"@type\":\"EntryPoint\",\"urlTemplate\":\"https:\/\/thecitizenfortheworld.com\/?s={search_term_string}\"},\"query-input\":\"required name=search_term_string\"}],\"inLanguage\":\"es-CO\"},{\"@type\":\"Organization\",\"@id\":\"https:\/\/thecitizenfortheworld.com\/#organization\",\"name\":\"The citizen for the world\",\"url\":\"https:\/\/thecitizenfortheworld.com\/\",\"logo\":{\"@type\":\"ImageObject\",\"inLanguage\":\"es-CO\",\"@id\":\"https:\/\/thecitizenfortheworld.com\/#\/schema\/logo\/image\/\",\"url\":\"https:\/\/thecitizenfortheworld.com\/wp-content\/uploads\/2023\/04\/cropped-the-citizens.png\",\"contentUrl\":\"https:\/\/thecitizenfortheworld.com\/wp-content\/uploads\/2023\/04\/cropped-the-citizens.png\",\"width\":1135,\"height\":1302,\"caption\":\"The citizen for the world\"},\"image\":{\"@id\":\"https:\/\/thecitizenfortheworld.com\/#\/schema\/logo\/image\/\"},\"sameAs\":[\"https:\/\/www.facebook.com\/thecitizenfortheworld\"]},{\"@type\":\"Person\",\"@id\":\"https:\/\/thecitizenfortheworld.com\/#\/schema\/person\/1f6b82847278ca8d344c472822b5b66f\",\"name\":\"thecitizenfortheworld23@gmail.com\",\"image\":{\"@type\":\"ImageObject\",\"inLanguage\":\"es-CO\",\"@id\":\"https:\/\/thecitizenfortheworld.com\/#\/schema\/person\/image\/\",\"url\":\"https:\/\/secure.gravatar.com\/avatar\/fa0768c808e84d205962885f7091f34b?s=96&d=mm&r=pg\",\"contentUrl\":\"https:\/\/secure.gravatar.com\/avatar\/fa0768c808e84d205962885f7091f34b?s=96&d=mm&r=pg\",\"caption\":\"thecitizenfortheworld23@gmail.com\"},\"sameAs\":[\"http:\/\/thecitizenfortheworld.com\"],\"url\":\"https:\/\/thecitizenfortheworld.com\/?author=1\"}]}<\/script>\n<!-- \/ Yoast SEO plugin. -->","yoast_head_json":{"title":"De la Espriella hizo fuerte advertencia durante el consejo de seguridad en C\u00facuta tras el atentado terrorista en Los Patios: \u201cAqu\u00ed nadie se acobarda\u201d - The citizen for the world","robots":{"index":"index","follow":"follow","max-snippet":"max-snippet:-1","max-image-preview":"max-image-preview:large","max-video-preview":"max-video-preview:-1"},"canonical":"https:\/\/thecitizenfortheworld.com\/?p=92924","og_locale":"es_ES","og_type":"article","og_title":"De la Espriella hizo fuerte advertencia durante el consejo de seguridad en C\u00facuta tras el atentado terrorista en Los Patios: \u201cAqu\u00ed nadie se acobarda\u201d - The citizen for the world","og_description":"Un carro bomba explot\u00f3 en inmediaciones de la estaci\u00f3n de Polic\u00eda del municipio. Un civil muri\u00f3 y hay varias personas heridas El 1 de septiembre de 2026, el presidente Abelardo de la Espriella lider\u00f3 un consejo de seguridad extraordinario que se llev\u00f3 a cabo en C\u00facuta, Norte de Santander, tras el atentado que se registr\u00f3 [&hellip;]","og_url":"https:\/\/thecitizenfortheworld.com\/?p=92924","og_site_name":"The citizen for the world","article_publisher":"https:\/\/www.facebook.com\/thecitizenfortheworld","article_published_time":"2026-09-02T00:55:20+00:00","og_image":[{"width":680,"height":451,"url":"https:\/\/thecitizenfortheworld.com\/wp-content\/uploads\/2026\/09\/atentado-Cucuta.jpg","type":"image\/jpeg"}],"author":"thecitizenfortheworld23@gmail.com","twitter_card":"summary_large_image","twitter_misc":{"Escrito por":"thecitizenfortheworld23@gmail.com","Tiempo estimado de lectura":"4 minutos"},"schema":{"@context":"https:\/\/schema.org","@graph":[{"@type":"Article","@id":"https:\/\/thecitizenfortheworld.com\/?p=92924#article","isPartOf":{"@id":"https:\/\/thecitizenfortheworld.com\/?p=92924"},"author":{"name":"thecitizenfortheworld23@gmail.com","@id":"https:\/\/thecitizenfortheworld.com\/#\/schema\/person\/1f6b82847278ca8d344c472822b5b66f"},"headline":"De la Espriella hizo fuerte advertencia durante el consejo de seguridad en C\u00facuta tras el atentado terrorista en Los Patios: \u201cAqu\u00ed nadie se acobarda\u201d","datePublished":"2026-09-02T00:55:20+00:00","dateModified":"2026-09-02T00:55:20+00:00","mainEntityOfPage":{"@id":"https:\/\/thecitizenfortheworld.com\/?p=92924"},"wordCount":819,"commentCount":0,"publisher":{"@id":"https:\/\/thecitizenfortheworld.com\/#organization"},"articleSection":["Am\u00e9rica Latina","Colombia","Pol\u00edtica"],"inLanguage":"es-CO","potentialAction":[{"@type":"CommentAction","name":"Comment","target":["https:\/\/thecitizenfortheworld.com\/?p=92924#respond"]}]},{"@type":"WebPage","@id":"https:\/\/thecitizenfortheworld.com\/?p=92924","url":"https:\/\/thecitizenfortheworld.com\/?p=92924","name":"De la Espriella hizo fuerte advertencia durante el consejo de seguridad en C\u00facuta tras el atentado terrorista en Los Patios: \u201cAqu\u00ed nadie se acobarda\u201d - The citizen for the world","isPartOf":{"@id":"https:\/\/thecitizenfortheworld.com\/#website"},"datePublished":"2026-09-02T00:55:20+00:00","dateModified":"2026-09-02T00:55:20+00:00","breadcrumb":{"@id":"https:\/\/thecitizenfortheworld.com\/?p=92924#breadcrumb"},"inLanguage":"es-CO","potentialAction":[{"@type":"ReadAction","target":["https:\/\/thecitizenfortheworld.com\/?p=92924"]}]},{"@type":"BreadcrumbList","@id":"https:\/\/thecitizenfortheworld.com\/?p=92924#breadcrumb","itemListElement":[{"@type":"ListItem","position":1,"name":"Inicio","item":"https:\/\/thecitizenfortheworld.com\/"},{"@type":"ListItem","position":2,"name":"De la Espriella hizo fuerte advertencia durante el consejo de seguridad en C\u00facuta tras el atentado terrorista en Los Patios: \u201cAqu\u00ed nadie se acobarda\u201d"}]},{"@type":"WebSite","@id":"https:\/\/thecitizenfortheworld.com\/#website","url":"https:\/\/thecitizenfortheworld.com\/","name":"The citizen for the world","description":"","publisher":{"@id":"https:\/\/thecitizenfortheworld.com\/#organization"},"potentialAction":[{"@type":"SearchAction","target":{"@type":"EntryPoint","urlTemplate":"https:\/\/thecitizenfortheworld.com\/?s={search_term_string}"},"query-input":"required name=search_term_string"}],"inLanguage":"es-CO"},{"@type":"Organization","@id":"https:\/\/thecitizenfortheworld.com\/#organization","name":"The citizen for the world","url":"https:\/\/thecitizenfortheworld.com\/","logo":{"@type":"ImageObject","inLanguage":"es-CO","@id":"https:\/\/thecitizenfortheworld.com\/#\/schema\/logo\/image\/","url":"https:\/\/thecitizenfortheworld.com\/wp-content\/uploads\/2023\/04\/cropped-the-citizens.png","contentUrl":"https:\/\/thecitizenfortheworld.com\/wp-content\/uploads\/2023\/04\/cropped-the-citizens.png","width":1135,"height":1302,"caption":"The citizen for the world"},"image":{"@id":"https:\/\/thecitizenfortheworld.com\/#\/schema\/logo\/image\/"},"sameAs":["https:\/\/www.facebook.com\/thecitizenfortheworld"]},{"@type":"Person","@id":"https:\/\/thecitizenfortheworld.com\/#\/schema\/person\/1f6b82847278ca8d344c472822b5b66f","name":"thecitizenfortheworld23@gmail.com","image":{"@type":"ImageObject","inLanguage":"es-CO","@id":"https:\/\/thecitizenfortheworld.com\/#\/schema\/person\/image\/","url":"https:\/\/secure.gravatar.com\/avatar\/fa0768c808e84d205962885f7091f34b?s=96&d=mm&r=pg","contentUrl":"https:\/\/secure.gravatar.com\/avatar\/fa0768c808e84d205962885f7091f34b?s=96&d=mm&r=pg","caption":"thecitizenfortheworld23@gmail.com"},"sameAs":["http:\/\/thecitizenfortheworld.com"],"url":"https:\/\/thecitizenfortheworld.com\/?author=1"}]}},"_links":{"self":[{"href":"https:\/\/thecitizenfortheworld.com\/index.php?rest_route=\/wp\/v2\/posts\/92924"}],"collection":[{"href":"https:\/\/thecitizenfortheworld.com\/index.php?rest_route=\/wp\/v2\/posts"}],"about":[{"href":"https:\/\/thecitizenfortheworld.com\/index.php?rest_route=\/wp\/v2\/types\/post"}],"author":[{"embeddable":true,"href":"https:\/\/thecitizenfortheworld.com\/index.php?rest_route=\/wp\/v2\/users\/1"}],"replies":[{"embeddable":true,"href":"https:\/\/thecitizenfortheworld.com\/index.php?rest_route=%2Fwp%2Fv2%2Fcomments&post=92924"}],"version-history":[{"count":1,"href":"https:\/\/thecitizenfortheworld.com\/index.php?rest_route=\/wp\/v2\/posts\/92924\/revisions"}],"predecessor-version":[{"id":92926,"href":"https:\/\/thecitizenfortheworld.com\/index.php?rest_route=\/wp\/v2\/posts\/92924\/revisions\/92926"}],"wp:featuredmedia":[{"embeddable":true,"href":"https:\/\/thecitizenfortheworld.com\/index.php?rest_route=\/wp\/v2\/media\/92925"}],"wp:attachment":[{"href":"https:\/\/thecitizenfortheworld.com\/index.php?rest_route=%2Fwp%2Fv2%2Fmedia&parent=92924"}],"wp:term":[{"taxonomy":"category","embeddable":true,"href":"https:\/\/thecitizenfortheworld.com\/index.php?rest_route=%2Fwp%2Fv2%2Fcategories&post=92924"},{"taxonomy":"post_tag","embeddable":true,"href":"https:\/\/thecitizenfortheworld.com\/index.php?rest_route=%2Fwp%2Fv2%2Ftags&post=92924"}],"curies":[{"name":"wp","href":"https:\/\/api.w.org\/{rel}","templated":true}]}}