{"id":92921,"date":"2026-09-01T19:46:31","date_gmt":"2026-09-02T00:46:31","guid":{"rendered":"https:\/\/thecitizenfortheworld.com\/?p=92921"},"modified":"2026-09-01T19:46:31","modified_gmt":"2026-09-02T00:46:31","slug":"crisis-en-iran-un-alto-funcionario-del-regimen-insto-a-la-poblacion-a-ahorrar-combustible","status":"publish","type":"post","link":"https:\/\/thecitizenfortheworld.com\/?p=92921","title":{"rendered":"Crisis en Ir\u00e1n: un alto funcionario del r\u00e9gimen inst\u00f3 a la poblaci\u00f3n a ahorrar combustible"},"content":{"rendered":"<p class=\"article-subheadline text-align-left\">El presidente del Parlamento iran\u00ed reconoci\u00f3 largas colas en las estaciones de servicio de Teher\u00e1n. Anunci\u00f3 adem\u00e1s la ampliaci\u00f3n de subsidios alimentarios ante la creciente presi\u00f3n econ\u00f3mica, en un contexto de renovados combates con EEUU<\/p>\n<p><b>Un alto funcionario iran\u00ed pidi\u00f3 este martes a la poblaci\u00f3n ahorrar combustible,<\/b> en momentos en que el pa\u00eds enfrenta dificultades para importar suficiente nafta debido al bloqueo naval impuesto por Estados Unidos.<\/p>\n<p><b>\u201cPor supuesto, parte de la responsabilidad de este alto consumo no recae en nuestro pueblo, sino en nuestra industria\u201d<\/b>, dijo el presidente del Parlamento iran\u00ed y principal negociador, <b>Mohammad Bagher Ghalibaf<\/b>, en un discurso televisado. <b>\u201cPero, de cualquier manera, lo que est\u00e1 claro es que necesitamos ahorrar nafta en nuestro consumo\u201d<\/b>, agreg\u00f3.<\/p>\n<p>Washington impuso el bloqueo sobre los puertos iran\u00edes en represalia por el cierre del estrecho de <b>Ormuz<\/b>, un conducto vital para los env\u00edos de petr\u00f3leo y gas del Golfo, y recientemente anunci\u00f3 adem\u00e1s nuevas sanciones de amplio alcance destinadas a aislar todav\u00eda m\u00e1s la econom\u00eda de Ir\u00e1n. En los \u00faltimos d\u00edas se observaron largas filas de veh\u00edculos en las estaciones de servicio de Teher\u00e1n.<\/p>\n<h2 id=\"&quot;no-podemos-importarla&quot;:-el-reconocimiento-oficial-de-la-escasez\" class=\"text-align-left vertical-align-top line-height-100 header headline-class-h2 headline\">\u201cNo podemos importarla\u201d: el reconocimiento oficial de la escasez<\/h2>\n<div class=\"visual__image\"><picture><source srcset=\"https:\/\/www.infobae.com\/resizer\/v2\/REUPIFPXJRC75EKBMJLUHOBYPA.jpg?auth=bc6c0c25016afb809b90dc27faf0f770febf2e0dd86cbe4c2c7232a69f55316a&amp;smart=true&amp;width=992&amp;height=661&amp;quality=85\" media=\"(min-width: 1000px)\" \/><source srcset=\"https:\/\/www.infobae.com\/resizer\/v2\/REUPIFPXJRC75EKBMJLUHOBYPA.jpg?auth=bc6c0c25016afb809b90dc27faf0f770febf2e0dd86cbe4c2c7232a69f55316a&amp;smart=true&amp;width=768&amp;height=512&amp;quality=85\" media=\"(min-width: 768px)\" \/><source srcset=\"https:\/\/www.infobae.com\/resizer\/v2\/REUPIFPXJRC75EKBMJLUHOBYPA.jpg?auth=bc6c0c25016afb809b90dc27faf0f770febf2e0dd86cbe4c2c7232a69f55316a&amp;smart=true&amp;width=577&amp;height=385&amp;quality=85\" media=\"(min-width: 580px)\" \/><source srcset=\"https:\/\/www.infobae.com\/resizer\/v2\/REUPIFPXJRC75EKBMJLUHOBYPA.jpg?auth=bc6c0c25016afb809b90dc27faf0f770febf2e0dd86cbe4c2c7232a69f55316a&amp;smart=true&amp;width=420&amp;height=280&amp;quality=85\" media=\"(min-width: 350px)\" \/><source srcset=\"https:\/\/www.infobae.com\/resizer\/v2\/REUPIFPXJRC75EKBMJLUHOBYPA.jpg?auth=bc6c0c25016afb809b90dc27faf0f770febf2e0dd86cbe4c2c7232a69f55316a&amp;smart=true&amp;width=350&amp;height=233&amp;quality=85\" media=\"(min-width: 80px)\" \/><img decoding=\"async\" loading=\"lazy\" class=\"global-image\" src=\"https:\/\/www.infobae.com\/resizer\/v2\/REUPIFPXJRC75EKBMJLUHOBYPA.jpg?auth=bc6c0c25016afb809b90dc27faf0f770febf2e0dd86cbe4c2c7232a69f55316a&amp;smart=true&amp;width=350&amp;height=233&amp;quality=85\" alt=\"El presidente del Parlamento iran\u00ed y principal negociador, Mohammad Bagher Ghalibaf\n(Europa Press\/Contacto\/Icana)\n\" width=\"1920\" height=\"1280\" \/><\/picture><em>El presidente del Parlamento iran\u00ed y principal negociador, Mohammad Bagher Ghalibaf (Europa Press\/Contacto\/Icana)<\/em><\/div>\n<p class=\"paragraph\" data-paragraph-number=\"4\" data-mrf-recirculation=\"Links inline\">El vicepresidente iran\u00ed, <b>Mohammad Jafar Ghaempanah<\/b>, hab\u00eda dicho la semana pasada que la producci\u00f3n dom\u00e9stica de nafta es <b>\u201cinsuficiente, y debido al bloqueo naval de Estados Unidos, no podemos importarla\u201d<\/b>.<\/p>\n<p class=\"paragraph\" data-paragraph-number=\"5\" data-mrf-recirculation=\"Links inline\">D\u00edas antes, el jefe de gabinete del presidente iran\u00ed ya hab\u00eda se\u00f1alado que se revisar\u00edan las cuotas de nafta. Ghalibaf remarc\u00f3 este martes que ahorrar combustible <b>\u201crequiere sabidur\u00eda colectiva y sin dudas requiere la cooperaci\u00f3n del pueblo\u201d<\/b>, y sostuvo: <b>\u201cSi lo consumimos de manera adecuada, podemos manejarnos con la cantidad de nafta que producimos en el pa\u00eds\u201d<\/b>.<\/p>\n<p class=\"paragraph\" data-paragraph-number=\"6\" data-mrf-recirculation=\"Links inline\">Con buena parte de la poblaci\u00f3n iran\u00ed sintiendo el impacto de una inflaci\u00f3n descontrolada y de perspectivas econ\u00f3micas cada vez m\u00e1s sombr\u00edas, agravadas por la guerra, Ghalibaf anunci\u00f3 tambi\u00e9n planes para ampliar los subsidios:<\/p>\n<p class=\"paragraph\" data-paragraph-number=\"7\" data-mrf-recirculation=\"Links inline\"><b>\u201cEl gobierno y el Parlamento est\u00e1n decididos a aumentar el cr\u00e9dito asignado al programa electr\u00f3nico de subsidios alimentarios, especialmente para los deciles de ingresos que soportan la mayor parte de la presi\u00f3n econ\u00f3mica\u201d<\/b>, afirm\u00f3.<\/p>\n<p class=\"paragraph\" data-paragraph-number=\"8\" data-mrf-recirculation=\"Links inline\">Las manifestaciones por motivos econ\u00f3micos de diciembre pasado hab\u00edan terminado derivando en un movimiento de protesta antigubernamental m\u00e1s amplio, que alcanz\u00f3 su pico en enero antes de ser reprimido.<\/p>\n<p class=\"paragraph\" data-paragraph-number=\"9\" data-mrf-recirculation=\"Links inline\">Ghalibaf insisti\u00f3 este martes en que el bienestar de la poblaci\u00f3n es una prioridad: <b>\u201cDe hecho, todos nuestros esfuerzos como funcionarios deber\u00edan estar orientados a reducir la presi\u00f3n sobre la gente, para que haya menos insatisfacci\u00f3n, porque la satisfacci\u00f3n del pueblo es un principio fundamental para nosotros\u201d<\/b>, sostuvo.<\/p>\n<h2 id=\"pezeshkian-promete-&quot;reciprocar&quot;-si-eeuu-vuelve-al-acuerdo-de-junio\" class=\"text-align-left vertical-align-top line-height-100 header headline-class-h2 headline\">Pezeshkian promete \u201creciprocar\u201d si EEUU vuelve al acuerdo de junio<\/h2>\n<div class=\"visual__image\"><picture><source srcset=\"https:\/\/www.infobae.com\/resizer\/v2\/UPS2CSWIX5EGJNOFHV3WBLIRDI.JPG?auth=61b01c4c6e041fc12284ab65049c6e8d9e561a5c2a036feaafd83421d8f74e95&amp;smart=true&amp;width=992&amp;height=659&amp;quality=85\" media=\"(min-width: 1000px)\" \/><source srcset=\"https:\/\/www.infobae.com\/resizer\/v2\/UPS2CSWIX5EGJNOFHV3WBLIRDI.JPG?auth=61b01c4c6e041fc12284ab65049c6e8d9e561a5c2a036feaafd83421d8f74e95&amp;smart=true&amp;width=768&amp;height=510&amp;quality=85\" media=\"(min-width: 768px)\" \/><source srcset=\"https:\/\/www.infobae.com\/resizer\/v2\/UPS2CSWIX5EGJNOFHV3WBLIRDI.JPG?auth=61b01c4c6e041fc12284ab65049c6e8d9e561a5c2a036feaafd83421d8f74e95&amp;smart=true&amp;width=577&amp;height=383&amp;quality=85\" media=\"(min-width: 580px)\" \/><source srcset=\"https:\/\/www.infobae.com\/resizer\/v2\/UPS2CSWIX5EGJNOFHV3WBLIRDI.JPG?auth=61b01c4c6e041fc12284ab65049c6e8d9e561a5c2a036feaafd83421d8f74e95&amp;smart=true&amp;width=420&amp;height=279&amp;quality=85\" media=\"(min-width: 350px)\" \/><source srcset=\"https:\/\/www.infobae.com\/resizer\/v2\/UPS2CSWIX5EGJNOFHV3WBLIRDI.JPG?auth=61b01c4c6e041fc12284ab65049c6e8d9e561a5c2a036feaafd83421d8f74e95&amp;smart=true&amp;width=350&amp;height=232&amp;quality=85\" media=\"(min-width: 80px)\" \/><img decoding=\"async\" loading=\"lazy\" class=\"global-image\" src=\"https:\/\/www.infobae.com\/resizer\/v2\/UPS2CSWIX5EGJNOFHV3WBLIRDI.JPG?auth=61b01c4c6e041fc12284ab65049c6e8d9e561a5c2a036feaafd83421d8f74e95&amp;smart=true&amp;width=350&amp;height=232&amp;quality=85\" alt=\"El presidente iran\u00ed, Masoud Pezeshkian, asiste a una sesi\u00f3n de la cumbre de la Organizaci\u00f3n de Cooperaci\u00f3n de Shangh\u00e1i (OCS) en Bishkek, Kirguist\u00e1n, el 1 de septiembre de 2026. Sputnik\/Vyacheslav Prokofyev\/Pool v\u00eda REUTERS\" width=\"5167\" height=\"3432\" \/><\/picture><em>El presidente iran\u00ed, Masoud Pezeshkian, asiste a una sesi\u00f3n de la cumbre de la Organizaci\u00f3n de Cooperaci\u00f3n de Shangh\u00e1i (OCS) en Bishkek, Kirguist\u00e1n, el 1 de septiembre de 2026. Sputnik\/Vyacheslav Prokofyev\/Pool v\u00eda REUTERS<\/em><\/div>\n<p class=\"paragraph\" data-paragraph-number=\"10\" data-mrf-recirculation=\"Links inline\">El pedido de ahorro energ\u00e9tico se conoci\u00f3 el mismo d\u00eda en que el presidente iran\u00ed, <b>Masoud Pezeshkian<\/b>, prometi\u00f3 igualar cualquier gesto de Estados Unidos por retomar el acuerdo de junio destinado a poner fin a la guerra entre ambos pa\u00edses, aunque advirti\u00f3 que la diplomacia podr\u00eda verse en riesgo por la <b>\u201cpresi\u00f3n y las amenazas\u201d<\/b> de Washington. Pezeshkian habl\u00f3 durante la cumbre de la <b>Organizaci\u00f3n de Cooperaci\u00f3n de Shangh\u00e1i (OCS)<\/b>, en Bishkek, la capital de Kirguist\u00e1n.<\/p>\n<p class=\"paragraph\" data-paragraph-number=\"11\" data-mrf-recirculation=\"Links inline\">Seg\u00fan el sitio oficial de la presidencia iran\u00ed, Pezeshkian afirm\u00f3 que, si Estados Unidos regresa al acuerdo orientado a poner fin a meses de hostilidades, Ir\u00e1n <b>\u201ctomar\u00e1 de inmediato una acci\u00f3n rec\u00edproca\u201d<\/b>. Ese pacto, pensado para sentar las bases de negociaciones de paz definitivas, hab\u00eda colapsado luego de que ambas partes se acusaran mutuamente de violar sus t\u00e9rminos. Pezeshkian advirti\u00f3 este martes que un regreso de Estados Unidos a <b>\u201cuna pol\u00edtica de presi\u00f3n y amenazas podr\u00eda descarrilar el camino de la diplomacia\u201d<\/b>.<\/p>\n<p class=\"ad-shell-label\">El encuentro se dio un d\u00eda despu\u00e9s de que el presidente estadounidense, <b>Donald Trump<\/b> \u2014que advirti\u00f3 a Mosc\u00fa y Beijing contra armar a Teher\u00e1n\u2014, amenazara con golpear a Ir\u00e1n <b>\u201ccon fuerza\u201d<\/b>, luego de que ambos pa\u00edses volvieran a intercambiar disparos por primera vez en semanas. Ir\u00e1n mantiene cerrado el estrat\u00e9gico estrecho de Ormuz, aunque asegur\u00f3 que retomar\u00e1 sus compromisos bajo el acuerdo de junio \u2014que inclu\u00eda la reapertura de esa v\u00eda\u2014 si Estados Unidos hace lo mismo.<\/p>\n<p>(<em>Con informaci\u00f3n de Infobae)<\/em><\/p>\n","protected":false},"excerpt":{"rendered":"<p>El presidente del Parlamento iran\u00ed reconoci\u00f3 largas colas en las estaciones de servicio de Teher\u00e1n. Anunci\u00f3 adem\u00e1s la ampliaci\u00f3n de subsidios alimentarios ante la creciente presi\u00f3n econ\u00f3mica, en un contexto de renovados combates con EEUU Un alto funcionario iran\u00ed pidi\u00f3 este martes a la poblaci\u00f3n ahorrar combustible, en momentos en que el pa\u00eds enfrenta dificultades [&hellip;]<\/p>\n","protected":false},"author":1,"featured_media":92922,"comment_status":"open","ping_status":"open","sticky":false,"template":"","format":"standard","meta":{"om_disable_all_campaigns":false,"_mi_skip_tracking":false},"categories":[2],"tags":[],"yoast_head":"<!-- This site is optimized with the Yoast SEO plugin v20.5 - https:\/\/yoast.com\/wordpress\/plugins\/seo\/ -->\n<title>Crisis en Ir\u00e1n: un alto funcionario del r\u00e9gimen inst\u00f3 a la poblaci\u00f3n a ahorrar combustible - The citizen for the world<\/title>\n<meta name=\"robots\" content=\"index, follow, max-snippet:-1, max-image-preview:large, max-video-preview:-1\" \/>\n<link rel=\"canonical\" href=\"https:\/\/thecitizenfortheworld.com\/?p=92921\" \/>\n<meta property=\"og:locale\" content=\"es_ES\" \/>\n<meta property=\"og:type\" content=\"article\" \/>\n<meta property=\"og:title\" content=\"Crisis en Ir\u00e1n: un alto funcionario del r\u00e9gimen inst\u00f3 a la poblaci\u00f3n a ahorrar combustible - The citizen for the world\" \/>\n<meta property=\"og:description\" content=\"El presidente del Parlamento iran\u00ed reconoci\u00f3 largas colas en las estaciones de servicio de Teher\u00e1n. Anunci\u00f3 adem\u00e1s la ampliaci\u00f3n de subsidios alimentarios ante la creciente presi\u00f3n econ\u00f3mica, en un contexto de renovados combates con EEUU Un alto funcionario iran\u00ed pidi\u00f3 este martes a la poblaci\u00f3n ahorrar combustible, en momentos en que el pa\u00eds enfrenta dificultades [&hellip;]\" \/>\n<meta property=\"og:url\" content=\"https:\/\/thecitizenfortheworld.com\/?p=92921\" \/>\n<meta property=\"og:site_name\" content=\"The citizen for the world\" \/>\n<meta property=\"article:publisher\" content=\"https:\/\/www.facebook.com\/thecitizenfortheworld\" \/>\n<meta property=\"article:published_time\" content=\"2026-09-02T00:46:31+00:00\" \/>\n<meta property=\"og:image\" content=\"https:\/\/thecitizenfortheworld.com\/wp-content\/uploads\/2026\/09\/Nafta-Iran.jpg\" \/>\n\t<meta property=\"og:image:width\" content=\"678\" \/>\n\t<meta property=\"og:image:height\" content=\"452\" \/>\n\t<meta property=\"og:image:type\" content=\"image\/jpeg\" \/>\n<meta name=\"author\" content=\"thecitizenfortheworld23@gmail.com\" \/>\n<meta name=\"twitter:card\" content=\"summary_large_image\" \/>\n<meta name=\"twitter:label1\" content=\"Escrito por\" \/>\n\t<meta name=\"twitter:data1\" content=\"thecitizenfortheworld23@gmail.com\" \/>\n\t<meta name=\"twitter:label2\" content=\"Tiempo estimado de lectura\" \/>\n\t<meta name=\"twitter:data2\" content=\"4 minutos\" \/>\n<script type=\"application\/ld+json\" class=\"yoast-schema-graph\">{\"@context\":\"https:\/\/schema.org\",\"@graph\":[{\"@type\":\"Article\",\"@id\":\"https:\/\/thecitizenfortheworld.com\/?p=92921#article\",\"isPartOf\":{\"@id\":\"https:\/\/thecitizenfortheworld.com\/?p=92921\"},\"author\":{\"name\":\"thecitizenfortheworld23@gmail.com\",\"@id\":\"https:\/\/thecitizenfortheworld.com\/#\/schema\/person\/1f6b82847278ca8d344c472822b5b66f\"},\"headline\":\"Crisis en Ir\u00e1n: un alto funcionario del r\u00e9gimen inst\u00f3 a la poblaci\u00f3n a ahorrar combustible\",\"datePublished\":\"2026-09-02T00:46:31+00:00\",\"dateModified\":\"2026-09-02T00:46:31+00:00\",\"mainEntityOfPage\":{\"@id\":\"https:\/\/thecitizenfortheworld.com\/?p=92921\"},\"wordCount\":820,\"commentCount\":0,\"publisher\":{\"@id\":\"https:\/\/thecitizenfortheworld.com\/#organization\"},\"articleSection\":[\"Internacionales\"],\"inLanguage\":\"es-CO\",\"potentialAction\":[{\"@type\":\"CommentAction\",\"name\":\"Comment\",\"target\":[\"https:\/\/thecitizenfortheworld.com\/?p=92921#respond\"]}]},{\"@type\":\"WebPage\",\"@id\":\"https:\/\/thecitizenfortheworld.com\/?p=92921\",\"url\":\"https:\/\/thecitizenfortheworld.com\/?p=92921\",\"name\":\"Crisis en Ir\u00e1n: un alto funcionario del r\u00e9gimen inst\u00f3 a la poblaci\u00f3n a ahorrar combustible - The citizen for the world\",\"isPartOf\":{\"@id\":\"https:\/\/thecitizenfortheworld.com\/#website\"},\"datePublished\":\"2026-09-02T00:46:31+00:00\",\"dateModified\":\"2026-09-02T00:46:31+00:00\",\"breadcrumb\":{\"@id\":\"https:\/\/thecitizenfortheworld.com\/?p=92921#breadcrumb\"},\"inLanguage\":\"es-CO\",\"potentialAction\":[{\"@type\":\"ReadAction\",\"target\":[\"https:\/\/thecitizenfortheworld.com\/?p=92921\"]}]},{\"@type\":\"BreadcrumbList\",\"@id\":\"https:\/\/thecitizenfortheworld.com\/?p=92921#breadcrumb\",\"itemListElement\":[{\"@type\":\"ListItem\",\"position\":1,\"name\":\"Inicio\",\"item\":\"https:\/\/thecitizenfortheworld.com\/\"},{\"@type\":\"ListItem\",\"position\":2,\"name\":\"Crisis en Ir\u00e1n: un alto funcionario del r\u00e9gimen inst\u00f3 a la poblaci\u00f3n a ahorrar combustible\"}]},{\"@type\":\"WebSite\",\"@id\":\"https:\/\/thecitizenfortheworld.com\/#website\",\"url\":\"https:\/\/thecitizenfortheworld.com\/\",\"name\":\"The citizen for the world\",\"description\":\"\",\"publisher\":{\"@id\":\"https:\/\/thecitizenfortheworld.com\/#organization\"},\"potentialAction\":[{\"@type\":\"SearchAction\",\"target\":{\"@type\":\"EntryPoint\",\"urlTemplate\":\"https:\/\/thecitizenfortheworld.com\/?s={search_term_string}\"},\"query-input\":\"required name=search_term_string\"}],\"inLanguage\":\"es-CO\"},{\"@type\":\"Organization\",\"@id\":\"https:\/\/thecitizenfortheworld.com\/#organization\",\"name\":\"The citizen for the world\",\"url\":\"https:\/\/thecitizenfortheworld.com\/\",\"logo\":{\"@type\":\"ImageObject\",\"inLanguage\":\"es-CO\",\"@id\":\"https:\/\/thecitizenfortheworld.com\/#\/schema\/logo\/image\/\",\"url\":\"https:\/\/thecitizenfortheworld.com\/wp-content\/uploads\/2023\/04\/cropped-the-citizens.png\",\"contentUrl\":\"https:\/\/thecitizenfortheworld.com\/wp-content\/uploads\/2023\/04\/cropped-the-citizens.png\",\"width\":1135,\"height\":1302,\"caption\":\"The citizen for the world\"},\"image\":{\"@id\":\"https:\/\/thecitizenfortheworld.com\/#\/schema\/logo\/image\/\"},\"sameAs\":[\"https:\/\/www.facebook.com\/thecitizenfortheworld\"]},{\"@type\":\"Person\",\"@id\":\"https:\/\/thecitizenfortheworld.com\/#\/schema\/person\/1f6b82847278ca8d344c472822b5b66f\",\"name\":\"thecitizenfortheworld23@gmail.com\",\"image\":{\"@type\":\"ImageObject\",\"inLanguage\":\"es-CO\",\"@id\":\"https:\/\/thecitizenfortheworld.com\/#\/schema\/person\/image\/\",\"url\":\"https:\/\/secure.gravatar.com\/avatar\/fa0768c808e84d205962885f7091f34b?s=96&d=mm&r=pg\",\"contentUrl\":\"https:\/\/secure.gravatar.com\/avatar\/fa0768c808e84d205962885f7091f34b?s=96&d=mm&r=pg\",\"caption\":\"thecitizenfortheworld23@gmail.com\"},\"sameAs\":[\"http:\/\/thecitizenfortheworld.com\"],\"url\":\"https:\/\/thecitizenfortheworld.com\/?author=1\"}]}<\/script>\n<!-- \/ Yoast SEO plugin. -->","yoast_head_json":{"title":"Crisis en Ir\u00e1n: un alto funcionario del r\u00e9gimen inst\u00f3 a la poblaci\u00f3n a ahorrar combustible - The citizen for the world","robots":{"index":"index","follow":"follow","max-snippet":"max-snippet:-1","max-image-preview":"max-image-preview:large","max-video-preview":"max-video-preview:-1"},"canonical":"https:\/\/thecitizenfortheworld.com\/?p=92921","og_locale":"es_ES","og_type":"article","og_title":"Crisis en Ir\u00e1n: un alto funcionario del r\u00e9gimen inst\u00f3 a la poblaci\u00f3n a ahorrar combustible - The citizen for the world","og_description":"El presidente del Parlamento iran\u00ed reconoci\u00f3 largas colas en las estaciones de servicio de Teher\u00e1n. Anunci\u00f3 adem\u00e1s la ampliaci\u00f3n de subsidios alimentarios ante la creciente presi\u00f3n econ\u00f3mica, en un contexto de renovados combates con EEUU Un alto funcionario iran\u00ed pidi\u00f3 este martes a la poblaci\u00f3n ahorrar combustible, en momentos en que el pa\u00eds enfrenta dificultades [&hellip;]","og_url":"https:\/\/thecitizenfortheworld.com\/?p=92921","og_site_name":"The citizen for the world","article_publisher":"https:\/\/www.facebook.com\/thecitizenfortheworld","article_published_time":"2026-09-02T00:46:31+00:00","og_image":[{"width":678,"height":452,"url":"https:\/\/thecitizenfortheworld.com\/wp-content\/uploads\/2026\/09\/Nafta-Iran.jpg","type":"image\/jpeg"}],"author":"thecitizenfortheworld23@gmail.com","twitter_card":"summary_large_image","twitter_misc":{"Escrito por":"thecitizenfortheworld23@gmail.com","Tiempo estimado de lectura":"4 minutos"},"schema":{"@context":"https:\/\/schema.org","@graph":[{"@type":"Article","@id":"https:\/\/thecitizenfortheworld.com\/?p=92921#article","isPartOf":{"@id":"https:\/\/thecitizenfortheworld.com\/?p=92921"},"author":{"name":"thecitizenfortheworld23@gmail.com","@id":"https:\/\/thecitizenfortheworld.com\/#\/schema\/person\/1f6b82847278ca8d344c472822b5b66f"},"headline":"Crisis en Ir\u00e1n: un alto funcionario del r\u00e9gimen inst\u00f3 a la poblaci\u00f3n a ahorrar combustible","datePublished":"2026-09-02T00:46:31+00:00","dateModified":"2026-09-02T00:46:31+00:00","mainEntityOfPage":{"@id":"https:\/\/thecitizenfortheworld.com\/?p=92921"},"wordCount":820,"commentCount":0,"publisher":{"@id":"https:\/\/thecitizenfortheworld.com\/#organization"},"articleSection":["Internacionales"],"inLanguage":"es-CO","potentialAction":[{"@type":"CommentAction","name":"Comment","target":["https:\/\/thecitizenfortheworld.com\/?p=92921#respond"]}]},{"@type":"WebPage","@id":"https:\/\/thecitizenfortheworld.com\/?p=92921","url":"https:\/\/thecitizenfortheworld.com\/?p=92921","name":"Crisis en Ir\u00e1n: un alto funcionario del r\u00e9gimen inst\u00f3 a la poblaci\u00f3n a ahorrar combustible - The citizen for the world","isPartOf":{"@id":"https:\/\/thecitizenfortheworld.com\/#website"},"datePublished":"2026-09-02T00:46:31+00:00","dateModified":"2026-09-02T00:46:31+00:00","breadcrumb":{"@id":"https:\/\/thecitizenfortheworld.com\/?p=92921#breadcrumb"},"inLanguage":"es-CO","potentialAction":[{"@type":"ReadAction","target":["https:\/\/thecitizenfortheworld.com\/?p=92921"]}]},{"@type":"BreadcrumbList","@id":"https:\/\/thecitizenfortheworld.com\/?p=92921#breadcrumb","itemListElement":[{"@type":"ListItem","position":1,"name":"Inicio","item":"https:\/\/thecitizenfortheworld.com\/"},{"@type":"ListItem","position":2,"name":"Crisis en Ir\u00e1n: un alto funcionario del r\u00e9gimen inst\u00f3 a la poblaci\u00f3n a ahorrar combustible"}]},{"@type":"WebSite","@id":"https:\/\/thecitizenfortheworld.com\/#website","url":"https:\/\/thecitizenfortheworld.com\/","name":"The citizen for the world","description":"","publisher":{"@id":"https:\/\/thecitizenfortheworld.com\/#organization"},"potentialAction":[{"@type":"SearchAction","target":{"@type":"EntryPoint","urlTemplate":"https:\/\/thecitizenfortheworld.com\/?s={search_term_string}"},"query-input":"required name=search_term_string"}],"inLanguage":"es-CO"},{"@type":"Organization","@id":"https:\/\/thecitizenfortheworld.com\/#organization","name":"The citizen for the world","url":"https:\/\/thecitizenfortheworld.com\/","logo":{"@type":"ImageObject","inLanguage":"es-CO","@id":"https:\/\/thecitizenfortheworld.com\/#\/schema\/logo\/image\/","url":"https:\/\/thecitizenfortheworld.com\/wp-content\/uploads\/2023\/04\/cropped-the-citizens.png","contentUrl":"https:\/\/thecitizenfortheworld.com\/wp-content\/uploads\/2023\/04\/cropped-the-citizens.png","width":1135,"height":1302,"caption":"The citizen for the world"},"image":{"@id":"https:\/\/thecitizenfortheworld.com\/#\/schema\/logo\/image\/"},"sameAs":["https:\/\/www.facebook.com\/thecitizenfortheworld"]},{"@type":"Person","@id":"https:\/\/thecitizenfortheworld.com\/#\/schema\/person\/1f6b82847278ca8d344c472822b5b66f","name":"thecitizenfortheworld23@gmail.com","image":{"@type":"ImageObject","inLanguage":"es-CO","@id":"https:\/\/thecitizenfortheworld.com\/#\/schema\/person\/image\/","url":"https:\/\/secure.gravatar.com\/avatar\/fa0768c808e84d205962885f7091f34b?s=96&d=mm&r=pg","contentUrl":"https:\/\/secure.gravatar.com\/avatar\/fa0768c808e84d205962885f7091f34b?s=96&d=mm&r=pg","caption":"thecitizenfortheworld23@gmail.com"},"sameAs":["http:\/\/thecitizenfortheworld.com"],"url":"https:\/\/thecitizenfortheworld.com\/?author=1"}]}},"_links":{"self":[{"href":"https:\/\/thecitizenfortheworld.com\/index.php?rest_route=\/wp\/v2\/posts\/92921"}],"collection":[{"href":"https:\/\/thecitizenfortheworld.com\/index.php?rest_route=\/wp\/v2\/posts"}],"about":[{"href":"https:\/\/thecitizenfortheworld.com\/index.php?rest_route=\/wp\/v2\/types\/post"}],"author":[{"embeddable":true,"href":"https:\/\/thecitizenfortheworld.com\/index.php?rest_route=\/wp\/v2\/users\/1"}],"replies":[{"embeddable":true,"href":"https:\/\/thecitizenfortheworld.com\/index.php?rest_route=%2Fwp%2Fv2%2Fcomments&post=92921"}],"version-history":[{"count":1,"href":"https:\/\/thecitizenfortheworld.com\/index.php?rest_route=\/wp\/v2\/posts\/92921\/revisions"}],"predecessor-version":[{"id":92923,"href":"https:\/\/thecitizenfortheworld.com\/index.php?rest_route=\/wp\/v2\/posts\/92921\/revisions\/92923"}],"wp:featuredmedia":[{"embeddable":true,"href":"https:\/\/thecitizenfortheworld.com\/index.php?rest_route=\/wp\/v2\/media\/92922"}],"wp:attachment":[{"href":"https:\/\/thecitizenfortheworld.com\/index.php?rest_route=%2Fwp%2Fv2%2Fmedia&parent=92921"}],"wp:term":[{"taxonomy":"category","embeddable":true,"href":"https:\/\/thecitizenfortheworld.com\/index.php?rest_route=%2Fwp%2Fv2%2Fcategories&post=92921"},{"taxonomy":"post_tag","embeddable":true,"href":"https:\/\/thecitizenfortheworld.com\/index.php?rest_route=%2Fwp%2Fv2%2Ftags&post=92921"}],"curies":[{"name":"wp","href":"https:\/\/api.w.org\/{rel}","templated":true}]}}