{"id":92902,"date":"2026-08-29T09:59:15","date_gmt":"2026-08-29T14:59:15","guid":{"rendered":"https:\/\/thecitizenfortheworld.com\/?p=92902"},"modified":"2026-08-29T09:59:15","modified_gmt":"2026-08-29T14:59:15","slug":"el-presidente-irani-admitio-el-impacto-de-las-sanciones-de-eeuu-algunos-dicen-que-no-tienen-efecto-no-se-que-decirles","status":"publish","type":"post","link":"https:\/\/thecitizenfortheworld.com\/?p=92902","title":{"rendered":"El presidente iran\u00ed admiti\u00f3 el impacto de las sanciones de EEUU: \u201cAlgunos dicen que no tienen efecto; no s\u00e9 qu\u00e9 decirles\u201d"},"content":{"rendered":"<p class=\"article-subheadline text-align-left\">Masud Pezeshkian reconoci\u00f3 que las exportaciones e importaciones han ca\u00eddo entre un 25 y un 35%, y abog\u00f3 por subir el precio de la gasolina para adaptarse a lo que llam\u00f3 \u201ccondiciones propias de un tiempo de guerra\u201d<\/p>\n<p>El presidente de <b>Ir\u00e1n<\/b>, <b>Masud Pezeshkian<\/b>, reconoci\u00f3 que las <b>sanciones estadounidenses<\/b> contra su pa\u00eds est\u00e1n perjudicando la econom\u00eda, pese a insistir hace unos d\u00edas en que estas no lograr\u00edan nada.<\/p>\n<p class=\"paragraph\" data-paragraph-number=\"2\" data-mrf-recirculation=\"Links inline\">\u201c<b>Algunos dicen que las sanciones no tienen efecto alguno; francamente no s\u00e9 qu\u00e9 decirle a esa gente<\/b>\u201d, dijo Pezeshkian a la televisi\u00f3n estatal en una entrevista la noche del viernes.<\/p>\n<p class=\"paragraph\" data-paragraph-number=\"3\" data-mrf-recirculation=\"Links inline\">\u201cEstamos en <b>situaci\u00f3n de guerra<\/b>, y debemos aceptar las condiciones propias de un tiempo de guerra\u201d, agreg\u00f3 el mandatario, refiri\u00e9ndose a la contienda abierta desde que <b>Estados Unidos<\/b> e <b>Israel<\/b> atacaron el 28 de febrero, y para la que no se ha encontrado a\u00fan una salida.<\/p>\n<p class=\"paragraph\" data-paragraph-number=\"4\" data-mrf-recirculation=\"Links inline\">El lunes, el secretario del Tesoro de Estados Unidos, <b>Scott Bessent<\/b>, present\u00f3 un plan para lograr la \u201c<b>asfixia econ\u00f3mica<\/b>\u201d de Ir\u00e1n, y amenaz\u00f3 con <b>duras consecuencias a los pa\u00edses terceros<\/b> que comercien con <b>Teher\u00e1n<\/b> y de esa forma traten de aliviar el cerco econ\u00f3mico norteamericano.<\/p>\n<div class=\"visual__image\"><picture><source srcset=\"https:\/\/www.infobae.com\/resizer\/v2\/OQ6HN5RHFRABJAOX5SGXTRIIJQ.JPG?auth=146bd0f72963c756bc8df23901198bcbc029f914cf59a7e7aba39235e41c46f1&amp;smart=true&amp;width=992&amp;height=661&amp;quality=85\" media=\"(min-width: 1000px)\" \/><source srcset=\"https:\/\/www.infobae.com\/resizer\/v2\/OQ6HN5RHFRABJAOX5SGXTRIIJQ.JPG?auth=146bd0f72963c756bc8df23901198bcbc029f914cf59a7e7aba39235e41c46f1&amp;smart=true&amp;width=768&amp;height=512&amp;quality=85\" media=\"(min-width: 768px)\" \/><source srcset=\"https:\/\/www.infobae.com\/resizer\/v2\/OQ6HN5RHFRABJAOX5SGXTRIIJQ.JPG?auth=146bd0f72963c756bc8df23901198bcbc029f914cf59a7e7aba39235e41c46f1&amp;smart=true&amp;width=577&amp;height=385&amp;quality=85\" media=\"(min-width: 580px)\" \/><source srcset=\"https:\/\/www.infobae.com\/resizer\/v2\/OQ6HN5RHFRABJAOX5SGXTRIIJQ.JPG?auth=146bd0f72963c756bc8df23901198bcbc029f914cf59a7e7aba39235e41c46f1&amp;smart=true&amp;width=420&amp;height=280&amp;quality=85\" media=\"(min-width: 350px)\" \/><source srcset=\"https:\/\/www.infobae.com\/resizer\/v2\/OQ6HN5RHFRABJAOX5SGXTRIIJQ.JPG?auth=146bd0f72963c756bc8df23901198bcbc029f914cf59a7e7aba39235e41c46f1&amp;smart=true&amp;width=350&amp;height=233&amp;quality=85\" media=\"(min-width: 80px)\" \/><img decoding=\"async\" loading=\"lazy\" class=\"global-image\" src=\"https:\/\/www.infobae.com\/resizer\/v2\/OQ6HN5RHFRABJAOX5SGXTRIIJQ.JPG?auth=146bd0f72963c756bc8df23901198bcbc029f914cf59a7e7aba39235e41c46f1&amp;smart=true&amp;width=350&amp;height=233&amp;quality=85\" alt=\"El presidente de Estados Unidos, Donald Trump (REUTERS\/Kylie Cooper)\" width=\"2765\" height=\"1843\" \/><\/picture><em>El presidente de Estados Unidos, Donald Trump (REUTERS\/Kylie Cooper)<\/em><\/div>\n<p class=\"paragraph\" data-paragraph-number=\"5\" data-mrf-recirculation=\"Links inline\">Las nuevas medidas abundan en el r\u00e9gimen sancionador puesto en marcha desde que en 2018 el presidente <b>Donald Trump<\/b>, entonces en su primer mandato, retir\u00f3 a Washington del acuerdo internacional de 2015 sobre el programa nuclear iran\u00ed.<\/p>\n<p data-paragraph-number=\"5\" data-mrf-recirculation=\"Links inline\">Pezeshkian dijo el viernes que las exportaciones e importaciones de Ir\u00e1n han ca\u00eddo entre un <b>25 y un 35%<\/b> en los meses recientes, coincidiendo con el <b>bloqueo naval<\/b> de Estados Unidos a los puertos iran\u00edes.<\/p>\n<p class=\"paragraph\" data-paragraph-number=\"7\" data-mrf-recirculation=\"Links inline\">Igualmente abog\u00f3 por aumentar el <b>precio de la gasolina<\/b>, que tradicionalmente ha estado fuertemente subvencionada en el pa\u00eds, un importante productor y exportador de <b>crudo<\/b>. Cualquier subida de precio en las gasolineras es por tanto pol\u00edticamente sensible.<\/p>\n<p class=\"paragraph\" data-paragraph-number=\"8\" data-mrf-recirculation=\"Links inline\">El vicepresidente <b>Mohammad Jafar Ghaempanah<\/b> hab\u00eda dicho el mi\u00e9rcoles que el bloqueo estadounidense a los puertos iran\u00edes estaba impidiendo la importaci\u00f3n de suficiente gasolina para cubrir el consumo dom\u00e9stico.<\/p>\n<p class=\"paragraph\" data-paragraph-number=\"9\" data-mrf-recirculation=\"Links inline\">El mismo d\u00eda, Pezeshkian dijo que las \u00faltimas sanciones de Estados Unidos \u201cno lograr\u00edan nada\u201d.<\/p>\n<div class=\"visual__image\"><picture><source srcset=\"https:\/\/www.infobae.com\/resizer\/v2\/IEVONPHW5NCOHHTCDAJCKFMYF4.jpg?auth=7e6e8536ff4b53283f54d0d330eae48126ead53b85a699626c44216f77e290ca&amp;smart=true&amp;width=992&amp;height=661&amp;quality=85\" media=\"(min-width: 1000px)\" \/><source srcset=\"https:\/\/www.infobae.com\/resizer\/v2\/IEVONPHW5NCOHHTCDAJCKFMYF4.jpg?auth=7e6e8536ff4b53283f54d0d330eae48126ead53b85a699626c44216f77e290ca&amp;smart=true&amp;width=768&amp;height=512&amp;quality=85\" media=\"(min-width: 768px)\" \/><source srcset=\"https:\/\/www.infobae.com\/resizer\/v2\/IEVONPHW5NCOHHTCDAJCKFMYF4.jpg?auth=7e6e8536ff4b53283f54d0d330eae48126ead53b85a699626c44216f77e290ca&amp;smart=true&amp;width=577&amp;height=385&amp;quality=85\" media=\"(min-width: 580px)\" \/><source srcset=\"https:\/\/www.infobae.com\/resizer\/v2\/IEVONPHW5NCOHHTCDAJCKFMYF4.jpg?auth=7e6e8536ff4b53283f54d0d330eae48126ead53b85a699626c44216f77e290ca&amp;smart=true&amp;width=420&amp;height=280&amp;quality=85\" media=\"(min-width: 350px)\" \/><source srcset=\"https:\/\/www.infobae.com\/resizer\/v2\/IEVONPHW5NCOHHTCDAJCKFMYF4.jpg?auth=7e6e8536ff4b53283f54d0d330eae48126ead53b85a699626c44216f77e290ca&amp;smart=true&amp;width=350&amp;height=233&amp;quality=85\" media=\"(min-width: 80px)\" \/><img decoding=\"async\" loading=\"lazy\" class=\"global-image\" src=\"https:\/\/www.infobae.com\/resizer\/v2\/IEVONPHW5NCOHHTCDAJCKFMYF4.jpg?auth=7e6e8536ff4b53283f54d0d330eae48126ead53b85a699626c44216f77e290ca&amp;smart=true&amp;width=350&amp;height=233&amp;quality=85\" alt=\"El secretario del Tesoro de Estados Unidos, Scott Bessent (AP Foto\/Julia Demaree Nikhinson)\" width=\"5616\" height=\"3744\" \/><\/picture><em>El secretario del Tesoro de Estados Unidos, Scott Bessent (AP Foto\/Julia Demaree Nikhinson)<\/em><\/div>\n<h2 id=\"las-primeras-sanciones-de-eeuu\" class=\"text-align-left vertical-align-top line-height-100 header headline-class-h2 headline\">Las primeras sanciones de EEUU<\/h2>\n<p class=\"paragraph\" data-paragraph-number=\"10\" data-mrf-recirculation=\"Links inline\">El <b>Departamento del Tesoro<\/b> impedir\u00e1 el acceso al sistema financiero de Estados Unidos a la filial del banco estatal egipcio <a title=\"https:\/\/www.infobae.com\/america\/mundo\/2026\/08\/28\/eeuu-sanciono-a-un-importante-banco-egipcio-a-una-empresa-y-a-un-individuo-por-operar-con-entidades-financieras-de-iran\/\" href=\"https:\/\/www.infobae.com\/america\/mundo\/2026\/08\/28\/eeuu-sanciono-a-un-importante-banco-egipcio-a-una-empresa-y-a-un-individuo-por-operar-con-entidades-financieras-de-iran\/\" target=\"_blank\" rel=\"noopener noreferrer\" data-mrf-link=\"https:\/\/www.infobae.com\/america\/mundo\/2026\/08\/28\/eeuu-sanciono-a-un-importante-banco-egipcio-a-una-empresa-y-a-un-individuo-por-operar-con-entidades-financieras-de-iran\/\"><b>Misr en los Emiratos \u00c1rabes<\/b><\/a>, entidad a la que acusa de mantener intercambios financieros con Ir\u00e1n.<\/p>\n<p class=\"paragraph\" data-paragraph-number=\"11\" data-mrf-recirculation=\"Links inline\">Se trata de la primera medida concreta que toma el gobierno de <b>Donald Trump<\/b> despu\u00e9s de que a principios de la semana el secretario del Tesoro, <b>Scott Bessent<\/b>, amenaz\u00f3 con aislar econ\u00f3micamente a Ir\u00e1n, seis meses despu\u00e9s de iniciada la guerra.<\/p>\n<p class=\"paragraph\" data-paragraph-number=\"12\" data-mrf-recirculation=\"Links inline\">\u201cHoy, en el marco de la \u2018<b>Operaci\u00f3n Marginado Econ\u00f3mico<\/b>\u2019, la Red de Control de Delitos Financieros (FinCEN) del Departamento del Tesoro de Estados Unidos propuso una norma que revocar\u00eda el acceso de <b>Banque Misr UAE<\/b> como banco corresponsal a las instituciones financieras estadounidenses\u201d, anunci\u00f3 el Tesoro en un comunicado.<\/p>\n<p class=\"paragraph\" data-paragraph-number=\"13\" data-mrf-recirculation=\"Links inline\">\u201cEl Tesoro prometi\u00f3 cortar todas las v\u00edas de escape econ\u00f3micas que le quedan a Teher\u00e1n y acabar definitivamente con la amenaza del r\u00e9gimen iran\u00ed\u201d, declar\u00f3 Bessent.<\/p>\n<p class=\"paragraph\" data-paragraph-number=\"14\" data-mrf-recirculation=\"Links inline\">\u201cTambi\u00e9n advertimos que quienes apoyan a Ir\u00e1n no pueden seguir teniendo acceso al d\u00f3lar estadounidense ni al sistema financiero global. Banque Misr UAE decidi\u00f3 aprenderlo por las malas, y hoy damos el primer paso para exigirle responsabilidades por su continuo e imperdonable apoyo al r\u00e9gimen iran\u00ed\u201d, complet\u00f3.<\/p>\n<p class=\"paragraph\" data-paragraph-number=\"15\" data-mrf-recirculation=\"Links inline\">Adem\u00e1s, la <b>Oficina de Control de Activos Extranjeros<\/b> (OFAC) del Departamento del Tesoro sancion\u00f3 a <b>Reza Mohammad Taeedi<\/b>, gerente de la sucursal de Bank Melli en Dub\u00e1i. Y tambi\u00e9n impuso sanciones contra <b>Kameng Trading Limited<\/b>, una empresa fachada con sede en Hong Kong que ayud\u00f3 a blanquear fondos para una casa de cambio iran\u00ed sancionada.<\/p>\n<p data-paragraph-number=\"15\" data-mrf-recirculation=\"Links inline\">(<em>Con informaci\u00f3n de Infobae)<\/em><\/p>\n","protected":false},"excerpt":{"rendered":"<p>Masud Pezeshkian reconoci\u00f3 que las exportaciones e importaciones han ca\u00eddo entre un 25 y un 35%, y abog\u00f3 por subir el precio de la gasolina para adaptarse a lo que llam\u00f3 \u201ccondiciones propias de un tiempo de guerra\u201d El presidente de Ir\u00e1n, Masud Pezeshkian, reconoci\u00f3 que las sanciones estadounidenses contra su pa\u00eds est\u00e1n perjudicando la [&hellip;]<\/p>\n","protected":false},"author":1,"featured_media":92903,"comment_status":"open","ping_status":"open","sticky":false,"template":"","format":"standard","meta":{"om_disable_all_campaigns":false,"_mi_skip_tracking":false},"categories":[2,4],"tags":[],"yoast_head":"<!-- This site is optimized with the Yoast SEO plugin v20.5 - https:\/\/yoast.com\/wordpress\/plugins\/seo\/ -->\n<title>El presidente iran\u00ed admiti\u00f3 el impacto de las sanciones de EEUU: \u201cAlgunos dicen que no tienen efecto; no s\u00e9 qu\u00e9 decirles\u201d - The citizen for the world<\/title>\n<meta name=\"robots\" content=\"index, follow, max-snippet:-1, max-image-preview:large, max-video-preview:-1\" \/>\n<link rel=\"canonical\" href=\"https:\/\/thecitizenfortheworld.com\/?p=92902\" \/>\n<meta property=\"og:locale\" content=\"es_ES\" \/>\n<meta property=\"og:type\" content=\"article\" \/>\n<meta property=\"og:title\" content=\"El presidente iran\u00ed admiti\u00f3 el impacto de las sanciones de EEUU: \u201cAlgunos dicen que no tienen efecto; no s\u00e9 qu\u00e9 decirles\u201d - The citizen for the world\" \/>\n<meta property=\"og:description\" content=\"Masud Pezeshkian reconoci\u00f3 que las exportaciones e importaciones han ca\u00eddo entre un 25 y un 35%, y abog\u00f3 por subir el precio de la gasolina para adaptarse a lo que llam\u00f3 \u201ccondiciones propias de un tiempo de guerra\u201d El presidente de Ir\u00e1n, Masud Pezeshkian, reconoci\u00f3 que las sanciones estadounidenses contra su pa\u00eds est\u00e1n perjudicando la [&hellip;]\" \/>\n<meta property=\"og:url\" content=\"https:\/\/thecitizenfortheworld.com\/?p=92902\" \/>\n<meta property=\"og:site_name\" content=\"The citizen for the world\" \/>\n<meta property=\"article:publisher\" content=\"https:\/\/www.facebook.com\/thecitizenfortheworld\" \/>\n<meta property=\"article:published_time\" content=\"2026-08-29T14:59:15+00:00\" \/>\n<meta property=\"og:image\" content=\"https:\/\/thecitizenfortheworld.com\/wp-content\/uploads\/2026\/08\/Masud-Pezeshkian.jpg\" \/>\n\t<meta property=\"og:image:width\" content=\"597\" \/>\n\t<meta property=\"og:image:height\" content=\"335\" \/>\n\t<meta property=\"og:image:type\" content=\"image\/jpeg\" \/>\n<meta name=\"author\" content=\"thecitizenfortheworld23@gmail.com\" \/>\n<meta name=\"twitter:card\" content=\"summary_large_image\" \/>\n<meta name=\"twitter:label1\" content=\"Escrito por\" \/>\n\t<meta name=\"twitter:data1\" content=\"thecitizenfortheworld23@gmail.com\" \/>\n\t<meta name=\"twitter:label2\" content=\"Tiempo estimado de lectura\" \/>\n\t<meta name=\"twitter:data2\" content=\"4 minutos\" \/>\n<script type=\"application\/ld+json\" class=\"yoast-schema-graph\">{\"@context\":\"https:\/\/schema.org\",\"@graph\":[{\"@type\":\"Article\",\"@id\":\"https:\/\/thecitizenfortheworld.com\/?p=92902#article\",\"isPartOf\":{\"@id\":\"https:\/\/thecitizenfortheworld.com\/?p=92902\"},\"author\":{\"name\":\"thecitizenfortheworld23@gmail.com\",\"@id\":\"https:\/\/thecitizenfortheworld.com\/#\/schema\/person\/1f6b82847278ca8d344c472822b5b66f\"},\"headline\":\"El presidente iran\u00ed admiti\u00f3 el impacto de las sanciones de EEUU: \u201cAlgunos dicen que no tienen efecto; no s\u00e9 qu\u00e9 decirles\u201d\",\"datePublished\":\"2026-08-29T14:59:15+00:00\",\"dateModified\":\"2026-08-29T14:59:15+00:00\",\"mainEntityOfPage\":{\"@id\":\"https:\/\/thecitizenfortheworld.com\/?p=92902\"},\"wordCount\":692,\"commentCount\":0,\"publisher\":{\"@id\":\"https:\/\/thecitizenfortheworld.com\/#organization\"},\"articleSection\":[\"Internacionales\",\"Pol\u00edtica\"],\"inLanguage\":\"es-CO\",\"potentialAction\":[{\"@type\":\"CommentAction\",\"name\":\"Comment\",\"target\":[\"https:\/\/thecitizenfortheworld.com\/?p=92902#respond\"]}]},{\"@type\":\"WebPage\",\"@id\":\"https:\/\/thecitizenfortheworld.com\/?p=92902\",\"url\":\"https:\/\/thecitizenfortheworld.com\/?p=92902\",\"name\":\"El presidente iran\u00ed admiti\u00f3 el impacto de las sanciones de EEUU: \u201cAlgunos dicen que no tienen efecto; no s\u00e9 qu\u00e9 decirles\u201d - The citizen for the world\",\"isPartOf\":{\"@id\":\"https:\/\/thecitizenfortheworld.com\/#website\"},\"datePublished\":\"2026-08-29T14:59:15+00:00\",\"dateModified\":\"2026-08-29T14:59:15+00:00\",\"breadcrumb\":{\"@id\":\"https:\/\/thecitizenfortheworld.com\/?p=92902#breadcrumb\"},\"inLanguage\":\"es-CO\",\"potentialAction\":[{\"@type\":\"ReadAction\",\"target\":[\"https:\/\/thecitizenfortheworld.com\/?p=92902\"]}]},{\"@type\":\"BreadcrumbList\",\"@id\":\"https:\/\/thecitizenfortheworld.com\/?p=92902#breadcrumb\",\"itemListElement\":[{\"@type\":\"ListItem\",\"position\":1,\"name\":\"Inicio\",\"item\":\"https:\/\/thecitizenfortheworld.com\/\"},{\"@type\":\"ListItem\",\"position\":2,\"name\":\"El presidente iran\u00ed admiti\u00f3 el impacto de las sanciones de EEUU: \u201cAlgunos dicen que no tienen efecto; no s\u00e9 qu\u00e9 decirles\u201d\"}]},{\"@type\":\"WebSite\",\"@id\":\"https:\/\/thecitizenfortheworld.com\/#website\",\"url\":\"https:\/\/thecitizenfortheworld.com\/\",\"name\":\"The citizen for the world\",\"description\":\"\",\"publisher\":{\"@id\":\"https:\/\/thecitizenfortheworld.com\/#organization\"},\"potentialAction\":[{\"@type\":\"SearchAction\",\"target\":{\"@type\":\"EntryPoint\",\"urlTemplate\":\"https:\/\/thecitizenfortheworld.com\/?s={search_term_string}\"},\"query-input\":\"required name=search_term_string\"}],\"inLanguage\":\"es-CO\"},{\"@type\":\"Organization\",\"@id\":\"https:\/\/thecitizenfortheworld.com\/#organization\",\"name\":\"The citizen for the world\",\"url\":\"https:\/\/thecitizenfortheworld.com\/\",\"logo\":{\"@type\":\"ImageObject\",\"inLanguage\":\"es-CO\",\"@id\":\"https:\/\/thecitizenfortheworld.com\/#\/schema\/logo\/image\/\",\"url\":\"https:\/\/thecitizenfortheworld.com\/wp-content\/uploads\/2023\/04\/cropped-the-citizens.png\",\"contentUrl\":\"https:\/\/thecitizenfortheworld.com\/wp-content\/uploads\/2023\/04\/cropped-the-citizens.png\",\"width\":1135,\"height\":1302,\"caption\":\"The citizen for the world\"},\"image\":{\"@id\":\"https:\/\/thecitizenfortheworld.com\/#\/schema\/logo\/image\/\"},\"sameAs\":[\"https:\/\/www.facebook.com\/thecitizenfortheworld\"]},{\"@type\":\"Person\",\"@id\":\"https:\/\/thecitizenfortheworld.com\/#\/schema\/person\/1f6b82847278ca8d344c472822b5b66f\",\"name\":\"thecitizenfortheworld23@gmail.com\",\"image\":{\"@type\":\"ImageObject\",\"inLanguage\":\"es-CO\",\"@id\":\"https:\/\/thecitizenfortheworld.com\/#\/schema\/person\/image\/\",\"url\":\"https:\/\/secure.gravatar.com\/avatar\/fa0768c808e84d205962885f7091f34b?s=96&d=mm&r=pg\",\"contentUrl\":\"https:\/\/secure.gravatar.com\/avatar\/fa0768c808e84d205962885f7091f34b?s=96&d=mm&r=pg\",\"caption\":\"thecitizenfortheworld23@gmail.com\"},\"sameAs\":[\"http:\/\/thecitizenfortheworld.com\"],\"url\":\"https:\/\/thecitizenfortheworld.com\/?author=1\"}]}<\/script>\n<!-- \/ Yoast SEO plugin. -->","yoast_head_json":{"title":"El presidente iran\u00ed admiti\u00f3 el impacto de las sanciones de EEUU: \u201cAlgunos dicen que no tienen efecto; no s\u00e9 qu\u00e9 decirles\u201d - The citizen for the world","robots":{"index":"index","follow":"follow","max-snippet":"max-snippet:-1","max-image-preview":"max-image-preview:large","max-video-preview":"max-video-preview:-1"},"canonical":"https:\/\/thecitizenfortheworld.com\/?p=92902","og_locale":"es_ES","og_type":"article","og_title":"El presidente iran\u00ed admiti\u00f3 el impacto de las sanciones de EEUU: \u201cAlgunos dicen que no tienen efecto; no s\u00e9 qu\u00e9 decirles\u201d - The citizen for the world","og_description":"Masud Pezeshkian reconoci\u00f3 que las exportaciones e importaciones han ca\u00eddo entre un 25 y un 35%, y abog\u00f3 por subir el precio de la gasolina para adaptarse a lo que llam\u00f3 \u201ccondiciones propias de un tiempo de guerra\u201d El presidente de Ir\u00e1n, Masud Pezeshkian, reconoci\u00f3 que las sanciones estadounidenses contra su pa\u00eds est\u00e1n perjudicando la [&hellip;]","og_url":"https:\/\/thecitizenfortheworld.com\/?p=92902","og_site_name":"The citizen for the world","article_publisher":"https:\/\/www.facebook.com\/thecitizenfortheworld","article_published_time":"2026-08-29T14:59:15+00:00","og_image":[{"width":597,"height":335,"url":"https:\/\/thecitizenfortheworld.com\/wp-content\/uploads\/2026\/08\/Masud-Pezeshkian.jpg","type":"image\/jpeg"}],"author":"thecitizenfortheworld23@gmail.com","twitter_card":"summary_large_image","twitter_misc":{"Escrito por":"thecitizenfortheworld23@gmail.com","Tiempo estimado de lectura":"4 minutos"},"schema":{"@context":"https:\/\/schema.org","@graph":[{"@type":"Article","@id":"https:\/\/thecitizenfortheworld.com\/?p=92902#article","isPartOf":{"@id":"https:\/\/thecitizenfortheworld.com\/?p=92902"},"author":{"name":"thecitizenfortheworld23@gmail.com","@id":"https:\/\/thecitizenfortheworld.com\/#\/schema\/person\/1f6b82847278ca8d344c472822b5b66f"},"headline":"El presidente iran\u00ed admiti\u00f3 el impacto de las sanciones de EEUU: \u201cAlgunos dicen que no tienen efecto; no s\u00e9 qu\u00e9 decirles\u201d","datePublished":"2026-08-29T14:59:15+00:00","dateModified":"2026-08-29T14:59:15+00:00","mainEntityOfPage":{"@id":"https:\/\/thecitizenfortheworld.com\/?p=92902"},"wordCount":692,"commentCount":0,"publisher":{"@id":"https:\/\/thecitizenfortheworld.com\/#organization"},"articleSection":["Internacionales","Pol\u00edtica"],"inLanguage":"es-CO","potentialAction":[{"@type":"CommentAction","name":"Comment","target":["https:\/\/thecitizenfortheworld.com\/?p=92902#respond"]}]},{"@type":"WebPage","@id":"https:\/\/thecitizenfortheworld.com\/?p=92902","url":"https:\/\/thecitizenfortheworld.com\/?p=92902","name":"El presidente iran\u00ed admiti\u00f3 el impacto de las sanciones de EEUU: \u201cAlgunos dicen que no tienen efecto; no s\u00e9 qu\u00e9 decirles\u201d - The citizen for the world","isPartOf":{"@id":"https:\/\/thecitizenfortheworld.com\/#website"},"datePublished":"2026-08-29T14:59:15+00:00","dateModified":"2026-08-29T14:59:15+00:00","breadcrumb":{"@id":"https:\/\/thecitizenfortheworld.com\/?p=92902#breadcrumb"},"inLanguage":"es-CO","potentialAction":[{"@type":"ReadAction","target":["https:\/\/thecitizenfortheworld.com\/?p=92902"]}]},{"@type":"BreadcrumbList","@id":"https:\/\/thecitizenfortheworld.com\/?p=92902#breadcrumb","itemListElement":[{"@type":"ListItem","position":1,"name":"Inicio","item":"https:\/\/thecitizenfortheworld.com\/"},{"@type":"ListItem","position":2,"name":"El presidente iran\u00ed admiti\u00f3 el impacto de las sanciones de EEUU: \u201cAlgunos dicen que no tienen efecto; no s\u00e9 qu\u00e9 decirles\u201d"}]},{"@type":"WebSite","@id":"https:\/\/thecitizenfortheworld.com\/#website","url":"https:\/\/thecitizenfortheworld.com\/","name":"The citizen for the world","description":"","publisher":{"@id":"https:\/\/thecitizenfortheworld.com\/#organization"},"potentialAction":[{"@type":"SearchAction","target":{"@type":"EntryPoint","urlTemplate":"https:\/\/thecitizenfortheworld.com\/?s={search_term_string}"},"query-input":"required name=search_term_string"}],"inLanguage":"es-CO"},{"@type":"Organization","@id":"https:\/\/thecitizenfortheworld.com\/#organization","name":"The citizen for the world","url":"https:\/\/thecitizenfortheworld.com\/","logo":{"@type":"ImageObject","inLanguage":"es-CO","@id":"https:\/\/thecitizenfortheworld.com\/#\/schema\/logo\/image\/","url":"https:\/\/thecitizenfortheworld.com\/wp-content\/uploads\/2023\/04\/cropped-the-citizens.png","contentUrl":"https:\/\/thecitizenfortheworld.com\/wp-content\/uploads\/2023\/04\/cropped-the-citizens.png","width":1135,"height":1302,"caption":"The citizen for the world"},"image":{"@id":"https:\/\/thecitizenfortheworld.com\/#\/schema\/logo\/image\/"},"sameAs":["https:\/\/www.facebook.com\/thecitizenfortheworld"]},{"@type":"Person","@id":"https:\/\/thecitizenfortheworld.com\/#\/schema\/person\/1f6b82847278ca8d344c472822b5b66f","name":"thecitizenfortheworld23@gmail.com","image":{"@type":"ImageObject","inLanguage":"es-CO","@id":"https:\/\/thecitizenfortheworld.com\/#\/schema\/person\/image\/","url":"https:\/\/secure.gravatar.com\/avatar\/fa0768c808e84d205962885f7091f34b?s=96&d=mm&r=pg","contentUrl":"https:\/\/secure.gravatar.com\/avatar\/fa0768c808e84d205962885f7091f34b?s=96&d=mm&r=pg","caption":"thecitizenfortheworld23@gmail.com"},"sameAs":["http:\/\/thecitizenfortheworld.com"],"url":"https:\/\/thecitizenfortheworld.com\/?author=1"}]}},"_links":{"self":[{"href":"https:\/\/thecitizenfortheworld.com\/index.php?rest_route=\/wp\/v2\/posts\/92902"}],"collection":[{"href":"https:\/\/thecitizenfortheworld.com\/index.php?rest_route=\/wp\/v2\/posts"}],"about":[{"href":"https:\/\/thecitizenfortheworld.com\/index.php?rest_route=\/wp\/v2\/types\/post"}],"author":[{"embeddable":true,"href":"https:\/\/thecitizenfortheworld.com\/index.php?rest_route=\/wp\/v2\/users\/1"}],"replies":[{"embeddable":true,"href":"https:\/\/thecitizenfortheworld.com\/index.php?rest_route=%2Fwp%2Fv2%2Fcomments&post=92902"}],"version-history":[{"count":1,"href":"https:\/\/thecitizenfortheworld.com\/index.php?rest_route=\/wp\/v2\/posts\/92902\/revisions"}],"predecessor-version":[{"id":92904,"href":"https:\/\/thecitizenfortheworld.com\/index.php?rest_route=\/wp\/v2\/posts\/92902\/revisions\/92904"}],"wp:featuredmedia":[{"embeddable":true,"href":"https:\/\/thecitizenfortheworld.com\/index.php?rest_route=\/wp\/v2\/media\/92903"}],"wp:attachment":[{"href":"https:\/\/thecitizenfortheworld.com\/index.php?rest_route=%2Fwp%2Fv2%2Fmedia&parent=92902"}],"wp:term":[{"taxonomy":"category","embeddable":true,"href":"https:\/\/thecitizenfortheworld.com\/index.php?rest_route=%2Fwp%2Fv2%2Fcategories&post=92902"},{"taxonomy":"post_tag","embeddable":true,"href":"https:\/\/thecitizenfortheworld.com\/index.php?rest_route=%2Fwp%2Fv2%2Ftags&post=92902"}],"curies":[{"name":"wp","href":"https:\/\/api.w.org\/{rel}","templated":true}]}}