{"id":92199,"date":"2026-05-01T12:26:02","date_gmt":"2026-05-01T17:26:02","guid":{"rendered":"https:\/\/thecitizenfortheworld.com\/?p=92199"},"modified":"2026-05-01T12:26:02","modified_gmt":"2026-05-01T17:26:02","slug":"la-policia-turca-disparo-gases-y-arresto-a-cientos-de-personas-en-las-manifestaciones-del-1-de-mayo-en-estambul","status":"publish","type":"post","link":"https:\/\/thecitizenfortheworld.com\/?p=92199","title":{"rendered":"La polic\u00eda turca dispar\u00f3 gases y arrest\u00f3 a cientos de personas en las manifestaciones del 1 de Mayo en Estambul"},"content":{"rendered":"<p class=\"article-subheadline text-align-left\">El n\u00famero de arrestados es de al menos 370 civiles que hab\u00edan convocado las protestas del D\u00eda del Trabajador bajo el lema \u201cPan, Paz y Libertad\u201d<\/p>\n<p>La polic\u00eda turca dispar\u00f3 gases lacrim\u00f3genos y arrest\u00f3 el viernes a cientos de personas que participaban en las manifestaciones del Primero de Mayo en Estambul, mientras miles de personas se movilizaban en todo el pa\u00eds.<\/p>\n<p>Seg\u00fan la Asociaci\u00f3n de Abogados CHD, <b>al menos 370 personas fueron arrestadas en Estambul, donde la polic\u00eda lanz\u00f3 gases lacrim\u00f3genos desde veh\u00edculos antidisturbios contra la multitud<\/b>, seg\u00fan observaron periodistas de <i>AFP<\/i>.<\/p>\n<p>Im\u00e1genes emitidas por el canal de oposici\u00f3n HALK TV tambi\u00e9n mostraron al presidente del Partido de los Trabajadores Turcos, Erkan Bas, rociado con gas pimienta.<\/p>\n<div class=\"visual__image\"><picture><source srcset=\"https:\/\/www.infobae.com\/resizer\/v2\/4PKLY3EMOBAGTER5H47O7YQK4I.JPG?auth=2c3da33f048c428748fa57c90befb19d0748424c2ad7a3544fe070a678b40487&amp;smart=true&amp;width=992&amp;height=661&amp;quality=85\" media=\"(min-width: 1000px)\" \/><source srcset=\"https:\/\/www.infobae.com\/resizer\/v2\/4PKLY3EMOBAGTER5H47O7YQK4I.JPG?auth=2c3da33f048c428748fa57c90befb19d0748424c2ad7a3544fe070a678b40487&amp;smart=true&amp;width=768&amp;height=512&amp;quality=85\" media=\"(min-width: 768px)\" \/><source srcset=\"https:\/\/www.infobae.com\/resizer\/v2\/4PKLY3EMOBAGTER5H47O7YQK4I.JPG?auth=2c3da33f048c428748fa57c90befb19d0748424c2ad7a3544fe070a678b40487&amp;smart=true&amp;width=577&amp;height=385&amp;quality=85\" media=\"(min-width: 580px)\" \/><source srcset=\"https:\/\/www.infobae.com\/resizer\/v2\/4PKLY3EMOBAGTER5H47O7YQK4I.JPG?auth=2c3da33f048c428748fa57c90befb19d0748424c2ad7a3544fe070a678b40487&amp;smart=true&amp;width=420&amp;height=280&amp;quality=85\" media=\"(min-width: 350px)\" \/><source srcset=\"https:\/\/www.infobae.com\/resizer\/v2\/4PKLY3EMOBAGTER5H47O7YQK4I.JPG?auth=2c3da33f048c428748fa57c90befb19d0748424c2ad7a3544fe070a678b40487&amp;smart=true&amp;width=350&amp;height=233&amp;quality=85\" media=\"(min-width: 80px)\" \/><img decoding=\"async\" loading=\"lazy\" class=\"global-image\" src=\"https:\/\/www.infobae.com\/resizer\/v2\/4PKLY3EMOBAGTER5H47O7YQK4I.JPG?auth=2c3da33f048c428748fa57c90befb19d0748424c2ad7a3544fe070a678b40487&amp;smart=true&amp;width=350&amp;height=233&amp;quality=85\" alt=\"Manifestantes rodeados por la polic\u00eda antidisturbios intentan desafiar la prohibici\u00f3n y marchar hacia la plaza Taksim para celebrar el Primero de Mayo, en Estambul, Turqu\u00eda, el 1 de mayo de 2026. REUTERS\/Kemal Aslan\" width=\"3278\" height=\"2185\" \/><\/picture><em>Manifestantes rodeados por la polic\u00eda antidisturbios intentan desafiar la prohibici\u00f3n y marchar hacia la plaza Taksim para celebrar el Primero de Mayo, en Estambul, Turqu\u00eda, el 1 de mayo de 2026. REUTERS\/Kemal Aslan<\/em><\/div>\n<p class=\"paragraph\" data-mrf-recirculation=\"Links inline\"><b>\u201cLos que est\u00e1n en el poder ya hablan los 365 d\u00edas del a\u00f1o, as\u00ed que dejemos que los trabajadores hablen de las dificultades que enfrentan al menos un d\u00eda al a\u00f1o\u201d<\/b>, declar\u00f3.<\/p>\n<p data-mrf-recirculation=\"Links inline\">Dos grupos fueron se\u00f1alados especialmente en la parte europea de la ciudad tras anunciar su intenci\u00f3n de marchar hacia la plaza Taksim \u2014escenario de varias protestas antigubernamentales en el pasado\u2014, que fue acordonada por la polic\u00eda durante la noche.<\/p>\n<p data-mrf-recirculation=\"Links inline\">Un dirigente sindical, <b>Basaran Aksu, fue arrestado justo despu\u00e9s de haber denunciado el bloqueo de Taksim.<\/b><\/p>\n<p class=\"paragraph\" data-mrf-recirculation=\"Links inline\"><b>\u00abNo se puede cerrar una plaza a los trabajadores de Turqu\u00eda. Todo el mundo usa Taksim, para ceremonias oficiales, para celebraciones. Solo los obreros, los trabajadores, los pobres encuentran la plaza cerrada\u00bb<\/b>, exclam\u00f3 indignado.<\/p>\n<div class=\"visual__image\"><picture><source srcset=\"https:\/\/www.infobae.com\/resizer\/v2\/3KD2MSD5XFD53DGG46GA7DB2NE.JPG?auth=375192e62d13ae2858d91b4549137186e01786af1ef46cb81ac65b6a2f22fed5&amp;smart=true&amp;width=992&amp;height=661&amp;quality=85\" media=\"(min-width: 1000px)\" \/><source srcset=\"https:\/\/www.infobae.com\/resizer\/v2\/3KD2MSD5XFD53DGG46GA7DB2NE.JPG?auth=375192e62d13ae2858d91b4549137186e01786af1ef46cb81ac65b6a2f22fed5&amp;smart=true&amp;width=768&amp;height=512&amp;quality=85\" media=\"(min-width: 768px)\" \/><source srcset=\"https:\/\/www.infobae.com\/resizer\/v2\/3KD2MSD5XFD53DGG46GA7DB2NE.JPG?auth=375192e62d13ae2858d91b4549137186e01786af1ef46cb81ac65b6a2f22fed5&amp;smart=true&amp;width=577&amp;height=385&amp;quality=85\" media=\"(min-width: 580px)\" \/><source srcset=\"https:\/\/www.infobae.com\/resizer\/v2\/3KD2MSD5XFD53DGG46GA7DB2NE.JPG?auth=375192e62d13ae2858d91b4549137186e01786af1ef46cb81ac65b6a2f22fed5&amp;smart=true&amp;width=420&amp;height=280&amp;quality=85\" media=\"(min-width: 350px)\" \/><source srcset=\"https:\/\/www.infobae.com\/resizer\/v2\/3KD2MSD5XFD53DGG46GA7DB2NE.JPG?auth=375192e62d13ae2858d91b4549137186e01786af1ef46cb81ac65b6a2f22fed5&amp;smart=true&amp;width=350&amp;height=233&amp;quality=85\" media=\"(min-width: 80px)\" \/><img decoding=\"async\" loading=\"lazy\" class=\"global-image\" src=\"https:\/\/www.infobae.com\/resizer\/v2\/3KD2MSD5XFD53DGG46GA7DB2NE.JPG?auth=375192e62d13ae2858d91b4549137186e01786af1ef46cb81ac65b6a2f22fed5&amp;smart=true&amp;width=350&amp;height=233&amp;quality=85\" alt=\"Personas participan en una marcha para celebrar el Primero de Mayo en el distrito de Kadikoy de Estambul, Turqu\u00eda, 1 de mayo de 2026. REUTERS\/Dilara Senkaya\" width=\"5500\" height=\"3667\" \/><\/picture><em>Personas participan en una marcha para celebrar el Primero de Mayo en el distrito de Kadikoy de Estambul, Turqu\u00eda, 1 de mayo de 2026. REUTERS\/Dilara Senkaya<\/em><\/div>\n<h2 id=\"despliegues-policiales\" class=\"text-align-left vertical-align-top line-height-100 header headline-class-h2 headline\">Despliegues policiales<\/h2>\n<p class=\"paragraph\" data-mrf-recirculation=\"Links inline\">El Primero de Mayo, fecha que celebra a los trabajadores y a la clase obrera, conlleva cada a\u00f1o un importante despliegue policial en Turqu\u00eda, con el cierre de una amplia zona en el centro de Estambul, alrededor de la plaza Taksim.<\/p>\n<p class=\"paragraph\" data-mrf-recirculation=\"Links inline\">El a\u00f1o pasado, las protestas se trasladaron al barrio de Kadikoy y m\u00e1s de 400 personas fueron arrestadas.<\/p>\n<p class=\"paragraph\" data-mrf-recirculation=\"Links inline\">El n\u00famero de detenciones este a\u00f1o parec\u00eda acercarse a esa cifra.<\/p>\n<p class=\"paragraph\" data-mrf-recirculation=\"Links inline\">El grupo de abogados CHD, presente en las manifestaciones, public\u00f3 en X que, a las 11:00 GMT, <b>\u201cseg\u00fan nuestra informaci\u00f3n, el n\u00famero de personas detenidas asciende a 370\u201d.<\/b><\/p>\n<div class=\"visual__image\"><picture><source srcset=\"https:\/\/www.infobae.com\/resizer\/v2\/R52YYGSBKVH4HF6U3GTQFZEGP4.JPG?auth=f38dd6e7a5e045b841c0dc0a3df0bf6c6369ab0203242e3fdd4dd06ff096500c&amp;smart=true&amp;width=992&amp;height=662&amp;quality=85\" media=\"(min-width: 1000px)\" \/><source srcset=\"https:\/\/www.infobae.com\/resizer\/v2\/R52YYGSBKVH4HF6U3GTQFZEGP4.JPG?auth=f38dd6e7a5e045b841c0dc0a3df0bf6c6369ab0203242e3fdd4dd06ff096500c&amp;smart=true&amp;width=768&amp;height=512&amp;quality=85\" media=\"(min-width: 768px)\" \/><source srcset=\"https:\/\/www.infobae.com\/resizer\/v2\/R52YYGSBKVH4HF6U3GTQFZEGP4.JPG?auth=f38dd6e7a5e045b841c0dc0a3df0bf6c6369ab0203242e3fdd4dd06ff096500c&amp;smart=true&amp;width=577&amp;height=385&amp;quality=85\" media=\"(min-width: 580px)\" \/><source srcset=\"https:\/\/www.infobae.com\/resizer\/v2\/R52YYGSBKVH4HF6U3GTQFZEGP4.JPG?auth=f38dd6e7a5e045b841c0dc0a3df0bf6c6369ab0203242e3fdd4dd06ff096500c&amp;smart=true&amp;width=420&amp;height=280&amp;quality=85\" media=\"(min-width: 350px)\" \/><source srcset=\"https:\/\/www.infobae.com\/resizer\/v2\/R52YYGSBKVH4HF6U3GTQFZEGP4.JPG?auth=f38dd6e7a5e045b841c0dc0a3df0bf6c6369ab0203242e3fdd4dd06ff096500c&amp;smart=true&amp;width=350&amp;height=233&amp;quality=85\" media=\"(min-width: 80px)\" \/><img decoding=\"async\" loading=\"lazy\" class=\"global-image\" src=\"https:\/\/www.infobae.com\/resizer\/v2\/R52YYGSBKVH4HF6U3GTQFZEGP4.JPG?auth=f38dd6e7a5e045b841c0dc0a3df0bf6c6369ab0203242e3fdd4dd06ff096500c&amp;smart=true&amp;width=350&amp;height=233&amp;quality=85\" alt=\"La polic\u00eda utiliza gas pimienta para dispersar a los manifestantes, mientras la gente intenta desafiar la prohibici\u00f3n y marchar hacia la plaza Taksim para celebrar el Primero de Mayo, en Estambul, Turqu\u00eda, el 1 de mayo de 2026. REUTERS\/Kemal Aslan\" width=\"8192\" height=\"5464\" \/><\/picture><em>La polic\u00eda utiliza gas pimienta para dispersar a los manifestantes, mientras la gente intenta desafiar la prohibici\u00f3n y marchar hacia la plaza Taksim para celebrar el Primero de Mayo, en Estambul, Turqu\u00eda, el 1 de mayo de 2026. REUTERS\/Kemal Aslan<\/em><\/div>\n<p class=\"paragraph\" data-mrf-recirculation=\"Links inline\">El viernes, se observ\u00f3 un gran despliegue policial, muchos de ellos con equipo antidisturbios, y barricadas met\u00e1licas que dificultaban el acceso a los barrios c\u00e9ntricos de Estambul.<\/p>\n<p class=\"paragraph\" data-mrf-recirculation=\"Links inline\">En el distrito de Mecidiyekoy, la <i>AFP <\/i>observ\u00f3 a la polic\u00eda utilizando gases lacrim\u00f3genos contra la multitud, que inclu\u00eda a miembros del partido marxista HKP, quienes intentaban abrirse paso coreando <b>\u201cAsesino de EEUU, c\u00f3mplice del AKP (partido gobernante de Turqu\u00eda)\u201d.<\/b><\/p>\n<p class=\"paragraph\" data-mrf-recirculation=\"Links inline\">La polic\u00eda, que rodeaba el barrio de Besiktas, intervino \u2014en ocasiones con violencia\u2014 cada vez que los manifestantes coreaban consignas. La <i>AFP <\/i>vio a varios manifestantes ser arrojados al suelo.<\/p>\n<div class=\"visual__image\"><picture><img decoding=\"async\" loading=\"lazy\" class=\"global-image\" src=\"https:\/\/www.infobae.com\/resizer\/v2\/RBRULNMPT5DSHF4JC2EUD2OSYA.JPG?auth=d4de21c7155f8521afe51beba86eb49f9cdfb09c9323ddea93374dc8e4722b0b&amp;smart=true&amp;width=350&amp;height=233&amp;quality=85\" alt=\"Estudiantes universitarios se enfrentan a un polic\u00eda de paisano mientras intentan desafiar la prohibici\u00f3n y marchar hacia la plaza Taksim para celebrar el Primero de Mayo, en Estambul, Turqu\u00eda, el 1 de mayo de 2026. REUTERS\/Kemal Aslan\" width=\"7041\" height=\"4697\" \/><\/picture><em>Estudiantes universitarios se enfrentan a un polic\u00eda de paisano mientras intentan desafiar la prohibici\u00f3n y marchar hacia la plaza Taksim para celebrar el Primero de Mayo, en Estambul, Turqu\u00eda, el 1 de mayo de 2026. REUTERS\/Kemal Aslan<\/em><\/div>\n<p class=\"paragraph\" data-mrf-recirculation=\"Links inline\">Sindicatos y asociaciones de la sociedad civil hab\u00edan convocado las manifestaciones del 1 de mayo bajo el lema \u201cPan. Paz. Libertad\u201d.<\/p>\n<p class=\"paragraph\" data-mrf-recirculation=\"Links inline\">La inflaci\u00f3n en Turqu\u00eda se sit\u00faa oficialmente en el 30%, pero seg\u00fan estimaciones independientes, ronda el 40%.<\/p>\n<p class=\"paragraph\" data-mrf-recirculation=\"Links inline\">En Ankara, cerca de 100 mineros del carb\u00f3n que hab\u00edan protagonizado una huelga de hambre de nueve d\u00edas para exigir el pago de salarios atrasados \u200b\u200bfueron aclamados al unirse a la marcha del Primero de Mayo, que fue notablemente numerosa, con una gran participaci\u00f3n juvenil y una importante presencia policial, seg\u00fan inform\u00f3 un periodista de la AFP.<\/p>\n<p class=\"paragraph\" data-mrf-recirculation=\"Links inline\">A principios de esta semana, las autoridades turcas emitieron \u00f3rdenes de arresto y registro contra 62 personas, de las cuales consideraron que 46 \u2014entre ellas periodistas, sindicalistas y figuras de la oposici\u00f3n\u2014 eran \u201cprobables de llevar a cabo ataques\u201d.<\/p>\n<p class=\"paragraph\" data-mrf-recirculation=\"Links inline\"><i>(Con informaci\u00f3n de AFP)<\/i><\/p>\n","protected":false},"excerpt":{"rendered":"<p>El n\u00famero de arrestados es de al menos 370 civiles que hab\u00edan convocado las protestas del D\u00eda del Trabajador bajo el lema \u201cPan, Paz y Libertad\u201d La polic\u00eda turca dispar\u00f3 gases lacrim\u00f3genos y arrest\u00f3 el viernes a cientos de personas que participaban en las manifestaciones del Primero de Mayo en Estambul, mientras miles de personas [&hellip;]<\/p>\n","protected":false},"author":1,"featured_media":92200,"comment_status":"open","ping_status":"open","sticky":false,"template":"","format":"standard","meta":{"om_disable_all_campaigns":false,"_mi_skip_tracking":false},"categories":[2,4],"tags":[],"yoast_head":"<!-- This site is optimized with the Yoast SEO plugin v20.5 - https:\/\/yoast.com\/wordpress\/plugins\/seo\/ -->\n<title>La polic\u00eda turca dispar\u00f3 gases y arrest\u00f3 a cientos de personas en las manifestaciones del 1 de Mayo en Estambul - The citizen for the world<\/title>\n<meta name=\"robots\" content=\"index, follow, max-snippet:-1, max-image-preview:large, max-video-preview:-1\" \/>\n<link rel=\"canonical\" href=\"https:\/\/thecitizenfortheworld.com\/?p=92199\" \/>\n<meta property=\"og:locale\" content=\"es_ES\" \/>\n<meta property=\"og:type\" content=\"article\" \/>\n<meta property=\"og:title\" content=\"La polic\u00eda turca dispar\u00f3 gases y arrest\u00f3 a cientos de personas en las manifestaciones del 1 de Mayo en Estambul - The citizen for the world\" \/>\n<meta property=\"og:description\" content=\"El n\u00famero de arrestados es de al menos 370 civiles que hab\u00edan convocado las protestas del D\u00eda del Trabajador bajo el lema \u201cPan, Paz y Libertad\u201d La polic\u00eda turca dispar\u00f3 gases lacrim\u00f3genos y arrest\u00f3 el viernes a cientos de personas que participaban en las manifestaciones del Primero de Mayo en Estambul, mientras miles de personas [&hellip;]\" \/>\n<meta property=\"og:url\" content=\"https:\/\/thecitizenfortheworld.com\/?p=92199\" \/>\n<meta property=\"og:site_name\" content=\"The citizen for the world\" \/>\n<meta property=\"article:publisher\" content=\"https:\/\/www.facebook.com\/thecitizenfortheworld\" \/>\n<meta property=\"article:published_time\" content=\"2026-05-01T17:26:02+00:00\" \/>\n<meta property=\"og:image\" content=\"https:\/\/thecitizenfortheworld.com\/wp-content\/uploads\/2026\/05\/Turquia.jpg\" \/>\n\t<meta property=\"og:image:width\" content=\"992\" \/>\n\t<meta property=\"og:image:height\" content=\"662\" \/>\n\t<meta property=\"og:image:type\" content=\"image\/jpeg\" \/>\n<meta name=\"author\" content=\"thecitizenfortheworld23@gmail.com\" \/>\n<meta name=\"twitter:card\" content=\"summary_large_image\" \/>\n<meta name=\"twitter:label1\" content=\"Escrito por\" \/>\n\t<meta name=\"twitter:data1\" content=\"thecitizenfortheworld23@gmail.com\" \/>\n\t<meta name=\"twitter:label2\" content=\"Tiempo estimado de lectura\" \/>\n\t<meta name=\"twitter:data2\" content=\"5 minutos\" \/>\n<script type=\"application\/ld+json\" class=\"yoast-schema-graph\">{\"@context\":\"https:\/\/schema.org\",\"@graph\":[{\"@type\":\"Article\",\"@id\":\"https:\/\/thecitizenfortheworld.com\/?p=92199#article\",\"isPartOf\":{\"@id\":\"https:\/\/thecitizenfortheworld.com\/?p=92199\"},\"author\":{\"name\":\"thecitizenfortheworld23@gmail.com\",\"@id\":\"https:\/\/thecitizenfortheworld.com\/#\/schema\/person\/1f6b82847278ca8d344c472822b5b66f\"},\"headline\":\"La polic\u00eda turca dispar\u00f3 gases y arrest\u00f3 a cientos de personas en las manifestaciones del 1 de Mayo en Estambul\",\"datePublished\":\"2026-05-01T17:26:02+00:00\",\"dateModified\":\"2026-05-01T17:26:02+00:00\",\"mainEntityOfPage\":{\"@id\":\"https:\/\/thecitizenfortheworld.com\/?p=92199\"},\"wordCount\":778,\"commentCount\":0,\"publisher\":{\"@id\":\"https:\/\/thecitizenfortheworld.com\/#organization\"},\"articleSection\":[\"Internacionales\",\"Pol\u00edtica\"],\"inLanguage\":\"es-CO\",\"potentialAction\":[{\"@type\":\"CommentAction\",\"name\":\"Comment\",\"target\":[\"https:\/\/thecitizenfortheworld.com\/?p=92199#respond\"]}]},{\"@type\":\"WebPage\",\"@id\":\"https:\/\/thecitizenfortheworld.com\/?p=92199\",\"url\":\"https:\/\/thecitizenfortheworld.com\/?p=92199\",\"name\":\"La polic\u00eda turca dispar\u00f3 gases y arrest\u00f3 a cientos de personas en las manifestaciones del 1 de Mayo en Estambul - The citizen for the world\",\"isPartOf\":{\"@id\":\"https:\/\/thecitizenfortheworld.com\/#website\"},\"datePublished\":\"2026-05-01T17:26:02+00:00\",\"dateModified\":\"2026-05-01T17:26:02+00:00\",\"breadcrumb\":{\"@id\":\"https:\/\/thecitizenfortheworld.com\/?p=92199#breadcrumb\"},\"inLanguage\":\"es-CO\",\"potentialAction\":[{\"@type\":\"ReadAction\",\"target\":[\"https:\/\/thecitizenfortheworld.com\/?p=92199\"]}]},{\"@type\":\"BreadcrumbList\",\"@id\":\"https:\/\/thecitizenfortheworld.com\/?p=92199#breadcrumb\",\"itemListElement\":[{\"@type\":\"ListItem\",\"position\":1,\"name\":\"Inicio\",\"item\":\"https:\/\/thecitizenfortheworld.com\/\"},{\"@type\":\"ListItem\",\"position\":2,\"name\":\"La polic\u00eda turca dispar\u00f3 gases y arrest\u00f3 a cientos de personas en las manifestaciones del 1 de Mayo en Estambul\"}]},{\"@type\":\"WebSite\",\"@id\":\"https:\/\/thecitizenfortheworld.com\/#website\",\"url\":\"https:\/\/thecitizenfortheworld.com\/\",\"name\":\"The citizen for the world\",\"description\":\"\",\"publisher\":{\"@id\":\"https:\/\/thecitizenfortheworld.com\/#organization\"},\"potentialAction\":[{\"@type\":\"SearchAction\",\"target\":{\"@type\":\"EntryPoint\",\"urlTemplate\":\"https:\/\/thecitizenfortheworld.com\/?s={search_term_string}\"},\"query-input\":\"required name=search_term_string\"}],\"inLanguage\":\"es-CO\"},{\"@type\":\"Organization\",\"@id\":\"https:\/\/thecitizenfortheworld.com\/#organization\",\"name\":\"The citizen for the world\",\"url\":\"https:\/\/thecitizenfortheworld.com\/\",\"logo\":{\"@type\":\"ImageObject\",\"inLanguage\":\"es-CO\",\"@id\":\"https:\/\/thecitizenfortheworld.com\/#\/schema\/logo\/image\/\",\"url\":\"https:\/\/thecitizenfortheworld.com\/wp-content\/uploads\/2023\/04\/cropped-the-citizens.png\",\"contentUrl\":\"https:\/\/thecitizenfortheworld.com\/wp-content\/uploads\/2023\/04\/cropped-the-citizens.png\",\"width\":1135,\"height\":1302,\"caption\":\"The citizen for the world\"},\"image\":{\"@id\":\"https:\/\/thecitizenfortheworld.com\/#\/schema\/logo\/image\/\"},\"sameAs\":[\"https:\/\/www.facebook.com\/thecitizenfortheworld\"]},{\"@type\":\"Person\",\"@id\":\"https:\/\/thecitizenfortheworld.com\/#\/schema\/person\/1f6b82847278ca8d344c472822b5b66f\",\"name\":\"thecitizenfortheworld23@gmail.com\",\"image\":{\"@type\":\"ImageObject\",\"inLanguage\":\"es-CO\",\"@id\":\"https:\/\/thecitizenfortheworld.com\/#\/schema\/person\/image\/\",\"url\":\"https:\/\/secure.gravatar.com\/avatar\/fa0768c808e84d205962885f7091f34b?s=96&d=mm&r=pg\",\"contentUrl\":\"https:\/\/secure.gravatar.com\/avatar\/fa0768c808e84d205962885f7091f34b?s=96&d=mm&r=pg\",\"caption\":\"thecitizenfortheworld23@gmail.com\"},\"sameAs\":[\"http:\/\/thecitizenfortheworld.com\"],\"url\":\"https:\/\/thecitizenfortheworld.com\/?author=1\"}]}<\/script>\n<!-- \/ Yoast SEO plugin. -->","yoast_head_json":{"title":"La polic\u00eda turca dispar\u00f3 gases y arrest\u00f3 a cientos de personas en las manifestaciones del 1 de Mayo en Estambul - The citizen for the world","robots":{"index":"index","follow":"follow","max-snippet":"max-snippet:-1","max-image-preview":"max-image-preview:large","max-video-preview":"max-video-preview:-1"},"canonical":"https:\/\/thecitizenfortheworld.com\/?p=92199","og_locale":"es_ES","og_type":"article","og_title":"La polic\u00eda turca dispar\u00f3 gases y arrest\u00f3 a cientos de personas en las manifestaciones del 1 de Mayo en Estambul - The citizen for the world","og_description":"El n\u00famero de arrestados es de al menos 370 civiles que hab\u00edan convocado las protestas del D\u00eda del Trabajador bajo el lema \u201cPan, Paz y Libertad\u201d La polic\u00eda turca dispar\u00f3 gases lacrim\u00f3genos y arrest\u00f3 el viernes a cientos de personas que participaban en las manifestaciones del Primero de Mayo en Estambul, mientras miles de personas [&hellip;]","og_url":"https:\/\/thecitizenfortheworld.com\/?p=92199","og_site_name":"The citizen for the world","article_publisher":"https:\/\/www.facebook.com\/thecitizenfortheworld","article_published_time":"2026-05-01T17:26:02+00:00","og_image":[{"width":992,"height":662,"url":"https:\/\/thecitizenfortheworld.com\/wp-content\/uploads\/2026\/05\/Turquia.jpg","type":"image\/jpeg"}],"author":"thecitizenfortheworld23@gmail.com","twitter_card":"summary_large_image","twitter_misc":{"Escrito por":"thecitizenfortheworld23@gmail.com","Tiempo estimado de lectura":"5 minutos"},"schema":{"@context":"https:\/\/schema.org","@graph":[{"@type":"Article","@id":"https:\/\/thecitizenfortheworld.com\/?p=92199#article","isPartOf":{"@id":"https:\/\/thecitizenfortheworld.com\/?p=92199"},"author":{"name":"thecitizenfortheworld23@gmail.com","@id":"https:\/\/thecitizenfortheworld.com\/#\/schema\/person\/1f6b82847278ca8d344c472822b5b66f"},"headline":"La polic\u00eda turca dispar\u00f3 gases y arrest\u00f3 a cientos de personas en las manifestaciones del 1 de Mayo en Estambul","datePublished":"2026-05-01T17:26:02+00:00","dateModified":"2026-05-01T17:26:02+00:00","mainEntityOfPage":{"@id":"https:\/\/thecitizenfortheworld.com\/?p=92199"},"wordCount":778,"commentCount":0,"publisher":{"@id":"https:\/\/thecitizenfortheworld.com\/#organization"},"articleSection":["Internacionales","Pol\u00edtica"],"inLanguage":"es-CO","potentialAction":[{"@type":"CommentAction","name":"Comment","target":["https:\/\/thecitizenfortheworld.com\/?p=92199#respond"]}]},{"@type":"WebPage","@id":"https:\/\/thecitizenfortheworld.com\/?p=92199","url":"https:\/\/thecitizenfortheworld.com\/?p=92199","name":"La polic\u00eda turca dispar\u00f3 gases y arrest\u00f3 a cientos de personas en las manifestaciones del 1 de Mayo en Estambul - The citizen for the world","isPartOf":{"@id":"https:\/\/thecitizenfortheworld.com\/#website"},"datePublished":"2026-05-01T17:26:02+00:00","dateModified":"2026-05-01T17:26:02+00:00","breadcrumb":{"@id":"https:\/\/thecitizenfortheworld.com\/?p=92199#breadcrumb"},"inLanguage":"es-CO","potentialAction":[{"@type":"ReadAction","target":["https:\/\/thecitizenfortheworld.com\/?p=92199"]}]},{"@type":"BreadcrumbList","@id":"https:\/\/thecitizenfortheworld.com\/?p=92199#breadcrumb","itemListElement":[{"@type":"ListItem","position":1,"name":"Inicio","item":"https:\/\/thecitizenfortheworld.com\/"},{"@type":"ListItem","position":2,"name":"La polic\u00eda turca dispar\u00f3 gases y arrest\u00f3 a cientos de personas en las manifestaciones del 1 de Mayo en Estambul"}]},{"@type":"WebSite","@id":"https:\/\/thecitizenfortheworld.com\/#website","url":"https:\/\/thecitizenfortheworld.com\/","name":"The citizen for the world","description":"","publisher":{"@id":"https:\/\/thecitizenfortheworld.com\/#organization"},"potentialAction":[{"@type":"SearchAction","target":{"@type":"EntryPoint","urlTemplate":"https:\/\/thecitizenfortheworld.com\/?s={search_term_string}"},"query-input":"required name=search_term_string"}],"inLanguage":"es-CO"},{"@type":"Organization","@id":"https:\/\/thecitizenfortheworld.com\/#organization","name":"The citizen for the world","url":"https:\/\/thecitizenfortheworld.com\/","logo":{"@type":"ImageObject","inLanguage":"es-CO","@id":"https:\/\/thecitizenfortheworld.com\/#\/schema\/logo\/image\/","url":"https:\/\/thecitizenfortheworld.com\/wp-content\/uploads\/2023\/04\/cropped-the-citizens.png","contentUrl":"https:\/\/thecitizenfortheworld.com\/wp-content\/uploads\/2023\/04\/cropped-the-citizens.png","width":1135,"height":1302,"caption":"The citizen for the world"},"image":{"@id":"https:\/\/thecitizenfortheworld.com\/#\/schema\/logo\/image\/"},"sameAs":["https:\/\/www.facebook.com\/thecitizenfortheworld"]},{"@type":"Person","@id":"https:\/\/thecitizenfortheworld.com\/#\/schema\/person\/1f6b82847278ca8d344c472822b5b66f","name":"thecitizenfortheworld23@gmail.com","image":{"@type":"ImageObject","inLanguage":"es-CO","@id":"https:\/\/thecitizenfortheworld.com\/#\/schema\/person\/image\/","url":"https:\/\/secure.gravatar.com\/avatar\/fa0768c808e84d205962885f7091f34b?s=96&d=mm&r=pg","contentUrl":"https:\/\/secure.gravatar.com\/avatar\/fa0768c808e84d205962885f7091f34b?s=96&d=mm&r=pg","caption":"thecitizenfortheworld23@gmail.com"},"sameAs":["http:\/\/thecitizenfortheworld.com"],"url":"https:\/\/thecitizenfortheworld.com\/?author=1"}]}},"_links":{"self":[{"href":"https:\/\/thecitizenfortheworld.com\/index.php?rest_route=\/wp\/v2\/posts\/92199"}],"collection":[{"href":"https:\/\/thecitizenfortheworld.com\/index.php?rest_route=\/wp\/v2\/posts"}],"about":[{"href":"https:\/\/thecitizenfortheworld.com\/index.php?rest_route=\/wp\/v2\/types\/post"}],"author":[{"embeddable":true,"href":"https:\/\/thecitizenfortheworld.com\/index.php?rest_route=\/wp\/v2\/users\/1"}],"replies":[{"embeddable":true,"href":"https:\/\/thecitizenfortheworld.com\/index.php?rest_route=%2Fwp%2Fv2%2Fcomments&post=92199"}],"version-history":[{"count":1,"href":"https:\/\/thecitizenfortheworld.com\/index.php?rest_route=\/wp\/v2\/posts\/92199\/revisions"}],"predecessor-version":[{"id":92201,"href":"https:\/\/thecitizenfortheworld.com\/index.php?rest_route=\/wp\/v2\/posts\/92199\/revisions\/92201"}],"wp:featuredmedia":[{"embeddable":true,"href":"https:\/\/thecitizenfortheworld.com\/index.php?rest_route=\/wp\/v2\/media\/92200"}],"wp:attachment":[{"href":"https:\/\/thecitizenfortheworld.com\/index.php?rest_route=%2Fwp%2Fv2%2Fmedia&parent=92199"}],"wp:term":[{"taxonomy":"category","embeddable":true,"href":"https:\/\/thecitizenfortheworld.com\/index.php?rest_route=%2Fwp%2Fv2%2Fcategories&post=92199"},{"taxonomy":"post_tag","embeddable":true,"href":"https:\/\/thecitizenfortheworld.com\/index.php?rest_route=%2Fwp%2Fv2%2Ftags&post=92199"}],"curies":[{"name":"wp","href":"https:\/\/api.w.org\/{rel}","templated":true}]}}