{"id":92196,"date":"2026-05-01T11:22:07","date_gmt":"2026-05-01T16:22:07","guid":{"rendered":"https:\/\/thecitizenfortheworld.com\/?p=92196"},"modified":"2026-05-01T11:22:07","modified_gmt":"2026-05-01T16:22:07","slug":"la-contundente-sentencia-de-lewis-hamilton-contra-la-formula-1-por-las-polemicas-en-el-nuevo-reglamento-no-tenemos-voz-ni-voto","status":"publish","type":"post","link":"https:\/\/thecitizenfortheworld.com\/?p=92196","title":{"rendered":"La contundente sentencia de Lewis Hamilton contra la F\u00f3rmula 1 por las pol\u00e9micas en el nuevo reglamento: \u201cNo tenemos voz ni voto\u201d"},"content":{"rendered":"<p class=\"article-subheadline text-align-left\">El siete veces campe\u00f3n de la categor\u00eda apunt\u00f3 con la toma de decisiones de las autoridades y recibi\u00f3 el respaldo del resto de los pilotos antes del Gran Premio de Miami<\/p>\n<p>En el <a title=\"https:\/\/www.infobae.com\/deportes\/2026\/05\/01\/franco-colapinto-vuelve-a-correr-en-la-formula-1-horarios-y-tv-de-la-primera-practica-libre-y-la-clasificacion-sprint-del-gp-de-miami\/\" href=\"https:\/\/www.infobae.com\/deportes\/2026\/05\/01\/franco-colapinto-vuelve-a-correr-en-la-formula-1-horarios-y-tv-de-la-primera-practica-libre-y-la-clasificacion-sprint-del-gp-de-miami\/\" target=\"_blank\" rel=\"noopener noreferrer\" data-mrf-link=\"https:\/\/www.infobae.com\/deportes\/2026\/05\/01\/franco-colapinto-vuelve-a-correr-en-la-formula-1-horarios-y-tv-de-la-primera-practica-libre-y-la-clasificacion-sprint-del-gp-de-miami\/\"><b>Gran Premio de Miami<\/b><\/a> comenzar\u00e1n a regir las leves modificaciones en el reglamento t\u00e9cnico de la <b>F\u00f3rmula 1<\/b>. La nueva era de la categor\u00eda, con el predominio de la energ\u00eda el\u00e9ctrica, qued\u00f3 envuelta en una importante pol\u00e9mica y el gran malestar de los pilotos. Antes del inicio de la actividad en pista, <b>Lewis Hamilton volvi\u00f3 a apuntar contra las autoridades de la FIA y de la <\/b><i><b>M\u00e1xima<\/b><\/i><i> <\/i>por no escuchar sus sensaciones y no tener peso en las decisiones.<\/p>\n<p>\u201c<b>Todos los pilotos trabajamos juntos, nos reunimos, pero la realidad es que no tenemos voz ni voto<\/b>\u201d, sostuvo el siete veces campe\u00f3n del mundo, seg\u00fan reprodujo el portal The<i> Guardian<\/i>. El corredor de <b>Ferrari<\/b>, que <a title=\"https:\/\/www.infobae.com\/deportes\/2026\/04\/04\/el-malestar-de-los-pilotos-de-la-f1-por-los-adelantamientos-accidentales-y-las-carreras-yo-yo-que-provoca-el-reglamento\/\" href=\"https:\/\/www.infobae.com\/deportes\/2026\/04\/04\/el-malestar-de-los-pilotos-de-la-f1-por-los-adelantamientos-accidentales-y-las-carreras-yo-yo-que-provoca-el-reglamento\/\" target=\"_blank\" rel=\"noopener noreferrer\" data-mrf-link=\"https:\/\/www.infobae.com\/deportes\/2026\/04\/04\/el-malestar-de-los-pilotos-de-la-f1-por-los-adelantamientos-accidentales-y-las-carreras-yo-yo-que-provoca-el-reglamento\/\">junto a <b>Max Verstappen<\/b> expresaron su disgusto en reiteradas oportunidades<\/a>, dispar\u00f3 contra las entidades por no escucharlos: \u201cS\u00ed que nos comunicamos con la FIA y la F1; la F1 suele ser un poco m\u00e1s receptiva. Pero como no somos partes interesadas, <b>actualmente no tenemos voz ni voto<\/b>, algo que creo que debe cambiar\u201d.<\/p>\n<p>Lewis Hamilton ejemplific\u00f3 el d\u00e9ficit de di\u00e1logo con el caso de las pruebas de neum\u00e1ticos: \u201cLes dije, cuando estaba haciendo las pruebas con Pirelli: \u2018<b>Deber\u00edan venir a hablar con nosotros y colaborar con nosotros<\/b>, no queremos criticar los neum\u00e1ticos Pirelli, sabemos que pueden fabricar un buen producto\u2019\u201d.<\/p>\n<p>En otro pasaje, el brit\u00e1nico de 41 a\u00f1os fue m\u00e1s all\u00e1 al subrayar: \u201c<b>Pero sus comentarios vendr\u00e1n de personas que nunca han conducido un coche<\/b>. Hablen con nosotros, trabajaremos codo con codo, podemos colaborar para acercarnos a la FIA y as\u00ed conseguir un mejor producto. Lo mismo ocurre con la F1. <b>Estamos aqu\u00ed para trabajar con ustedes. No queremos criticar nuestro deporte<\/b>. Queremos que tenga \u00e9xito y, por lo tanto, necesitamos trabajar juntos. Pero es como un disco rayado, sigues haci\u00e9ndolo y cada vez son peque\u00f1os pasos. Pero no tengo ninguna duda de que estamos en sinton\u00eda\u201d.<\/p>\n<div class=\"visual__image\"><picture><img decoding=\"async\" loading=\"lazy\" class=\"global-image\" src=\"https:\/\/www.infobae.com\/resizer\/v2\/NYVE4JTINNF6XF42KYWC4CYEEI.JPG?auth=94d7f1187513a2e05cb10ef598761cf27bf6f1159582092897ec1b216a12713a&amp;smart=true&amp;width=350&amp;height=261&amp;quality=85\" alt=\"Hamilton, uno de los pilotos m\u00e1s experimentados en la grilla, se\u00f1al\u00f3 que los pilotos no tienen peso en las decisiones de la F1 (REUTERS\/Issei Kato)\" width=\"2561\" height=\"1908\" \/><\/picture><em>Hamilton, uno de los pilotos m\u00e1s experimentados en la grilla, se\u00f1al\u00f3 que los pilotos no tienen peso en las decisiones de la F1 (REUTERS\/Issei Kato)<\/em><\/div>\n<p class=\"paragraph\" data-mrf-recirculation=\"Links inline\">El inicio de la temporada estuvo atravesado por cr\u00edticas abiertas hacia la nueva normativa, sobre todo por la transformaci\u00f3n radical que supuso en la gesti\u00f3n energ\u00e9tica durante la carrera y la clasificaci\u00f3n. Las reglas impusieron un equilibrio entre la potencia del motor de combusti\u00f3n y la energ\u00eda el\u00e9ctrica recuperada, <b>alterando de manera sustancial la estrategia y el manejo por parte de los pilotos<\/b>. M\u00e1s all\u00e1 de que <a title=\"https:\/\/www.infobae.com\/deportes\/2026\/04\/30\/las-4-diferencias-que-tendra-la-formula-1-en-el-gran-premio-de-miami-tras-los-cambios-en-el-reglamento\/\" href=\"https:\/\/www.infobae.com\/deportes\/2026\/04\/30\/las-4-diferencias-que-tendra-la-formula-1-en-el-gran-premio-de-miami-tras-los-cambios-en-el-reglamento\/\" target=\"_blank\" rel=\"noopener noreferrer\" data-mrf-link=\"https:\/\/www.infobae.com\/deportes\/2026\/04\/30\/las-4-diferencias-que-tendra-la-formula-1-en-el-gran-premio-de-miami-tras-los-cambios-en-el-reglamento\/\">tomaron medidas durante el par\u00f3n de abril<\/a>, se prev\u00e9 que las dificultades para la gesti\u00f3n de la bater\u00eda se mantengan dependiendo del circuito.<\/p>\n<p data-mrf-recirculation=\"Links inline\"><b>Lando Norris<\/b>, vigente campe\u00f3n mundial con <b>McLaren<\/b>, ratific\u00f3 p\u00fablicamente esa demanda colectiva y record\u00f3 que la GPDA, la asociaci\u00f3n que representa a los pilotos, exigi\u00f3 de manera reiterada participaci\u00f3n efectiva en la elaboraci\u00f3n de los reglamentos. \u201c<b>Es totalmente cierto<\/b> (sobre la falta de di\u00e1logo), es algo que queremos, es lo que existe en muchos otros deportes. Tener voz y <b>voto es algo que hemos discutido como GPDA<\/b> (Asociaci\u00f3n de Pilotos de Grandes Premios). Todos estamos muy de acuerdo con eso\u201d, destac\u00f3 el brit\u00e1nico sobre las declaraciones de Hamilton.<\/p>\n<p class=\"paragraph\" data-mrf-recirculation=\"Links inline\">Seg\u00fan expuso Norris, la falta de di\u00e1logo entre los corredores y las entidades rectoras dej\u00f3 en evidencia un desfase entre las normas y la realidad del circuito, con consecuencias que impactan de lleno tanto en la competitividad como en la experiencia de los aficionados.<\/p>\n<p class=\"paragraph\" data-mrf-recirculation=\"Links inline\">\u201cA veces creo que, como pilotos, debemos aceptar que a veces nos pillan desprevenidos. Quiz\u00e1s por factores externos como el aspecto empresarial, los equipos, su funcionamiento y c\u00f3mo se organiza todo. <b>Debemos aceptar que tal vez no siempre tengamos raz\u00f3n.<\/b> Pero la mayor\u00eda de las cosas que pensamos como pilotos y lo que <b>deseamos para este deporte son beneficiosas para todos<\/b>. Es mejor para nosotros y es mejor para los aficionados\u201d, explic\u00f3 Lando.<\/p>\n<div class=\"visual__image\"><picture><img decoding=\"async\" loading=\"lazy\" class=\"global-image\" src=\"https:\/\/www.infobae.com\/resizer\/v2\/USRBZXN3FRGWJHAS4R4WHMAAPU.JPG?auth=0892c4f5732db026766282b7717dee607d0241de7493b103601b557aee0e2b57&amp;smart=true&amp;width=350&amp;height=233&amp;quality=85\" alt=\"Max Verstappen es uno de los grandes detractores de la nueva normativa (Mandatory Credit: Sam Navarro-Imagn Images)\" width=\"5141\" height=\"3427\" \/><\/picture><em>Max Verstappen es uno de los grandes detractores de la nueva normativa (Mandatory Credit: Sam Navarro-Imagn Images)<\/em><\/div>\n<p class=\"paragraph\" data-mrf-recirculation=\"Links inline\"><b>Max Verstappen<\/b>, uno de los principales referentes del campeonato y el gran detractor de la nueva normativa, expres\u00f3 su descontento y admiti\u00f3 estar <a title=\"https:\/\/www.infobae.com\/deportes\/2026\/03\/07\/la-inquietante-frase-de-max-verstappen-sobre-su-futuro-en-la-f1-tras-el-accidente-en-la-qualy-del-gp-de-australia\/\" href=\"https:\/\/www.infobae.com\/deportes\/2026\/03\/07\/la-inquietante-frase-de-max-verstappen-sobre-su-futuro-en-la-f1-tras-el-accidente-en-la-qualy-del-gp-de-australia\/\" target=\"_blank\" rel=\"noopener noreferrer\" data-mrf-link=\"https:\/\/www.infobae.com\/deportes\/2026\/03\/07\/la-inquietante-frase-de-max-verstappen-sobre-su-futuro-en-la-f1-tras-el-accidente-en-la-qualy-del-gp-de-australia\/\">reconsiderando su permanencia en la F\u00f3rmula 1 en reiteradas oportunidades en el presente a\u00f1o<\/a>, en parte por el rumbo que tom\u00f3 la categor\u00eda. \u201cEspero que haya cada vez m\u00e1s (la opini\u00f3n de los pilotos). Creo que si hubi\u00e9ramos tenido esa participaci\u00f3n hace cinco, o incluso antes, hace cinco o seis a\u00f1os, <b>probablemente no estar\u00edamos en la situaci\u00f3n en la que nos encontramos ahora<\/b>\u201d, explic\u00f3 el neerland\u00e9s de <b>Red Bull.<\/b><\/p>\n<p class=\"paragraph\" data-mrf-recirculation=\"Links inline\">\u201c<b>Con los cambios que se han hecho, creo que es m\u00e1s bien un cosquilleo<\/b>\u201d, destac\u00f3 Verstappen. Los cambios introducidos en Miami se centran en la parametrizaci\u00f3n de la recuperaci\u00f3n de energ\u00eda, con la expectativa de devolver protagonismo a la conducci\u00f3n del piloto. A estas modificaciones se suman algunas medidas de precauci\u00f3n en las largadas y en la diferencia de velocidades en la que se encontraban los monoplazas en pista, con el <a title=\"https:\/\/www.infobae.com\/deportes\/2026\/04\/30\/colapinto-le-respondio-a-bearman-por-sus-criticas-tras-el-accidente-en-suzuka-no-estoy-contento-con-sus-comentarios\/\" href=\"https:\/\/www.infobae.com\/deportes\/2026\/04\/30\/colapinto-le-respondio-a-bearman-por-sus-criticas-tras-el-accidente-en-suzuka-no-estoy-contento-con-sus-comentarios\/\" target=\"_blank\" rel=\"noopener noreferrer\" data-mrf-link=\"https:\/\/www.infobae.com\/deportes\/2026\/04\/30\/colapinto-le-respondio-a-bearman-por-sus-criticas-tras-el-accidente-en-suzuka-no-estoy-contento-con-sus-comentarios\/\">precedente del accidente de <b>Oliver Bearman<\/b> al esquivar a <b>Franco Colapinto<\/b> en Suzuka<\/a>.<\/p>\n<div class=\"visual__image\"><picture><img decoding=\"async\" loading=\"lazy\" class=\"global-image\" src=\"https:\/\/www.infobae.com\/resizer\/v2\/PF2YGPIIYZBEJBRWBZG2453KGQ.JPG?auth=67c42e2cfa82b2b67992ecdf092c3fe9b51896ba458b49ce047fe5a8a38f6356&amp;smart=true&amp;width=350&amp;height=197&amp;quality=85\" alt=\"En Miami comenzar\u00e1n a regir algunos cambios en el reglamento (REUTERS\/Issei Kato)\" width=\"7657\" height=\"4307\" \/><\/picture><em>En Miami comenzar\u00e1n a regir algunos cambios en el reglamento (REUTERS\/Issei Kato)<\/em><\/div>\n<p class=\"paragraph\" data-mrf-recirculation=\"Links inline\">Antes de que los pilotos ensayaran las nuevas reglas en la sesi\u00f3n prolongada de entrenamientos libres del viernes, Lance Stroll, corredor de Aston Martin, expuso su escepticismo: \u201c<b>Creo que tiene fallos fundamentales<\/b>. No soy ingeniero, pero quiz\u00e1s haya muchas cosas que se puedan hacer. No tengo todas las respuestas. Es triste que estemos en esta situaci\u00f3n. <b>No se puede negar que ahora mismo no est\u00e1 tan bien como podr\u00eda estar, est\u00e1 muy lejos de estarlo<\/b>\u201d, afirm\u00f3.<\/p>\n<p class=\"paragraph\" data-mrf-recirculation=\"Links inline\">No conforme con esto, Stroll lanz\u00f3 una potente cr\u00edtica al afirmar que \u201clos pilotos que saben lo que es conducir coches de verdad\u201d y apunt\u00f3 contra la normativa actual. \u201cCreo que todav\u00eda estamos muy lejos de tener coches de F1 de verdad, que puedan ir a toda velocidad sin preocuparse por las bater\u00edas y dem\u00e1s. <b>Estamos a a\u00f1os luz de donde deber\u00edamos estar<\/b>\u201d, argument\u00f3 con <i>Motorsport<\/i>.<\/p>\n<p data-mrf-recirculation=\"Links inline\">El Gran Premio de Miami ser\u00e1 un escenario de prueba en el que se implementar\u00e1n las primeras modificaciones en el reglamento, aunque se espera que el cambio no sea tan radical como el que pretend\u00edan algunas partes del paddock.<\/p>\n<p data-mrf-recirculation=\"Links inline\">(<em>Con informaci\u00f3n de Infobae<\/em>)<\/p>\n","protected":false},"excerpt":{"rendered":"<p>El siete veces campe\u00f3n de la categor\u00eda apunt\u00f3 con la toma de decisiones de las autoridades y recibi\u00f3 el respaldo del resto de los pilotos antes del Gran Premio de Miami En el Gran Premio de Miami comenzar\u00e1n a regir las leves modificaciones en el reglamento t\u00e9cnico de la F\u00f3rmula 1. La nueva era de [&hellip;]<\/p>\n","protected":false},"author":1,"featured_media":92197,"comment_status":"open","ping_status":"open","sticky":false,"template":"","format":"standard","meta":{"om_disable_all_campaigns":false,"_mi_skip_tracking":false},"categories":[8],"tags":[],"yoast_head":"<!-- This site is optimized with the Yoast SEO plugin v20.5 - https:\/\/yoast.com\/wordpress\/plugins\/seo\/ -->\n<title>La contundente sentencia de Lewis Hamilton contra la F\u00f3rmula 1 por las pol\u00e9micas en el nuevo reglamento: \u201cNo tenemos voz ni voto\u201d - The citizen for the world<\/title>\n<meta name=\"robots\" content=\"index, follow, max-snippet:-1, max-image-preview:large, max-video-preview:-1\" \/>\n<link rel=\"canonical\" href=\"https:\/\/thecitizenfortheworld.com\/?p=92196\" \/>\n<meta property=\"og:locale\" content=\"es_ES\" \/>\n<meta property=\"og:type\" content=\"article\" \/>\n<meta property=\"og:title\" content=\"La contundente sentencia de Lewis Hamilton contra la F\u00f3rmula 1 por las pol\u00e9micas en el nuevo reglamento: \u201cNo tenemos voz ni voto\u201d - The citizen for the world\" \/>\n<meta property=\"og:description\" content=\"El siete veces campe\u00f3n de la categor\u00eda apunt\u00f3 con la toma de decisiones de las autoridades y recibi\u00f3 el respaldo del resto de los pilotos antes del Gran Premio de Miami En el Gran Premio de Miami comenzar\u00e1n a regir las leves modificaciones en el reglamento t\u00e9cnico de la F\u00f3rmula 1. La nueva era de [&hellip;]\" \/>\n<meta property=\"og:url\" content=\"https:\/\/thecitizenfortheworld.com\/?p=92196\" \/>\n<meta property=\"og:site_name\" content=\"The citizen for the world\" \/>\n<meta property=\"article:publisher\" content=\"https:\/\/www.facebook.com\/thecitizenfortheworld\" \/>\n<meta property=\"article:published_time\" content=\"2026-05-01T16:22:07+00:00\" \/>\n<meta property=\"og:image\" content=\"https:\/\/thecitizenfortheworld.com\/wp-content\/uploads\/2026\/05\/Lewis-Hamilton.jpg\" \/>\n\t<meta property=\"og:image:width\" content=\"300\" \/>\n\t<meta property=\"og:image:height\" content=\"168\" \/>\n\t<meta property=\"og:image:type\" content=\"image\/jpeg\" \/>\n<meta name=\"author\" content=\"thecitizenfortheworld23@gmail.com\" \/>\n<meta name=\"twitter:card\" content=\"summary_large_image\" \/>\n<meta name=\"twitter:label1\" content=\"Escrito por\" \/>\n\t<meta name=\"twitter:data1\" content=\"thecitizenfortheworld23@gmail.com\" \/>\n\t<meta name=\"twitter:label2\" content=\"Tiempo estimado de lectura\" \/>\n\t<meta name=\"twitter:data2\" content=\"6 minutos\" \/>\n<script type=\"application\/ld+json\" class=\"yoast-schema-graph\">{\"@context\":\"https:\/\/schema.org\",\"@graph\":[{\"@type\":\"Article\",\"@id\":\"https:\/\/thecitizenfortheworld.com\/?p=92196#article\",\"isPartOf\":{\"@id\":\"https:\/\/thecitizenfortheworld.com\/?p=92196\"},\"author\":{\"name\":\"thecitizenfortheworld23@gmail.com\",\"@id\":\"https:\/\/thecitizenfortheworld.com\/#\/schema\/person\/1f6b82847278ca8d344c472822b5b66f\"},\"headline\":\"La contundente sentencia de Lewis Hamilton contra la F\u00f3rmula 1 por las pol\u00e9micas en el nuevo reglamento: \u201cNo tenemos voz ni voto\u201d\",\"datePublished\":\"2026-05-01T16:22:07+00:00\",\"dateModified\":\"2026-05-01T16:22:07+00:00\",\"mainEntityOfPage\":{\"@id\":\"https:\/\/thecitizenfortheworld.com\/?p=92196\"},\"wordCount\":1160,\"commentCount\":0,\"publisher\":{\"@id\":\"https:\/\/thecitizenfortheworld.com\/#organization\"},\"articleSection\":[\"Deportes\"],\"inLanguage\":\"es-CO\",\"potentialAction\":[{\"@type\":\"CommentAction\",\"name\":\"Comment\",\"target\":[\"https:\/\/thecitizenfortheworld.com\/?p=92196#respond\"]}]},{\"@type\":\"WebPage\",\"@id\":\"https:\/\/thecitizenfortheworld.com\/?p=92196\",\"url\":\"https:\/\/thecitizenfortheworld.com\/?p=92196\",\"name\":\"La contundente sentencia de Lewis Hamilton contra la F\u00f3rmula 1 por las pol\u00e9micas en el nuevo reglamento: \u201cNo tenemos voz ni voto\u201d - The citizen for the world\",\"isPartOf\":{\"@id\":\"https:\/\/thecitizenfortheworld.com\/#website\"},\"datePublished\":\"2026-05-01T16:22:07+00:00\",\"dateModified\":\"2026-05-01T16:22:07+00:00\",\"breadcrumb\":{\"@id\":\"https:\/\/thecitizenfortheworld.com\/?p=92196#breadcrumb\"},\"inLanguage\":\"es-CO\",\"potentialAction\":[{\"@type\":\"ReadAction\",\"target\":[\"https:\/\/thecitizenfortheworld.com\/?p=92196\"]}]},{\"@type\":\"BreadcrumbList\",\"@id\":\"https:\/\/thecitizenfortheworld.com\/?p=92196#breadcrumb\",\"itemListElement\":[{\"@type\":\"ListItem\",\"position\":1,\"name\":\"Inicio\",\"item\":\"https:\/\/thecitizenfortheworld.com\/\"},{\"@type\":\"ListItem\",\"position\":2,\"name\":\"La contundente sentencia de Lewis Hamilton contra la F\u00f3rmula 1 por las pol\u00e9micas en el nuevo reglamento: \u201cNo tenemos voz ni voto\u201d\"}]},{\"@type\":\"WebSite\",\"@id\":\"https:\/\/thecitizenfortheworld.com\/#website\",\"url\":\"https:\/\/thecitizenfortheworld.com\/\",\"name\":\"The citizen for the world\",\"description\":\"\",\"publisher\":{\"@id\":\"https:\/\/thecitizenfortheworld.com\/#organization\"},\"potentialAction\":[{\"@type\":\"SearchAction\",\"target\":{\"@type\":\"EntryPoint\",\"urlTemplate\":\"https:\/\/thecitizenfortheworld.com\/?s={search_term_string}\"},\"query-input\":\"required name=search_term_string\"}],\"inLanguage\":\"es-CO\"},{\"@type\":\"Organization\",\"@id\":\"https:\/\/thecitizenfortheworld.com\/#organization\",\"name\":\"The citizen for the world\",\"url\":\"https:\/\/thecitizenfortheworld.com\/\",\"logo\":{\"@type\":\"ImageObject\",\"inLanguage\":\"es-CO\",\"@id\":\"https:\/\/thecitizenfortheworld.com\/#\/schema\/logo\/image\/\",\"url\":\"https:\/\/thecitizenfortheworld.com\/wp-content\/uploads\/2023\/04\/cropped-the-citizens.png\",\"contentUrl\":\"https:\/\/thecitizenfortheworld.com\/wp-content\/uploads\/2023\/04\/cropped-the-citizens.png\",\"width\":1135,\"height\":1302,\"caption\":\"The citizen for the world\"},\"image\":{\"@id\":\"https:\/\/thecitizenfortheworld.com\/#\/schema\/logo\/image\/\"},\"sameAs\":[\"https:\/\/www.facebook.com\/thecitizenfortheworld\"]},{\"@type\":\"Person\",\"@id\":\"https:\/\/thecitizenfortheworld.com\/#\/schema\/person\/1f6b82847278ca8d344c472822b5b66f\",\"name\":\"thecitizenfortheworld23@gmail.com\",\"image\":{\"@type\":\"ImageObject\",\"inLanguage\":\"es-CO\",\"@id\":\"https:\/\/thecitizenfortheworld.com\/#\/schema\/person\/image\/\",\"url\":\"https:\/\/secure.gravatar.com\/avatar\/fa0768c808e84d205962885f7091f34b?s=96&d=mm&r=pg\",\"contentUrl\":\"https:\/\/secure.gravatar.com\/avatar\/fa0768c808e84d205962885f7091f34b?s=96&d=mm&r=pg\",\"caption\":\"thecitizenfortheworld23@gmail.com\"},\"sameAs\":[\"http:\/\/thecitizenfortheworld.com\"],\"url\":\"https:\/\/thecitizenfortheworld.com\/?author=1\"}]}<\/script>\n<!-- \/ Yoast SEO plugin. -->","yoast_head_json":{"title":"La contundente sentencia de Lewis Hamilton contra la F\u00f3rmula 1 por las pol\u00e9micas en el nuevo reglamento: \u201cNo tenemos voz ni voto\u201d - The citizen for the world","robots":{"index":"index","follow":"follow","max-snippet":"max-snippet:-1","max-image-preview":"max-image-preview:large","max-video-preview":"max-video-preview:-1"},"canonical":"https:\/\/thecitizenfortheworld.com\/?p=92196","og_locale":"es_ES","og_type":"article","og_title":"La contundente sentencia de Lewis Hamilton contra la F\u00f3rmula 1 por las pol\u00e9micas en el nuevo reglamento: \u201cNo tenemos voz ni voto\u201d - The citizen for the world","og_description":"El siete veces campe\u00f3n de la categor\u00eda apunt\u00f3 con la toma de decisiones de las autoridades y recibi\u00f3 el respaldo del resto de los pilotos antes del Gran Premio de Miami En el Gran Premio de Miami comenzar\u00e1n a regir las leves modificaciones en el reglamento t\u00e9cnico de la F\u00f3rmula 1. La nueva era de [&hellip;]","og_url":"https:\/\/thecitizenfortheworld.com\/?p=92196","og_site_name":"The citizen for the world","article_publisher":"https:\/\/www.facebook.com\/thecitizenfortheworld","article_published_time":"2026-05-01T16:22:07+00:00","og_image":[{"width":300,"height":168,"url":"https:\/\/thecitizenfortheworld.com\/wp-content\/uploads\/2026\/05\/Lewis-Hamilton.jpg","type":"image\/jpeg"}],"author":"thecitizenfortheworld23@gmail.com","twitter_card":"summary_large_image","twitter_misc":{"Escrito por":"thecitizenfortheworld23@gmail.com","Tiempo estimado de lectura":"6 minutos"},"schema":{"@context":"https:\/\/schema.org","@graph":[{"@type":"Article","@id":"https:\/\/thecitizenfortheworld.com\/?p=92196#article","isPartOf":{"@id":"https:\/\/thecitizenfortheworld.com\/?p=92196"},"author":{"name":"thecitizenfortheworld23@gmail.com","@id":"https:\/\/thecitizenfortheworld.com\/#\/schema\/person\/1f6b82847278ca8d344c472822b5b66f"},"headline":"La contundente sentencia de Lewis Hamilton contra la F\u00f3rmula 1 por las pol\u00e9micas en el nuevo reglamento: \u201cNo tenemos voz ni voto\u201d","datePublished":"2026-05-01T16:22:07+00:00","dateModified":"2026-05-01T16:22:07+00:00","mainEntityOfPage":{"@id":"https:\/\/thecitizenfortheworld.com\/?p=92196"},"wordCount":1160,"commentCount":0,"publisher":{"@id":"https:\/\/thecitizenfortheworld.com\/#organization"},"articleSection":["Deportes"],"inLanguage":"es-CO","potentialAction":[{"@type":"CommentAction","name":"Comment","target":["https:\/\/thecitizenfortheworld.com\/?p=92196#respond"]}]},{"@type":"WebPage","@id":"https:\/\/thecitizenfortheworld.com\/?p=92196","url":"https:\/\/thecitizenfortheworld.com\/?p=92196","name":"La contundente sentencia de Lewis Hamilton contra la F\u00f3rmula 1 por las pol\u00e9micas en el nuevo reglamento: \u201cNo tenemos voz ni voto\u201d - The citizen for the world","isPartOf":{"@id":"https:\/\/thecitizenfortheworld.com\/#website"},"datePublished":"2026-05-01T16:22:07+00:00","dateModified":"2026-05-01T16:22:07+00:00","breadcrumb":{"@id":"https:\/\/thecitizenfortheworld.com\/?p=92196#breadcrumb"},"inLanguage":"es-CO","potentialAction":[{"@type":"ReadAction","target":["https:\/\/thecitizenfortheworld.com\/?p=92196"]}]},{"@type":"BreadcrumbList","@id":"https:\/\/thecitizenfortheworld.com\/?p=92196#breadcrumb","itemListElement":[{"@type":"ListItem","position":1,"name":"Inicio","item":"https:\/\/thecitizenfortheworld.com\/"},{"@type":"ListItem","position":2,"name":"La contundente sentencia de Lewis Hamilton contra la F\u00f3rmula 1 por las pol\u00e9micas en el nuevo reglamento: \u201cNo tenemos voz ni voto\u201d"}]},{"@type":"WebSite","@id":"https:\/\/thecitizenfortheworld.com\/#website","url":"https:\/\/thecitizenfortheworld.com\/","name":"The citizen for the world","description":"","publisher":{"@id":"https:\/\/thecitizenfortheworld.com\/#organization"},"potentialAction":[{"@type":"SearchAction","target":{"@type":"EntryPoint","urlTemplate":"https:\/\/thecitizenfortheworld.com\/?s={search_term_string}"},"query-input":"required name=search_term_string"}],"inLanguage":"es-CO"},{"@type":"Organization","@id":"https:\/\/thecitizenfortheworld.com\/#organization","name":"The citizen for the world","url":"https:\/\/thecitizenfortheworld.com\/","logo":{"@type":"ImageObject","inLanguage":"es-CO","@id":"https:\/\/thecitizenfortheworld.com\/#\/schema\/logo\/image\/","url":"https:\/\/thecitizenfortheworld.com\/wp-content\/uploads\/2023\/04\/cropped-the-citizens.png","contentUrl":"https:\/\/thecitizenfortheworld.com\/wp-content\/uploads\/2023\/04\/cropped-the-citizens.png","width":1135,"height":1302,"caption":"The citizen for the world"},"image":{"@id":"https:\/\/thecitizenfortheworld.com\/#\/schema\/logo\/image\/"},"sameAs":["https:\/\/www.facebook.com\/thecitizenfortheworld"]},{"@type":"Person","@id":"https:\/\/thecitizenfortheworld.com\/#\/schema\/person\/1f6b82847278ca8d344c472822b5b66f","name":"thecitizenfortheworld23@gmail.com","image":{"@type":"ImageObject","inLanguage":"es-CO","@id":"https:\/\/thecitizenfortheworld.com\/#\/schema\/person\/image\/","url":"https:\/\/secure.gravatar.com\/avatar\/fa0768c808e84d205962885f7091f34b?s=96&d=mm&r=pg","contentUrl":"https:\/\/secure.gravatar.com\/avatar\/fa0768c808e84d205962885f7091f34b?s=96&d=mm&r=pg","caption":"thecitizenfortheworld23@gmail.com"},"sameAs":["http:\/\/thecitizenfortheworld.com"],"url":"https:\/\/thecitizenfortheworld.com\/?author=1"}]}},"_links":{"self":[{"href":"https:\/\/thecitizenfortheworld.com\/index.php?rest_route=\/wp\/v2\/posts\/92196"}],"collection":[{"href":"https:\/\/thecitizenfortheworld.com\/index.php?rest_route=\/wp\/v2\/posts"}],"about":[{"href":"https:\/\/thecitizenfortheworld.com\/index.php?rest_route=\/wp\/v2\/types\/post"}],"author":[{"embeddable":true,"href":"https:\/\/thecitizenfortheworld.com\/index.php?rest_route=\/wp\/v2\/users\/1"}],"replies":[{"embeddable":true,"href":"https:\/\/thecitizenfortheworld.com\/index.php?rest_route=%2Fwp%2Fv2%2Fcomments&post=92196"}],"version-history":[{"count":1,"href":"https:\/\/thecitizenfortheworld.com\/index.php?rest_route=\/wp\/v2\/posts\/92196\/revisions"}],"predecessor-version":[{"id":92198,"href":"https:\/\/thecitizenfortheworld.com\/index.php?rest_route=\/wp\/v2\/posts\/92196\/revisions\/92198"}],"wp:featuredmedia":[{"embeddable":true,"href":"https:\/\/thecitizenfortheworld.com\/index.php?rest_route=\/wp\/v2\/media\/92197"}],"wp:attachment":[{"href":"https:\/\/thecitizenfortheworld.com\/index.php?rest_route=%2Fwp%2Fv2%2Fmedia&parent=92196"}],"wp:term":[{"taxonomy":"category","embeddable":true,"href":"https:\/\/thecitizenfortheworld.com\/index.php?rest_route=%2Fwp%2Fv2%2Fcategories&post=92196"},{"taxonomy":"post_tag","embeddable":true,"href":"https:\/\/thecitizenfortheworld.com\/index.php?rest_route=%2Fwp%2Fv2%2Ftags&post=92196"}],"curies":[{"name":"wp","href":"https:\/\/api.w.org\/{rel}","templated":true}]}}