{"id":92192,"date":"2026-05-01T11:05:38","date_gmt":"2026-05-01T16:05:38","guid":{"rendered":"https:\/\/thecitizenfortheworld.com\/?p=92192"},"modified":"2026-05-01T11:05:38","modified_gmt":"2026-05-01T16:05:38","slug":"met-gala-2026-fecha-tematica-y-famosos-que-desfilaran-en-la-alfombra-roja","status":"publish","type":"post","link":"https:\/\/thecitizenfortheworld.com\/?p=92192","title":{"rendered":"Met Gala 2026: fecha, tem\u00e1tica y famosos que desfilar\u00e1n en la alfombra roja"},"content":{"rendered":"<p class=\"article-subheadline text-align-left\">El evento ben\u00e9fico del Costume Institute vuelve a Nueva York con una edici\u00f3n ambiciosa y llena de sorpresas<\/p>\n<p>La cuenta regresiva para la<b> Met Gala 2026 <\/b>ya est\u00e1 en la recta final. El evento se celebrar\u00e1 el <b>lunes 4 de mayo en el Museo Metropolitano de Arte de Nueva York<\/b>, y reunir\u00e1 a figuras clave del cine, la m\u00fasica, el deporte y la industria fashion en una de las citas m\u00e1s exclusivas del calendario cultural.<\/p>\n<p>La gala, organizada por Anna Wintour desde 1995, funciona como un evento ben\u00e9fico a favor del Costume Institute. Seg\u00fan detalla <i>Vogue<\/i>, esta noche aporta la principal fuente de financiamiento del instituto y coincide con la apertura de su exposici\u00f3n anual. Con el paso del tiempo, la Met Gala se convirti\u00f3 en una referencia global en moda y cultura pop.<\/p>\n<h2 id=\"tema-2026:-&quot;costume-art&quot;\" class=\"text-align-left vertical-align-top line-height-100 header headline-class-h2 headline\">Tema 2026: \u201cCostume Art\u201d<\/h2>\n<p class=\"paragraph\" data-mrf-recirculation=\"Links inline\">La tem\u00e1tica de este a\u00f1o es <b>\u201cCostume Art\u201d<\/b>, en relaci\u00f3n con la exposici\u00f3n de primavera del Costume Institute. De acuerdo con informaci\u00f3n de <i>Vogue<\/i>, la muestra examina la importancia del cuerpo vestido dentro de la historia del arte. Para ello, presenta prendas hist\u00f3ricas y contempor\u00e1neas junto a pinturas, esculturas y otros objetos que abarcan m\u00e1s de 5.000 a\u00f1os.<\/p>\n<div class=\"visual__image\"><picture><source srcset=\"https:\/\/www.infobae.com\/resizer\/v2\/THBAZGKEGNG4RDD37OOQTBZJOQ.jpg?auth=4cc8440aa677c517322d8c72c9be536295f494ce93297486691ae199f7db7c5d&amp;smart=true&amp;width=992&amp;height=558&amp;quality=85\" media=\"(min-width: 1000px)\" \/><source srcset=\"https:\/\/www.infobae.com\/resizer\/v2\/THBAZGKEGNG4RDD37OOQTBZJOQ.jpg?auth=4cc8440aa677c517322d8c72c9be536295f494ce93297486691ae199f7db7c5d&amp;smart=true&amp;width=768&amp;height=432&amp;quality=85\" media=\"(min-width: 768px)\" \/><source srcset=\"https:\/\/www.infobae.com\/resizer\/v2\/THBAZGKEGNG4RDD37OOQTBZJOQ.jpg?auth=4cc8440aa677c517322d8c72c9be536295f494ce93297486691ae199f7db7c5d&amp;smart=true&amp;width=577&amp;height=325&amp;quality=85\" media=\"(min-width: 580px)\" \/><source srcset=\"https:\/\/www.infobae.com\/resizer\/v2\/THBAZGKEGNG4RDD37OOQTBZJOQ.jpg?auth=4cc8440aa677c517322d8c72c9be536295f494ce93297486691ae199f7db7c5d&amp;smart=true&amp;width=420&amp;height=236&amp;quality=85\" media=\"(min-width: 350px)\" \/><source srcset=\"https:\/\/www.infobae.com\/resizer\/v2\/THBAZGKEGNG4RDD37OOQTBZJOQ.jpg?auth=4cc8440aa677c517322d8c72c9be536295f494ce93297486691ae199f7db7c5d&amp;smart=true&amp;width=350&amp;height=197&amp;quality=85\" media=\"(min-width: 80px)\" \/><img decoding=\"async\" loading=\"lazy\" class=\"global-image\" src=\"https:\/\/www.infobae.com\/resizer\/v2\/THBAZGKEGNG4RDD37OOQTBZJOQ.jpg?auth=4cc8440aa677c517322d8c72c9be536295f494ce93297486691ae199f7db7c5d&amp;smart=true&amp;width=350&amp;height=197&amp;quality=85\" alt=\"La Met Gala 2026 suma maniqu\u00edes de cuerpos diversos\" width=\"1920\" height=\"1080\" \/><\/picture><em>La exposici\u00f3n \u201cCostume Art\u201d introduce maniqu\u00edes diversos que reflejan distintos tipos de cuerpo. (Photo by Charles Sykes\/Invision\/AP)<\/em><\/div>\n<p class=\"paragraph\" data-mrf-recirculation=\"Links inline\">El curador Andrew Bolton explic\u00f3 que la exposici\u00f3n parte de una idea central: la moda atraviesa todas las \u00e1reas del museo. Tambi\u00e9n se\u00f1al\u00f3 que el cuerpo vestido aparece en cada galer\u00eda, incluso en representaciones del desnudo, que siempre reflejan valores culturales.<\/p>\n<p data-mrf-recirculation=\"Links inline\">La exhibici\u00f3n abrir\u00e1 sus puertas el <b>10 de mayo de 2026<\/b> y permanecer\u00e1 hasta el <b>10 de enero de 2027<\/b>. Adem\u00e1s, esta edici\u00f3n incluye la inauguraci\u00f3n de nuevas galer\u00edas permanentes del Costume Institute, un espacio de casi 12.000 pies cuadrados dentro del museo.<\/p>\n<h2 id=\"cual-es-el-codigo-de-vestimenta-para-la-met-gala-2026\" class=\"text-align-left vertical-align-top line-height-100 header headline-class-h2 headline\">\u00bfCu\u00e1l es el c\u00f3digo de vestimenta para la Met Gala 2026?<\/h2>\n<p class=\"paragraph\" data-mrf-recirculation=\"Links inline\">El famoso dress-code de este a\u00f1o ser\u00e1 <b>\u201cFashion Is Art\u201d<\/b> (\u201cLa moda es arte\u201d). Como se\u00f1alan las fuentes, este concepto permitir\u00e1 una amplia libertad creativa entre los invitados, quienes deber\u00e1n interpretar la moda como una forma de expresi\u00f3n art\u00edstica.<\/p>\n<p class=\"paragraph\" data-mrf-recirculation=\"Links inline\">Siguiendo la l\u00ednea de la exposici\u00f3n, el dress code busca reforzar la idea de que la indumentaria no solo responde a tendencias, sino que tambi\u00e9n refleja valores culturales, identidad y narrativa visual.<\/p>\n<div class=\"visual__image\"><picture><source srcset=\"https:\/\/www.infobae.com\/resizer\/v2\/ABHF3TW5YREDFOISBXLW3DXS5M.JPG?auth=eb1404e3cb8c5081708cef32a37b96531f3b8904e9fa100babaeb493f0cbbe5a&amp;smart=true&amp;width=992&amp;height=1488&amp;quality=85\" media=\"(min-width: 1000px)\" \/><source srcset=\"https:\/\/www.infobae.com\/resizer\/v2\/ABHF3TW5YREDFOISBXLW3DXS5M.JPG?auth=eb1404e3cb8c5081708cef32a37b96531f3b8904e9fa100babaeb493f0cbbe5a&amp;smart=true&amp;width=768&amp;height=1152&amp;quality=85\" media=\"(min-width: 768px)\" \/><source srcset=\"https:\/\/www.infobae.com\/resizer\/v2\/ABHF3TW5YREDFOISBXLW3DXS5M.JPG?auth=eb1404e3cb8c5081708cef32a37b96531f3b8904e9fa100babaeb493f0cbbe5a&amp;smart=true&amp;width=577&amp;height=866&amp;quality=85\" media=\"(min-width: 580px)\" \/><source srcset=\"https:\/\/www.infobae.com\/resizer\/v2\/ABHF3TW5YREDFOISBXLW3DXS5M.JPG?auth=eb1404e3cb8c5081708cef32a37b96531f3b8904e9fa100babaeb493f0cbbe5a&amp;smart=true&amp;width=420&amp;height=630&amp;quality=85\" media=\"(min-width: 350px)\" \/><source srcset=\"https:\/\/www.infobae.com\/resizer\/v2\/ABHF3TW5YREDFOISBXLW3DXS5M.JPG?auth=eb1404e3cb8c5081708cef32a37b96531f3b8904e9fa100babaeb493f0cbbe5a&amp;smart=true&amp;width=350&amp;height=525&amp;quality=85\" media=\"(min-width: 80px)\" \/><img decoding=\"async\" loading=\"lazy\" class=\"global-image\" src=\"https:\/\/www.infobae.com\/resizer\/v2\/ABHF3TW5YREDFOISBXLW3DXS5M.JPG?auth=eb1404e3cb8c5081708cef32a37b96531f3b8904e9fa100babaeb493f0cbbe5a&amp;smart=true&amp;width=350&amp;height=525&amp;quality=85\" alt=\"El Costume Institute financia sus actividades gracias a la recaudaci\u00f3n de la Met Gala (REUTERS\/Shannon Stapleton)\" width=\"1968\" height=\"2952\" \/><\/picture><em>El Costume Institute financia sus actividades gracias a la recaudaci\u00f3n de la Met Gala (REUTERS\/Shannon Stapleton)<\/em><\/div>\n<h2 id=\"coanfitriones-y-famosos-confirmados-en-el-evento\" class=\"text-align-left vertical-align-top line-height-100 header headline-class-h2 headline\">Coanfitriones y famosos confirmados en el evento<\/h2>\n<p class=\"paragraph\" data-mrf-recirculation=\"Links inline\">La Met Gala 2026 contar\u00e1 con un grupo de coanfitriones de alto perfil: <b>Beyonc\u00e9, Nicole Kidman, Venus Williams y Anna Wintour<\/b>. El regreso de Beyonc\u00e9 es particularmente significativo, ya que ser\u00e1 su primera aparici\u00f3n en una d\u00e9cada, desde su asistencia en 2016.<\/p>\n<p class=\"paragraph\" data-mrf-recirculation=\"Links inline\">El rol de los coanfitriones principales incluye colaborar con Anna Wintour en la direcci\u00f3n creativa de la gala, elegir la decoraci\u00f3n, el men\u00fa de la cena, adem\u00e1s de preparar la exclusiva lista de invitados.<\/p>\n<div class=\"visual__image\"><picture><source srcset=\"https:\/\/www.infobae.com\/resizer\/v2\/B5HACX6EH5EGVLOM2KFZUXBTZQ.jpg?auth=a36e74552afb35026824a7a612ad2d73c871a25cce664205d872847e789a6e8e&amp;smart=true&amp;width=992&amp;height=735&amp;quality=85\" media=\"(min-width: 1000px)\" \/><source srcset=\"https:\/\/www.infobae.com\/resizer\/v2\/B5HACX6EH5EGVLOM2KFZUXBTZQ.jpg?auth=a36e74552afb35026824a7a612ad2d73c871a25cce664205d872847e789a6e8e&amp;smart=true&amp;width=768&amp;height=569&amp;quality=85\" media=\"(min-width: 768px)\" \/><source srcset=\"https:\/\/www.infobae.com\/resizer\/v2\/B5HACX6EH5EGVLOM2KFZUXBTZQ.jpg?auth=a36e74552afb35026824a7a612ad2d73c871a25cce664205d872847e789a6e8e&amp;smart=true&amp;width=577&amp;height=428&amp;quality=85\" media=\"(min-width: 580px)\" \/><source srcset=\"https:\/\/www.infobae.com\/resizer\/v2\/B5HACX6EH5EGVLOM2KFZUXBTZQ.jpg?auth=a36e74552afb35026824a7a612ad2d73c871a25cce664205d872847e789a6e8e&amp;smart=true&amp;width=420&amp;height=311&amp;quality=85\" media=\"(min-width: 350px)\" \/><source srcset=\"https:\/\/www.infobae.com\/resizer\/v2\/B5HACX6EH5EGVLOM2KFZUXBTZQ.jpg?auth=a36e74552afb35026824a7a612ad2d73c871a25cce664205d872847e789a6e8e&amp;smart=true&amp;width=350&amp;height=259&amp;quality=85\" media=\"(min-width: 80px)\" \/><img decoding=\"async\" loading=\"lazy\" class=\"global-image\" src=\"https:\/\/www.infobae.com\/resizer\/v2\/B5HACX6EH5EGVLOM2KFZUXBTZQ.jpg?auth=a36e74552afb35026824a7a612ad2d73c871a25cce664205d872847e789a6e8e&amp;smart=true&amp;width=350&amp;height=259&amp;quality=85\" alt=\"Beyonc\u00e9 sonr\u00ede en una alfombra roja. Viste un vestido color piel brillante con perlas, mangas abullonadas y cola, sobre escaleras y con fot\u00f3grafos al fondo\" width=\"1920\" height=\"1423\" \/><\/picture><em>La artista ser\u00e1 una de las grandes protagonistas de la noche como coanfitriona del evento.(Reuters)<\/em><\/div>\n<p class=\"paragraph\" data-mrf-recirculation=\"Links inline\">Asimismo, el evento tambi\u00e9n convoca a un grupo m\u00e1s amplio como parte del comit\u00e9 organizador. Este 2026, estas son la celebridades confirmadas.<\/p>\n<div class=\"ad_3 ad-wrapper dfpAd ad-1-al-6 ad-text ad-component-container\" data-ad-wrapper=\"arcad\" data-ad-type=\"ad_3\" data-ad-slot=\"infobae\/entretenimiento\/nota\/ad_3\" data-ad-container=\"dfp\" data-ad-slot-name=\"infobae\/entretenimiento\/nota\/ad_3\">\n<p class=\"ad-shell-label\">\n<\/div>\n<ul class=\"list\" data-icon=\"\u2b24\">\n<li data-icon=\"\u2b24\">Aimee Mullins<\/li>\n<li data-icon=\"\u2b24\">A\u2019ja Wilson<\/li>\n<li data-icon=\"\u2b24\">Alex Consani<\/li>\n<li data-icon=\"\u2b24\">Amy Sherald<\/li>\n<li data-icon=\"\u2b24\">Angela Bassett<\/li>\n<li data-icon=\"\u2b24\">Anna Weyant<\/li>\n<li data-icon=\"\u2b24\">Anthony Vaccarello<\/li>\n<li data-icon=\"\u2b24\">Chase Sui Wonders<\/li>\n<li data-icon=\"\u2b24\">Chloe Malle<\/li>\n<li data-icon=\"\u2b24\">Doja Cat<\/li>\n<li data-icon=\"\u2b24\">Elizabeth Debicki<\/li>\n<li data-icon=\"\u2b24\">Gwendoline Christie<\/li>\n<li data-icon=\"\u2b24\">Jeff Bezos<\/li>\n<li data-icon=\"\u2b24\">Lauren S\u00e1nchez<\/li>\n<li data-icon=\"\u2b24\">Lauren Wasser<\/li>\n<li data-icon=\"\u2b24\">Lena Dunham<\/li>\n<li data-icon=\"\u2b24\">LISA<\/li>\n<li data-icon=\"\u2b24\">Misty Copeland<\/li>\n<li data-icon=\"\u2b24\">Paloma Elsesser<\/li>\n<li data-icon=\"\u2b24\">Rebecca Hall<\/li>\n<li data-icon=\"\u2b24\">Sabrina Carpenter<\/li>\n<li data-icon=\"\u2b24\">Sam Smith<\/li>\n<li data-icon=\"\u2b24\">Sin\u00e9ad Burke<\/li>\n<li data-icon=\"\u2b24\">Teyana Taylor<\/li>\n<li data-icon=\"\u2b24\">Tschabalala Self<\/li>\n<li data-icon=\"\u2b24\">Yseult<\/li>\n<li data-icon=\"\u2b24\">Zo\u00eb Kravitz<\/li>\n<\/ul>\n<h2 id=\"invitados:-entre-confirmados-y-rumores\" class=\"text-align-left vertical-align-top line-height-100 header headline-class-h2 headline\">Invitados: entre confirmados y rumores<\/h2>\n<p class=\"paragraph\" data-mrf-recirculation=\"Links inline\">La lista oficial de invitados se mantiene en estricta confidencialidad, una tradici\u00f3n del evento. Sin embargo, seg\u00fan <i>Cosmopolitan<\/i>, se espera la presencia de entre <b>450 y 600 asistentes.<\/b><\/p>\n<div class=\"visual__image\"><picture><source srcset=\"https:\/\/www.infobae.com\/resizer\/v2\/7U67HLYIBFDBJOA7FEQFPIBQU4.jpg?auth=116b9e0b9020b85be8617e7916b020aaaca9ba5dfcf942feddf564fa89905425&amp;smart=true&amp;width=992&amp;height=661&amp;quality=85\" media=\"(min-width: 1000px)\" \/><source srcset=\"https:\/\/www.infobae.com\/resizer\/v2\/7U67HLYIBFDBJOA7FEQFPIBQU4.jpg?auth=116b9e0b9020b85be8617e7916b020aaaca9ba5dfcf942feddf564fa89905425&amp;smart=true&amp;width=768&amp;height=512&amp;quality=85\" media=\"(min-width: 768px)\" \/><source srcset=\"https:\/\/www.infobae.com\/resizer\/v2\/7U67HLYIBFDBJOA7FEQFPIBQU4.jpg?auth=116b9e0b9020b85be8617e7916b020aaaca9ba5dfcf942feddf564fa89905425&amp;smart=true&amp;width=577&amp;height=385&amp;quality=85\" media=\"(min-width: 580px)\" \/><source srcset=\"https:\/\/www.infobae.com\/resizer\/v2\/7U67HLYIBFDBJOA7FEQFPIBQU4.jpg?auth=116b9e0b9020b85be8617e7916b020aaaca9ba5dfcf942feddf564fa89905425&amp;smart=true&amp;width=420&amp;height=280&amp;quality=85\" media=\"(min-width: 350px)\" \/><source srcset=\"https:\/\/www.infobae.com\/resizer\/v2\/7U67HLYIBFDBJOA7FEQFPIBQU4.jpg?auth=116b9e0b9020b85be8617e7916b020aaaca9ba5dfcf942feddf564fa89905425&amp;smart=true&amp;width=350&amp;height=233&amp;quality=85\" media=\"(min-width: 80px)\" \/><img decoding=\"async\" loading=\"lazy\" class=\"global-image\" src=\"https:\/\/www.infobae.com\/resizer\/v2\/7U67HLYIBFDBJOA7FEQFPIBQU4.jpg?auth=116b9e0b9020b85be8617e7916b020aaaca9ba5dfcf942feddf564fa89905425&amp;smart=true&amp;width=350&amp;height=233&amp;quality=85\" alt=\"El artista puertorrique\u00f1o podr\u00eda volver a destacar con un look alineado al concepto \u201cFashion Is Art\u201d (REUTERS\/Mario Anzuoni)\" width=\"5120\" height=\"3413\" \/><\/picture><em>El artista puertorrique\u00f1o podr\u00eda volver a destacar con un look alineado al concepto \u201cFashion Is Art\u201d (REUTERS\/Mario Anzuoni)<\/em><\/div>\n<p class=\"paragraph\" data-mrf-recirculation=\"Links inline\">Entre los nombres que suenan con fuerza figuran Rihanna, Zendaya, Kim Kardashian, Bad Bunny, Dua Lipa, Billie Eilish, Lady Gaga, Rosal\u00eda, Harry Styles, Timoth\u00e9e Chalamet, Kendall Jenner y Sydney Sweeney, entre muchos otros.<\/p>\n<p class=\"paragraph\" data-mrf-recirculation=\"Links inline\">Tambi\u00e9n se especula con posibles debuts y regresos muy esperados, como el de Adele o incluso Blue Ivy. Sin embargo, como cada a\u00f1o, la sorpresa es parte fundamental del evento.<\/p>\n<h2 id=\"red-carpet:-horario-y-como-verla-en-vivo\" class=\"text-align-left vertical-align-top line-height-100 header headline-class-h2 headline\">Red carpet: horario y c\u00f3mo verla en vivo<\/h2>\n<p class=\"paragraph\" data-mrf-recirculation=\"Links inline\">La alfombra roja ser\u00e1 transmitida en vivo a trav\u00e9s de las plataformas digitales de <i>Vogue<\/i>, incluyendo YouTube y TikTok. La cobertura comenzar\u00e1 a las <b>6:00 p.m. (hora del este de EE. UU.)<\/b>, es decir, a las <b>7:00 p.m. en Argentina<\/b>.<\/p>\n<p class=\"paragraph\" data-mrf-recirculation=\"Links inline\">La conducci\u00f3n estar\u00e1 a cargo de Ashley Graham, La La Anthony y Cara Delevingne, mientras que Emma Chamberlain regresar\u00e1 como corresponsal en la alfombra roja, un rol que se ha vuelto caracter\u00edstico en las \u00faltimas ediciones.<\/p>\n<div class=\"visual__image\"><picture><source srcset=\"https:\/\/www.infobae.com\/resizer\/v2\/JRKFRAD5KBD6ZCUHLE4MX6IK5M.jpg?auth=21b96db74db1f1457909df5b2081310f45c1e4112c0a9aab68013dd42244f175&amp;smart=true&amp;width=992&amp;height=1526&amp;quality=85\" media=\"(min-width: 1000px)\" \/><source srcset=\"https:\/\/www.infobae.com\/resizer\/v2\/JRKFRAD5KBD6ZCUHLE4MX6IK5M.jpg?auth=21b96db74db1f1457909df5b2081310f45c1e4112c0a9aab68013dd42244f175&amp;smart=true&amp;width=768&amp;height=1181&amp;quality=85\" media=\"(min-width: 768px)\" \/><source srcset=\"https:\/\/www.infobae.com\/resizer\/v2\/JRKFRAD5KBD6ZCUHLE4MX6IK5M.jpg?auth=21b96db74db1f1457909df5b2081310f45c1e4112c0a9aab68013dd42244f175&amp;smart=true&amp;width=577&amp;height=887&amp;quality=85\" media=\"(min-width: 580px)\" \/><source srcset=\"https:\/\/www.infobae.com\/resizer\/v2\/JRKFRAD5KBD6ZCUHLE4MX6IK5M.jpg?auth=21b96db74db1f1457909df5b2081310f45c1e4112c0a9aab68013dd42244f175&amp;smart=true&amp;width=420&amp;height=646&amp;quality=85\" media=\"(min-width: 350px)\" \/><source srcset=\"https:\/\/www.infobae.com\/resizer\/v2\/JRKFRAD5KBD6ZCUHLE4MX6IK5M.jpg?auth=21b96db74db1f1457909df5b2081310f45c1e4112c0a9aab68013dd42244f175&amp;smart=true&amp;width=350&amp;height=538&amp;quality=85\" media=\"(min-width: 80px)\" \/><img decoding=\"async\" loading=\"lazy\" class=\"global-image\" src=\"https:\/\/www.infobae.com\/resizer\/v2\/JRKFRAD5KBD6ZCUHLE4MX6IK5M.jpg?auth=21b96db74db1f1457909df5b2081310f45c1e4112c0a9aab68013dd42244f175&amp;smart=true&amp;width=350&amp;height=538&amp;quality=85\" alt=\"La influencer se ha convertido en una de las voces clave en la cobertura digital del evento (REUTERS\/Mario Anzuoni)\" width=\"3801\" height=\"5846\" \/><\/picture><em>La influencer se ha convertido en una de las voces clave en la cobertura digital del evento (REUTERS\/Mario Anzuoni)<\/em><\/div>\n<p class=\"paragraph\" data-mrf-recirculation=\"Links inline\">Tras la alfombra roja, la gala contin\u00faa a puertas cerradas. Los invitados recorren la exposici\u00f3n, participan en una cena exclusiva y disfrutan de un show musical sorpresa. Adem\u00e1s, existe una estricta pol\u00edtica de no uso de tel\u00e9fonos m\u00f3viles, lo que mantiene el misterio sobre lo que ocurre dentro.<\/p>\n<p data-mrf-recirculation=\"Links inline\">(<em>Con informaci\u00f3n de Infobae<\/em>)<\/p>\n","protected":false},"excerpt":{"rendered":"<p>El evento ben\u00e9fico del Costume Institute vuelve a Nueva York con una edici\u00f3n ambiciosa y llena de sorpresas La cuenta regresiva para la Met Gala 2026 ya est\u00e1 en la recta final. El evento se celebrar\u00e1 el lunes 4 de mayo en el Museo Metropolitano de Arte de Nueva York, y reunir\u00e1 a figuras clave [&hellip;]<\/p>\n","protected":false},"author":1,"featured_media":92193,"comment_status":"open","ping_status":"open","sticky":false,"template":"","format":"standard","meta":{"om_disable_all_campaigns":false,"_mi_skip_tracking":false},"categories":[10],"tags":[],"yoast_head":"<!-- This site is optimized with the Yoast SEO plugin v20.5 - https:\/\/yoast.com\/wordpress\/plugins\/seo\/ -->\n<title>Met Gala 2026: fecha, tem\u00e1tica y famosos que desfilar\u00e1n en la alfombra roja - The citizen for the world<\/title>\n<meta name=\"robots\" content=\"index, follow, max-snippet:-1, max-image-preview:large, max-video-preview:-1\" \/>\n<link rel=\"canonical\" href=\"https:\/\/thecitizenfortheworld.com\/?p=92192\" \/>\n<meta property=\"og:locale\" content=\"es_ES\" \/>\n<meta property=\"og:type\" content=\"article\" \/>\n<meta property=\"og:title\" content=\"Met Gala 2026: fecha, tem\u00e1tica y famosos que desfilar\u00e1n en la alfombra roja - The citizen for the world\" \/>\n<meta property=\"og:description\" content=\"El evento ben\u00e9fico del Costume Institute vuelve a Nueva York con una edici\u00f3n ambiciosa y llena de sorpresas La cuenta regresiva para la Met Gala 2026 ya est\u00e1 en la recta final. El evento se celebrar\u00e1 el lunes 4 de mayo en el Museo Metropolitano de Arte de Nueva York, y reunir\u00e1 a figuras clave [&hellip;]\" \/>\n<meta property=\"og:url\" content=\"https:\/\/thecitizenfortheworld.com\/?p=92192\" \/>\n<meta property=\"og:site_name\" content=\"The citizen for the world\" \/>\n<meta property=\"article:publisher\" content=\"https:\/\/www.facebook.com\/thecitizenfortheworld\" \/>\n<meta property=\"article:published_time\" content=\"2026-05-01T16:05:38+00:00\" \/>\n<meta property=\"og:image\" content=\"https:\/\/thecitizenfortheworld.com\/wp-content\/uploads\/2026\/05\/MET-gala.jpg\" \/>\n\t<meta property=\"og:image:width\" content=\"300\" \/>\n\t<meta property=\"og:image:height\" content=\"168\" \/>\n\t<meta property=\"og:image:type\" content=\"image\/jpeg\" \/>\n<meta name=\"author\" content=\"thecitizenfortheworld23@gmail.com\" \/>\n<meta name=\"twitter:card\" content=\"summary_large_image\" \/>\n<meta name=\"twitter:label1\" content=\"Escrito por\" \/>\n\t<meta name=\"twitter:data1\" content=\"thecitizenfortheworld23@gmail.com\" \/>\n\t<meta name=\"twitter:label2\" content=\"Tiempo estimado de lectura\" \/>\n\t<meta name=\"twitter:data2\" content=\"5 minutos\" \/>\n<script type=\"application\/ld+json\" class=\"yoast-schema-graph\">{\"@context\":\"https:\/\/schema.org\",\"@graph\":[{\"@type\":\"Article\",\"@id\":\"https:\/\/thecitizenfortheworld.com\/?p=92192#article\",\"isPartOf\":{\"@id\":\"https:\/\/thecitizenfortheworld.com\/?p=92192\"},\"author\":{\"name\":\"thecitizenfortheworld23@gmail.com\",\"@id\":\"https:\/\/thecitizenfortheworld.com\/#\/schema\/person\/1f6b82847278ca8d344c472822b5b66f\"},\"headline\":\"Met Gala 2026: fecha, tem\u00e1tica y famosos que desfilar\u00e1n en la alfombra roja\",\"datePublished\":\"2026-05-01T16:05:38+00:00\",\"dateModified\":\"2026-05-01T16:05:38+00:00\",\"mainEntityOfPage\":{\"@id\":\"https:\/\/thecitizenfortheworld.com\/?p=92192\"},\"wordCount\":908,\"commentCount\":0,\"publisher\":{\"@id\":\"https:\/\/thecitizenfortheworld.com\/#organization\"},\"articleSection\":[\"Entretenimiento\"],\"inLanguage\":\"es-CO\",\"potentialAction\":[{\"@type\":\"CommentAction\",\"name\":\"Comment\",\"target\":[\"https:\/\/thecitizenfortheworld.com\/?p=92192#respond\"]}]},{\"@type\":\"WebPage\",\"@id\":\"https:\/\/thecitizenfortheworld.com\/?p=92192\",\"url\":\"https:\/\/thecitizenfortheworld.com\/?p=92192\",\"name\":\"Met Gala 2026: fecha, tem\u00e1tica y famosos que desfilar\u00e1n en la alfombra roja - The citizen for the world\",\"isPartOf\":{\"@id\":\"https:\/\/thecitizenfortheworld.com\/#website\"},\"datePublished\":\"2026-05-01T16:05:38+00:00\",\"dateModified\":\"2026-05-01T16:05:38+00:00\",\"breadcrumb\":{\"@id\":\"https:\/\/thecitizenfortheworld.com\/?p=92192#breadcrumb\"},\"inLanguage\":\"es-CO\",\"potentialAction\":[{\"@type\":\"ReadAction\",\"target\":[\"https:\/\/thecitizenfortheworld.com\/?p=92192\"]}]},{\"@type\":\"BreadcrumbList\",\"@id\":\"https:\/\/thecitizenfortheworld.com\/?p=92192#breadcrumb\",\"itemListElement\":[{\"@type\":\"ListItem\",\"position\":1,\"name\":\"Inicio\",\"item\":\"https:\/\/thecitizenfortheworld.com\/\"},{\"@type\":\"ListItem\",\"position\":2,\"name\":\"Met Gala 2026: fecha, tem\u00e1tica y famosos que desfilar\u00e1n en la alfombra roja\"}]},{\"@type\":\"WebSite\",\"@id\":\"https:\/\/thecitizenfortheworld.com\/#website\",\"url\":\"https:\/\/thecitizenfortheworld.com\/\",\"name\":\"The citizen for the world\",\"description\":\"\",\"publisher\":{\"@id\":\"https:\/\/thecitizenfortheworld.com\/#organization\"},\"potentialAction\":[{\"@type\":\"SearchAction\",\"target\":{\"@type\":\"EntryPoint\",\"urlTemplate\":\"https:\/\/thecitizenfortheworld.com\/?s={search_term_string}\"},\"query-input\":\"required name=search_term_string\"}],\"inLanguage\":\"es-CO\"},{\"@type\":\"Organization\",\"@id\":\"https:\/\/thecitizenfortheworld.com\/#organization\",\"name\":\"The citizen for the world\",\"url\":\"https:\/\/thecitizenfortheworld.com\/\",\"logo\":{\"@type\":\"ImageObject\",\"inLanguage\":\"es-CO\",\"@id\":\"https:\/\/thecitizenfortheworld.com\/#\/schema\/logo\/image\/\",\"url\":\"https:\/\/thecitizenfortheworld.com\/wp-content\/uploads\/2023\/04\/cropped-the-citizens.png\",\"contentUrl\":\"https:\/\/thecitizenfortheworld.com\/wp-content\/uploads\/2023\/04\/cropped-the-citizens.png\",\"width\":1135,\"height\":1302,\"caption\":\"The citizen for the world\"},\"image\":{\"@id\":\"https:\/\/thecitizenfortheworld.com\/#\/schema\/logo\/image\/\"},\"sameAs\":[\"https:\/\/www.facebook.com\/thecitizenfortheworld\"]},{\"@type\":\"Person\",\"@id\":\"https:\/\/thecitizenfortheworld.com\/#\/schema\/person\/1f6b82847278ca8d344c472822b5b66f\",\"name\":\"thecitizenfortheworld23@gmail.com\",\"image\":{\"@type\":\"ImageObject\",\"inLanguage\":\"es-CO\",\"@id\":\"https:\/\/thecitizenfortheworld.com\/#\/schema\/person\/image\/\",\"url\":\"https:\/\/secure.gravatar.com\/avatar\/fa0768c808e84d205962885f7091f34b?s=96&d=mm&r=pg\",\"contentUrl\":\"https:\/\/secure.gravatar.com\/avatar\/fa0768c808e84d205962885f7091f34b?s=96&d=mm&r=pg\",\"caption\":\"thecitizenfortheworld23@gmail.com\"},\"sameAs\":[\"http:\/\/thecitizenfortheworld.com\"],\"url\":\"https:\/\/thecitizenfortheworld.com\/?author=1\"}]}<\/script>\n<!-- \/ Yoast SEO plugin. -->","yoast_head_json":{"title":"Met Gala 2026: fecha, tem\u00e1tica y famosos que desfilar\u00e1n en la alfombra roja - The citizen for the world","robots":{"index":"index","follow":"follow","max-snippet":"max-snippet:-1","max-image-preview":"max-image-preview:large","max-video-preview":"max-video-preview:-1"},"canonical":"https:\/\/thecitizenfortheworld.com\/?p=92192","og_locale":"es_ES","og_type":"article","og_title":"Met Gala 2026: fecha, tem\u00e1tica y famosos que desfilar\u00e1n en la alfombra roja - The citizen for the world","og_description":"El evento ben\u00e9fico del Costume Institute vuelve a Nueva York con una edici\u00f3n ambiciosa y llena de sorpresas La cuenta regresiva para la Met Gala 2026 ya est\u00e1 en la recta final. El evento se celebrar\u00e1 el lunes 4 de mayo en el Museo Metropolitano de Arte de Nueva York, y reunir\u00e1 a figuras clave [&hellip;]","og_url":"https:\/\/thecitizenfortheworld.com\/?p=92192","og_site_name":"The citizen for the world","article_publisher":"https:\/\/www.facebook.com\/thecitizenfortheworld","article_published_time":"2026-05-01T16:05:38+00:00","og_image":[{"width":300,"height":168,"url":"https:\/\/thecitizenfortheworld.com\/wp-content\/uploads\/2026\/05\/MET-gala.jpg","type":"image\/jpeg"}],"author":"thecitizenfortheworld23@gmail.com","twitter_card":"summary_large_image","twitter_misc":{"Escrito por":"thecitizenfortheworld23@gmail.com","Tiempo estimado de lectura":"5 minutos"},"schema":{"@context":"https:\/\/schema.org","@graph":[{"@type":"Article","@id":"https:\/\/thecitizenfortheworld.com\/?p=92192#article","isPartOf":{"@id":"https:\/\/thecitizenfortheworld.com\/?p=92192"},"author":{"name":"thecitizenfortheworld23@gmail.com","@id":"https:\/\/thecitizenfortheworld.com\/#\/schema\/person\/1f6b82847278ca8d344c472822b5b66f"},"headline":"Met Gala 2026: fecha, tem\u00e1tica y famosos que desfilar\u00e1n en la alfombra roja","datePublished":"2026-05-01T16:05:38+00:00","dateModified":"2026-05-01T16:05:38+00:00","mainEntityOfPage":{"@id":"https:\/\/thecitizenfortheworld.com\/?p=92192"},"wordCount":908,"commentCount":0,"publisher":{"@id":"https:\/\/thecitizenfortheworld.com\/#organization"},"articleSection":["Entretenimiento"],"inLanguage":"es-CO","potentialAction":[{"@type":"CommentAction","name":"Comment","target":["https:\/\/thecitizenfortheworld.com\/?p=92192#respond"]}]},{"@type":"WebPage","@id":"https:\/\/thecitizenfortheworld.com\/?p=92192","url":"https:\/\/thecitizenfortheworld.com\/?p=92192","name":"Met Gala 2026: fecha, tem\u00e1tica y famosos que desfilar\u00e1n en la alfombra roja - The citizen for the world","isPartOf":{"@id":"https:\/\/thecitizenfortheworld.com\/#website"},"datePublished":"2026-05-01T16:05:38+00:00","dateModified":"2026-05-01T16:05:38+00:00","breadcrumb":{"@id":"https:\/\/thecitizenfortheworld.com\/?p=92192#breadcrumb"},"inLanguage":"es-CO","potentialAction":[{"@type":"ReadAction","target":["https:\/\/thecitizenfortheworld.com\/?p=92192"]}]},{"@type":"BreadcrumbList","@id":"https:\/\/thecitizenfortheworld.com\/?p=92192#breadcrumb","itemListElement":[{"@type":"ListItem","position":1,"name":"Inicio","item":"https:\/\/thecitizenfortheworld.com\/"},{"@type":"ListItem","position":2,"name":"Met Gala 2026: fecha, tem\u00e1tica y famosos que desfilar\u00e1n en la alfombra roja"}]},{"@type":"WebSite","@id":"https:\/\/thecitizenfortheworld.com\/#website","url":"https:\/\/thecitizenfortheworld.com\/","name":"The citizen for the world","description":"","publisher":{"@id":"https:\/\/thecitizenfortheworld.com\/#organization"},"potentialAction":[{"@type":"SearchAction","target":{"@type":"EntryPoint","urlTemplate":"https:\/\/thecitizenfortheworld.com\/?s={search_term_string}"},"query-input":"required name=search_term_string"}],"inLanguage":"es-CO"},{"@type":"Organization","@id":"https:\/\/thecitizenfortheworld.com\/#organization","name":"The citizen for the world","url":"https:\/\/thecitizenfortheworld.com\/","logo":{"@type":"ImageObject","inLanguage":"es-CO","@id":"https:\/\/thecitizenfortheworld.com\/#\/schema\/logo\/image\/","url":"https:\/\/thecitizenfortheworld.com\/wp-content\/uploads\/2023\/04\/cropped-the-citizens.png","contentUrl":"https:\/\/thecitizenfortheworld.com\/wp-content\/uploads\/2023\/04\/cropped-the-citizens.png","width":1135,"height":1302,"caption":"The citizen for the world"},"image":{"@id":"https:\/\/thecitizenfortheworld.com\/#\/schema\/logo\/image\/"},"sameAs":["https:\/\/www.facebook.com\/thecitizenfortheworld"]},{"@type":"Person","@id":"https:\/\/thecitizenfortheworld.com\/#\/schema\/person\/1f6b82847278ca8d344c472822b5b66f","name":"thecitizenfortheworld23@gmail.com","image":{"@type":"ImageObject","inLanguage":"es-CO","@id":"https:\/\/thecitizenfortheworld.com\/#\/schema\/person\/image\/","url":"https:\/\/secure.gravatar.com\/avatar\/fa0768c808e84d205962885f7091f34b?s=96&d=mm&r=pg","contentUrl":"https:\/\/secure.gravatar.com\/avatar\/fa0768c808e84d205962885f7091f34b?s=96&d=mm&r=pg","caption":"thecitizenfortheworld23@gmail.com"},"sameAs":["http:\/\/thecitizenfortheworld.com"],"url":"https:\/\/thecitizenfortheworld.com\/?author=1"}]}},"_links":{"self":[{"href":"https:\/\/thecitizenfortheworld.com\/index.php?rest_route=\/wp\/v2\/posts\/92192"}],"collection":[{"href":"https:\/\/thecitizenfortheworld.com\/index.php?rest_route=\/wp\/v2\/posts"}],"about":[{"href":"https:\/\/thecitizenfortheworld.com\/index.php?rest_route=\/wp\/v2\/types\/post"}],"author":[{"embeddable":true,"href":"https:\/\/thecitizenfortheworld.com\/index.php?rest_route=\/wp\/v2\/users\/1"}],"replies":[{"embeddable":true,"href":"https:\/\/thecitizenfortheworld.com\/index.php?rest_route=%2Fwp%2Fv2%2Fcomments&post=92192"}],"version-history":[{"count":1,"href":"https:\/\/thecitizenfortheworld.com\/index.php?rest_route=\/wp\/v2\/posts\/92192\/revisions"}],"predecessor-version":[{"id":92194,"href":"https:\/\/thecitizenfortheworld.com\/index.php?rest_route=\/wp\/v2\/posts\/92192\/revisions\/92194"}],"wp:featuredmedia":[{"embeddable":true,"href":"https:\/\/thecitizenfortheworld.com\/index.php?rest_route=\/wp\/v2\/media\/92193"}],"wp:attachment":[{"href":"https:\/\/thecitizenfortheworld.com\/index.php?rest_route=%2Fwp%2Fv2%2Fmedia&parent=92192"}],"wp:term":[{"taxonomy":"category","embeddable":true,"href":"https:\/\/thecitizenfortheworld.com\/index.php?rest_route=%2Fwp%2Fv2%2Fcategories&post=92192"},{"taxonomy":"post_tag","embeddable":true,"href":"https:\/\/thecitizenfortheworld.com\/index.php?rest_route=%2Fwp%2Fv2%2Ftags&post=92192"}],"curies":[{"name":"wp","href":"https:\/\/api.w.org\/{rel}","templated":true}]}}