{"id":92186,"date":"2026-05-01T10:30:23","date_gmt":"2026-05-01T15:30:23","guid":{"rendered":"https:\/\/thecitizenfortheworld.com\/?p=92186"},"modified":"2026-05-01T10:30:23","modified_gmt":"2026-05-01T15:30:23","slug":"presos-politicos-en-venezuela-el-foro-penal-reporto-454-detenidos-en-medio-de-reclamos-internacionales-y-familiares","status":"publish","type":"post","link":"https:\/\/thecitizenfortheworld.com\/?p=92186","title":{"rendered":"Presos pol\u00edticos en Venezuela: el Foro Penal report\u00f3 454 detenidos, en medio de reclamos internacionales y familiares"},"content":{"rendered":"<p class=\"article-subheadline text-align-left\">Del total, 164 tienen condena y 290 siguen detenidos sin sentencia, mientras dos personas permanecen en paradero desconocido<\/p>\n<p>La <b>ONG Foro Penal<\/b> inform\u00f3 que en <a title=\"https:\/\/www.infobae.com\/venezuela\/\" href=\"https:\/\/www.infobae.com\/venezuela\/\" target=\"_blank\" rel=\"noopener noreferrer\" data-mrf-link=\"https:\/\/www.infobae.com\/venezuela\/\">Venezuela<\/a> permanecen <b>454 personas encarceladas por motivos pol\u00edticos<\/b>, de las cuales 41 son extranjeras o tienen doble nacionalidad, seg\u00fan un reporte publicado el 27 de abril. El informe detalla que entre los detenidos hay 410 hombres y 44 mujeres; 186 son militares y el resto civiles.<\/p>\n<p>Entre los presos figura un adolescente y dos personas cuyo paradero se desconoce. Estos datos fueron remitidos a la Organizaci\u00f3n de Estados Americanos y al Alto Comisionado de Naciones Unidas para los Derechos Humanos.<\/p>\n<p>Actualmente, seg\u00fan la ONG Foro Penal, solo <b>164 de los detenidos cuentan con una condena dictada<\/b>, mientras que <b>290 permanecen privados de libertad sin sentencia firme<\/b>.<\/p>\n<div class=\"visual__image\"><picture><source srcset=\"https:\/\/www.infobae.com\/resizer\/v2\/CI4XNTPB5BB4VND526FDTWYDBE.jpg?auth=91088f1a630ae727dbe6400e281d42c66de571fa82e19863892ab57a92679b13&amp;smart=true&amp;width=992&amp;height=558&amp;quality=85\" media=\"(min-width: 1000px)\" \/><source srcset=\"https:\/\/www.infobae.com\/resizer\/v2\/CI4XNTPB5BB4VND526FDTWYDBE.jpg?auth=91088f1a630ae727dbe6400e281d42c66de571fa82e19863892ab57a92679b13&amp;smart=true&amp;width=768&amp;height=432&amp;quality=85\" media=\"(min-width: 768px)\" \/><source srcset=\"https:\/\/www.infobae.com\/resizer\/v2\/CI4XNTPB5BB4VND526FDTWYDBE.jpg?auth=91088f1a630ae727dbe6400e281d42c66de571fa82e19863892ab57a92679b13&amp;smart=true&amp;width=577&amp;height=325&amp;quality=85\" media=\"(min-width: 580px)\" \/><source srcset=\"https:\/\/www.infobae.com\/resizer\/v2\/CI4XNTPB5BB4VND526FDTWYDBE.jpg?auth=91088f1a630ae727dbe6400e281d42c66de571fa82e19863892ab57a92679b13&amp;smart=true&amp;width=420&amp;height=236&amp;quality=85\" media=\"(min-width: 350px)\" \/><source srcset=\"https:\/\/www.infobae.com\/resizer\/v2\/CI4XNTPB5BB4VND526FDTWYDBE.jpg?auth=91088f1a630ae727dbe6400e281d42c66de571fa82e19863892ab57a92679b13&amp;smart=true&amp;width=350&amp;height=197&amp;quality=85\" media=\"(min-width: 80px)\" \/><img decoding=\"async\" loading=\"lazy\" class=\"global-image\" src=\"https:\/\/www.infobae.com\/resizer\/v2\/CI4XNTPB5BB4VND526FDTWYDBE.jpg?auth=91088f1a630ae727dbe6400e281d42c66de571fa82e19863892ab57a92679b13&amp;smart=true&amp;width=350&amp;height=197&amp;quality=85\" alt=\"Infograf\u00eda de Foro Penal: 454 presos pol\u00edticos en Venezuela. Desglosa 410 hombres, 44 mujeres; 268 civiles, 186 militares; 453 adultos y 1 adolescente\" width=\"1920\" height=\"1080\" \/><\/picture><em>Foro Penal envi\u00f3 sus datos a la OEA y al Alto Comisionado de la ONU para los Derechos Humanos (X)<\/em><\/div>\n<p class=\"paragraph\" data-mrf-recirculation=\"Links inline\">La organizaci\u00f3n registr\u00f3 desde 2014 un total de <b>19.088 detenciones con fines pol\u00edticos<\/b> y calcula que m\u00e1s de <b>11.000 personas est\u00e1n sometidas a medidas restrictivas de libertad<\/b>, como prohibici\u00f3n de salida del pa\u00eds u obligaci\u00f3n de presentaci\u00f3n peri\u00f3dica ante tribunales. Desde el inicio del registro, <b>m\u00e1s de 14.000 personas fueron excarceladas<\/b>, aunque muchas contin\u00faan bajo vigilancia o restricciones.<\/p>\n<p data-mrf-recirculation=\"Links inline\">El informe m\u00e1s reciente muestra una reducci\u00f3n de <b>19 casos respecto al reporte anterior<\/b> del 21 de abril, que contabilizaba <b>473 presos pol\u00edticos. <\/b>La situaci\u00f3n actual se desarrolla bajo la ley de amnist\u00eda promulgada en febrero, que cubre solo ciertos delitos y periodos espec\u00edficos.<\/p>\n<p data-mrf-recirculation=\"Links inline\">La vigencia de esta ley fue debatida p\u00fablicamente: el diputado <b>Jorge Arreaza<\/b>, presidente de la comisi\u00f3n parlamentaria supervisora, afirm\u00f3 que la norma sigue vigente y que contin\u00faan recibiendo solicitudes; en contraste, la mandataria encargada <b>Delcy Rodr\u00edguez <\/b>indic\u00f3 que el beneficio llegaba a su fin, sin precisar detalles.<\/p>\n<p class=\"paragraph\" data-mrf-recirculation=\"Links inline\">Las autoridades venezolanas comunicaron que <b>m\u00e1s de 8.000 personas fueron amnistiadas<\/b>, la mayor\u00eda bajo medidas restrictivas, aunque no publicaron un listado oficial de beneficiarios.<\/p>\n<p class=\"paragraph\" data-mrf-recirculation=\"Links inline\">En paralelo a la publicaci\u00f3n de este informe, la <b>Defensor\u00eda del Pueblo de Venezuela<\/b>, encabezada por <b>Egl\u00e9e Gonz\u00e1lez Lobato<\/b>, realiz\u00f3 una reuni\u00f3n con familiares de detenidos en operativos fronterizos. Los asistentes expresaron inquietudes sobre las condiciones de reclusi\u00f3n y presentaron casos de \u201cfalsos positivos tancol\u201d, t\u00e9rmino utilizado por las autoridades para identificar a \u201cterroristas armados narcotraficantes colombianos\u201d.<\/p>\n<div class=\"visual__image\"><picture><img decoding=\"async\" loading=\"lazy\" class=\"global-image\" src=\"https:\/\/www.infobae.com\/resizer\/v2\/J4G2ZNGMUND57LA5RYICGUFCVU.jpg?auth=5ec326c344d32391ee987f60bbe4305c26431128d674c9567c35e1f4f383cf9c&amp;smart=true&amp;width=350&amp;height=197&amp;quality=85\" alt=\"La Defensora del Pueblo de Venezuela, sentada en una mesa de conferencias con un grupo de hombres y mujeres. Hay banderas de Venezuela y de la Defensor\u00eda\" width=\"1920\" height=\"1080\" \/><\/picture><em>La defensora Egl\u00e9e Gonz\u00e1lez Lobato recibi\u00f3 a familiares de detenidos en operativos fronterizos(@Defensoria_Vzla)<\/em><\/div>\n<p class=\"paragraph\" data-mrf-recirculation=\"Links inline\">En este contexto, familiares solicitaron la intervenci\u00f3n del presidente colombiano <b>Gustavo Petro<\/b> para lograr la liberaci\u00f3n de <b>16 ciudadanos de ese pa\u00eds<\/b> acusados de terrorismo y detenidos en Venezuela.<\/p>\n<p class=\"paragraph\" data-mrf-recirculation=\"Links inline\">La Defensor\u00eda del Pueblo manifest\u00f3 a trav\u00e9s de sus canales oficiales el compromiso de dar seguimiento a los expedientes y de garantizar la defensa y la integridad de los detenidos.<\/p>\n<p class=\"paragraph\" data-mrf-recirculation=\"Links inline\">La situaci\u00f3n de los presos pol\u00edticos en Venezuela tambi\u00e9n tuvo un eco internacional. El martes, el ministro de Exteriores de Italia, <b>Antonio Tajani<\/b>, se reuni\u00f3 con el ministro de Comercio Exterior venezolano, <b>Johann \u00c1lvarez M\u00e1rquez<\/b>, en Roma, para impulsar la liberaci\u00f3n de presos pol\u00edticos y fortalecer los lazos comerciales.<\/p>\n<p class=\"paragraph\" data-mrf-recirculation=\"Links inline\">Durante el foro empresarial Italia-Am\u00e9rica Latina, Tajani reiter\u00f3 su llamado a la liberaci\u00f3n de todos los presos pol\u00edticos y propuso ampliar el intercambio comercial y las inversiones, especialmente en sectores como infraestructuras y energ\u00eda.<\/p>\n<p data-mrf-recirculation=\"Links inline\"><i>(Con informaci\u00f3n de EFE)<\/i><\/p>\n","protected":false},"excerpt":{"rendered":"<p>Del total, 164 tienen condena y 290 siguen detenidos sin sentencia, mientras dos personas permanecen en paradero desconocido La ONG Foro Penal inform\u00f3 que en Venezuela permanecen 454 personas encarceladas por motivos pol\u00edticos, de las cuales 41 son extranjeras o tienen doble nacionalidad, seg\u00fan un reporte publicado el 27 de abril. El informe detalla que [&hellip;]<\/p>\n","protected":false},"author":1,"featured_media":92187,"comment_status":"open","ping_status":"open","sticky":false,"template":"","format":"standard","meta":{"om_disable_all_campaigns":false,"_mi_skip_tracking":false},"categories":[3,4],"tags":[],"yoast_head":"<!-- This site is optimized with the Yoast SEO plugin v20.5 - https:\/\/yoast.com\/wordpress\/plugins\/seo\/ -->\n<title>Presos pol\u00edticos en Venezuela: el Foro Penal report\u00f3 454 detenidos, en medio de reclamos internacionales y familiares - The citizen for the world<\/title>\n<meta name=\"robots\" content=\"index, follow, max-snippet:-1, max-image-preview:large, max-video-preview:-1\" \/>\n<link rel=\"canonical\" href=\"https:\/\/thecitizenfortheworld.com\/?p=92186\" \/>\n<meta property=\"og:locale\" content=\"es_ES\" \/>\n<meta property=\"og:type\" content=\"article\" \/>\n<meta property=\"og:title\" content=\"Presos pol\u00edticos en Venezuela: el Foro Penal report\u00f3 454 detenidos, en medio de reclamos internacionales y familiares - The citizen for the world\" \/>\n<meta property=\"og:description\" content=\"Del total, 164 tienen condena y 290 siguen detenidos sin sentencia, mientras dos personas permanecen en paradero desconocido La ONG Foro Penal inform\u00f3 que en Venezuela permanecen 454 personas encarceladas por motivos pol\u00edticos, de las cuales 41 son extranjeras o tienen doble nacionalidad, seg\u00fan un reporte publicado el 27 de abril. El informe detalla que [&hellip;]\" \/>\n<meta property=\"og:url\" content=\"https:\/\/thecitizenfortheworld.com\/?p=92186\" \/>\n<meta property=\"og:site_name\" content=\"The citizen for the world\" \/>\n<meta property=\"article:publisher\" content=\"https:\/\/www.facebook.com\/thecitizenfortheworld\" \/>\n<meta property=\"article:published_time\" content=\"2026-05-01T15:30:23+00:00\" \/>\n<meta property=\"og:image\" content=\"https:\/\/thecitizenfortheworld.com\/wp-content\/uploads\/2026\/05\/presos-politicos.jpg\" \/>\n\t<meta property=\"og:image:width\" content=\"992\" \/>\n\t<meta property=\"og:image:height\" content=\"661\" \/>\n\t<meta property=\"og:image:type\" content=\"image\/jpeg\" \/>\n<meta name=\"author\" content=\"thecitizenfortheworld23@gmail.com\" \/>\n<meta name=\"twitter:card\" content=\"summary_large_image\" \/>\n<meta name=\"twitter:label1\" content=\"Escrito por\" \/>\n\t<meta name=\"twitter:data1\" content=\"thecitizenfortheworld23@gmail.com\" \/>\n\t<meta name=\"twitter:label2\" content=\"Tiempo estimado de lectura\" \/>\n\t<meta name=\"twitter:data2\" content=\"3 minutos\" \/>\n<script type=\"application\/ld+json\" class=\"yoast-schema-graph\">{\"@context\":\"https:\/\/schema.org\",\"@graph\":[{\"@type\":\"Article\",\"@id\":\"https:\/\/thecitizenfortheworld.com\/?p=92186#article\",\"isPartOf\":{\"@id\":\"https:\/\/thecitizenfortheworld.com\/?p=92186\"},\"author\":{\"name\":\"thecitizenfortheworld23@gmail.com\",\"@id\":\"https:\/\/thecitizenfortheworld.com\/#\/schema\/person\/1f6b82847278ca8d344c472822b5b66f\"},\"headline\":\"Presos pol\u00edticos en Venezuela: el Foro Penal report\u00f3 454 detenidos, en medio de reclamos internacionales y familiares\",\"datePublished\":\"2026-05-01T15:30:23+00:00\",\"dateModified\":\"2026-05-01T15:30:23+00:00\",\"mainEntityOfPage\":{\"@id\":\"https:\/\/thecitizenfortheworld.com\/?p=92186\"},\"wordCount\":592,\"commentCount\":0,\"publisher\":{\"@id\":\"https:\/\/thecitizenfortheworld.com\/#organization\"},\"articleSection\":[\"Am\u00e9rica Latina\",\"Pol\u00edtica\"],\"inLanguage\":\"es-CO\",\"potentialAction\":[{\"@type\":\"CommentAction\",\"name\":\"Comment\",\"target\":[\"https:\/\/thecitizenfortheworld.com\/?p=92186#respond\"]}]},{\"@type\":\"WebPage\",\"@id\":\"https:\/\/thecitizenfortheworld.com\/?p=92186\",\"url\":\"https:\/\/thecitizenfortheworld.com\/?p=92186\",\"name\":\"Presos pol\u00edticos en Venezuela: el Foro Penal report\u00f3 454 detenidos, en medio de reclamos internacionales y familiares - The citizen for the world\",\"isPartOf\":{\"@id\":\"https:\/\/thecitizenfortheworld.com\/#website\"},\"datePublished\":\"2026-05-01T15:30:23+00:00\",\"dateModified\":\"2026-05-01T15:30:23+00:00\",\"breadcrumb\":{\"@id\":\"https:\/\/thecitizenfortheworld.com\/?p=92186#breadcrumb\"},\"inLanguage\":\"es-CO\",\"potentialAction\":[{\"@type\":\"ReadAction\",\"target\":[\"https:\/\/thecitizenfortheworld.com\/?p=92186\"]}]},{\"@type\":\"BreadcrumbList\",\"@id\":\"https:\/\/thecitizenfortheworld.com\/?p=92186#breadcrumb\",\"itemListElement\":[{\"@type\":\"ListItem\",\"position\":1,\"name\":\"Inicio\",\"item\":\"https:\/\/thecitizenfortheworld.com\/\"},{\"@type\":\"ListItem\",\"position\":2,\"name\":\"Presos pol\u00edticos en Venezuela: el Foro Penal report\u00f3 454 detenidos, en medio de reclamos internacionales y familiares\"}]},{\"@type\":\"WebSite\",\"@id\":\"https:\/\/thecitizenfortheworld.com\/#website\",\"url\":\"https:\/\/thecitizenfortheworld.com\/\",\"name\":\"The citizen for the world\",\"description\":\"\",\"publisher\":{\"@id\":\"https:\/\/thecitizenfortheworld.com\/#organization\"},\"potentialAction\":[{\"@type\":\"SearchAction\",\"target\":{\"@type\":\"EntryPoint\",\"urlTemplate\":\"https:\/\/thecitizenfortheworld.com\/?s={search_term_string}\"},\"query-input\":\"required name=search_term_string\"}],\"inLanguage\":\"es-CO\"},{\"@type\":\"Organization\",\"@id\":\"https:\/\/thecitizenfortheworld.com\/#organization\",\"name\":\"The citizen for the world\",\"url\":\"https:\/\/thecitizenfortheworld.com\/\",\"logo\":{\"@type\":\"ImageObject\",\"inLanguage\":\"es-CO\",\"@id\":\"https:\/\/thecitizenfortheworld.com\/#\/schema\/logo\/image\/\",\"url\":\"https:\/\/thecitizenfortheworld.com\/wp-content\/uploads\/2023\/04\/cropped-the-citizens.png\",\"contentUrl\":\"https:\/\/thecitizenfortheworld.com\/wp-content\/uploads\/2023\/04\/cropped-the-citizens.png\",\"width\":1135,\"height\":1302,\"caption\":\"The citizen for the world\"},\"image\":{\"@id\":\"https:\/\/thecitizenfortheworld.com\/#\/schema\/logo\/image\/\"},\"sameAs\":[\"https:\/\/www.facebook.com\/thecitizenfortheworld\"]},{\"@type\":\"Person\",\"@id\":\"https:\/\/thecitizenfortheworld.com\/#\/schema\/person\/1f6b82847278ca8d344c472822b5b66f\",\"name\":\"thecitizenfortheworld23@gmail.com\",\"image\":{\"@type\":\"ImageObject\",\"inLanguage\":\"es-CO\",\"@id\":\"https:\/\/thecitizenfortheworld.com\/#\/schema\/person\/image\/\",\"url\":\"https:\/\/secure.gravatar.com\/avatar\/fa0768c808e84d205962885f7091f34b?s=96&d=mm&r=pg\",\"contentUrl\":\"https:\/\/secure.gravatar.com\/avatar\/fa0768c808e84d205962885f7091f34b?s=96&d=mm&r=pg\",\"caption\":\"thecitizenfortheworld23@gmail.com\"},\"sameAs\":[\"http:\/\/thecitizenfortheworld.com\"],\"url\":\"https:\/\/thecitizenfortheworld.com\/?author=1\"}]}<\/script>\n<!-- \/ Yoast SEO plugin. -->","yoast_head_json":{"title":"Presos pol\u00edticos en Venezuela: el Foro Penal report\u00f3 454 detenidos, en medio de reclamos internacionales y familiares - The citizen for the world","robots":{"index":"index","follow":"follow","max-snippet":"max-snippet:-1","max-image-preview":"max-image-preview:large","max-video-preview":"max-video-preview:-1"},"canonical":"https:\/\/thecitizenfortheworld.com\/?p=92186","og_locale":"es_ES","og_type":"article","og_title":"Presos pol\u00edticos en Venezuela: el Foro Penal report\u00f3 454 detenidos, en medio de reclamos internacionales y familiares - The citizen for the world","og_description":"Del total, 164 tienen condena y 290 siguen detenidos sin sentencia, mientras dos personas permanecen en paradero desconocido La ONG Foro Penal inform\u00f3 que en Venezuela permanecen 454 personas encarceladas por motivos pol\u00edticos, de las cuales 41 son extranjeras o tienen doble nacionalidad, seg\u00fan un reporte publicado el 27 de abril. El informe detalla que [&hellip;]","og_url":"https:\/\/thecitizenfortheworld.com\/?p=92186","og_site_name":"The citizen for the world","article_publisher":"https:\/\/www.facebook.com\/thecitizenfortheworld","article_published_time":"2026-05-01T15:30:23+00:00","og_image":[{"width":992,"height":661,"url":"https:\/\/thecitizenfortheworld.com\/wp-content\/uploads\/2026\/05\/presos-politicos.jpg","type":"image\/jpeg"}],"author":"thecitizenfortheworld23@gmail.com","twitter_card":"summary_large_image","twitter_misc":{"Escrito por":"thecitizenfortheworld23@gmail.com","Tiempo estimado de lectura":"3 minutos"},"schema":{"@context":"https:\/\/schema.org","@graph":[{"@type":"Article","@id":"https:\/\/thecitizenfortheworld.com\/?p=92186#article","isPartOf":{"@id":"https:\/\/thecitizenfortheworld.com\/?p=92186"},"author":{"name":"thecitizenfortheworld23@gmail.com","@id":"https:\/\/thecitizenfortheworld.com\/#\/schema\/person\/1f6b82847278ca8d344c472822b5b66f"},"headline":"Presos pol\u00edticos en Venezuela: el Foro Penal report\u00f3 454 detenidos, en medio de reclamos internacionales y familiares","datePublished":"2026-05-01T15:30:23+00:00","dateModified":"2026-05-01T15:30:23+00:00","mainEntityOfPage":{"@id":"https:\/\/thecitizenfortheworld.com\/?p=92186"},"wordCount":592,"commentCount":0,"publisher":{"@id":"https:\/\/thecitizenfortheworld.com\/#organization"},"articleSection":["Am\u00e9rica Latina","Pol\u00edtica"],"inLanguage":"es-CO","potentialAction":[{"@type":"CommentAction","name":"Comment","target":["https:\/\/thecitizenfortheworld.com\/?p=92186#respond"]}]},{"@type":"WebPage","@id":"https:\/\/thecitizenfortheworld.com\/?p=92186","url":"https:\/\/thecitizenfortheworld.com\/?p=92186","name":"Presos pol\u00edticos en Venezuela: el Foro Penal report\u00f3 454 detenidos, en medio de reclamos internacionales y familiares - The citizen for the world","isPartOf":{"@id":"https:\/\/thecitizenfortheworld.com\/#website"},"datePublished":"2026-05-01T15:30:23+00:00","dateModified":"2026-05-01T15:30:23+00:00","breadcrumb":{"@id":"https:\/\/thecitizenfortheworld.com\/?p=92186#breadcrumb"},"inLanguage":"es-CO","potentialAction":[{"@type":"ReadAction","target":["https:\/\/thecitizenfortheworld.com\/?p=92186"]}]},{"@type":"BreadcrumbList","@id":"https:\/\/thecitizenfortheworld.com\/?p=92186#breadcrumb","itemListElement":[{"@type":"ListItem","position":1,"name":"Inicio","item":"https:\/\/thecitizenfortheworld.com\/"},{"@type":"ListItem","position":2,"name":"Presos pol\u00edticos en Venezuela: el Foro Penal report\u00f3 454 detenidos, en medio de reclamos internacionales y familiares"}]},{"@type":"WebSite","@id":"https:\/\/thecitizenfortheworld.com\/#website","url":"https:\/\/thecitizenfortheworld.com\/","name":"The citizen for the world","description":"","publisher":{"@id":"https:\/\/thecitizenfortheworld.com\/#organization"},"potentialAction":[{"@type":"SearchAction","target":{"@type":"EntryPoint","urlTemplate":"https:\/\/thecitizenfortheworld.com\/?s={search_term_string}"},"query-input":"required name=search_term_string"}],"inLanguage":"es-CO"},{"@type":"Organization","@id":"https:\/\/thecitizenfortheworld.com\/#organization","name":"The citizen for the world","url":"https:\/\/thecitizenfortheworld.com\/","logo":{"@type":"ImageObject","inLanguage":"es-CO","@id":"https:\/\/thecitizenfortheworld.com\/#\/schema\/logo\/image\/","url":"https:\/\/thecitizenfortheworld.com\/wp-content\/uploads\/2023\/04\/cropped-the-citizens.png","contentUrl":"https:\/\/thecitizenfortheworld.com\/wp-content\/uploads\/2023\/04\/cropped-the-citizens.png","width":1135,"height":1302,"caption":"The citizen for the world"},"image":{"@id":"https:\/\/thecitizenfortheworld.com\/#\/schema\/logo\/image\/"},"sameAs":["https:\/\/www.facebook.com\/thecitizenfortheworld"]},{"@type":"Person","@id":"https:\/\/thecitizenfortheworld.com\/#\/schema\/person\/1f6b82847278ca8d344c472822b5b66f","name":"thecitizenfortheworld23@gmail.com","image":{"@type":"ImageObject","inLanguage":"es-CO","@id":"https:\/\/thecitizenfortheworld.com\/#\/schema\/person\/image\/","url":"https:\/\/secure.gravatar.com\/avatar\/fa0768c808e84d205962885f7091f34b?s=96&d=mm&r=pg","contentUrl":"https:\/\/secure.gravatar.com\/avatar\/fa0768c808e84d205962885f7091f34b?s=96&d=mm&r=pg","caption":"thecitizenfortheworld23@gmail.com"},"sameAs":["http:\/\/thecitizenfortheworld.com"],"url":"https:\/\/thecitizenfortheworld.com\/?author=1"}]}},"_links":{"self":[{"href":"https:\/\/thecitizenfortheworld.com\/index.php?rest_route=\/wp\/v2\/posts\/92186"}],"collection":[{"href":"https:\/\/thecitizenfortheworld.com\/index.php?rest_route=\/wp\/v2\/posts"}],"about":[{"href":"https:\/\/thecitizenfortheworld.com\/index.php?rest_route=\/wp\/v2\/types\/post"}],"author":[{"embeddable":true,"href":"https:\/\/thecitizenfortheworld.com\/index.php?rest_route=\/wp\/v2\/users\/1"}],"replies":[{"embeddable":true,"href":"https:\/\/thecitizenfortheworld.com\/index.php?rest_route=%2Fwp%2Fv2%2Fcomments&post=92186"}],"version-history":[{"count":1,"href":"https:\/\/thecitizenfortheworld.com\/index.php?rest_route=\/wp\/v2\/posts\/92186\/revisions"}],"predecessor-version":[{"id":92188,"href":"https:\/\/thecitizenfortheworld.com\/index.php?rest_route=\/wp\/v2\/posts\/92186\/revisions\/92188"}],"wp:featuredmedia":[{"embeddable":true,"href":"https:\/\/thecitizenfortheworld.com\/index.php?rest_route=\/wp\/v2\/media\/92187"}],"wp:attachment":[{"href":"https:\/\/thecitizenfortheworld.com\/index.php?rest_route=%2Fwp%2Fv2%2Fmedia&parent=92186"}],"wp:term":[{"taxonomy":"category","embeddable":true,"href":"https:\/\/thecitizenfortheworld.com\/index.php?rest_route=%2Fwp%2Fv2%2Fcategories&post=92186"},{"taxonomy":"post_tag","embeddable":true,"href":"https:\/\/thecitizenfortheworld.com\/index.php?rest_route=%2Fwp%2Fv2%2Ftags&post=92186"}],"curies":[{"name":"wp","href":"https:\/\/api.w.org\/{rel}","templated":true}]}}