{"id":92183,"date":"2026-05-01T09:57:35","date_gmt":"2026-05-01T14:57:35","guid":{"rendered":"https:\/\/thecitizenfortheworld.com\/?p=92183"},"modified":"2026-05-01T09:57:35","modified_gmt":"2026-05-01T14:57:35","slug":"el-presidente-del-cgt-senalo-al-gobierno-petro-de-instrumentar-el-dia-del-trabajo-y-de-convertirlo-en-un-escenario-de-campana-inaceptable","status":"publish","type":"post","link":"https:\/\/thecitizenfortheworld.com\/?p=92183","title":{"rendered":"El presidente del CGT se\u00f1al\u00f3 al Gobierno Petro de instrumentar el D\u00eda del Trabajo y de convertirlo en un escenario de campa\u00f1a: \u201cInaceptable\u201d"},"content":{"rendered":"<p class=\"article-subheadline text-align-left\">Jorge Iv\u00e1n Diez lament\u00f3 que los \u00faltimos a\u00f1os hayan visto una tendencia que considera perjudicial para la causa laboral<\/p>\n<p>La central sindical CGT lanz\u00f3 una advertencia a prop\u00f3sito del D\u00eda Internacional del Trabajo, alertando sobre el creciente uso pol\u00edtico de la conmemoraci\u00f3n.<\/p>\n<p>Su presidente, Jorge Iv\u00e1n Diez, lament\u00f3 que los \u00faltimos a\u00f1os hayan visto una tendencia que considera perjudicial para la causa laboral al afirmar: <b>\u201cLos trabajadores colombianos llevamos cuatro a\u00f1os en los que el 1 de mayo, D\u00eda Internacional del Trabajo, ha sido instrumentalizado por el Gobierno nacional como un acto de gesti\u00f3n de gobierno\u201d<\/b>.<\/p>\n<p>A la preocupaci\u00f3n por el protagonismo gubernamental, el dirigente sindical sum\u00f3 el llamado a la autonom\u00eda de los trabajadores frente a otras fuerzas pol\u00edticas y candidatos: \u201cTambi\u00e9n entonces un sector del sindicalismo colombiano ha invitado a un candidato en particular a la Plaza de Bol\u00edvar para que intervenga ante los trabajadores en la conmemoraci\u00f3n del D\u00eda Internacional del Trabajo\u201d, sostuvo Diez, rechazando esta pr\u00e1ctica.<\/p>\n<p>La cr\u00edtica no excluy\u00f3 a la figura del mandatario nacional, al que mencion\u00f3 de manera directa. <b>\u201cEl presidente Gustavo Petro va a la ciudad de Medell\u00edn para, en la conmemoraci\u00f3n, hacer otro acto de gobierno\u201d, denunci\u00f3 el titular de la CGT.<\/b><\/p>\n<p>Seg\u00fan Diez, \u201cestas actitudes son absolutamente inaceptables\u201d y sostuvo que el 1 de mayo es una fecha que debe pertenecer exclusivamente a los trabajadores, sin el protagonismo de pol\u00edticos, gobiernos ni campa\u00f1as.<\/p>\n<div class=\"visual__image\"><picture><source srcset=\"https:\/\/www.infobae.com\/resizer\/v2\/EPWS3MAIXFCW5I3AYHCXOWEKZE.jpeg?auth=85f12c820e855f353039c4c5f880895e53339758d06bb20f263a1851d2814652&amp;smart=true&amp;width=992&amp;height=523&amp;quality=85\" media=\"(min-width: 1000px)\" \/><source srcset=\"https:\/\/www.infobae.com\/resizer\/v2\/EPWS3MAIXFCW5I3AYHCXOWEKZE.jpeg?auth=85f12c820e855f353039c4c5f880895e53339758d06bb20f263a1851d2814652&amp;smart=true&amp;width=768&amp;height=405&amp;quality=85\" media=\"(min-width: 768px)\" \/><source srcset=\"https:\/\/www.infobae.com\/resizer\/v2\/EPWS3MAIXFCW5I3AYHCXOWEKZE.jpeg?auth=85f12c820e855f353039c4c5f880895e53339758d06bb20f263a1851d2814652&amp;smart=true&amp;width=577&amp;height=304&amp;quality=85\" media=\"(min-width: 580px)\" \/><source srcset=\"https:\/\/www.infobae.com\/resizer\/v2\/EPWS3MAIXFCW5I3AYHCXOWEKZE.jpeg?auth=85f12c820e855f353039c4c5f880895e53339758d06bb20f263a1851d2814652&amp;smart=true&amp;width=420&amp;height=222&amp;quality=85\" media=\"(min-width: 350px)\" \/><source srcset=\"https:\/\/www.infobae.com\/resizer\/v2\/EPWS3MAIXFCW5I3AYHCXOWEKZE.jpeg?auth=85f12c820e855f353039c4c5f880895e53339758d06bb20f263a1851d2814652&amp;smart=true&amp;width=350&amp;height=185&amp;quality=85\" media=\"(min-width: 80px)\" \/><img decoding=\"async\" loading=\"lazy\" class=\"global-image\" src=\"https:\/\/www.infobae.com\/resizer\/v2\/EPWS3MAIXFCW5I3AYHCXOWEKZE.jpeg?auth=85f12c820e855f353039c4c5f880895e53339758d06bb20f263a1851d2814652&amp;smart=true&amp;width=350&amp;height=185&amp;quality=85\" alt=\"Presidente de la Confederaci\u00f3n General de Trabajadores (CGT) sobre el D\u00eda Internacional del Trabajo - cr\u00e9dito CGT\" width=\"1600\" height=\"844\" \/><\/picture><em>Presidente de la Confederaci\u00f3n General de Trabajadores (CGT) sobre el D\u00eda Internacional del Trabajo &#8211; cr\u00e9dito CGT<\/em><\/div>\n<p class=\"paragraph\" data-mrf-recirculation=\"Links inline\">Finalmente, hizo un llamado para recuperar el sentido original de la jornada: \u201cInvitamos a los trabajadores desde la CGT Colombia, democr\u00e1tica e independiente, a conmemorar el d\u00eda a trav\u00e9s de actos culturales, eventos formativos y otro tipo de actividades, y a no permitir que los instrumentalicen en funci\u00f3n de actos de gobierno y de campa\u00f1as electorales\u201d, concluy\u00f3 el presidente de la CGT.<\/p>\n<h2 id=\"gustavo-petro-anuncio-que-intervendra-en-la-jornada-desde-medellin\" class=\"text-align-left vertical-align-top line-height-100 header headline-class-h2 headline\">Gustavo Petro anunci\u00f3 que intervendr\u00e1 en la jornada desde Medell\u00edn<\/h2>\n<p class=\"paragraph\" data-mrf-recirculation=\"Links inline\">Miles de personas se movilizar\u00e1n este 1 de mayo en Medell\u00edn durante las marchas organizadas por centrales obreras, sindicatos y docentes, evento que destaca este a\u00f1o por la confirmada presencia del presidente Gustavo Petro.<\/p>\n<div class=\"visual__image\"><picture><source srcset=\"https:\/\/www.infobae.com\/resizer\/v2\/FIJ5J7YBQZG6BO3ZV2HTNS7K7M.jpg?auth=850e220c2f6369034ce4520efb0c5a97cb62b852566c55f496c3fb2e2e42145d&amp;smart=true&amp;width=992&amp;height=662&amp;quality=85\" media=\"(min-width: 1000px)\" \/><source srcset=\"https:\/\/www.infobae.com\/resizer\/v2\/FIJ5J7YBQZG6BO3ZV2HTNS7K7M.jpg?auth=850e220c2f6369034ce4520efb0c5a97cb62b852566c55f496c3fb2e2e42145d&amp;smart=true&amp;width=768&amp;height=512&amp;quality=85\" media=\"(min-width: 768px)\" \/><source srcset=\"https:\/\/www.infobae.com\/resizer\/v2\/FIJ5J7YBQZG6BO3ZV2HTNS7K7M.jpg?auth=850e220c2f6369034ce4520efb0c5a97cb62b852566c55f496c3fb2e2e42145d&amp;smart=true&amp;width=577&amp;height=385&amp;quality=85\" media=\"(min-width: 580px)\" \/><source srcset=\"https:\/\/www.infobae.com\/resizer\/v2\/FIJ5J7YBQZG6BO3ZV2HTNS7K7M.jpg?auth=850e220c2f6369034ce4520efb0c5a97cb62b852566c55f496c3fb2e2e42145d&amp;smart=true&amp;width=420&amp;height=280&amp;quality=85\" media=\"(min-width: 350px)\" \/><source srcset=\"https:\/\/www.infobae.com\/resizer\/v2\/FIJ5J7YBQZG6BO3ZV2HTNS7K7M.jpg?auth=850e220c2f6369034ce4520efb0c5a97cb62b852566c55f496c3fb2e2e42145d&amp;smart=true&amp;width=350&amp;height=233&amp;quality=85\" media=\"(min-width: 80px)\" \/><img decoding=\"async\" loading=\"lazy\" class=\"global-image\" src=\"https:\/\/www.infobae.com\/resizer\/v2\/FIJ5J7YBQZG6BO3ZV2HTNS7K7M.jpg?auth=850e220c2f6369034ce4520efb0c5a97cb62b852566c55f496c3fb2e2e42145d&amp;smart=true&amp;width=350&amp;height=233&amp;quality=85\" alt=\"El presidente de Colombia, Gustavo Petro, llegar\u00e1 a Medell\u00edn para asisitir a la jornada del  de Mayo - cr\u00e9dito Mauricio Due\u00f1as Casta\u00f1eda\/EFE\n\" width=\"2627\" height=\"1752\" \/><\/picture><em>El presidente de Colombia, Gustavo Petro, llegar\u00e1 a Medell\u00edn para asisitir a la jornada del de Mayo &#8211; cr\u00e9dito Mauricio Due\u00f1as Casta\u00f1eda\/EFE<\/em><\/div>\n<p class=\"paragraph\" data-mrf-recirculation=\"Links inline\"><b>El jefe de Estado asistir\u00e1 a la Avenida San Juan, entre el Centro Administrativo La Alpujarra y el Parque de las Luces, donde se prev\u00e9 que ofrezca unas palabras alrededor de las 12:30 p. m.,<\/b> pero no participar\u00e1 del recorrido, detall\u00f3 el medio.<\/p>\n<p class=\"paragraph\" data-mrf-recirculation=\"Links inline\">En los preparativos, el secretario de Seguridad y Convivencia de Medell\u00edn, Manuel Villa, inform\u00f3 a <i>Blu Radio<\/i> que, aunque no habr\u00e1 gestores de seguridad en la manifestaci\u00f3n, el evento contar\u00e1 con un \u201camplio dispositivo de seguridad y de personal\u201d, enfocado en garantizar las condiciones para manifestantes y ciudadanos ajenos a la marcha. Villa precis\u00f3 que la decisi\u00f3n de excluir a los gestores de seguridad fue adoptada por la administraci\u00f3n local, no a solicitud del Gobierno nacional.<\/p>\n<p class=\"paragraph\" data-mrf-recirculation=\"Links inline\"><b>La masiva asistencia esperada ha sido atribuida a mensajes difundidos en grupos de WhatsApp, en los que se afirma que se ofrecen transporte y alimentos para participantes tanto de la marcha como del acto central al que acudir\u00e1 Petro. <\/b><\/p>\n<div class=\"visual__image\"><picture><img decoding=\"async\" loading=\"lazy\" class=\"global-image\" src=\"https:\/\/www.infobae.com\/resizer\/v2\/EGZXDOEAFZG7JBSFF3IHGZETHA.jpg?auth=3e9bce58a7bc3011e9bf9f706d37aaeca199731eb8aa60a8efeec2bb82e9cc92&amp;smart=true&amp;width=350&amp;height=233&amp;quality=85\" alt=\"Miles de personas se movilizar\u00e1n este 1 de mayo en Medell\u00edn durante las marchas organizadas por centrales obreras, sindicatos y docentes, evento que destaca este a\u00f1o por la confirmada presencia del presidente Gustavo Petro - cr\u00e9dito Mauricio Due\u00f1as Casta\u00f1eda\/EFE\n\" width=\"3969\" height=\"2646\" \/><\/picture><em>Miles de personas se movilizar\u00e1n este 1 de mayo en Medell\u00edn durante las marchas organizadas por centrales obreras, sindicatos y docentes, evento que destaca este a\u00f1o por la confirmada presencia del presidente Gustavo Petro &#8211; cr\u00e9dito Mauricio Due\u00f1as Casta\u00f1eda\/EFE<\/em><\/div>\n<p class=\"paragraph\" data-mrf-recirculation=\"Links inline\">El concejal Jos\u00e9 Luis Mar\u00edn (Pacto Hist\u00f3rico) declar\u00f3 a <i>Blu Radio<\/i> que en a\u00f1os anteriores asistieron m\u00e1s de 30.000 personas, pero estima que la cifra crecer\u00e1 en esta edici\u00f3n: \u201cEste primero de mayo estoy absolutamente seguro que va ser una manifestaci\u00f3n desbordante, much\u00edsima m\u00e1s gente, que demuestra tambi\u00e9n una transformaci\u00f3n pol\u00edtica y cultural que se est\u00e1 viviendo en Medell\u00edn, porque Medell\u00edn cada vez es m\u00e1s progresista\u201d.<\/p>\n<p class=\"paragraph\" data-mrf-recirculation=\"Links inline\">La expectativa en la ciudad es alta ante la llegada del mandatario, cuya visita anterior al Centro Administrativo La Alpujarra provoc\u00f3 debate p\u00fablico luego de su encuentro con cabecillas de bandas del Valle de Aburr\u00e1, hizo memoria el medio. En esta ocasi\u00f3n, ser\u00e1 el ministro del Trabajo, Antonio Sanguino, quien realizar\u00e1 los anuncios oficiales durante el evento, seg\u00fan confirmaron fuentes gubernamentales citadas por el mdeio de comunicaci\u00f3n.<\/p>\n<p data-mrf-recirculation=\"Links inline\">(<em>Con informaci\u00f3n de Infobae<\/em>)<\/p>\n","protected":false},"excerpt":{"rendered":"<p>Jorge Iv\u00e1n Diez lament\u00f3 que los \u00faltimos a\u00f1os hayan visto una tendencia que considera perjudicial para la causa laboral La central sindical CGT lanz\u00f3 una advertencia a prop\u00f3sito del D\u00eda Internacional del Trabajo, alertando sobre el creciente uso pol\u00edtico de la conmemoraci\u00f3n. Su presidente, Jorge Iv\u00e1n Diez, lament\u00f3 que los \u00faltimos a\u00f1os hayan visto una [&hellip;]<\/p>\n","protected":false},"author":1,"featured_media":92184,"comment_status":"open","ping_status":"open","sticky":false,"template":"","format":"standard","meta":{"om_disable_all_campaigns":false,"_mi_skip_tracking":false},"categories":[3,4],"tags":[],"yoast_head":"<!-- This site is optimized with the Yoast SEO plugin v20.5 - https:\/\/yoast.com\/wordpress\/plugins\/seo\/ -->\n<title>El presidente del CGT se\u00f1al\u00f3 al Gobierno Petro de instrumentar el D\u00eda del Trabajo y de convertirlo en un escenario de campa\u00f1a: \u201cInaceptable\u201d - The citizen for the world<\/title>\n<meta name=\"robots\" content=\"index, follow, max-snippet:-1, max-image-preview:large, max-video-preview:-1\" \/>\n<link rel=\"canonical\" href=\"https:\/\/thecitizenfortheworld.com\/?p=92183\" \/>\n<meta property=\"og:locale\" content=\"es_ES\" \/>\n<meta property=\"og:type\" content=\"article\" \/>\n<meta property=\"og:title\" content=\"El presidente del CGT se\u00f1al\u00f3 al Gobierno Petro de instrumentar el D\u00eda del Trabajo y de convertirlo en un escenario de campa\u00f1a: \u201cInaceptable\u201d - The citizen for the world\" \/>\n<meta property=\"og:description\" content=\"Jorge Iv\u00e1n Diez lament\u00f3 que los \u00faltimos a\u00f1os hayan visto una tendencia que considera perjudicial para la causa laboral La central sindical CGT lanz\u00f3 una advertencia a prop\u00f3sito del D\u00eda Internacional del Trabajo, alertando sobre el creciente uso pol\u00edtico de la conmemoraci\u00f3n. Su presidente, Jorge Iv\u00e1n Diez, lament\u00f3 que los \u00faltimos a\u00f1os hayan visto una [&hellip;]\" \/>\n<meta property=\"og:url\" content=\"https:\/\/thecitizenfortheworld.com\/?p=92183\" \/>\n<meta property=\"og:site_name\" content=\"The citizen for the world\" \/>\n<meta property=\"article:publisher\" content=\"https:\/\/www.facebook.com\/thecitizenfortheworld\" \/>\n<meta property=\"article:published_time\" content=\"2026-05-01T14:57:35+00:00\" \/>\n<meta property=\"og:image\" content=\"https:\/\/thecitizenfortheworld.com\/wp-content\/uploads\/2026\/05\/CGT.jpg\" \/>\n\t<meta property=\"og:image:width\" content=\"992\" \/>\n\t<meta property=\"og:image:height\" content=\"523\" \/>\n\t<meta property=\"og:image:type\" content=\"image\/jpeg\" \/>\n<meta name=\"author\" content=\"thecitizenfortheworld23@gmail.com\" \/>\n<meta name=\"twitter:card\" content=\"summary_large_image\" \/>\n<meta name=\"twitter:label1\" content=\"Escrito por\" \/>\n\t<meta name=\"twitter:data1\" content=\"thecitizenfortheworld23@gmail.com\" \/>\n\t<meta name=\"twitter:label2\" content=\"Tiempo estimado de lectura\" \/>\n\t<meta name=\"twitter:data2\" content=\"4 minutos\" \/>\n<script type=\"application\/ld+json\" class=\"yoast-schema-graph\">{\"@context\":\"https:\/\/schema.org\",\"@graph\":[{\"@type\":\"Article\",\"@id\":\"https:\/\/thecitizenfortheworld.com\/?p=92183#article\",\"isPartOf\":{\"@id\":\"https:\/\/thecitizenfortheworld.com\/?p=92183\"},\"author\":{\"name\":\"thecitizenfortheworld23@gmail.com\",\"@id\":\"https:\/\/thecitizenfortheworld.com\/#\/schema\/person\/1f6b82847278ca8d344c472822b5b66f\"},\"headline\":\"El presidente del CGT se\u00f1al\u00f3 al Gobierno Petro de instrumentar el D\u00eda del Trabajo y de convertirlo en un escenario de campa\u00f1a: \u201cInaceptable\u201d\",\"datePublished\":\"2026-05-01T14:57:35+00:00\",\"dateModified\":\"2026-05-01T14:57:35+00:00\",\"mainEntityOfPage\":{\"@id\":\"https:\/\/thecitizenfortheworld.com\/?p=92183\"},\"wordCount\":804,\"commentCount\":0,\"publisher\":{\"@id\":\"https:\/\/thecitizenfortheworld.com\/#organization\"},\"articleSection\":[\"Am\u00e9rica Latina\",\"Pol\u00edtica\"],\"inLanguage\":\"es-CO\",\"potentialAction\":[{\"@type\":\"CommentAction\",\"name\":\"Comment\",\"target\":[\"https:\/\/thecitizenfortheworld.com\/?p=92183#respond\"]}]},{\"@type\":\"WebPage\",\"@id\":\"https:\/\/thecitizenfortheworld.com\/?p=92183\",\"url\":\"https:\/\/thecitizenfortheworld.com\/?p=92183\",\"name\":\"El presidente del CGT se\u00f1al\u00f3 al Gobierno Petro de instrumentar el D\u00eda del Trabajo y de convertirlo en un escenario de campa\u00f1a: \u201cInaceptable\u201d - The citizen for the world\",\"isPartOf\":{\"@id\":\"https:\/\/thecitizenfortheworld.com\/#website\"},\"datePublished\":\"2026-05-01T14:57:35+00:00\",\"dateModified\":\"2026-05-01T14:57:35+00:00\",\"breadcrumb\":{\"@id\":\"https:\/\/thecitizenfortheworld.com\/?p=92183#breadcrumb\"},\"inLanguage\":\"es-CO\",\"potentialAction\":[{\"@type\":\"ReadAction\",\"target\":[\"https:\/\/thecitizenfortheworld.com\/?p=92183\"]}]},{\"@type\":\"BreadcrumbList\",\"@id\":\"https:\/\/thecitizenfortheworld.com\/?p=92183#breadcrumb\",\"itemListElement\":[{\"@type\":\"ListItem\",\"position\":1,\"name\":\"Inicio\",\"item\":\"https:\/\/thecitizenfortheworld.com\/\"},{\"@type\":\"ListItem\",\"position\":2,\"name\":\"El presidente del CGT se\u00f1al\u00f3 al Gobierno Petro de instrumentar el D\u00eda del Trabajo y de convertirlo en un escenario de campa\u00f1a: \u201cInaceptable\u201d\"}]},{\"@type\":\"WebSite\",\"@id\":\"https:\/\/thecitizenfortheworld.com\/#website\",\"url\":\"https:\/\/thecitizenfortheworld.com\/\",\"name\":\"The citizen for the world\",\"description\":\"\",\"publisher\":{\"@id\":\"https:\/\/thecitizenfortheworld.com\/#organization\"},\"potentialAction\":[{\"@type\":\"SearchAction\",\"target\":{\"@type\":\"EntryPoint\",\"urlTemplate\":\"https:\/\/thecitizenfortheworld.com\/?s={search_term_string}\"},\"query-input\":\"required name=search_term_string\"}],\"inLanguage\":\"es-CO\"},{\"@type\":\"Organization\",\"@id\":\"https:\/\/thecitizenfortheworld.com\/#organization\",\"name\":\"The citizen for the world\",\"url\":\"https:\/\/thecitizenfortheworld.com\/\",\"logo\":{\"@type\":\"ImageObject\",\"inLanguage\":\"es-CO\",\"@id\":\"https:\/\/thecitizenfortheworld.com\/#\/schema\/logo\/image\/\",\"url\":\"https:\/\/thecitizenfortheworld.com\/wp-content\/uploads\/2023\/04\/cropped-the-citizens.png\",\"contentUrl\":\"https:\/\/thecitizenfortheworld.com\/wp-content\/uploads\/2023\/04\/cropped-the-citizens.png\",\"width\":1135,\"height\":1302,\"caption\":\"The citizen for the world\"},\"image\":{\"@id\":\"https:\/\/thecitizenfortheworld.com\/#\/schema\/logo\/image\/\"},\"sameAs\":[\"https:\/\/www.facebook.com\/thecitizenfortheworld\"]},{\"@type\":\"Person\",\"@id\":\"https:\/\/thecitizenfortheworld.com\/#\/schema\/person\/1f6b82847278ca8d344c472822b5b66f\",\"name\":\"thecitizenfortheworld23@gmail.com\",\"image\":{\"@type\":\"ImageObject\",\"inLanguage\":\"es-CO\",\"@id\":\"https:\/\/thecitizenfortheworld.com\/#\/schema\/person\/image\/\",\"url\":\"https:\/\/secure.gravatar.com\/avatar\/fa0768c808e84d205962885f7091f34b?s=96&d=mm&r=pg\",\"contentUrl\":\"https:\/\/secure.gravatar.com\/avatar\/fa0768c808e84d205962885f7091f34b?s=96&d=mm&r=pg\",\"caption\":\"thecitizenfortheworld23@gmail.com\"},\"sameAs\":[\"http:\/\/thecitizenfortheworld.com\"],\"url\":\"https:\/\/thecitizenfortheworld.com\/?author=1\"}]}<\/script>\n<!-- \/ Yoast SEO plugin. -->","yoast_head_json":{"title":"El presidente del CGT se\u00f1al\u00f3 al Gobierno Petro de instrumentar el D\u00eda del Trabajo y de convertirlo en un escenario de campa\u00f1a: \u201cInaceptable\u201d - The citizen for the world","robots":{"index":"index","follow":"follow","max-snippet":"max-snippet:-1","max-image-preview":"max-image-preview:large","max-video-preview":"max-video-preview:-1"},"canonical":"https:\/\/thecitizenfortheworld.com\/?p=92183","og_locale":"es_ES","og_type":"article","og_title":"El presidente del CGT se\u00f1al\u00f3 al Gobierno Petro de instrumentar el D\u00eda del Trabajo y de convertirlo en un escenario de campa\u00f1a: \u201cInaceptable\u201d - The citizen for the world","og_description":"Jorge Iv\u00e1n Diez lament\u00f3 que los \u00faltimos a\u00f1os hayan visto una tendencia que considera perjudicial para la causa laboral La central sindical CGT lanz\u00f3 una advertencia a prop\u00f3sito del D\u00eda Internacional del Trabajo, alertando sobre el creciente uso pol\u00edtico de la conmemoraci\u00f3n. Su presidente, Jorge Iv\u00e1n Diez, lament\u00f3 que los \u00faltimos a\u00f1os hayan visto una [&hellip;]","og_url":"https:\/\/thecitizenfortheworld.com\/?p=92183","og_site_name":"The citizen for the world","article_publisher":"https:\/\/www.facebook.com\/thecitizenfortheworld","article_published_time":"2026-05-01T14:57:35+00:00","og_image":[{"width":992,"height":523,"url":"https:\/\/thecitizenfortheworld.com\/wp-content\/uploads\/2026\/05\/CGT.jpg","type":"image\/jpeg"}],"author":"thecitizenfortheworld23@gmail.com","twitter_card":"summary_large_image","twitter_misc":{"Escrito por":"thecitizenfortheworld23@gmail.com","Tiempo estimado de lectura":"4 minutos"},"schema":{"@context":"https:\/\/schema.org","@graph":[{"@type":"Article","@id":"https:\/\/thecitizenfortheworld.com\/?p=92183#article","isPartOf":{"@id":"https:\/\/thecitizenfortheworld.com\/?p=92183"},"author":{"name":"thecitizenfortheworld23@gmail.com","@id":"https:\/\/thecitizenfortheworld.com\/#\/schema\/person\/1f6b82847278ca8d344c472822b5b66f"},"headline":"El presidente del CGT se\u00f1al\u00f3 al Gobierno Petro de instrumentar el D\u00eda del Trabajo y de convertirlo en un escenario de campa\u00f1a: \u201cInaceptable\u201d","datePublished":"2026-05-01T14:57:35+00:00","dateModified":"2026-05-01T14:57:35+00:00","mainEntityOfPage":{"@id":"https:\/\/thecitizenfortheworld.com\/?p=92183"},"wordCount":804,"commentCount":0,"publisher":{"@id":"https:\/\/thecitizenfortheworld.com\/#organization"},"articleSection":["Am\u00e9rica Latina","Pol\u00edtica"],"inLanguage":"es-CO","potentialAction":[{"@type":"CommentAction","name":"Comment","target":["https:\/\/thecitizenfortheworld.com\/?p=92183#respond"]}]},{"@type":"WebPage","@id":"https:\/\/thecitizenfortheworld.com\/?p=92183","url":"https:\/\/thecitizenfortheworld.com\/?p=92183","name":"El presidente del CGT se\u00f1al\u00f3 al Gobierno Petro de instrumentar el D\u00eda del Trabajo y de convertirlo en un escenario de campa\u00f1a: \u201cInaceptable\u201d - The citizen for the world","isPartOf":{"@id":"https:\/\/thecitizenfortheworld.com\/#website"},"datePublished":"2026-05-01T14:57:35+00:00","dateModified":"2026-05-01T14:57:35+00:00","breadcrumb":{"@id":"https:\/\/thecitizenfortheworld.com\/?p=92183#breadcrumb"},"inLanguage":"es-CO","potentialAction":[{"@type":"ReadAction","target":["https:\/\/thecitizenfortheworld.com\/?p=92183"]}]},{"@type":"BreadcrumbList","@id":"https:\/\/thecitizenfortheworld.com\/?p=92183#breadcrumb","itemListElement":[{"@type":"ListItem","position":1,"name":"Inicio","item":"https:\/\/thecitizenfortheworld.com\/"},{"@type":"ListItem","position":2,"name":"El presidente del CGT se\u00f1al\u00f3 al Gobierno Petro de instrumentar el D\u00eda del Trabajo y de convertirlo en un escenario de campa\u00f1a: \u201cInaceptable\u201d"}]},{"@type":"WebSite","@id":"https:\/\/thecitizenfortheworld.com\/#website","url":"https:\/\/thecitizenfortheworld.com\/","name":"The citizen for the world","description":"","publisher":{"@id":"https:\/\/thecitizenfortheworld.com\/#organization"},"potentialAction":[{"@type":"SearchAction","target":{"@type":"EntryPoint","urlTemplate":"https:\/\/thecitizenfortheworld.com\/?s={search_term_string}"},"query-input":"required name=search_term_string"}],"inLanguage":"es-CO"},{"@type":"Organization","@id":"https:\/\/thecitizenfortheworld.com\/#organization","name":"The citizen for the world","url":"https:\/\/thecitizenfortheworld.com\/","logo":{"@type":"ImageObject","inLanguage":"es-CO","@id":"https:\/\/thecitizenfortheworld.com\/#\/schema\/logo\/image\/","url":"https:\/\/thecitizenfortheworld.com\/wp-content\/uploads\/2023\/04\/cropped-the-citizens.png","contentUrl":"https:\/\/thecitizenfortheworld.com\/wp-content\/uploads\/2023\/04\/cropped-the-citizens.png","width":1135,"height":1302,"caption":"The citizen for the world"},"image":{"@id":"https:\/\/thecitizenfortheworld.com\/#\/schema\/logo\/image\/"},"sameAs":["https:\/\/www.facebook.com\/thecitizenfortheworld"]},{"@type":"Person","@id":"https:\/\/thecitizenfortheworld.com\/#\/schema\/person\/1f6b82847278ca8d344c472822b5b66f","name":"thecitizenfortheworld23@gmail.com","image":{"@type":"ImageObject","inLanguage":"es-CO","@id":"https:\/\/thecitizenfortheworld.com\/#\/schema\/person\/image\/","url":"https:\/\/secure.gravatar.com\/avatar\/fa0768c808e84d205962885f7091f34b?s=96&d=mm&r=pg","contentUrl":"https:\/\/secure.gravatar.com\/avatar\/fa0768c808e84d205962885f7091f34b?s=96&d=mm&r=pg","caption":"thecitizenfortheworld23@gmail.com"},"sameAs":["http:\/\/thecitizenfortheworld.com"],"url":"https:\/\/thecitizenfortheworld.com\/?author=1"}]}},"_links":{"self":[{"href":"https:\/\/thecitizenfortheworld.com\/index.php?rest_route=\/wp\/v2\/posts\/92183"}],"collection":[{"href":"https:\/\/thecitizenfortheworld.com\/index.php?rest_route=\/wp\/v2\/posts"}],"about":[{"href":"https:\/\/thecitizenfortheworld.com\/index.php?rest_route=\/wp\/v2\/types\/post"}],"author":[{"embeddable":true,"href":"https:\/\/thecitizenfortheworld.com\/index.php?rest_route=\/wp\/v2\/users\/1"}],"replies":[{"embeddable":true,"href":"https:\/\/thecitizenfortheworld.com\/index.php?rest_route=%2Fwp%2Fv2%2Fcomments&post=92183"}],"version-history":[{"count":1,"href":"https:\/\/thecitizenfortheworld.com\/index.php?rest_route=\/wp\/v2\/posts\/92183\/revisions"}],"predecessor-version":[{"id":92185,"href":"https:\/\/thecitizenfortheworld.com\/index.php?rest_route=\/wp\/v2\/posts\/92183\/revisions\/92185"}],"wp:featuredmedia":[{"embeddable":true,"href":"https:\/\/thecitizenfortheworld.com\/index.php?rest_route=\/wp\/v2\/media\/92184"}],"wp:attachment":[{"href":"https:\/\/thecitizenfortheworld.com\/index.php?rest_route=%2Fwp%2Fv2%2Fmedia&parent=92183"}],"wp:term":[{"taxonomy":"category","embeddable":true,"href":"https:\/\/thecitizenfortheworld.com\/index.php?rest_route=%2Fwp%2Fv2%2Fcategories&post=92183"},{"taxonomy":"post_tag","embeddable":true,"href":"https:\/\/thecitizenfortheworld.com\/index.php?rest_route=%2Fwp%2Fv2%2Ftags&post=92183"}],"curies":[{"name":"wp","href":"https:\/\/api.w.org\/{rel}","templated":true}]}}