{"id":92177,"date":"2026-05-01T09:37:32","date_gmt":"2026-05-01T14:37:32","guid":{"rendered":"https:\/\/thecitizenfortheworld.com\/?p=92177"},"modified":"2026-05-01T09:37:32","modified_gmt":"2026-05-01T14:37:32","slug":"la-fuerza-multinacional-antiyihadista-bombardeo-mali-tras-los-ataques-rebeldes-que-exigen-la-retirada-de-mercenarios-rusos","status":"publish","type":"post","link":"https:\/\/thecitizenfortheworld.com\/?p=92177","title":{"rendered":"La Fuerza multinacional antiyihadista bombarde\u00f3 Mali tras los ataques rebeldes que exigen la retirada de mercenarios rusos"},"content":{"rendered":"<p class=\"article-subheadline text-align-left\">N\u00edger, Burkina Faso y la propia Mali, todos gobernados por juntas militares surgidas de golpes de Estado, crearon una fuerza conjunta contra las milicias de tuaregs separatistas y las filiales del ISIS y Al Qaeda<\/p>\n<p>La fuerza unificada de N\u00edger, Burkina Faso y Mal\u00ed llev\u00f3 a cabo \u201cintensas campa\u00f1as a\u00e9reas\u201d en el norte de ese \u00faltimo pa\u00eds africano, tras los ataques del s\u00e1bado de yihadistas y rebeldes separatistas tuaregs contra la junta en el poder, inform\u00f3 el jueves el gobierno nigerino.<\/p>\n<p><b>Los ataques del pasado fin de semana causaron, entre otras cosas, la muerte del ministro de Defensa maliense<\/b> y la toma de la ciudad clave de Kidal, en el norte de Mal\u00ed, socio de N\u00edger y Burkina Faso dentro de la confederaci\u00f3n de la Alianza de Estados del Sahel (AES).<\/p>\n<p>Los tres pa\u00edses, todos gobernados por juntas militares surgidas de golpes de Estado entre 2020 y 2023, crearon una fuerza conjunta de 5.000 hombres contra los \u201cgrupos terroristas\u201d, que se ampli\u00f3 a 15.000 a mediados de abril.<\/p>\n<p>Las autoridades nigerinas <b>\u201ccelebran (&#8230;) la r\u00e1pida y en\u00e9rgica reacci\u00f3n de las unidades de la fuerza unificada (&#8230;) que llevaron a cabo intensas campa\u00f1as a\u00e9reas en las horas posteriores a los cobardes ataques del 25 de abril de 2026 en Gao, M\u00e9naka y Kidal\u201d,<\/b> indic\u00f3 el jueves por la noche el gobierno, al t\u00e9rmino de un Consejo de Ministros.<\/p>\n<p>El portavoz de los rebeldes tuaregs malienses del Frente de Liberaci\u00f3n de Azawad (FLA),<b> Mohamed Elmaouloud Ramadane<\/b>, hab\u00eda pedido a Burkina y a N\u00edger \u201cque se mantuvieran al margen de los acontecimientos que se est\u00e1n desarrollando en Mal\u00ed\u201d, pocas horas despu\u00e9s del inicio de los ataques del fin de semana.<\/p>\n<div class=\"visual__image\"><picture><source srcset=\"https:\/\/www.infobae.com\/resizer\/v2\/ADVF5ITKCVEJZGJZI3WEE3XASY.JPG?auth=a2e1274805be5539f5c3c3ca161dceae78b06706634aeba5150943f8222bfc2d&amp;smart=true&amp;width=992&amp;height=662&amp;quality=85\" media=\"(min-width: 1000px)\" \/><source srcset=\"https:\/\/www.infobae.com\/resizer\/v2\/ADVF5ITKCVEJZGJZI3WEE3XASY.JPG?auth=a2e1274805be5539f5c3c3ca161dceae78b06706634aeba5150943f8222bfc2d&amp;smart=true&amp;width=768&amp;height=512&amp;quality=85\" media=\"(min-width: 768px)\" \/><source srcset=\"https:\/\/www.infobae.com\/resizer\/v2\/ADVF5ITKCVEJZGJZI3WEE3XASY.JPG?auth=a2e1274805be5539f5c3c3ca161dceae78b06706634aeba5150943f8222bfc2d&amp;smart=true&amp;width=577&amp;height=385&amp;quality=85\" media=\"(min-width: 580px)\" \/><source srcset=\"https:\/\/www.infobae.com\/resizer\/v2\/ADVF5ITKCVEJZGJZI3WEE3XASY.JPG?auth=a2e1274805be5539f5c3c3ca161dceae78b06706634aeba5150943f8222bfc2d&amp;smart=true&amp;width=420&amp;height=280&amp;quality=85\" media=\"(min-width: 350px)\" \/><source srcset=\"https:\/\/www.infobae.com\/resizer\/v2\/ADVF5ITKCVEJZGJZI3WEE3XASY.JPG?auth=a2e1274805be5539f5c3c3ca161dceae78b06706634aeba5150943f8222bfc2d&amp;smart=true&amp;width=350&amp;height=233&amp;quality=85\" media=\"(min-width: 80px)\" \/><img decoding=\"async\" loading=\"lazy\" class=\"global-image\" src=\"https:\/\/www.infobae.com\/resizer\/v2\/ADVF5ITKCVEJZGJZI3WEE3XASY.JPG?auth=a2e1274805be5539f5c3c3ca161dceae78b06706634aeba5150943f8222bfc2d&amp;smart=true&amp;width=350&amp;height=233&amp;quality=85\" alt=\"El primer ministro maliense, Abdoulaye Maiga, y el presidente del Parlamento, Malick Diaw, asisten al funeral de Estado del ministro de Defensa, Sadio Camara, quien falleci\u00f3 cuando cuatro terroristas suicidas estrellaron un coche bomba contra su residencia en Bamako, Mal\u00ed, el 30 de abril de 2026. Presidencia de Mal\u00ed v\u00eda Facebook \/ Imagen cedida v\u00eda REUTERS\" width=\"2048\" height=\"1366\" \/><\/picture><em>El primer ministro maliense, Abdoulaye Maiga, y el presidente del Parlamento, Malick Diaw, asisten al funeral de Estado del ministro de Defensa, Sadio Camara, quien falleci\u00f3 cuando cuatro terroristas suicidas estrellaron un coche bomba contra su residencia en Bamako, Mal\u00ed, el 30 de abril de 2026. Presidencia de Mal\u00ed v\u00eda Facebook \/ Imagen cedida v\u00eda REUTERS<\/em><\/div>\n<p class=\"paragraph\" data-mrf-recirculation=\"Links inline\">El jueves, el ministro de Guerra y Defensa de Burkina, el general C\u00e9lestin Simpor\u00e9, prometi\u00f3 en nombre de la AES \u201cperseguir\u201d hasta \u201csu \u00faltimo reducto a los asesinos\u201d del ministro de Defensa maliense, durante su funeral en Bamako, la capital de Mal\u00ed.<\/p>\n<p class=\"paragraph\" data-mrf-recirculation=\"Links inline\">El mismo d\u00eda, un millar de personas se reunieron en Niamey, la capital de N\u00edger, para expresar su \u201csolidaridad con el pueblo maliense\u201d ante el llamado de organizaciones de la sociedad civil, seg\u00fan im\u00e1genes del evento transmitidas en vivo en las redes sociales.<\/p>\n<p class=\"paragraph\" data-mrf-recirculation=\"Links inline\">Las autoridades nigerinas acusaron adem\u00e1s el jueves por la noche a potencias extranjeras, entre las que destaca Francia, de patrocinar los ataques del s\u00e1bado en Mal\u00ed.<\/p>\n<p class=\"paragraph\" data-mrf-recirculation=\"Links inline\">N\u00edger acusa regularmente a Francia de querer desestabilizarlo, lo que Par\u00eds siempre ha negado.<\/p>\n<p class=\"paragraph\" data-mrf-recirculation=\"Links inline\">Las autoridades nigerinas cancelaron los tradicionales desfiles del 1 de mayo en todo el pa\u00eds por razones de seguridad.<\/p>\n<p data-mrf-recirculation=\"Links inline\"><i>(Con informaci\u00f3n de AFP)<\/i><\/p>\n<p>&nbsp;<\/p>\n","protected":false},"excerpt":{"rendered":"<p>N\u00edger, Burkina Faso y la propia Mali, todos gobernados por juntas militares surgidas de golpes de Estado, crearon una fuerza conjunta contra las milicias de tuaregs separatistas y las filiales del ISIS y Al Qaeda La fuerza unificada de N\u00edger, Burkina Faso y Mal\u00ed llev\u00f3 a cabo \u201cintensas campa\u00f1as a\u00e9reas\u201d en el norte de ese [&hellip;]<\/p>\n","protected":false},"author":1,"featured_media":92178,"comment_status":"open","ping_status":"open","sticky":false,"template":"","format":"standard","meta":{"om_disable_all_campaigns":false,"_mi_skip_tracking":false},"categories":[2,4],"tags":[],"yoast_head":"<!-- This site is optimized with the Yoast SEO plugin v20.5 - https:\/\/yoast.com\/wordpress\/plugins\/seo\/ -->\n<title>La Fuerza multinacional antiyihadista bombarde\u00f3 Mali tras los ataques rebeldes que exigen la retirada de mercenarios rusos - The citizen for the world<\/title>\n<meta name=\"robots\" content=\"index, follow, max-snippet:-1, max-image-preview:large, max-video-preview:-1\" \/>\n<link rel=\"canonical\" href=\"https:\/\/thecitizenfortheworld.com\/?p=92177\" \/>\n<meta property=\"og:locale\" content=\"es_ES\" \/>\n<meta property=\"og:type\" content=\"article\" \/>\n<meta property=\"og:title\" content=\"La Fuerza multinacional antiyihadista bombarde\u00f3 Mali tras los ataques rebeldes que exigen la retirada de mercenarios rusos - The citizen for the world\" \/>\n<meta property=\"og:description\" content=\"N\u00edger, Burkina Faso y la propia Mali, todos gobernados por juntas militares surgidas de golpes de Estado, crearon una fuerza conjunta contra las milicias de tuaregs separatistas y las filiales del ISIS y Al Qaeda La fuerza unificada de N\u00edger, Burkina Faso y Mal\u00ed llev\u00f3 a cabo \u201cintensas campa\u00f1as a\u00e9reas\u201d en el norte de ese [&hellip;]\" \/>\n<meta property=\"og:url\" content=\"https:\/\/thecitizenfortheworld.com\/?p=92177\" \/>\n<meta property=\"og:site_name\" content=\"The citizen for the world\" \/>\n<meta property=\"article:publisher\" content=\"https:\/\/www.facebook.com\/thecitizenfortheworld\" \/>\n<meta property=\"article:published_time\" content=\"2026-05-01T14:37:32+00:00\" \/>\n<meta property=\"og:image\" content=\"https:\/\/thecitizenfortheworld.com\/wp-content\/uploads\/2026\/05\/Burkina.jpg\" \/>\n\t<meta property=\"og:image:width\" content=\"992\" \/>\n\t<meta property=\"og:image:height\" content=\"661\" \/>\n\t<meta property=\"og:image:type\" content=\"image\/jpeg\" \/>\n<meta name=\"author\" content=\"thecitizenfortheworld23@gmail.com\" \/>\n<meta name=\"twitter:card\" content=\"summary_large_image\" \/>\n<meta name=\"twitter:label1\" content=\"Escrito por\" \/>\n\t<meta name=\"twitter:data1\" content=\"thecitizenfortheworld23@gmail.com\" \/>\n\t<meta name=\"twitter:label2\" content=\"Tiempo estimado de lectura\" \/>\n\t<meta name=\"twitter:data2\" content=\"3 minutos\" \/>\n<script type=\"application\/ld+json\" class=\"yoast-schema-graph\">{\"@context\":\"https:\/\/schema.org\",\"@graph\":[{\"@type\":\"Article\",\"@id\":\"https:\/\/thecitizenfortheworld.com\/?p=92177#article\",\"isPartOf\":{\"@id\":\"https:\/\/thecitizenfortheworld.com\/?p=92177\"},\"author\":{\"name\":\"thecitizenfortheworld23@gmail.com\",\"@id\":\"https:\/\/thecitizenfortheworld.com\/#\/schema\/person\/1f6b82847278ca8d344c472822b5b66f\"},\"headline\":\"La Fuerza multinacional antiyihadista bombarde\u00f3 Mali tras los ataques rebeldes que exigen la retirada de mercenarios rusos\",\"datePublished\":\"2026-05-01T14:37:32+00:00\",\"dateModified\":\"2026-05-01T14:37:32+00:00\",\"mainEntityOfPage\":{\"@id\":\"https:\/\/thecitizenfortheworld.com\/?p=92177\"},\"wordCount\":521,\"commentCount\":0,\"publisher\":{\"@id\":\"https:\/\/thecitizenfortheworld.com\/#organization\"},\"articleSection\":[\"Internacionales\",\"Pol\u00edtica\"],\"inLanguage\":\"es-CO\",\"potentialAction\":[{\"@type\":\"CommentAction\",\"name\":\"Comment\",\"target\":[\"https:\/\/thecitizenfortheworld.com\/?p=92177#respond\"]}]},{\"@type\":\"WebPage\",\"@id\":\"https:\/\/thecitizenfortheworld.com\/?p=92177\",\"url\":\"https:\/\/thecitizenfortheworld.com\/?p=92177\",\"name\":\"La Fuerza multinacional antiyihadista bombarde\u00f3 Mali tras los ataques rebeldes que exigen la retirada de mercenarios rusos - The citizen for the world\",\"isPartOf\":{\"@id\":\"https:\/\/thecitizenfortheworld.com\/#website\"},\"datePublished\":\"2026-05-01T14:37:32+00:00\",\"dateModified\":\"2026-05-01T14:37:32+00:00\",\"breadcrumb\":{\"@id\":\"https:\/\/thecitizenfortheworld.com\/?p=92177#breadcrumb\"},\"inLanguage\":\"es-CO\",\"potentialAction\":[{\"@type\":\"ReadAction\",\"target\":[\"https:\/\/thecitizenfortheworld.com\/?p=92177\"]}]},{\"@type\":\"BreadcrumbList\",\"@id\":\"https:\/\/thecitizenfortheworld.com\/?p=92177#breadcrumb\",\"itemListElement\":[{\"@type\":\"ListItem\",\"position\":1,\"name\":\"Inicio\",\"item\":\"https:\/\/thecitizenfortheworld.com\/\"},{\"@type\":\"ListItem\",\"position\":2,\"name\":\"La Fuerza multinacional antiyihadista bombarde\u00f3 Mali tras los ataques rebeldes que exigen la retirada de mercenarios rusos\"}]},{\"@type\":\"WebSite\",\"@id\":\"https:\/\/thecitizenfortheworld.com\/#website\",\"url\":\"https:\/\/thecitizenfortheworld.com\/\",\"name\":\"The citizen for the world\",\"description\":\"\",\"publisher\":{\"@id\":\"https:\/\/thecitizenfortheworld.com\/#organization\"},\"potentialAction\":[{\"@type\":\"SearchAction\",\"target\":{\"@type\":\"EntryPoint\",\"urlTemplate\":\"https:\/\/thecitizenfortheworld.com\/?s={search_term_string}\"},\"query-input\":\"required name=search_term_string\"}],\"inLanguage\":\"es-CO\"},{\"@type\":\"Organization\",\"@id\":\"https:\/\/thecitizenfortheworld.com\/#organization\",\"name\":\"The citizen for the world\",\"url\":\"https:\/\/thecitizenfortheworld.com\/\",\"logo\":{\"@type\":\"ImageObject\",\"inLanguage\":\"es-CO\",\"@id\":\"https:\/\/thecitizenfortheworld.com\/#\/schema\/logo\/image\/\",\"url\":\"https:\/\/thecitizenfortheworld.com\/wp-content\/uploads\/2023\/04\/cropped-the-citizens.png\",\"contentUrl\":\"https:\/\/thecitizenfortheworld.com\/wp-content\/uploads\/2023\/04\/cropped-the-citizens.png\",\"width\":1135,\"height\":1302,\"caption\":\"The citizen for the world\"},\"image\":{\"@id\":\"https:\/\/thecitizenfortheworld.com\/#\/schema\/logo\/image\/\"},\"sameAs\":[\"https:\/\/www.facebook.com\/thecitizenfortheworld\"]},{\"@type\":\"Person\",\"@id\":\"https:\/\/thecitizenfortheworld.com\/#\/schema\/person\/1f6b82847278ca8d344c472822b5b66f\",\"name\":\"thecitizenfortheworld23@gmail.com\",\"image\":{\"@type\":\"ImageObject\",\"inLanguage\":\"es-CO\",\"@id\":\"https:\/\/thecitizenfortheworld.com\/#\/schema\/person\/image\/\",\"url\":\"https:\/\/secure.gravatar.com\/avatar\/fa0768c808e84d205962885f7091f34b?s=96&d=mm&r=pg\",\"contentUrl\":\"https:\/\/secure.gravatar.com\/avatar\/fa0768c808e84d205962885f7091f34b?s=96&d=mm&r=pg\",\"caption\":\"thecitizenfortheworld23@gmail.com\"},\"sameAs\":[\"http:\/\/thecitizenfortheworld.com\"],\"url\":\"https:\/\/thecitizenfortheworld.com\/?author=1\"}]}<\/script>\n<!-- \/ Yoast SEO plugin. -->","yoast_head_json":{"title":"La Fuerza multinacional antiyihadista bombarde\u00f3 Mali tras los ataques rebeldes que exigen la retirada de mercenarios rusos - The citizen for the world","robots":{"index":"index","follow":"follow","max-snippet":"max-snippet:-1","max-image-preview":"max-image-preview:large","max-video-preview":"max-video-preview:-1"},"canonical":"https:\/\/thecitizenfortheworld.com\/?p=92177","og_locale":"es_ES","og_type":"article","og_title":"La Fuerza multinacional antiyihadista bombarde\u00f3 Mali tras los ataques rebeldes que exigen la retirada de mercenarios rusos - The citizen for the world","og_description":"N\u00edger, Burkina Faso y la propia Mali, todos gobernados por juntas militares surgidas de golpes de Estado, crearon una fuerza conjunta contra las milicias de tuaregs separatistas y las filiales del ISIS y Al Qaeda La fuerza unificada de N\u00edger, Burkina Faso y Mal\u00ed llev\u00f3 a cabo \u201cintensas campa\u00f1as a\u00e9reas\u201d en el norte de ese [&hellip;]","og_url":"https:\/\/thecitizenfortheworld.com\/?p=92177","og_site_name":"The citizen for the world","article_publisher":"https:\/\/www.facebook.com\/thecitizenfortheworld","article_published_time":"2026-05-01T14:37:32+00:00","og_image":[{"width":992,"height":661,"url":"https:\/\/thecitizenfortheworld.com\/wp-content\/uploads\/2026\/05\/Burkina.jpg","type":"image\/jpeg"}],"author":"thecitizenfortheworld23@gmail.com","twitter_card":"summary_large_image","twitter_misc":{"Escrito por":"thecitizenfortheworld23@gmail.com","Tiempo estimado de lectura":"3 minutos"},"schema":{"@context":"https:\/\/schema.org","@graph":[{"@type":"Article","@id":"https:\/\/thecitizenfortheworld.com\/?p=92177#article","isPartOf":{"@id":"https:\/\/thecitizenfortheworld.com\/?p=92177"},"author":{"name":"thecitizenfortheworld23@gmail.com","@id":"https:\/\/thecitizenfortheworld.com\/#\/schema\/person\/1f6b82847278ca8d344c472822b5b66f"},"headline":"La Fuerza multinacional antiyihadista bombarde\u00f3 Mali tras los ataques rebeldes que exigen la retirada de mercenarios rusos","datePublished":"2026-05-01T14:37:32+00:00","dateModified":"2026-05-01T14:37:32+00:00","mainEntityOfPage":{"@id":"https:\/\/thecitizenfortheworld.com\/?p=92177"},"wordCount":521,"commentCount":0,"publisher":{"@id":"https:\/\/thecitizenfortheworld.com\/#organization"},"articleSection":["Internacionales","Pol\u00edtica"],"inLanguage":"es-CO","potentialAction":[{"@type":"CommentAction","name":"Comment","target":["https:\/\/thecitizenfortheworld.com\/?p=92177#respond"]}]},{"@type":"WebPage","@id":"https:\/\/thecitizenfortheworld.com\/?p=92177","url":"https:\/\/thecitizenfortheworld.com\/?p=92177","name":"La Fuerza multinacional antiyihadista bombarde\u00f3 Mali tras los ataques rebeldes que exigen la retirada de mercenarios rusos - The citizen for the world","isPartOf":{"@id":"https:\/\/thecitizenfortheworld.com\/#website"},"datePublished":"2026-05-01T14:37:32+00:00","dateModified":"2026-05-01T14:37:32+00:00","breadcrumb":{"@id":"https:\/\/thecitizenfortheworld.com\/?p=92177#breadcrumb"},"inLanguage":"es-CO","potentialAction":[{"@type":"ReadAction","target":["https:\/\/thecitizenfortheworld.com\/?p=92177"]}]},{"@type":"BreadcrumbList","@id":"https:\/\/thecitizenfortheworld.com\/?p=92177#breadcrumb","itemListElement":[{"@type":"ListItem","position":1,"name":"Inicio","item":"https:\/\/thecitizenfortheworld.com\/"},{"@type":"ListItem","position":2,"name":"La Fuerza multinacional antiyihadista bombarde\u00f3 Mali tras los ataques rebeldes que exigen la retirada de mercenarios rusos"}]},{"@type":"WebSite","@id":"https:\/\/thecitizenfortheworld.com\/#website","url":"https:\/\/thecitizenfortheworld.com\/","name":"The citizen for the world","description":"","publisher":{"@id":"https:\/\/thecitizenfortheworld.com\/#organization"},"potentialAction":[{"@type":"SearchAction","target":{"@type":"EntryPoint","urlTemplate":"https:\/\/thecitizenfortheworld.com\/?s={search_term_string}"},"query-input":"required name=search_term_string"}],"inLanguage":"es-CO"},{"@type":"Organization","@id":"https:\/\/thecitizenfortheworld.com\/#organization","name":"The citizen for the world","url":"https:\/\/thecitizenfortheworld.com\/","logo":{"@type":"ImageObject","inLanguage":"es-CO","@id":"https:\/\/thecitizenfortheworld.com\/#\/schema\/logo\/image\/","url":"https:\/\/thecitizenfortheworld.com\/wp-content\/uploads\/2023\/04\/cropped-the-citizens.png","contentUrl":"https:\/\/thecitizenfortheworld.com\/wp-content\/uploads\/2023\/04\/cropped-the-citizens.png","width":1135,"height":1302,"caption":"The citizen for the world"},"image":{"@id":"https:\/\/thecitizenfortheworld.com\/#\/schema\/logo\/image\/"},"sameAs":["https:\/\/www.facebook.com\/thecitizenfortheworld"]},{"@type":"Person","@id":"https:\/\/thecitizenfortheworld.com\/#\/schema\/person\/1f6b82847278ca8d344c472822b5b66f","name":"thecitizenfortheworld23@gmail.com","image":{"@type":"ImageObject","inLanguage":"es-CO","@id":"https:\/\/thecitizenfortheworld.com\/#\/schema\/person\/image\/","url":"https:\/\/secure.gravatar.com\/avatar\/fa0768c808e84d205962885f7091f34b?s=96&d=mm&r=pg","contentUrl":"https:\/\/secure.gravatar.com\/avatar\/fa0768c808e84d205962885f7091f34b?s=96&d=mm&r=pg","caption":"thecitizenfortheworld23@gmail.com"},"sameAs":["http:\/\/thecitizenfortheworld.com"],"url":"https:\/\/thecitizenfortheworld.com\/?author=1"}]}},"_links":{"self":[{"href":"https:\/\/thecitizenfortheworld.com\/index.php?rest_route=\/wp\/v2\/posts\/92177"}],"collection":[{"href":"https:\/\/thecitizenfortheworld.com\/index.php?rest_route=\/wp\/v2\/posts"}],"about":[{"href":"https:\/\/thecitizenfortheworld.com\/index.php?rest_route=\/wp\/v2\/types\/post"}],"author":[{"embeddable":true,"href":"https:\/\/thecitizenfortheworld.com\/index.php?rest_route=\/wp\/v2\/users\/1"}],"replies":[{"embeddable":true,"href":"https:\/\/thecitizenfortheworld.com\/index.php?rest_route=%2Fwp%2Fv2%2Fcomments&post=92177"}],"version-history":[{"count":1,"href":"https:\/\/thecitizenfortheworld.com\/index.php?rest_route=\/wp\/v2\/posts\/92177\/revisions"}],"predecessor-version":[{"id":92179,"href":"https:\/\/thecitizenfortheworld.com\/index.php?rest_route=\/wp\/v2\/posts\/92177\/revisions\/92179"}],"wp:featuredmedia":[{"embeddable":true,"href":"https:\/\/thecitizenfortheworld.com\/index.php?rest_route=\/wp\/v2\/media\/92178"}],"wp:attachment":[{"href":"https:\/\/thecitizenfortheworld.com\/index.php?rest_route=%2Fwp%2Fv2%2Fmedia&parent=92177"}],"wp:term":[{"taxonomy":"category","embeddable":true,"href":"https:\/\/thecitizenfortheworld.com\/index.php?rest_route=%2Fwp%2Fv2%2Fcategories&post=92177"},{"taxonomy":"post_tag","embeddable":true,"href":"https:\/\/thecitizenfortheworld.com\/index.php?rest_route=%2Fwp%2Fv2%2Ftags&post=92177"}],"curies":[{"name":"wp","href":"https:\/\/api.w.org\/{rel}","templated":true}]}}