{"id":92171,"date":"2026-04-30T12:29:38","date_gmt":"2026-04-30T17:29:38","guid":{"rendered":"https:\/\/thecitizenfortheworld.com\/?p=92171"},"modified":"2026-04-30T12:29:38","modified_gmt":"2026-04-30T17:29:38","slug":"el-presidente-ecuatoriano-daniel-noboa-aseguro-que-gustavo-petro-ordeno-un-ataque-de-la-guerrilla-en-la-frontera-y-petro-le-propuso-una-reunion-deje-de-creer-mentiras","status":"publish","type":"post","link":"https:\/\/thecitizenfortheworld.com\/?p=92171","title":{"rendered":"El presidente ecuatoriano Daniel Noboa asegur\u00f3 que Gustavo Petro orden\u00f3 un ataque de la guerrilla en la frontera y Petro le propuso una reuni\u00f3n: \u201cDeje de creer mentiras\u201d"},"content":{"rendered":"<p class=\"article-subheadline text-align-left\">El cruce de declaraciones elev\u00f3 la tensi\u00f3n entre Bogot\u00e1 y Quito, en un escenario marcado por disputas comerciales, se\u00f1alamientos pol\u00edticos y preocupaciones por la seguridad fronteriza<\/p>\n<p>El presidente de Colombia, Gustavo Petro, propuso este mi\u00e9rcoles a su hom\u00f3logo ecuatoriano, Daniel Noboa, un encuentro directo en la frontera binacional y le pidi\u00f3 \u201cdejar de creer en mentiras\u201d, en respuesta a las recientes acusaciones de Quito sobre una supuesta incursi\u00f3n de guerrilleros colombianos en territorio ecuatoriano.<\/p>\n<p><b>\u201cVaya usted a la frontera norte y se encuentra conmigo y construimos la paz de esos territorios, deje de creer mentiras\u201d<\/b>, expres\u00f3 Petro, en alusi\u00f3n directa a las afirmaciones del mandatario ecuatoriano.<\/p>\n<p>Su invitaci\u00f3n busca, seg\u00fan ha planteado el Gobierno colombiano, abrir un canal de di\u00e1logo presencial para contener el deterioro de la relaci\u00f3n bilateral y reducir la tensi\u00f3n en una de las zonas m\u00e1s sensibles de la regi\u00f3n andina.<\/p>\n<p>La respuesta de Petro lleg\u00f3 luego de que Daniel Noboa afirmara que \u201cvarias fuentes\u201d le hab\u00edan advertido sobre un posible ingreso de grupos armados ilegales provenientes de Colombia, presuntamente con conocimiento o impulso del Gobierno colombiano. Estas declaraciones, difundidas p\u00fablicamente, provocaron una reacci\u00f3n inmediata de Bogot\u00e1, que rechaz\u00f3 de forma categ\u00f3rica cualquier vinculaci\u00f3n estatal con movimientos guerrilleros.<\/p>\n<p>La crisis diplom\u00e1tica se desarrolla en un contexto de creciente desconfianza entre ambos gobiernos y se ha visto agravada por una disputa arancelaria que ya impacta el comercio bilateral.<\/p>\n<div class=\"visual__image\"><picture><source srcset=\"https:\/\/www.infobae.com\/resizer\/v2\/BK4MN62A5FHS7OMWATRJMWBMAM.jpg?auth=01e3cef9f000bf184b17d11638ca28455123ceab1b6af18cae923f80bb42c2ce&amp;smart=true&amp;width=992&amp;height=565&amp;quality=85\" media=\"(min-width: 1000px)\" \/><source srcset=\"https:\/\/www.infobae.com\/resizer\/v2\/BK4MN62A5FHS7OMWATRJMWBMAM.jpg?auth=01e3cef9f000bf184b17d11638ca28455123ceab1b6af18cae923f80bb42c2ce&amp;smart=true&amp;width=768&amp;height=438&amp;quality=85\" media=\"(min-width: 768px)\" \/><source srcset=\"https:\/\/www.infobae.com\/resizer\/v2\/BK4MN62A5FHS7OMWATRJMWBMAM.jpg?auth=01e3cef9f000bf184b17d11638ca28455123ceab1b6af18cae923f80bb42c2ce&amp;smart=true&amp;width=577&amp;height=329&amp;quality=85\" media=\"(min-width: 580px)\" \/><source srcset=\"https:\/\/www.infobae.com\/resizer\/v2\/BK4MN62A5FHS7OMWATRJMWBMAM.jpg?auth=01e3cef9f000bf184b17d11638ca28455123ceab1b6af18cae923f80bb42c2ce&amp;smart=true&amp;width=420&amp;height=239&amp;quality=85\" media=\"(min-width: 350px)\" \/><source srcset=\"https:\/\/www.infobae.com\/resizer\/v2\/BK4MN62A5FHS7OMWATRJMWBMAM.jpg?auth=01e3cef9f000bf184b17d11638ca28455123ceab1b6af18cae923f80bb42c2ce&amp;smart=true&amp;width=350&amp;height=200&amp;quality=85\" media=\"(min-width: 80px)\" \/><img decoding=\"async\" loading=\"lazy\" class=\"global-image\" src=\"https:\/\/www.infobae.com\/resizer\/v2\/BK4MN62A5FHS7OMWATRJMWBMAM.jpg?auth=01e3cef9f000bf184b17d11638ca28455123ceab1b6af18cae923f80bb42c2ce&amp;smart=true&amp;width=350&amp;height=200&amp;quality=85\" alt=\"Petro invita a Noboa a reunirse en la frontera y le pide \u201cdejar de creer mentiras\u201d en medio de la creciente tensi\u00f3n bilateral - cr\u00e9dito Gustavo Petro\/X\" width=\"600\" height=\"342\" \/><\/picture><\/div>\n<div class=\"visual__image\"><em>Petro invita a Noboa a reunirse en la frontera y le pide \u201cdejar de creer mentiras\u201d en medio de la creciente tensi\u00f3n bilateral &#8211; cr\u00e9dito Gustavo Petro\/X<\/em><\/div>\n<p class=\"paragraph\" data-mrf-recirculation=\"Links inline\">Ecuador elev\u00f3 recientemente los aranceles de importaci\u00f3n a productos colombianos hasta el 100 %, tras una serie de incrementos progresivos que comenzaron con una tasa del 30 %. <b>Seg\u00fan el Gobierno de Noboa, la medida busca proteger la producci\u00f3n nacional y responde tambi\u00e9n a preocupaciones sobre la situaci\u00f3n de seguridad en la frontera.<\/b><\/p>\n<p class=\"paragraph\" data-mrf-recirculation=\"Links inline\">Colombia, por su parte, ha rechazado estas decisiones al considerar que violan los compromisos comerciales dentro de la Comunidad Andina.<\/p>\n<p class=\"paragraph\" data-mrf-recirculation=\"Links inline\">El Gobierno colombiano ha anunciado que eval\u00faa acudir a mecanismos de soluci\u00f3n de controversias internacionales y ha criticado el impacto econ\u00f3mico de las medidas ecuatorianas. Aunque inicialmente Bogot\u00e1 respondi\u00f3 con ajustes arancelarios, no ha igualado el nivel impuesto por Quito.<\/p>\n<p class=\"paragraph\" data-mrf-recirculation=\"Links inline\">El intercambio de acusaciones pol\u00edticas ha elevado a\u00fan m\u00e1s la tensi\u00f3n. Noboa ha se\u00f1alado la existencia de supuestos v\u00ednculos entre actores pol\u00edticos colombianos y organizaciones criminales que operan en la frontera<b>, incluyendo a la banda ecuatoriana Los Choneros y a su l\u00edder Jos\u00e9 Adolfo Mac\u00edas Villamar, alias Fito, quien fue extraditado a Estados Unidos en 2025 tras su recaptura.<\/b><\/p>\n<p class=\"paragraph\" data-mrf-recirculation=\"Links inline\">Estas afirmaciones fueron rechazadas por el Gobierno colombiano, que las calific\u00f3 como infundadas y ofensivas. Petro, adem\u00e1s de negar cualquier relaci\u00f3n con estructuras criminales, anunci\u00f3 acciones legales por presunta calumnia contra el mandatario ecuatoriano, lo que a\u00f1ade una dimensi\u00f3n judicial al conflicto diplom\u00e1tico.<\/p>\n<div class=\"visual__image\"><picture><img decoding=\"async\" loading=\"lazy\" class=\"global-image\" src=\"https:\/\/www.infobae.com\/resizer\/v2\/KAXNXML5FJDAFHQNMYPGM44ZK4.jpg?auth=1925b14e462c340423cee8913a6f1421db7955731c3682f7b339bc5a9108c1eb&amp;smart=true&amp;width=350&amp;height=233&amp;quality=85\" alt=\"El presidente de Ecuador, Daniel Noboa, lanz\u00f3 acusaciones sobre una presunta incursi\u00f3n de guerrilleros colombianos, lo que intensific\u00f3 la crisis bilateral - cr\u00e9dito Europa Press\" width=\"1920\" height=\"1280\" \/><\/picture><em>El presidente de Ecuador, Daniel Noboa, lanz\u00f3 acusaciones sobre una presunta incursi\u00f3n de guerrilleros colombianos, lo que intensific\u00f3 la crisis bilateral &#8211; cr\u00e9dito Europa Press<\/em><\/div>\n<p class=\"paragraph\" data-mrf-recirculation=\"Links inline\">Las tensiones tambi\u00e9n han alcanzado el nivel institucional. Ambos pa\u00edses llamaron a consultas a sus embajadores, lo que refleja el deterioro del di\u00e1logo bilateral y la falta de confianza entre las administraciones.<\/p>\n<p class=\"paragraph\" data-mrf-recirculation=\"Links inline\">Este enfriamiento diplom\u00e1tico preocupa a analistas regionales debido a la importancia estrat\u00e9gica de la frontera colombo-ecuatoriana, de 586 kil\u00f3metros, donde confluyen rutas de narcotr\u00e1fico, miner\u00eda ilegal y presencia de grupos armados.<\/p>\n<p class=\"paragraph\" data-mrf-recirculation=\"Links inline\">La situaci\u00f3n de seguridad en la zona es uno de los factores centrales del conflicto. En los \u00faltimos a\u00f1os, disidencias de las antiguas Farc, como el Frente Oliver Sinisterra y los Comandos de la Frontera, han ampliado su presencia en la regi\u00f3n, operando en ambos lados de la frontera.<\/p>\n<p class=\"paragraph\" data-mrf-recirculation=\"Links inline\">Ecuador ha declarado a estas organizaciones como grupos terroristas, <b>en medio de una crisis de violencia que ha elevado significativamente los \u00edndices de homicidios en el pa\u00eds.<\/b><\/p>\n<p class=\"paragraph\" data-mrf-recirculation=\"Links inline\">En el plano pol\u00edtico, la relaci\u00f3n entre Petro y Noboa ya ven\u00eda deterior\u00e1ndose por diferencias ideol\u00f3gicas y por episodios previos de fricci\u00f3n.<\/p>\n<div class=\"visual__image\"><picture><source srcset=\"https:\/\/www.infobae.com\/resizer\/v2\/6QDZYEPYNJGXLLT5GGQ7IRLQ2E.JPG?auth=d56e81d9696943028528ef8e5ca598125c592ece2f2c236b4d5696d1c770d5c1&amp;smart=true&amp;width=992&amp;height=662&amp;quality=85\" media=\"(min-width: 1000px)\" \/><source srcset=\"https:\/\/www.infobae.com\/resizer\/v2\/6QDZYEPYNJGXLLT5GGQ7IRLQ2E.JPG?auth=d56e81d9696943028528ef8e5ca598125c592ece2f2c236b4d5696d1c770d5c1&amp;smart=true&amp;width=768&amp;height=512&amp;quality=85\" media=\"(min-width: 768px)\" \/><source srcset=\"https:\/\/www.infobae.com\/resizer\/v2\/6QDZYEPYNJGXLLT5GGQ7IRLQ2E.JPG?auth=d56e81d9696943028528ef8e5ca598125c592ece2f2c236b4d5696d1c770d5c1&amp;smart=true&amp;width=577&amp;height=385&amp;quality=85\" media=\"(min-width: 580px)\" \/><source srcset=\"https:\/\/www.infobae.com\/resizer\/v2\/6QDZYEPYNJGXLLT5GGQ7IRLQ2E.JPG?auth=d56e81d9696943028528ef8e5ca598125c592ece2f2c236b4d5696d1c770d5c1&amp;smart=true&amp;width=420&amp;height=280&amp;quality=85\" media=\"(min-width: 350px)\" \/><source srcset=\"https:\/\/www.infobae.com\/resizer\/v2\/6QDZYEPYNJGXLLT5GGQ7IRLQ2E.JPG?auth=d56e81d9696943028528ef8e5ca598125c592ece2f2c236b4d5696d1c770d5c1&amp;smart=true&amp;width=350&amp;height=233&amp;quality=85\" media=\"(min-width: 80px)\" \/><img decoding=\"async\" loading=\"lazy\" class=\"global-image\" src=\"https:\/\/www.infobae.com\/resizer\/v2\/6QDZYEPYNJGXLLT5GGQ7IRLQ2E.JPG?auth=d56e81d9696943028528ef8e5ca598125c592ece2f2c236b4d5696d1c770d5c1&amp;smart=true&amp;width=350&amp;height=233&amp;quality=85\" alt=\"La relaci\u00f3n entre Colombia y Ecuador atraviesa un momento cr\u00edtico, marcada por tensiones en seguridad fronteriza, aranceles del 100 % y choques pol\u00edticos entre ambos gobiernos - cr\u00e9dito Karen Toro\/Reuters\" width=\"6500\" height=\"4335\" \/><\/picture><em>La relaci\u00f3n entre Colombia y Ecuador atraviesa un momento cr\u00edtico, marcada por tensiones en seguridad fronteriza, aranceles del 100 % y choques pol\u00edticos entre ambos gobiernos &#8211; cr\u00e9dito Karen Toro\/Reuters<\/em><\/div>\n<p class=\"paragraph\" data-mrf-recirculation=\"Links inline\">Uno de ellos fue la visita del presidente colombiano a la ciudad ecuatoriana de Manta en 2025, durante la cual, seg\u00fan declaraciones de Noboa a medios colombianos, Petro habr\u00eda sostenido reuniones con figuras del movimiento Revoluci\u00f3n Ciudadana, liderado por el expresidente Rafael Correa.<\/p>\n<p class=\"paragraph\" data-mrf-recirculation=\"Links inline\">Aunque el mandatario ecuatoriano no ha presentado pruebas concluyentes de un v\u00ednculo con estructuras criminales, sus comentarios profundizaron la desconfianza bilateral.<\/p>\n<p class=\"paragraph\" data-mrf-recirculation=\"Links inline\">Otro punto de conflicto ha sido la situaci\u00f3n del exvicepresidente ecuatoriano Jorge Glas, actualmente encarcelado por delitos de corrupci\u00f3n.<b> Petro lo ha calificado como \u201cpreso pol\u00edtico\u201d, mientras que el Gobierno ecuatoriano considera estas declaraciones como una injerencia en asuntos internos.<\/b><\/p>\n<p class=\"paragraph\" data-mrf-recirculation=\"Links inline\">La \u00faltima interacci\u00f3n directa entre ambos mandatarios ocurri\u00f3 durante la ceremonia de posesi\u00f3n de Noboa en Quito. Desde entonces, el di\u00e1logo ha sido limitado y ha estado marcado por un creciente intercambio de acusaciones.<\/p>\n<p data-mrf-recirculation=\"Links inline\">(<em>Con informaci\u00f3n de Infobae<\/em>)<\/p>\n","protected":false},"excerpt":{"rendered":"<p>El cruce de declaraciones elev\u00f3 la tensi\u00f3n entre Bogot\u00e1 y Quito, en un escenario marcado por disputas comerciales, se\u00f1alamientos pol\u00edticos y preocupaciones por la seguridad fronteriza El presidente de Colombia, Gustavo Petro, propuso este mi\u00e9rcoles a su hom\u00f3logo ecuatoriano, Daniel Noboa, un encuentro directo en la frontera binacional y le pidi\u00f3 \u201cdejar de creer en [&hellip;]<\/p>\n","protected":false},"author":1,"featured_media":92172,"comment_status":"open","ping_status":"open","sticky":false,"template":"","format":"standard","meta":{"om_disable_all_campaigns":false,"_mi_skip_tracking":false},"categories":[3,4],"tags":[],"yoast_head":"<!-- This site is optimized with the Yoast SEO plugin v20.5 - https:\/\/yoast.com\/wordpress\/plugins\/seo\/ -->\n<title>El presidente ecuatoriano Daniel Noboa asegur\u00f3 que Gustavo Petro orden\u00f3 un ataque de la guerrilla en la frontera y Petro le propuso una reuni\u00f3n: \u201cDeje de creer mentiras\u201d - The citizen for the world<\/title>\n<meta name=\"robots\" content=\"index, follow, max-snippet:-1, max-image-preview:large, max-video-preview:-1\" \/>\n<link rel=\"canonical\" href=\"https:\/\/thecitizenfortheworld.com\/?p=92171\" \/>\n<meta property=\"og:locale\" content=\"es_ES\" \/>\n<meta property=\"og:type\" content=\"article\" \/>\n<meta property=\"og:title\" content=\"El presidente ecuatoriano Daniel Noboa asegur\u00f3 que Gustavo Petro orden\u00f3 un ataque de la guerrilla en la frontera y Petro le propuso una reuni\u00f3n: \u201cDeje de creer mentiras\u201d - The citizen for the world\" \/>\n<meta property=\"og:description\" content=\"El cruce de declaraciones elev\u00f3 la tensi\u00f3n entre Bogot\u00e1 y Quito, en un escenario marcado por disputas comerciales, se\u00f1alamientos pol\u00edticos y preocupaciones por la seguridad fronteriza El presidente de Colombia, Gustavo Petro, propuso este mi\u00e9rcoles a su hom\u00f3logo ecuatoriano, Daniel Noboa, un encuentro directo en la frontera binacional y le pidi\u00f3 \u201cdejar de creer en [&hellip;]\" \/>\n<meta property=\"og:url\" content=\"https:\/\/thecitizenfortheworld.com\/?p=92171\" \/>\n<meta property=\"og:site_name\" content=\"The citizen for the world\" \/>\n<meta property=\"article:publisher\" content=\"https:\/\/www.facebook.com\/thecitizenfortheworld\" \/>\n<meta property=\"article:published_time\" content=\"2026-04-30T17:29:38+00:00\" \/>\n<meta property=\"og:image\" content=\"https:\/\/thecitizenfortheworld.com\/wp-content\/uploads\/2026\/04\/Noboa-y-Petro.jpg\" \/>\n\t<meta property=\"og:image:width\" content=\"300\" \/>\n\t<meta property=\"og:image:height\" content=\"168\" \/>\n\t<meta property=\"og:image:type\" content=\"image\/jpeg\" \/>\n<meta name=\"author\" content=\"thecitizenfortheworld23@gmail.com\" \/>\n<meta name=\"twitter:card\" content=\"summary_large_image\" \/>\n<meta name=\"twitter:label1\" content=\"Escrito por\" \/>\n\t<meta name=\"twitter:data1\" content=\"thecitizenfortheworld23@gmail.com\" \/>\n\t<meta name=\"twitter:label2\" content=\"Tiempo estimado de lectura\" \/>\n\t<meta name=\"twitter:data2\" content=\"5 minutos\" \/>\n<script type=\"application\/ld+json\" class=\"yoast-schema-graph\">{\"@context\":\"https:\/\/schema.org\",\"@graph\":[{\"@type\":\"Article\",\"@id\":\"https:\/\/thecitizenfortheworld.com\/?p=92171#article\",\"isPartOf\":{\"@id\":\"https:\/\/thecitizenfortheworld.com\/?p=92171\"},\"author\":{\"name\":\"thecitizenfortheworld23@gmail.com\",\"@id\":\"https:\/\/thecitizenfortheworld.com\/#\/schema\/person\/1f6b82847278ca8d344c472822b5b66f\"},\"headline\":\"El presidente ecuatoriano Daniel Noboa asegur\u00f3 que Gustavo Petro orden\u00f3 un ataque de la guerrilla en la frontera y Petro le propuso una reuni\u00f3n: \u201cDeje de creer mentiras\u201d\",\"datePublished\":\"2026-04-30T17:29:38+00:00\",\"dateModified\":\"2026-04-30T17:29:38+00:00\",\"mainEntityOfPage\":{\"@id\":\"https:\/\/thecitizenfortheworld.com\/?p=92171\"},\"wordCount\":931,\"commentCount\":0,\"publisher\":{\"@id\":\"https:\/\/thecitizenfortheworld.com\/#organization\"},\"articleSection\":[\"Am\u00e9rica Latina\",\"Pol\u00edtica\"],\"inLanguage\":\"es-CO\",\"potentialAction\":[{\"@type\":\"CommentAction\",\"name\":\"Comment\",\"target\":[\"https:\/\/thecitizenfortheworld.com\/?p=92171#respond\"]}]},{\"@type\":\"WebPage\",\"@id\":\"https:\/\/thecitizenfortheworld.com\/?p=92171\",\"url\":\"https:\/\/thecitizenfortheworld.com\/?p=92171\",\"name\":\"El presidente ecuatoriano Daniel Noboa asegur\u00f3 que Gustavo Petro orden\u00f3 un ataque de la guerrilla en la frontera y Petro le propuso una reuni\u00f3n: \u201cDeje de creer mentiras\u201d - The citizen for the world\",\"isPartOf\":{\"@id\":\"https:\/\/thecitizenfortheworld.com\/#website\"},\"datePublished\":\"2026-04-30T17:29:38+00:00\",\"dateModified\":\"2026-04-30T17:29:38+00:00\",\"breadcrumb\":{\"@id\":\"https:\/\/thecitizenfortheworld.com\/?p=92171#breadcrumb\"},\"inLanguage\":\"es-CO\",\"potentialAction\":[{\"@type\":\"ReadAction\",\"target\":[\"https:\/\/thecitizenfortheworld.com\/?p=92171\"]}]},{\"@type\":\"BreadcrumbList\",\"@id\":\"https:\/\/thecitizenfortheworld.com\/?p=92171#breadcrumb\",\"itemListElement\":[{\"@type\":\"ListItem\",\"position\":1,\"name\":\"Inicio\",\"item\":\"https:\/\/thecitizenfortheworld.com\/\"},{\"@type\":\"ListItem\",\"position\":2,\"name\":\"El presidente ecuatoriano Daniel Noboa asegur\u00f3 que Gustavo Petro orden\u00f3 un ataque de la guerrilla en la frontera y Petro le propuso una reuni\u00f3n: \u201cDeje de creer mentiras\u201d\"}]},{\"@type\":\"WebSite\",\"@id\":\"https:\/\/thecitizenfortheworld.com\/#website\",\"url\":\"https:\/\/thecitizenfortheworld.com\/\",\"name\":\"The citizen for the world\",\"description\":\"\",\"publisher\":{\"@id\":\"https:\/\/thecitizenfortheworld.com\/#organization\"},\"potentialAction\":[{\"@type\":\"SearchAction\",\"target\":{\"@type\":\"EntryPoint\",\"urlTemplate\":\"https:\/\/thecitizenfortheworld.com\/?s={search_term_string}\"},\"query-input\":\"required name=search_term_string\"}],\"inLanguage\":\"es-CO\"},{\"@type\":\"Organization\",\"@id\":\"https:\/\/thecitizenfortheworld.com\/#organization\",\"name\":\"The citizen for the world\",\"url\":\"https:\/\/thecitizenfortheworld.com\/\",\"logo\":{\"@type\":\"ImageObject\",\"inLanguage\":\"es-CO\",\"@id\":\"https:\/\/thecitizenfortheworld.com\/#\/schema\/logo\/image\/\",\"url\":\"https:\/\/thecitizenfortheworld.com\/wp-content\/uploads\/2023\/04\/cropped-the-citizens.png\",\"contentUrl\":\"https:\/\/thecitizenfortheworld.com\/wp-content\/uploads\/2023\/04\/cropped-the-citizens.png\",\"width\":1135,\"height\":1302,\"caption\":\"The citizen for the world\"},\"image\":{\"@id\":\"https:\/\/thecitizenfortheworld.com\/#\/schema\/logo\/image\/\"},\"sameAs\":[\"https:\/\/www.facebook.com\/thecitizenfortheworld\"]},{\"@type\":\"Person\",\"@id\":\"https:\/\/thecitizenfortheworld.com\/#\/schema\/person\/1f6b82847278ca8d344c472822b5b66f\",\"name\":\"thecitizenfortheworld23@gmail.com\",\"image\":{\"@type\":\"ImageObject\",\"inLanguage\":\"es-CO\",\"@id\":\"https:\/\/thecitizenfortheworld.com\/#\/schema\/person\/image\/\",\"url\":\"https:\/\/secure.gravatar.com\/avatar\/fa0768c808e84d205962885f7091f34b?s=96&d=mm&r=pg\",\"contentUrl\":\"https:\/\/secure.gravatar.com\/avatar\/fa0768c808e84d205962885f7091f34b?s=96&d=mm&r=pg\",\"caption\":\"thecitizenfortheworld23@gmail.com\"},\"sameAs\":[\"http:\/\/thecitizenfortheworld.com\"],\"url\":\"https:\/\/thecitizenfortheworld.com\/?author=1\"}]}<\/script>\n<!-- \/ Yoast SEO plugin. -->","yoast_head_json":{"title":"El presidente ecuatoriano Daniel Noboa asegur\u00f3 que Gustavo Petro orden\u00f3 un ataque de la guerrilla en la frontera y Petro le propuso una reuni\u00f3n: \u201cDeje de creer mentiras\u201d - The citizen for the world","robots":{"index":"index","follow":"follow","max-snippet":"max-snippet:-1","max-image-preview":"max-image-preview:large","max-video-preview":"max-video-preview:-1"},"canonical":"https:\/\/thecitizenfortheworld.com\/?p=92171","og_locale":"es_ES","og_type":"article","og_title":"El presidente ecuatoriano Daniel Noboa asegur\u00f3 que Gustavo Petro orden\u00f3 un ataque de la guerrilla en la frontera y Petro le propuso una reuni\u00f3n: \u201cDeje de creer mentiras\u201d - The citizen for the world","og_description":"El cruce de declaraciones elev\u00f3 la tensi\u00f3n entre Bogot\u00e1 y Quito, en un escenario marcado por disputas comerciales, se\u00f1alamientos pol\u00edticos y preocupaciones por la seguridad fronteriza El presidente de Colombia, Gustavo Petro, propuso este mi\u00e9rcoles a su hom\u00f3logo ecuatoriano, Daniel Noboa, un encuentro directo en la frontera binacional y le pidi\u00f3 \u201cdejar de creer en [&hellip;]","og_url":"https:\/\/thecitizenfortheworld.com\/?p=92171","og_site_name":"The citizen for the world","article_publisher":"https:\/\/www.facebook.com\/thecitizenfortheworld","article_published_time":"2026-04-30T17:29:38+00:00","og_image":[{"width":300,"height":168,"url":"https:\/\/thecitizenfortheworld.com\/wp-content\/uploads\/2026\/04\/Noboa-y-Petro.jpg","type":"image\/jpeg"}],"author":"thecitizenfortheworld23@gmail.com","twitter_card":"summary_large_image","twitter_misc":{"Escrito por":"thecitizenfortheworld23@gmail.com","Tiempo estimado de lectura":"5 minutos"},"schema":{"@context":"https:\/\/schema.org","@graph":[{"@type":"Article","@id":"https:\/\/thecitizenfortheworld.com\/?p=92171#article","isPartOf":{"@id":"https:\/\/thecitizenfortheworld.com\/?p=92171"},"author":{"name":"thecitizenfortheworld23@gmail.com","@id":"https:\/\/thecitizenfortheworld.com\/#\/schema\/person\/1f6b82847278ca8d344c472822b5b66f"},"headline":"El presidente ecuatoriano Daniel Noboa asegur\u00f3 que Gustavo Petro orden\u00f3 un ataque de la guerrilla en la frontera y Petro le propuso una reuni\u00f3n: \u201cDeje de creer mentiras\u201d","datePublished":"2026-04-30T17:29:38+00:00","dateModified":"2026-04-30T17:29:38+00:00","mainEntityOfPage":{"@id":"https:\/\/thecitizenfortheworld.com\/?p=92171"},"wordCount":931,"commentCount":0,"publisher":{"@id":"https:\/\/thecitizenfortheworld.com\/#organization"},"articleSection":["Am\u00e9rica Latina","Pol\u00edtica"],"inLanguage":"es-CO","potentialAction":[{"@type":"CommentAction","name":"Comment","target":["https:\/\/thecitizenfortheworld.com\/?p=92171#respond"]}]},{"@type":"WebPage","@id":"https:\/\/thecitizenfortheworld.com\/?p=92171","url":"https:\/\/thecitizenfortheworld.com\/?p=92171","name":"El presidente ecuatoriano Daniel Noboa asegur\u00f3 que Gustavo Petro orden\u00f3 un ataque de la guerrilla en la frontera y Petro le propuso una reuni\u00f3n: \u201cDeje de creer mentiras\u201d - The citizen for the world","isPartOf":{"@id":"https:\/\/thecitizenfortheworld.com\/#website"},"datePublished":"2026-04-30T17:29:38+00:00","dateModified":"2026-04-30T17:29:38+00:00","breadcrumb":{"@id":"https:\/\/thecitizenfortheworld.com\/?p=92171#breadcrumb"},"inLanguage":"es-CO","potentialAction":[{"@type":"ReadAction","target":["https:\/\/thecitizenfortheworld.com\/?p=92171"]}]},{"@type":"BreadcrumbList","@id":"https:\/\/thecitizenfortheworld.com\/?p=92171#breadcrumb","itemListElement":[{"@type":"ListItem","position":1,"name":"Inicio","item":"https:\/\/thecitizenfortheworld.com\/"},{"@type":"ListItem","position":2,"name":"El presidente ecuatoriano Daniel Noboa asegur\u00f3 que Gustavo Petro orden\u00f3 un ataque de la guerrilla en la frontera y Petro le propuso una reuni\u00f3n: \u201cDeje de creer mentiras\u201d"}]},{"@type":"WebSite","@id":"https:\/\/thecitizenfortheworld.com\/#website","url":"https:\/\/thecitizenfortheworld.com\/","name":"The citizen for the world","description":"","publisher":{"@id":"https:\/\/thecitizenfortheworld.com\/#organization"},"potentialAction":[{"@type":"SearchAction","target":{"@type":"EntryPoint","urlTemplate":"https:\/\/thecitizenfortheworld.com\/?s={search_term_string}"},"query-input":"required name=search_term_string"}],"inLanguage":"es-CO"},{"@type":"Organization","@id":"https:\/\/thecitizenfortheworld.com\/#organization","name":"The citizen for the world","url":"https:\/\/thecitizenfortheworld.com\/","logo":{"@type":"ImageObject","inLanguage":"es-CO","@id":"https:\/\/thecitizenfortheworld.com\/#\/schema\/logo\/image\/","url":"https:\/\/thecitizenfortheworld.com\/wp-content\/uploads\/2023\/04\/cropped-the-citizens.png","contentUrl":"https:\/\/thecitizenfortheworld.com\/wp-content\/uploads\/2023\/04\/cropped-the-citizens.png","width":1135,"height":1302,"caption":"The citizen for the world"},"image":{"@id":"https:\/\/thecitizenfortheworld.com\/#\/schema\/logo\/image\/"},"sameAs":["https:\/\/www.facebook.com\/thecitizenfortheworld"]},{"@type":"Person","@id":"https:\/\/thecitizenfortheworld.com\/#\/schema\/person\/1f6b82847278ca8d344c472822b5b66f","name":"thecitizenfortheworld23@gmail.com","image":{"@type":"ImageObject","inLanguage":"es-CO","@id":"https:\/\/thecitizenfortheworld.com\/#\/schema\/person\/image\/","url":"https:\/\/secure.gravatar.com\/avatar\/fa0768c808e84d205962885f7091f34b?s=96&d=mm&r=pg","contentUrl":"https:\/\/secure.gravatar.com\/avatar\/fa0768c808e84d205962885f7091f34b?s=96&d=mm&r=pg","caption":"thecitizenfortheworld23@gmail.com"},"sameAs":["http:\/\/thecitizenfortheworld.com"],"url":"https:\/\/thecitizenfortheworld.com\/?author=1"}]}},"_links":{"self":[{"href":"https:\/\/thecitizenfortheworld.com\/index.php?rest_route=\/wp\/v2\/posts\/92171"}],"collection":[{"href":"https:\/\/thecitizenfortheworld.com\/index.php?rest_route=\/wp\/v2\/posts"}],"about":[{"href":"https:\/\/thecitizenfortheworld.com\/index.php?rest_route=\/wp\/v2\/types\/post"}],"author":[{"embeddable":true,"href":"https:\/\/thecitizenfortheworld.com\/index.php?rest_route=\/wp\/v2\/users\/1"}],"replies":[{"embeddable":true,"href":"https:\/\/thecitizenfortheworld.com\/index.php?rest_route=%2Fwp%2Fv2%2Fcomments&post=92171"}],"version-history":[{"count":1,"href":"https:\/\/thecitizenfortheworld.com\/index.php?rest_route=\/wp\/v2\/posts\/92171\/revisions"}],"predecessor-version":[{"id":92173,"href":"https:\/\/thecitizenfortheworld.com\/index.php?rest_route=\/wp\/v2\/posts\/92171\/revisions\/92173"}],"wp:featuredmedia":[{"embeddable":true,"href":"https:\/\/thecitizenfortheworld.com\/index.php?rest_route=\/wp\/v2\/media\/92172"}],"wp:attachment":[{"href":"https:\/\/thecitizenfortheworld.com\/index.php?rest_route=%2Fwp%2Fv2%2Fmedia&parent=92171"}],"wp:term":[{"taxonomy":"category","embeddable":true,"href":"https:\/\/thecitizenfortheworld.com\/index.php?rest_route=%2Fwp%2Fv2%2Fcategories&post=92171"},{"taxonomy":"post_tag","embeddable":true,"href":"https:\/\/thecitizenfortheworld.com\/index.php?rest_route=%2Fwp%2Fv2%2Ftags&post=92171"}],"curies":[{"name":"wp","href":"https:\/\/api.w.org\/{rel}","templated":true}]}}