{"id":92168,"date":"2026-04-30T12:05:22","date_gmt":"2026-04-30T17:05:22","guid":{"rendered":"https:\/\/thecitizenfortheworld.com\/?p=92168"},"modified":"2026-04-30T12:05:22","modified_gmt":"2026-04-30T17:05:22","slug":"rusia-sufre-en-mali-su-peor-reves-militar-en-africa-y-queda-contra-las-cuerdas-en-el-sahel-es-una-humillacion","status":"publish","type":"post","link":"https:\/\/thecitizenfortheworld.com\/?p=92168","title":{"rendered":"Rusia sufre en Mali su peor rev\u00e9s militar en \u00c1frica y queda contra las cuerdas en el Sahel: \u201cEs una humillaci\u00f3n\u201d"},"content":{"rendered":"<p class=\"article-subheadline text-align-left\">La ca\u00edda de Kidal a manos de los tuareg y los yihadistas, sumada al asesinato del ministro de Defensa maliense, expone los l\u00edmites del Africa Corps y abre dudas sobre la continuidad del r\u00e9gimen prorruso de Bamako<\/p>\n<p>La derrota rusa en <b>Kidal<\/b>, una localidad estrat\u00e9gica en el coraz\u00f3n del desierto maliense, marc\u00f3 el <b>golpe m\u00e1s severo a la presencia militar de Mosc\u00fa en \u00c1frica <\/b>desde que el Kremlin reemplaz\u00f3 a Francia como socio armado del r\u00e9gimen militar de Mali hace cinco a\u00f1os.<\/p>\n<p>La ca\u00edda de la plaza, tomada al amanecer del 25 de abril por una alianza de combatientes tuareg del <b>Frente de Liberaci\u00f3n de Azawad (FLA)<\/b> y milicianos del grupo yihadista <b>Jama\u2019at Nusrat al-Islam wal-Muslimin (JNIM)<\/b>, vinculado a <b>Al Qaeda<\/b>, oblig\u00f3 a las pocas decenas de paramilitares rusos atrincherados en la zona a replegarse o morir. Optaron por lo primero, seg\u00fan una reconstrucci\u00f3n publicada este mi\u00e9rcoles por el <i>Financial Times.<\/i><\/p>\n<div class=\"visual__image\"><picture><img decoding=\"async\" loading=\"lazy\" class=\"global-image\" src=\"https:\/\/www.infobae.com\/resizer\/v2\/J3AB45PI4BC2HEODVKQXXL5GGM.JPG?auth=f94a2b9834290819660ba79eb44ac3f3dcb41ab426f334e51ebb8d88ecb01bf0&amp;smart=true&amp;width=350&amp;height=764&amp;quality=85\" alt=\"Combatientes celebran en las calles de Kidal tras la retirada del Africa Corps ruso, ciudad que Mosc\u00fa hab\u00eda recuperado en 2023 como \u00fanico triunfo militar exhibible en Mali. (Social media\/Reuters)\n\" width=\"2702\" height=\"5900\" \/><\/picture><em>Combatientes celebran en las calles de Kidal tras la retirada del Africa Corps ruso, ciudad que Mosc\u00fa hab\u00eda recuperado en 2023 como \u00fanico triunfo militar exhibible en Mali. (Social media\/Reuters)<\/em><\/div>\n<p class=\"paragraph\" data-mrf-recirculation=\"Links inline\">El rev\u00e9s ha sacudido los cimientos del proyecto de proyecci\u00f3n militar ruso en el <b>Sahel <\/b>y abre interrogantes sobre la viabilidad del gobierno prorruso del general <b>Assimi Go\u00efta<\/b> en Bamako, la capital.<\/p>\n<p data-mrf-recirculation=\"Links inline\"><b>\u201cEs una humillaci\u00f3n.<\/b> Otra confirmaci\u00f3n de que son ineficaces y poco confiables frente a insurgentes y yihadistas\u201d, dijo al diario brit\u00e1nico Wassim Nasr, analista del <b>Soufan Center<\/b> de Nueva York. Nasr remarc\u00f3 que la recuperaci\u00f3n de Kidal hace tres a\u00f1os hab\u00eda sido el \u00fanico triunfo militar exhibible por las fuerzas rusas en el pa\u00eds.<\/p>\n<h2 id=\"dos-golpes-en-un-fin-de-semana\" class=\"text-align-left vertical-align-top line-height-100 header headline-class-h2 headline\">Dos golpes en un fin de semana<\/h2>\n<div class=\"rawHTML raw_html \"><img decoding=\"async\" class=\"responsive\" src=\"https:\/\/www.infobae.com\/\/resizer\/v2\/3C46PQENWVFFPI7BKL7T6KS74E.png?auth=e60828d23ce13c42d81ad802509f4a01c420baf0e09f6433dd0506eb888a1b11\" alt=\"infografia\" \/><\/div>\n<p class=\"paragraph\" data-mrf-recirculation=\"Links inline\">La ofensiva no se limit\u00f3 al norte. El s\u00e1bado, los rebeldes asaltaron el principal centro de mando militar en <b>Kati<\/b>, una localidad pr\u00f3xima a Bamako, y mataron al ministro de Defensa <b>Sadio Camara<\/b>, arquitecto del acercamiento con Mosc\u00fa y el funcionario maliense de mayor rango con dominio del idioma ruso. El jefe de inteligencia <b>Modibo Kon\u00e9<\/b>, cuyo presupuesto sosten\u00eda la presencia paramilitar rusa, result\u00f3 gravemente herido, seg\u00fan el <i>Financial Times.<\/i><\/p>\n<p data-mrf-recirculation=\"Links inline\">JNIM declar\u00f3 el martes el <b>asedio sobre Bamako<\/b>, y sus combatientes segu\u00edan operando en las periferias de la capital al cierre de esta nota. <a title=\"https:\/\/www.infobae.com\/america\/mundo\/2026\/04\/29\/caos-en-mali-los-tuaregs-controlan-el-norte-del-territorio-y-exigen-que-se-vayan-los-mercenarios-rusos-progubernamentales\/\" href=\"https:\/\/www.infobae.com\/america\/mundo\/2026\/04\/29\/caos-en-mali-los-tuaregs-controlan-el-norte-del-territorio-y-exigen-que-se-vayan-los-mercenarios-rusos-progubernamentales\/\" target=\"_blank\" rel=\"noopener noreferrer\" data-mrf-link=\"https:\/\/www.infobae.com\/america\/mundo\/2026\/04\/29\/caos-en-mali-los-tuaregs-controlan-el-norte-del-territorio-y-exigen-que-se-vayan-los-mercenarios-rusos-progubernamentales\/\"><b>Los tuareg, en tanto, anunciaron su intenci\u00f3n de avanzar sobre Tombuct\u00fa y Gao.<\/b><\/a><\/p>\n<h2 id=\"el-proyecto-africa-corps-en-entredicho\" class=\"text-align-left vertical-align-top line-height-100 header headline-class-h2 headline\">El proyecto Africa Corps en entredicho<\/h2>\n<div class=\"visual__image\"><picture><source srcset=\"https:\/\/www.infobae.com\/resizer\/v2\/6HA4XBPZKFHZJGF7ZFMYVOTITU.jpg?auth=df79ec90b13a264e9919f4f8df2b9a78470094adab545b83d06f2140fde79551&amp;smart=true&amp;width=992&amp;height=1487&amp;quality=85\" media=\"(min-width: 1000px)\" \/><source srcset=\"https:\/\/www.infobae.com\/resizer\/v2\/6HA4XBPZKFHZJGF7ZFMYVOTITU.jpg?auth=df79ec90b13a264e9919f4f8df2b9a78470094adab545b83d06f2140fde79551&amp;smart=true&amp;width=768&amp;height=1151&amp;quality=85\" media=\"(min-width: 768px)\" \/><source srcset=\"https:\/\/www.infobae.com\/resizer\/v2\/6HA4XBPZKFHZJGF7ZFMYVOTITU.jpg?auth=df79ec90b13a264e9919f4f8df2b9a78470094adab545b83d06f2140fde79551&amp;smart=true&amp;width=577&amp;height=865&amp;quality=85\" media=\"(min-width: 580px)\" \/><source srcset=\"https:\/\/www.infobae.com\/resizer\/v2\/6HA4XBPZKFHZJGF7ZFMYVOTITU.jpg?auth=df79ec90b13a264e9919f4f8df2b9a78470094adab545b83d06f2140fde79551&amp;smart=true&amp;width=420&amp;height=630&amp;quality=85\" media=\"(min-width: 350px)\" \/><source srcset=\"https:\/\/www.infobae.com\/resizer\/v2\/6HA4XBPZKFHZJGF7ZFMYVOTITU.jpg?auth=df79ec90b13a264e9919f4f8df2b9a78470094adab545b83d06f2140fde79551&amp;smart=true&amp;width=350&amp;height=525&amp;quality=85\" media=\"(min-width: 80px)\" \/><img decoding=\"async\" loading=\"lazy\" class=\"global-image\" src=\"https:\/\/www.infobae.com\/resizer\/v2\/6HA4XBPZKFHZJGF7ZFMYVOTITU.jpg?auth=df79ec90b13a264e9919f4f8df2b9a78470094adab545b83d06f2140fde79551&amp;smart=true&amp;width=350&amp;height=525&amp;quality=85\" alt=\"Personas armadas con rifles en un paisaje des\u00e9rtico con barriles azules y mangueras, y humo oscuro elev\u00e1ndose sobre edificios en el fondo\" width=\"1281\" height=\"1920\" \/><\/picture><\/div>\n<div class=\"visual__image\"><em>Fuerzas rebeldes y yihadistas consolidan su control en Kidal, Azawad, mientras columnas de humo se elevan sobre la ciudad durante la escalada del conflicto en Mali.<\/em><\/div>\n<p class=\"paragraph\" data-mrf-recirculation=\"Links inline\">Mali rompi\u00f3 con Par\u00eds tras el golpe militar de 2021 y, primero a trav\u00e9s del <b>Grupo Wagner<\/b> \u2014fundado por <b>Yevgeny Prigozhin<\/b>\u2014 y luego del <b>Africa Corps<\/b>, una estructura tutelada directamente por el Ministerio de Defensa ruso, contrat\u00f3 el respaldo de Mosc\u00fa para combatir la insurgencia. La sucesi\u00f3n se concret\u00f3 tras la fallida insurrecci\u00f3n de Prigozhin contra el presidente <b>Vladimir Putin<\/b> y se formaliz\u00f3 en junio del a\u00f1o pasado.<\/p>\n<p class=\"paragraph\" data-mrf-recirculation=\"Links inline\">Los analistas consultados por el medio brit\u00e1nico apuntan a una <b>combinaci\u00f3n de factores detr\u00e1s del traspi\u00e9.<\/b> El territorio de Mali duplica en superficie al de Ucrania, y los aproximadamente <b>2.000 efectivos rusos <\/b>desplegados all\u00ed carecen de las capacidades de inteligencia y vigilancia que ten\u00edan las fuerzas francesas y estadounidenses. La violencia indiscriminada atribuida a Wagner y al Africa Corps habr\u00eda engrosado, adem\u00e1s, las filas del JNIM y el FLA.<\/p>\n<p class=\"paragraph\" data-mrf-recirculation=\"Links inline\"><b>\u201cNo resolvieron el problema. Lo agravaron\u201d<\/b>, resumi\u00f3 Nasr al <i>Financial Times.<\/i><\/p>\n<p class=\"paragraph\" data-mrf-recirculation=\"Links inline\"><b>Justyna Gudzowska<\/b>, del organismo de monitoreo <b>The Sentry<\/b>, apunt\u00f3 otra debilidad: el <b>equipamiento enviado desde Mosc\u00fa \u2014incluidos veh\u00edculos de orugas\u2014 resulta inadecuado<\/b> para la guerra de desierto, y los nuevos comandantes habr\u00edan descuidado los puestos avanzados del norte. El Africa Corps, agreg\u00f3, ha operado de manera m\u00e1s cautelosa que Wagner, replegado cerca de sus bases y dependiente del poder a\u00e9reo.<\/p>\n<h2 id=\"disputa-por-el-relato\" class=\"text-align-left vertical-align-top line-height-100 header headline-class-h2 headline\">Disputa por el relato<\/h2>\n<div class=\"visual__image\"><picture><source srcset=\"https:\/\/www.infobae.com\/resizer\/v2\/RKO2BVNYJNE3FCFH23P5QTSJ3M.JPG?auth=6b43d43dfea46680fc351cd1a5c5eb1750b2f0c40aeafd82b7442ebdc2468a6a&amp;smart=true&amp;width=992&amp;height=587&amp;quality=85\" media=\"(min-width: 1000px)\" \/><source srcset=\"https:\/\/www.infobae.com\/resizer\/v2\/RKO2BVNYJNE3FCFH23P5QTSJ3M.JPG?auth=6b43d43dfea46680fc351cd1a5c5eb1750b2f0c40aeafd82b7442ebdc2468a6a&amp;smart=true&amp;width=768&amp;height=454&amp;quality=85\" media=\"(min-width: 768px)\" \/><source srcset=\"https:\/\/www.infobae.com\/resizer\/v2\/RKO2BVNYJNE3FCFH23P5QTSJ3M.JPG?auth=6b43d43dfea46680fc351cd1a5c5eb1750b2f0c40aeafd82b7442ebdc2468a6a&amp;smart=true&amp;width=577&amp;height=341&amp;quality=85\" media=\"(min-width: 580px)\" \/><source srcset=\"https:\/\/www.infobae.com\/resizer\/v2\/RKO2BVNYJNE3FCFH23P5QTSJ3M.JPG?auth=6b43d43dfea46680fc351cd1a5c5eb1750b2f0c40aeafd82b7442ebdc2468a6a&amp;smart=true&amp;width=420&amp;height=248&amp;quality=85\" media=\"(min-width: 350px)\" \/><source srcset=\"https:\/\/www.infobae.com\/resizer\/v2\/RKO2BVNYJNE3FCFH23P5QTSJ3M.JPG?auth=6b43d43dfea46680fc351cd1a5c5eb1750b2f0c40aeafd82b7442ebdc2468a6a&amp;smart=true&amp;width=350&amp;height=207&amp;quality=85\" media=\"(min-width: 80px)\" \/><img decoding=\"async\" loading=\"lazy\" class=\"global-image\" src=\"https:\/\/www.infobae.com\/resizer\/v2\/RKO2BVNYJNE3FCFH23P5QTSJ3M.JPG?auth=6b43d43dfea46680fc351cd1a5c5eb1750b2f0c40aeafd82b7442ebdc2468a6a&amp;smart=true&amp;width=350&amp;height=207&amp;quality=85\" alt=\"Soldados malienses patrullan Kati un d\u00eda despu\u00e9s del ataque rebelde que mat\u00f3 al ministro de Defensa Sadio Camara y dej\u00f3 herido al jefe de inteligencia del pa\u00eds. (Reuters\/archivo)\n\" width=\"2439\" height=\"1443\" \/><\/picture><em>Soldados malienses patrullan Kati un d\u00eda despu\u00e9s del ataque rebelde que mat\u00f3 al ministro de Defensa Sadio Camara y dej\u00f3 herido al jefe de inteligencia del pa\u00eds. (Reuters\/archivo)<\/em><\/div>\n<p class=\"paragraph\" data-mrf-recirculation=\"Links inline\">Mosc\u00fa niega un descalabro. <b>Maxim Solopov<\/b>, jefe de la corresponsal\u00eda en Bamako de la agencia rusa <b>African Initiative<\/b> \u2014se\u00f1alada por la Uni\u00f3n Europea por difundir desinformaci\u00f3n\u2014, sostuvo ante el Financial Times que el repliegue de Kidal fue ordenado en coordinaci\u00f3n con el estado mayor maliense y que los soldados locales no fueron abandonados. La cadena France 24 inform\u00f3 por su parte que el FLA confirm\u00f3 un acuerdo que permiti\u00f3 la salida de las tropas rusas y malienses de la base conocida como Camp 2.<\/p>\n<p class=\"paragraph\" data-mrf-recirculation=\"Links inline\">La agencia Pravda, alineada con el Kremlin, fue m\u00e1s all\u00e1 y calific\u00f3 la jornada como una \u201cvictoria grandiosa\u201d, argumentando que el ataque de hasta 12.000 milicianos fue repelido en todas las regiones del pa\u00eds salvo en la propia Kidal.<\/p>\n<p class=\"paragraph\" data-mrf-recirculation=\"Links inline\">En el terreno, sin embargo, la lectura es otra. <b>Moussa Kondo<\/b>, exfuncionario y director del <b>Sahel Institute for Democracy and Governance<\/b> en Bamako, dijo al Financial Times que los paramilitares rusos dejaron a soldados malienses atrapados durante el repliegue. \u201c\u00bfC\u00f3mo se puede decir que no han sido humillados?\u201d, pregunt\u00f3.<\/p>\n<h2 id=\"reafirmar-la-alianza\" class=\"text-align-left vertical-align-top line-height-100 header headline-class-h2 headline\">Reafirmar la alianza<\/h2>\n<div class=\"visual__image\"><picture><source srcset=\"https:\/\/www.infobae.com\/resizer\/v2\/4BH6FNV3JND5BET75ACNYSLT3I.JPG?auth=ca78f7d13a729b1b2591352c3b614fce1b0e831eafd61872dcd78a2b77d8e5d3&amp;smart=true&amp;width=992&amp;height=659&amp;quality=85\" media=\"(min-width: 1000px)\" \/><source srcset=\"https:\/\/www.infobae.com\/resizer\/v2\/4BH6FNV3JND5BET75ACNYSLT3I.JPG?auth=ca78f7d13a729b1b2591352c3b614fce1b0e831eafd61872dcd78a2b77d8e5d3&amp;smart=true&amp;width=768&amp;height=510&amp;quality=85\" media=\"(min-width: 768px)\" \/><source srcset=\"https:\/\/www.infobae.com\/resizer\/v2\/4BH6FNV3JND5BET75ACNYSLT3I.JPG?auth=ca78f7d13a729b1b2591352c3b614fce1b0e831eafd61872dcd78a2b77d8e5d3&amp;smart=true&amp;width=577&amp;height=383&amp;quality=85\" media=\"(min-width: 580px)\" \/><source srcset=\"https:\/\/www.infobae.com\/resizer\/v2\/4BH6FNV3JND5BET75ACNYSLT3I.JPG?auth=ca78f7d13a729b1b2591352c3b614fce1b0e831eafd61872dcd78a2b77d8e5d3&amp;smart=true&amp;width=420&amp;height=279&amp;quality=85\" media=\"(min-width: 350px)\" \/><source srcset=\"https:\/\/www.infobae.com\/resizer\/v2\/4BH6FNV3JND5BET75ACNYSLT3I.JPG?auth=ca78f7d13a729b1b2591352c3b614fce1b0e831eafd61872dcd78a2b77d8e5d3&amp;smart=true&amp;width=350&amp;height=233&amp;quality=85\" media=\"(min-width: 80px)\" \/><img decoding=\"async\" loading=\"lazy\" class=\"global-image\" src=\"https:\/\/www.infobae.com\/resizer\/v2\/4BH6FNV3JND5BET75ACNYSLT3I.JPG?auth=ca78f7d13a729b1b2591352c3b614fce1b0e831eafd61872dcd78a2b77d8e5d3&amp;smart=true&amp;width=350&amp;height=233&amp;quality=85\" alt=\"El presidente Assimi Go\u00efta recibe al embajador ruso Igor Gromyko en el Palacio de Koulouba, su primera aparici\u00f3n p\u00fablica tras la ofensiva que dej\u00f3 al r\u00e9gimen de Bamako contra las cuerdas. (Mali Presidency\/Reuters\/archivo)\n\" width=\"2048\" height=\"1361\" \/><\/picture><em>El presidente Assimi Go\u00efta recibe al embajador ruso Igor Gromyko en el Palacio de Koulouba, su primera aparici\u00f3n p\u00fablica tras la ofensiva que dej\u00f3 al r\u00e9gimen de Bamako contra las cuerdas. (Mali Presidency\/Reuters\/archivo)<\/em><\/div>\n<p class=\"paragraph\" data-mrf-recirculation=\"Links inline\">La firma de monitoreo <b>Inpact<\/b> estim\u00f3, seg\u00fan el diario brit\u00e1nico, que sostener la presencia rusa le ha costado a Bamako entre <b>500 y 900 millones de d\u00f3lares<\/b> desde 2022.<\/p>\n<p class=\"paragraph\" data-mrf-recirculation=\"Links inline\"><b>Ulf Laessing<\/b>, analista de la <b>Fundaci\u00f3n Konrad Adenauer<\/b> radicado en Mali, anticip\u00f3 que Mosc\u00fa probablemente reducir\u00e1 ambiciones y replegar\u00e1 su misi\u00f3n hacia la protecci\u00f3n del r\u00e9gimen y la infraestructura cr\u00edtica, en l\u00ednea con el modelo aplicado en <b>N\u00edger<\/b> y <b>Burkina Faso<\/b>, donde los contingentes rusos son significativamente m\u00e1s reducidos.<\/p>\n<p class=\"paragraph\" data-mrf-recirculation=\"Links inline\"><b>\u201cEs un golpe serio para su reputaci\u00f3n\u201d,<\/b> dijo al <i>Financial Times <\/i><b>Sergey Eledinov<\/b>, exoficial ruso devenido analista en Dakar. \u201cSugiere que los rusos no son invencibles, despu\u00e9s de todo\u201d.<\/p>\n<p data-mrf-recirculation=\"Links inline\">El presidente<b> Go\u00efta reapareci\u00f3 el martes p\u00fablicamente por primera vez desde el inicio de la ofensiva<\/b>, acompa\u00f1ado por oficiales y diplom\u00e1ticos rusos \u2014una imagen destinada, seg\u00fan el <i>Financial Times<\/i>, a reafirmar la alianza pese al desgaste.<\/p>\n<p data-mrf-recirculation=\"Links inline\">(<em>Con informaci\u00f3n de Infobae)<\/em><\/p>\n","protected":false},"excerpt":{"rendered":"<p>La ca\u00edda de Kidal a manos de los tuareg y los yihadistas, sumada al asesinato del ministro de Defensa maliense, expone los l\u00edmites del Africa Corps y abre dudas sobre la continuidad del r\u00e9gimen prorruso de Bamako La derrota rusa en Kidal, una localidad estrat\u00e9gica en el coraz\u00f3n del desierto maliense, marc\u00f3 el golpe m\u00e1s [&hellip;]<\/p>\n","protected":false},"author":1,"featured_media":92169,"comment_status":"open","ping_status":"open","sticky":false,"template":"","format":"standard","meta":{"om_disable_all_campaigns":false,"_mi_skip_tracking":false},"categories":[2],"tags":[],"yoast_head":"<!-- This site is optimized with the Yoast SEO plugin v20.5 - https:\/\/yoast.com\/wordpress\/plugins\/seo\/ -->\n<title>Rusia sufre en Mali su peor rev\u00e9s militar en \u00c1frica y queda contra las cuerdas en el Sahel: \u201cEs una humillaci\u00f3n\u201d - The citizen for the world<\/title>\n<meta name=\"robots\" content=\"index, follow, max-snippet:-1, max-image-preview:large, max-video-preview:-1\" \/>\n<link rel=\"canonical\" href=\"https:\/\/thecitizenfortheworld.com\/?p=92168\" \/>\n<meta property=\"og:locale\" content=\"es_ES\" \/>\n<meta property=\"og:type\" content=\"article\" \/>\n<meta property=\"og:title\" content=\"Rusia sufre en Mali su peor rev\u00e9s militar en \u00c1frica y queda contra las cuerdas en el Sahel: \u201cEs una humillaci\u00f3n\u201d - The citizen for the world\" \/>\n<meta property=\"og:description\" content=\"La ca\u00edda de Kidal a manos de los tuareg y los yihadistas, sumada al asesinato del ministro de Defensa maliense, expone los l\u00edmites del Africa Corps y abre dudas sobre la continuidad del r\u00e9gimen prorruso de Bamako La derrota rusa en Kidal, una localidad estrat\u00e9gica en el coraz\u00f3n del desierto maliense, marc\u00f3 el golpe m\u00e1s [&hellip;]\" \/>\n<meta property=\"og:url\" content=\"https:\/\/thecitizenfortheworld.com\/?p=92168\" \/>\n<meta property=\"og:site_name\" content=\"The citizen for the world\" \/>\n<meta property=\"article:publisher\" content=\"https:\/\/www.facebook.com\/thecitizenfortheworld\" \/>\n<meta property=\"article:published_time\" content=\"2026-04-30T17:05:22+00:00\" \/>\n<meta property=\"og:image\" content=\"https:\/\/thecitizenfortheworld.com\/wp-content\/uploads\/2026\/04\/Mali-.jpg\" \/>\n\t<meta property=\"og:image:width\" content=\"992\" \/>\n\t<meta property=\"og:image:height\" content=\"666\" \/>\n\t<meta property=\"og:image:type\" content=\"image\/jpeg\" \/>\n<meta name=\"author\" content=\"thecitizenfortheworld23@gmail.com\" \/>\n<meta name=\"twitter:card\" content=\"summary_large_image\" \/>\n<meta name=\"twitter:label1\" content=\"Escrito por\" \/>\n\t<meta name=\"twitter:data1\" content=\"thecitizenfortheworld23@gmail.com\" \/>\n\t<meta name=\"twitter:label2\" content=\"Tiempo estimado de lectura\" \/>\n\t<meta name=\"twitter:data2\" content=\"6 minutos\" \/>\n<script type=\"application\/ld+json\" class=\"yoast-schema-graph\">{\"@context\":\"https:\/\/schema.org\",\"@graph\":[{\"@type\":\"Article\",\"@id\":\"https:\/\/thecitizenfortheworld.com\/?p=92168#article\",\"isPartOf\":{\"@id\":\"https:\/\/thecitizenfortheworld.com\/?p=92168\"},\"author\":{\"name\":\"thecitizenfortheworld23@gmail.com\",\"@id\":\"https:\/\/thecitizenfortheworld.com\/#\/schema\/person\/1f6b82847278ca8d344c472822b5b66f\"},\"headline\":\"Rusia sufre en Mali su peor rev\u00e9s militar en \u00c1frica y queda contra las cuerdas en el Sahel: \u201cEs una humillaci\u00f3n\u201d\",\"datePublished\":\"2026-04-30T17:05:22+00:00\",\"dateModified\":\"2026-04-30T17:05:22+00:00\",\"mainEntityOfPage\":{\"@id\":\"https:\/\/thecitizenfortheworld.com\/?p=92168\"},\"wordCount\":1105,\"commentCount\":0,\"publisher\":{\"@id\":\"https:\/\/thecitizenfortheworld.com\/#organization\"},\"articleSection\":[\"Internacionales\"],\"inLanguage\":\"es-CO\",\"potentialAction\":[{\"@type\":\"CommentAction\",\"name\":\"Comment\",\"target\":[\"https:\/\/thecitizenfortheworld.com\/?p=92168#respond\"]}]},{\"@type\":\"WebPage\",\"@id\":\"https:\/\/thecitizenfortheworld.com\/?p=92168\",\"url\":\"https:\/\/thecitizenfortheworld.com\/?p=92168\",\"name\":\"Rusia sufre en Mali su peor rev\u00e9s militar en \u00c1frica y queda contra las cuerdas en el Sahel: \u201cEs una humillaci\u00f3n\u201d - The citizen for the world\",\"isPartOf\":{\"@id\":\"https:\/\/thecitizenfortheworld.com\/#website\"},\"datePublished\":\"2026-04-30T17:05:22+00:00\",\"dateModified\":\"2026-04-30T17:05:22+00:00\",\"breadcrumb\":{\"@id\":\"https:\/\/thecitizenfortheworld.com\/?p=92168#breadcrumb\"},\"inLanguage\":\"es-CO\",\"potentialAction\":[{\"@type\":\"ReadAction\",\"target\":[\"https:\/\/thecitizenfortheworld.com\/?p=92168\"]}]},{\"@type\":\"BreadcrumbList\",\"@id\":\"https:\/\/thecitizenfortheworld.com\/?p=92168#breadcrumb\",\"itemListElement\":[{\"@type\":\"ListItem\",\"position\":1,\"name\":\"Inicio\",\"item\":\"https:\/\/thecitizenfortheworld.com\/\"},{\"@type\":\"ListItem\",\"position\":2,\"name\":\"Rusia sufre en Mali su peor rev\u00e9s militar en \u00c1frica y queda contra las cuerdas en el Sahel: \u201cEs una humillaci\u00f3n\u201d\"}]},{\"@type\":\"WebSite\",\"@id\":\"https:\/\/thecitizenfortheworld.com\/#website\",\"url\":\"https:\/\/thecitizenfortheworld.com\/\",\"name\":\"The citizen for the world\",\"description\":\"\",\"publisher\":{\"@id\":\"https:\/\/thecitizenfortheworld.com\/#organization\"},\"potentialAction\":[{\"@type\":\"SearchAction\",\"target\":{\"@type\":\"EntryPoint\",\"urlTemplate\":\"https:\/\/thecitizenfortheworld.com\/?s={search_term_string}\"},\"query-input\":\"required name=search_term_string\"}],\"inLanguage\":\"es-CO\"},{\"@type\":\"Organization\",\"@id\":\"https:\/\/thecitizenfortheworld.com\/#organization\",\"name\":\"The citizen for the world\",\"url\":\"https:\/\/thecitizenfortheworld.com\/\",\"logo\":{\"@type\":\"ImageObject\",\"inLanguage\":\"es-CO\",\"@id\":\"https:\/\/thecitizenfortheworld.com\/#\/schema\/logo\/image\/\",\"url\":\"https:\/\/thecitizenfortheworld.com\/wp-content\/uploads\/2023\/04\/cropped-the-citizens.png\",\"contentUrl\":\"https:\/\/thecitizenfortheworld.com\/wp-content\/uploads\/2023\/04\/cropped-the-citizens.png\",\"width\":1135,\"height\":1302,\"caption\":\"The citizen for the world\"},\"image\":{\"@id\":\"https:\/\/thecitizenfortheworld.com\/#\/schema\/logo\/image\/\"},\"sameAs\":[\"https:\/\/www.facebook.com\/thecitizenfortheworld\"]},{\"@type\":\"Person\",\"@id\":\"https:\/\/thecitizenfortheworld.com\/#\/schema\/person\/1f6b82847278ca8d344c472822b5b66f\",\"name\":\"thecitizenfortheworld23@gmail.com\",\"image\":{\"@type\":\"ImageObject\",\"inLanguage\":\"es-CO\",\"@id\":\"https:\/\/thecitizenfortheworld.com\/#\/schema\/person\/image\/\",\"url\":\"https:\/\/secure.gravatar.com\/avatar\/fa0768c808e84d205962885f7091f34b?s=96&d=mm&r=pg\",\"contentUrl\":\"https:\/\/secure.gravatar.com\/avatar\/fa0768c808e84d205962885f7091f34b?s=96&d=mm&r=pg\",\"caption\":\"thecitizenfortheworld23@gmail.com\"},\"sameAs\":[\"http:\/\/thecitizenfortheworld.com\"],\"url\":\"https:\/\/thecitizenfortheworld.com\/?author=1\"}]}<\/script>\n<!-- \/ Yoast SEO plugin. -->","yoast_head_json":{"title":"Rusia sufre en Mali su peor rev\u00e9s militar en \u00c1frica y queda contra las cuerdas en el Sahel: \u201cEs una humillaci\u00f3n\u201d - The citizen for the world","robots":{"index":"index","follow":"follow","max-snippet":"max-snippet:-1","max-image-preview":"max-image-preview:large","max-video-preview":"max-video-preview:-1"},"canonical":"https:\/\/thecitizenfortheworld.com\/?p=92168","og_locale":"es_ES","og_type":"article","og_title":"Rusia sufre en Mali su peor rev\u00e9s militar en \u00c1frica y queda contra las cuerdas en el Sahel: \u201cEs una humillaci\u00f3n\u201d - The citizen for the world","og_description":"La ca\u00edda de Kidal a manos de los tuareg y los yihadistas, sumada al asesinato del ministro de Defensa maliense, expone los l\u00edmites del Africa Corps y abre dudas sobre la continuidad del r\u00e9gimen prorruso de Bamako La derrota rusa en Kidal, una localidad estrat\u00e9gica en el coraz\u00f3n del desierto maliense, marc\u00f3 el golpe m\u00e1s [&hellip;]","og_url":"https:\/\/thecitizenfortheworld.com\/?p=92168","og_site_name":"The citizen for the world","article_publisher":"https:\/\/www.facebook.com\/thecitizenfortheworld","article_published_time":"2026-04-30T17:05:22+00:00","og_image":[{"width":992,"height":666,"url":"https:\/\/thecitizenfortheworld.com\/wp-content\/uploads\/2026\/04\/Mali-.jpg","type":"image\/jpeg"}],"author":"thecitizenfortheworld23@gmail.com","twitter_card":"summary_large_image","twitter_misc":{"Escrito por":"thecitizenfortheworld23@gmail.com","Tiempo estimado de lectura":"6 minutos"},"schema":{"@context":"https:\/\/schema.org","@graph":[{"@type":"Article","@id":"https:\/\/thecitizenfortheworld.com\/?p=92168#article","isPartOf":{"@id":"https:\/\/thecitizenfortheworld.com\/?p=92168"},"author":{"name":"thecitizenfortheworld23@gmail.com","@id":"https:\/\/thecitizenfortheworld.com\/#\/schema\/person\/1f6b82847278ca8d344c472822b5b66f"},"headline":"Rusia sufre en Mali su peor rev\u00e9s militar en \u00c1frica y queda contra las cuerdas en el Sahel: \u201cEs una humillaci\u00f3n\u201d","datePublished":"2026-04-30T17:05:22+00:00","dateModified":"2026-04-30T17:05:22+00:00","mainEntityOfPage":{"@id":"https:\/\/thecitizenfortheworld.com\/?p=92168"},"wordCount":1105,"commentCount":0,"publisher":{"@id":"https:\/\/thecitizenfortheworld.com\/#organization"},"articleSection":["Internacionales"],"inLanguage":"es-CO","potentialAction":[{"@type":"CommentAction","name":"Comment","target":["https:\/\/thecitizenfortheworld.com\/?p=92168#respond"]}]},{"@type":"WebPage","@id":"https:\/\/thecitizenfortheworld.com\/?p=92168","url":"https:\/\/thecitizenfortheworld.com\/?p=92168","name":"Rusia sufre en Mali su peor rev\u00e9s militar en \u00c1frica y queda contra las cuerdas en el Sahel: \u201cEs una humillaci\u00f3n\u201d - The citizen for the world","isPartOf":{"@id":"https:\/\/thecitizenfortheworld.com\/#website"},"datePublished":"2026-04-30T17:05:22+00:00","dateModified":"2026-04-30T17:05:22+00:00","breadcrumb":{"@id":"https:\/\/thecitizenfortheworld.com\/?p=92168#breadcrumb"},"inLanguage":"es-CO","potentialAction":[{"@type":"ReadAction","target":["https:\/\/thecitizenfortheworld.com\/?p=92168"]}]},{"@type":"BreadcrumbList","@id":"https:\/\/thecitizenfortheworld.com\/?p=92168#breadcrumb","itemListElement":[{"@type":"ListItem","position":1,"name":"Inicio","item":"https:\/\/thecitizenfortheworld.com\/"},{"@type":"ListItem","position":2,"name":"Rusia sufre en Mali su peor rev\u00e9s militar en \u00c1frica y queda contra las cuerdas en el Sahel: \u201cEs una humillaci\u00f3n\u201d"}]},{"@type":"WebSite","@id":"https:\/\/thecitizenfortheworld.com\/#website","url":"https:\/\/thecitizenfortheworld.com\/","name":"The citizen for the world","description":"","publisher":{"@id":"https:\/\/thecitizenfortheworld.com\/#organization"},"potentialAction":[{"@type":"SearchAction","target":{"@type":"EntryPoint","urlTemplate":"https:\/\/thecitizenfortheworld.com\/?s={search_term_string}"},"query-input":"required name=search_term_string"}],"inLanguage":"es-CO"},{"@type":"Organization","@id":"https:\/\/thecitizenfortheworld.com\/#organization","name":"The citizen for the world","url":"https:\/\/thecitizenfortheworld.com\/","logo":{"@type":"ImageObject","inLanguage":"es-CO","@id":"https:\/\/thecitizenfortheworld.com\/#\/schema\/logo\/image\/","url":"https:\/\/thecitizenfortheworld.com\/wp-content\/uploads\/2023\/04\/cropped-the-citizens.png","contentUrl":"https:\/\/thecitizenfortheworld.com\/wp-content\/uploads\/2023\/04\/cropped-the-citizens.png","width":1135,"height":1302,"caption":"The citizen for the world"},"image":{"@id":"https:\/\/thecitizenfortheworld.com\/#\/schema\/logo\/image\/"},"sameAs":["https:\/\/www.facebook.com\/thecitizenfortheworld"]},{"@type":"Person","@id":"https:\/\/thecitizenfortheworld.com\/#\/schema\/person\/1f6b82847278ca8d344c472822b5b66f","name":"thecitizenfortheworld23@gmail.com","image":{"@type":"ImageObject","inLanguage":"es-CO","@id":"https:\/\/thecitizenfortheworld.com\/#\/schema\/person\/image\/","url":"https:\/\/secure.gravatar.com\/avatar\/fa0768c808e84d205962885f7091f34b?s=96&d=mm&r=pg","contentUrl":"https:\/\/secure.gravatar.com\/avatar\/fa0768c808e84d205962885f7091f34b?s=96&d=mm&r=pg","caption":"thecitizenfortheworld23@gmail.com"},"sameAs":["http:\/\/thecitizenfortheworld.com"],"url":"https:\/\/thecitizenfortheworld.com\/?author=1"}]}},"_links":{"self":[{"href":"https:\/\/thecitizenfortheworld.com\/index.php?rest_route=\/wp\/v2\/posts\/92168"}],"collection":[{"href":"https:\/\/thecitizenfortheworld.com\/index.php?rest_route=\/wp\/v2\/posts"}],"about":[{"href":"https:\/\/thecitizenfortheworld.com\/index.php?rest_route=\/wp\/v2\/types\/post"}],"author":[{"embeddable":true,"href":"https:\/\/thecitizenfortheworld.com\/index.php?rest_route=\/wp\/v2\/users\/1"}],"replies":[{"embeddable":true,"href":"https:\/\/thecitizenfortheworld.com\/index.php?rest_route=%2Fwp%2Fv2%2Fcomments&post=92168"}],"version-history":[{"count":1,"href":"https:\/\/thecitizenfortheworld.com\/index.php?rest_route=\/wp\/v2\/posts\/92168\/revisions"}],"predecessor-version":[{"id":92170,"href":"https:\/\/thecitizenfortheworld.com\/index.php?rest_route=\/wp\/v2\/posts\/92168\/revisions\/92170"}],"wp:featuredmedia":[{"embeddable":true,"href":"https:\/\/thecitizenfortheworld.com\/index.php?rest_route=\/wp\/v2\/media\/92169"}],"wp:attachment":[{"href":"https:\/\/thecitizenfortheworld.com\/index.php?rest_route=%2Fwp%2Fv2%2Fmedia&parent=92168"}],"wp:term":[{"taxonomy":"category","embeddable":true,"href":"https:\/\/thecitizenfortheworld.com\/index.php?rest_route=%2Fwp%2Fv2%2Fcategories&post=92168"},{"taxonomy":"post_tag","embeddable":true,"href":"https:\/\/thecitizenfortheworld.com\/index.php?rest_route=%2Fwp%2Fv2%2Ftags&post=92168"}],"curies":[{"name":"wp","href":"https:\/\/api.w.org\/{rel}","templated":true}]}}