{"id":92147,"date":"2026-04-29T09:41:31","date_gmt":"2026-04-29T14:41:31","guid":{"rendered":"https:\/\/thecitizenfortheworld.com\/?p=92147"},"modified":"2026-04-29T09:41:31","modified_gmt":"2026-04-29T14:41:31","slug":"israel-abatio-al-jefe-del-departamento-de-operaciones-de-la-organizacion-terrorista-hamas","status":"publish","type":"post","link":"https:\/\/thecitizenfortheworld.com\/?p=92147","title":{"rendered":"Israel abati\u00f3 al jefe del Departamento de Operaciones de la organizaci\u00f3n terrorista Hamas"},"content":{"rendered":"<p class=\"article-subheadline text-align-left\">Iyad Ahmed Abd al-Rahman Shambari particip\u00f3 activamente en la planificaci\u00f3n de la masacre perpetrada el 7 de octubre de 2023<\/p>\n<p>El <b>Ej\u00e9rcito de Defensa de Israel (IDF)<\/b> y el <b>Servicio de Seguridad General (Shin Bet)<\/b> abatieron en el norte de la <b>Franja de Gaza<\/b> a <b>Iyad Ahmed Abd al-Rahman Shambari<\/b>, identificado como jefe del Departamento de Operaciones del Estado Mayor de Inteligencia Militar de la organizaci\u00f3n terrorista <b>Hamas<\/b>. La operaci\u00f3n se realiz\u00f3 el martes, seg\u00fan inform\u00f3 el <b>IDF<\/b>.<\/p>\n<p><b>Shambari<\/b> se desempe\u00f1\u00f3 en los \u00faltimos a\u00f1os como jefe del departamento de operaciones de la inteligencia militar de <b>Hamas<\/b> y era responsable de coordinar la informaci\u00f3n operativa de toda la <b>Franja de Gaza<\/b>. Se le atribuye la recopilaci\u00f3n de inteligencia sobre las fuerzas del <b>Ej\u00e9rcito de Israel<\/b> para planificar y ejecutar ataques terroristas.<\/p>\n<div class=\"visual__image\"><picture><img decoding=\"async\" loading=\"lazy\" class=\"global-image\" src=\"https:\/\/www.infobae.com\/resizer\/v2\/UFZ2ZKDUDFF33JVBTAUVRTPTRI.jpg?auth=e8399e55f227b808f26bbcfa3f5e5f72881c2de7cb214637284bad62f92dbb1a&amp;smart=true&amp;width=350&amp;height=197&amp;quality=85\" alt=\"Israel abati\u00f3 al jefe del Departamento de Operaciones del Estado Mayor de la organizaci\u00f3n terrorista Hamas\" width=\"1200\" height=\"675\" \/><\/picture><\/div>\n<div class=\"visual__image\"><em>Iyad Ahmed Abd al-Rahman Shambari coordinaba la informaci\u00f3n operativa de Hamas a lo largo de toda la Franja de Gaza, seg\u00fan el comunicado oficial.<\/em><\/div>\n<p class=\"paragraph\" data-mrf-recirculation=\"Links inline\">De acuerdo con el comunicado militar, <b>Shambari<\/b> representaba una amenaza inmediata para las fuerzas israel\u00edes que operan en la zona. Particip\u00f3 activamente en la planificaci\u00f3n de la incursi\u00f3n de los terroristas de <b>Hamas<\/b> en la masacre perpetrada el 7 de octubre.<\/p>\n<p data-mrf-recirculation=\"Links inline\">Las fuerzas del <b>Comando Sur<\/b> del ej\u00e9rcito israel\u00ed est\u00e1n desplegadas en la zona conforme al acuerdo y continuar\u00e1n actuando para eliminar cualquier amenaza inmediata.<\/p>\n<h2 id=\"operaciones-en-libano\" class=\"text-align-left vertical-align-top line-height-100 header headline-class-h2 headline\">Operaciones en L\u00edbano<\/h2>\n<p class=\"paragraph\" data-mrf-recirculation=\"Links inline\"><b>Unidades de reserva de la Brigada 226 de las Fuerzas de Defensa de Israel (FDI)<\/b> localizaron un <b>pozo minado<\/b> y un <b>puesto de permanencia con armas<\/b> pertenecientes al grupo terrorista <b>Hezbollah<\/b> en el sur de <b>L\u00edbano<\/b>, seg\u00fan inform\u00f3 el ej\u00e9rcito israel\u00ed. Las operaciones fueron realizadas bajo el mando de la <b>Divisi\u00f3n 146<\/b>, en una zona situada al sur de la l\u00ednea de defensa avanzada, con el objetivo de evitar una amenaza directa sobre los <b>asentamientos<\/b> ubicados en el norte de Israel.<\/p>\n<p data-mrf-recirculation=\"Links inline\">El ej\u00e9rcito detall\u00f3 que, durante la operaci\u00f3n, las fuerzas descubrieron un <b>puesto utilizado por integrantes de Hezbollah<\/b>, en el que se encontraba un arsenal compuesto por <b>bombas de mortero y cohetes<\/b>. Seg\u00fan el informe, este material estaba destinado a ser utilizado tanto contra las fuerzas israel\u00edes que operan en la zona como contra civiles del <b>Estado de Israel<\/b>. Parte del hallazgo incluy\u00f3 <b>barriles azules llenos de morteros de ciento veinte mil\u00edmetros<\/b>, los cuales se encontraban empaquetados con la marca del fabricante y acompa\u00f1ados por <b>discos de encendido envueltos y sellados herm\u00e9ticamente<\/b>. Todo el contenido estaba almacenado en <b>tubos met\u00e1licos cerrados<\/b>.<\/p>\n<div class=\"visual__image\"><picture><img decoding=\"async\" loading=\"lazy\" class=\"global-image\" src=\"https:\/\/www.infobae.com\/resizer\/v2\/U4E5KWJXKBDBJD6MFZK7KHU62M.jpg?auth=71f1f484d8d352e774baba8ddc7b5fb2fb447141640ac758acf912bbb8b0030a&amp;smart=true&amp;width=350&amp;height=233&amp;quality=85\" alt=\"Las FDI localizaron un puesto de la organizaci\u00f3n terrorista Hezbollah en el sur de L\u00edbano\" width=\"1200\" height=\"800\" \/><\/picture><\/div>\n<div class=\"visual__image\"><em>La operaci\u00f3n militar bajo la Divisi\u00f3n 146 se realiz\u00f3 para evitar amenazas directas sobre asentamientos israel\u00edes cercanos a la frontera con L\u00edbano.<\/em><\/div>\n<p class=\"paragraph\" data-mrf-recirculation=\"Links inline\">El comunicado precisa que, adem\u00e1s del armamento, las fuerzas detectaron la existencia de <b>lanzadores<\/b> en la misma ubicaci\u00f3n. Tambi\u00e9n se encontraron se\u00f1ales claras de <b>presencia humana en la zona<\/b>, como <b>posiciones de espera<\/b> equipadas con <b>comida y agua<\/b>, lo que evidencia que el lugar estaba acondicionado para <b>estad\u00edas prolongadas<\/b>. Los soldados que participaron en la operaci\u00f3n documentaron en video el descubrimiento, mostrando el estado y la disposici\u00f3n de los artefactos y suministros encontrados.<\/p>\n<p data-mrf-recirculation=\"Links inline\"><em>(Con informaci\u00f3n de Infobae<\/em>)<\/p>\n","protected":false},"excerpt":{"rendered":"<p>Iyad Ahmed Abd al-Rahman Shambari particip\u00f3 activamente en la planificaci\u00f3n de la masacre perpetrada el 7 de octubre de 2023 El Ej\u00e9rcito de Defensa de Israel (IDF) y el Servicio de Seguridad General (Shin Bet) abatieron en el norte de la Franja de Gaza a Iyad Ahmed Abd al-Rahman Shambari, identificado como jefe del Departamento [&hellip;]<\/p>\n","protected":false},"author":1,"featured_media":92148,"comment_status":"open","ping_status":"open","sticky":false,"template":"","format":"standard","meta":{"om_disable_all_campaigns":false,"_mi_skip_tracking":false},"categories":[2],"tags":[],"yoast_head":"<!-- This site is optimized with the Yoast SEO plugin v20.5 - https:\/\/yoast.com\/wordpress\/plugins\/seo\/ -->\n<title>Israel abati\u00f3 al jefe del Departamento de Operaciones de la organizaci\u00f3n terrorista Hamas - The citizen for the world<\/title>\n<meta name=\"robots\" content=\"index, follow, max-snippet:-1, max-image-preview:large, max-video-preview:-1\" \/>\n<link rel=\"canonical\" href=\"https:\/\/thecitizenfortheworld.com\/?p=92147\" \/>\n<meta property=\"og:locale\" content=\"es_ES\" \/>\n<meta property=\"og:type\" content=\"article\" \/>\n<meta property=\"og:title\" content=\"Israel abati\u00f3 al jefe del Departamento de Operaciones de la organizaci\u00f3n terrorista Hamas - The citizen for the world\" \/>\n<meta property=\"og:description\" content=\"Iyad Ahmed Abd al-Rahman Shambari particip\u00f3 activamente en la planificaci\u00f3n de la masacre perpetrada el 7 de octubre de 2023 El Ej\u00e9rcito de Defensa de Israel (IDF) y el Servicio de Seguridad General (Shin Bet) abatieron en el norte de la Franja de Gaza a Iyad Ahmed Abd al-Rahman Shambari, identificado como jefe del Departamento [&hellip;]\" \/>\n<meta property=\"og:url\" content=\"https:\/\/thecitizenfortheworld.com\/?p=92147\" \/>\n<meta property=\"og:site_name\" content=\"The citizen for the world\" \/>\n<meta property=\"article:publisher\" content=\"https:\/\/www.facebook.com\/thecitizenfortheworld\" \/>\n<meta property=\"article:published_time\" content=\"2026-04-29T14:41:31+00:00\" \/>\n<meta property=\"og:image\" content=\"https:\/\/thecitizenfortheworld.com\/wp-content\/uploads\/2026\/04\/Iyag-Ahmed.jpg\" \/>\n\t<meta property=\"og:image:width\" content=\"992\" \/>\n\t<meta property=\"og:image:height\" content=\"558\" \/>\n\t<meta property=\"og:image:type\" content=\"image\/jpeg\" \/>\n<meta name=\"author\" content=\"thecitizenfortheworld23@gmail.com\" \/>\n<meta name=\"twitter:card\" content=\"summary_large_image\" \/>\n<meta name=\"twitter:label1\" content=\"Escrito por\" \/>\n\t<meta name=\"twitter:data1\" content=\"thecitizenfortheworld23@gmail.com\" \/>\n\t<meta name=\"twitter:label2\" content=\"Tiempo estimado de lectura\" \/>\n\t<meta name=\"twitter:data2\" content=\"3 minutos\" \/>\n<script type=\"application\/ld+json\" class=\"yoast-schema-graph\">{\"@context\":\"https:\/\/schema.org\",\"@graph\":[{\"@type\":\"Article\",\"@id\":\"https:\/\/thecitizenfortheworld.com\/?p=92147#article\",\"isPartOf\":{\"@id\":\"https:\/\/thecitizenfortheworld.com\/?p=92147\"},\"author\":{\"name\":\"thecitizenfortheworld23@gmail.com\",\"@id\":\"https:\/\/thecitizenfortheworld.com\/#\/schema\/person\/1f6b82847278ca8d344c472822b5b66f\"},\"headline\":\"Israel abati\u00f3 al jefe del Departamento de Operaciones de la organizaci\u00f3n terrorista Hamas\",\"datePublished\":\"2026-04-29T14:41:31+00:00\",\"dateModified\":\"2026-04-29T14:41:31+00:00\",\"mainEntityOfPage\":{\"@id\":\"https:\/\/thecitizenfortheworld.com\/?p=92147\"},\"wordCount\":554,\"commentCount\":0,\"publisher\":{\"@id\":\"https:\/\/thecitizenfortheworld.com\/#organization\"},\"articleSection\":[\"Internacionales\"],\"inLanguage\":\"es-CO\",\"potentialAction\":[{\"@type\":\"CommentAction\",\"name\":\"Comment\",\"target\":[\"https:\/\/thecitizenfortheworld.com\/?p=92147#respond\"]}]},{\"@type\":\"WebPage\",\"@id\":\"https:\/\/thecitizenfortheworld.com\/?p=92147\",\"url\":\"https:\/\/thecitizenfortheworld.com\/?p=92147\",\"name\":\"Israel abati\u00f3 al jefe del Departamento de Operaciones de la organizaci\u00f3n terrorista Hamas - The citizen for the world\",\"isPartOf\":{\"@id\":\"https:\/\/thecitizenfortheworld.com\/#website\"},\"datePublished\":\"2026-04-29T14:41:31+00:00\",\"dateModified\":\"2026-04-29T14:41:31+00:00\",\"breadcrumb\":{\"@id\":\"https:\/\/thecitizenfortheworld.com\/?p=92147#breadcrumb\"},\"inLanguage\":\"es-CO\",\"potentialAction\":[{\"@type\":\"ReadAction\",\"target\":[\"https:\/\/thecitizenfortheworld.com\/?p=92147\"]}]},{\"@type\":\"BreadcrumbList\",\"@id\":\"https:\/\/thecitizenfortheworld.com\/?p=92147#breadcrumb\",\"itemListElement\":[{\"@type\":\"ListItem\",\"position\":1,\"name\":\"Inicio\",\"item\":\"https:\/\/thecitizenfortheworld.com\/\"},{\"@type\":\"ListItem\",\"position\":2,\"name\":\"Israel abati\u00f3 al jefe del Departamento de Operaciones de la organizaci\u00f3n terrorista Hamas\"}]},{\"@type\":\"WebSite\",\"@id\":\"https:\/\/thecitizenfortheworld.com\/#website\",\"url\":\"https:\/\/thecitizenfortheworld.com\/\",\"name\":\"The citizen for the world\",\"description\":\"\",\"publisher\":{\"@id\":\"https:\/\/thecitizenfortheworld.com\/#organization\"},\"potentialAction\":[{\"@type\":\"SearchAction\",\"target\":{\"@type\":\"EntryPoint\",\"urlTemplate\":\"https:\/\/thecitizenfortheworld.com\/?s={search_term_string}\"},\"query-input\":\"required name=search_term_string\"}],\"inLanguage\":\"es-CO\"},{\"@type\":\"Organization\",\"@id\":\"https:\/\/thecitizenfortheworld.com\/#organization\",\"name\":\"The citizen for the world\",\"url\":\"https:\/\/thecitizenfortheworld.com\/\",\"logo\":{\"@type\":\"ImageObject\",\"inLanguage\":\"es-CO\",\"@id\":\"https:\/\/thecitizenfortheworld.com\/#\/schema\/logo\/image\/\",\"url\":\"https:\/\/thecitizenfortheworld.com\/wp-content\/uploads\/2023\/04\/cropped-the-citizens.png\",\"contentUrl\":\"https:\/\/thecitizenfortheworld.com\/wp-content\/uploads\/2023\/04\/cropped-the-citizens.png\",\"width\":1135,\"height\":1302,\"caption\":\"The citizen for the world\"},\"image\":{\"@id\":\"https:\/\/thecitizenfortheworld.com\/#\/schema\/logo\/image\/\"},\"sameAs\":[\"https:\/\/www.facebook.com\/thecitizenfortheworld\"]},{\"@type\":\"Person\",\"@id\":\"https:\/\/thecitizenfortheworld.com\/#\/schema\/person\/1f6b82847278ca8d344c472822b5b66f\",\"name\":\"thecitizenfortheworld23@gmail.com\",\"image\":{\"@type\":\"ImageObject\",\"inLanguage\":\"es-CO\",\"@id\":\"https:\/\/thecitizenfortheworld.com\/#\/schema\/person\/image\/\",\"url\":\"https:\/\/secure.gravatar.com\/avatar\/fa0768c808e84d205962885f7091f34b?s=96&d=mm&r=pg\",\"contentUrl\":\"https:\/\/secure.gravatar.com\/avatar\/fa0768c808e84d205962885f7091f34b?s=96&d=mm&r=pg\",\"caption\":\"thecitizenfortheworld23@gmail.com\"},\"sameAs\":[\"http:\/\/thecitizenfortheworld.com\"],\"url\":\"https:\/\/thecitizenfortheworld.com\/?author=1\"}]}<\/script>\n<!-- \/ Yoast SEO plugin. -->","yoast_head_json":{"title":"Israel abati\u00f3 al jefe del Departamento de Operaciones de la organizaci\u00f3n terrorista Hamas - The citizen for the world","robots":{"index":"index","follow":"follow","max-snippet":"max-snippet:-1","max-image-preview":"max-image-preview:large","max-video-preview":"max-video-preview:-1"},"canonical":"https:\/\/thecitizenfortheworld.com\/?p=92147","og_locale":"es_ES","og_type":"article","og_title":"Israel abati\u00f3 al jefe del Departamento de Operaciones de la organizaci\u00f3n terrorista Hamas - The citizen for the world","og_description":"Iyad Ahmed Abd al-Rahman Shambari particip\u00f3 activamente en la planificaci\u00f3n de la masacre perpetrada el 7 de octubre de 2023 El Ej\u00e9rcito de Defensa de Israel (IDF) y el Servicio de Seguridad General (Shin Bet) abatieron en el norte de la Franja de Gaza a Iyad Ahmed Abd al-Rahman Shambari, identificado como jefe del Departamento [&hellip;]","og_url":"https:\/\/thecitizenfortheworld.com\/?p=92147","og_site_name":"The citizen for the world","article_publisher":"https:\/\/www.facebook.com\/thecitizenfortheworld","article_published_time":"2026-04-29T14:41:31+00:00","og_image":[{"width":992,"height":558,"url":"https:\/\/thecitizenfortheworld.com\/wp-content\/uploads\/2026\/04\/Iyag-Ahmed.jpg","type":"image\/jpeg"}],"author":"thecitizenfortheworld23@gmail.com","twitter_card":"summary_large_image","twitter_misc":{"Escrito por":"thecitizenfortheworld23@gmail.com","Tiempo estimado de lectura":"3 minutos"},"schema":{"@context":"https:\/\/schema.org","@graph":[{"@type":"Article","@id":"https:\/\/thecitizenfortheworld.com\/?p=92147#article","isPartOf":{"@id":"https:\/\/thecitizenfortheworld.com\/?p=92147"},"author":{"name":"thecitizenfortheworld23@gmail.com","@id":"https:\/\/thecitizenfortheworld.com\/#\/schema\/person\/1f6b82847278ca8d344c472822b5b66f"},"headline":"Israel abati\u00f3 al jefe del Departamento de Operaciones de la organizaci\u00f3n terrorista Hamas","datePublished":"2026-04-29T14:41:31+00:00","dateModified":"2026-04-29T14:41:31+00:00","mainEntityOfPage":{"@id":"https:\/\/thecitizenfortheworld.com\/?p=92147"},"wordCount":554,"commentCount":0,"publisher":{"@id":"https:\/\/thecitizenfortheworld.com\/#organization"},"articleSection":["Internacionales"],"inLanguage":"es-CO","potentialAction":[{"@type":"CommentAction","name":"Comment","target":["https:\/\/thecitizenfortheworld.com\/?p=92147#respond"]}]},{"@type":"WebPage","@id":"https:\/\/thecitizenfortheworld.com\/?p=92147","url":"https:\/\/thecitizenfortheworld.com\/?p=92147","name":"Israel abati\u00f3 al jefe del Departamento de Operaciones de la organizaci\u00f3n terrorista Hamas - The citizen for the world","isPartOf":{"@id":"https:\/\/thecitizenfortheworld.com\/#website"},"datePublished":"2026-04-29T14:41:31+00:00","dateModified":"2026-04-29T14:41:31+00:00","breadcrumb":{"@id":"https:\/\/thecitizenfortheworld.com\/?p=92147#breadcrumb"},"inLanguage":"es-CO","potentialAction":[{"@type":"ReadAction","target":["https:\/\/thecitizenfortheworld.com\/?p=92147"]}]},{"@type":"BreadcrumbList","@id":"https:\/\/thecitizenfortheworld.com\/?p=92147#breadcrumb","itemListElement":[{"@type":"ListItem","position":1,"name":"Inicio","item":"https:\/\/thecitizenfortheworld.com\/"},{"@type":"ListItem","position":2,"name":"Israel abati\u00f3 al jefe del Departamento de Operaciones de la organizaci\u00f3n terrorista Hamas"}]},{"@type":"WebSite","@id":"https:\/\/thecitizenfortheworld.com\/#website","url":"https:\/\/thecitizenfortheworld.com\/","name":"The citizen for the world","description":"","publisher":{"@id":"https:\/\/thecitizenfortheworld.com\/#organization"},"potentialAction":[{"@type":"SearchAction","target":{"@type":"EntryPoint","urlTemplate":"https:\/\/thecitizenfortheworld.com\/?s={search_term_string}"},"query-input":"required name=search_term_string"}],"inLanguage":"es-CO"},{"@type":"Organization","@id":"https:\/\/thecitizenfortheworld.com\/#organization","name":"The citizen for the world","url":"https:\/\/thecitizenfortheworld.com\/","logo":{"@type":"ImageObject","inLanguage":"es-CO","@id":"https:\/\/thecitizenfortheworld.com\/#\/schema\/logo\/image\/","url":"https:\/\/thecitizenfortheworld.com\/wp-content\/uploads\/2023\/04\/cropped-the-citizens.png","contentUrl":"https:\/\/thecitizenfortheworld.com\/wp-content\/uploads\/2023\/04\/cropped-the-citizens.png","width":1135,"height":1302,"caption":"The citizen for the world"},"image":{"@id":"https:\/\/thecitizenfortheworld.com\/#\/schema\/logo\/image\/"},"sameAs":["https:\/\/www.facebook.com\/thecitizenfortheworld"]},{"@type":"Person","@id":"https:\/\/thecitizenfortheworld.com\/#\/schema\/person\/1f6b82847278ca8d344c472822b5b66f","name":"thecitizenfortheworld23@gmail.com","image":{"@type":"ImageObject","inLanguage":"es-CO","@id":"https:\/\/thecitizenfortheworld.com\/#\/schema\/person\/image\/","url":"https:\/\/secure.gravatar.com\/avatar\/fa0768c808e84d205962885f7091f34b?s=96&d=mm&r=pg","contentUrl":"https:\/\/secure.gravatar.com\/avatar\/fa0768c808e84d205962885f7091f34b?s=96&d=mm&r=pg","caption":"thecitizenfortheworld23@gmail.com"},"sameAs":["http:\/\/thecitizenfortheworld.com"],"url":"https:\/\/thecitizenfortheworld.com\/?author=1"}]}},"_links":{"self":[{"href":"https:\/\/thecitizenfortheworld.com\/index.php?rest_route=\/wp\/v2\/posts\/92147"}],"collection":[{"href":"https:\/\/thecitizenfortheworld.com\/index.php?rest_route=\/wp\/v2\/posts"}],"about":[{"href":"https:\/\/thecitizenfortheworld.com\/index.php?rest_route=\/wp\/v2\/types\/post"}],"author":[{"embeddable":true,"href":"https:\/\/thecitizenfortheworld.com\/index.php?rest_route=\/wp\/v2\/users\/1"}],"replies":[{"embeddable":true,"href":"https:\/\/thecitizenfortheworld.com\/index.php?rest_route=%2Fwp%2Fv2%2Fcomments&post=92147"}],"version-history":[{"count":1,"href":"https:\/\/thecitizenfortheworld.com\/index.php?rest_route=\/wp\/v2\/posts\/92147\/revisions"}],"predecessor-version":[{"id":92149,"href":"https:\/\/thecitizenfortheworld.com\/index.php?rest_route=\/wp\/v2\/posts\/92147\/revisions\/92149"}],"wp:featuredmedia":[{"embeddable":true,"href":"https:\/\/thecitizenfortheworld.com\/index.php?rest_route=\/wp\/v2\/media\/92148"}],"wp:attachment":[{"href":"https:\/\/thecitizenfortheworld.com\/index.php?rest_route=%2Fwp%2Fv2%2Fmedia&parent=92147"}],"wp:term":[{"taxonomy":"category","embeddable":true,"href":"https:\/\/thecitizenfortheworld.com\/index.php?rest_route=%2Fwp%2Fv2%2Fcategories&post=92147"},{"taxonomy":"post_tag","embeddable":true,"href":"https:\/\/thecitizenfortheworld.com\/index.php?rest_route=%2Fwp%2Fv2%2Ftags&post=92147"}],"curies":[{"name":"wp","href":"https:\/\/api.w.org\/{rel}","templated":true}]}}