{"id":92134,"date":"2026-04-28T09:27:32","date_gmt":"2026-04-28T14:27:32","guid":{"rendered":"https:\/\/thecitizenfortheworld.com\/?p=92134"},"modified":"2026-04-28T09:27:32","modified_gmt":"2026-04-28T14:27:32","slug":"por-que-emiratos-arabes-unidos-se-retira-de-la-opep-como-parte-de-una-estrategia-mas-amplia-de-autonomia","status":"publish","type":"post","link":"https:\/\/thecitizenfortheworld.com\/?p=92134","title":{"rendered":"Por qu\u00e9 Emiratos \u00c1rabes Unidos se retira de la OPEP como parte de una estrategia m\u00e1s amplia de autonom\u00eda"},"content":{"rendered":"<p class=\"article-subheadline text_align_left\">La determinaci\u00f3n, confirmada a trav\u00e9s de fuentes oficiales, responde a una pol\u00edtica de independencia que abarca desde la producci\u00f3n energ\u00e9tica hasta la diversificaci\u00f3n econ\u00f3mica y la orientaci\u00f3n internacional del pa\u00eds<\/p>\n<p>El anuncio de la <a title=\"https:\/\/www.infobae.com\/america\/mundo\/2026\/04\/28\/emiratos-arabes-unidos-anuncio-su-salida-de-la-opep-a-partir-de-mayo-tras-la-crisis-energetica-mundial\/\" href=\"https:\/\/www.infobae.com\/america\/mundo\/2026\/04\/28\/emiratos-arabes-unidos-anuncio-su-salida-de-la-opep-a-partir-de-mayo-tras-la-crisis-energetica-mundial\/\" target=\"_blank\" rel=\"noopener noreferrer\" data-mrf-link=\"https:\/\/www.infobae.com\/america\/mundo\/2026\/04\/28\/emiratos-arabes-unidos-anuncio-su-salida-de-la-opep-a-partir-de-mayo-tras-la-crisis-energetica-mundial\/\"><b>salida de Emiratos \u00c1rabes Unidos<\/b> de la Organizaci\u00f3n de Pa\u00edses Exportadores de Petr\u00f3leo (OPEP)<\/a>, efectiva desde el 1 de mayo de 2026, constituye un paso decisivo dentro de una estrategia de <b>autonom\u00eda estrat\u00e9gica<\/b> que el pa\u00eds ha perfeccionado durante la \u00faltima d\u00e9cada. Esta determinaci\u00f3n, informada el martes por la agencia estatal <i>Wam<\/i>, responde a una visi\u00f3n a largo plazo orientada a independizarse de compromisos colectivos r\u00edgidos y fortalecer su capacidad de maniobra frente a las transformaciones energ\u00e9ticas y pol\u00edticas del escenario internacional, seg\u00fan explic\u00f3 el medio <i>The National<\/i>.<\/p>\n<p>Como parte de este mismo proceso, <b>Emiratos \u00c1rabes Unidos<\/b> ha impulsado un cambio profundo en su matriz energ\u00e9tica y productiva en los \u00faltimos a\u00f1os. La construcci\u00f3n de la <b>Planta Nuclear Barakah<\/b>, la primera en el mundo \u00e1rabe, permite que un cuarto de la electricidad nacional provenga de la energ\u00eda nuclear. Adem\u00e1s, la petrolera nacional <b>Adnoc <\/b>ha fijado como meta alcanzar una producci\u00f3n de cinco millones de barriles diarios, una cifra que marca el ritmo de la agenda energ\u00e9tica del pa\u00eds.<\/p>\n<p>En el centro de esta <b>redefinici\u00f3n del posicionamiento internacional emirat\u00ed<\/b>, sobresale la apuesta por pol\u00edticas auton\u00f3micas y multilaterales, alejadas de alineamientos tradicionales y b\u00fasqueda de consensos regionales. En 2022, el pa\u00eds reestructur\u00f3 su semana laboral para hacerla coincidir con la de los mercados globales, como <b>Londres<\/b>, <b>Nueva York <\/b>y <b>Hong Kong<\/b>, consolidando as\u00ed su perfil orientado al comercio internacional.<\/p>\n<p>Un bloque central lo compone la transici\u00f3n desde acuerdos de cuotas colectivas, caracter\u00edstica de la <b>OPEP<\/b>, hacia una <b>flexibilidad soberana<\/b> que permita ajustar la producci\u00f3n frente a eventuales perturbaciones globales, como las asociadas al <b>Estrecho de Ormuz<\/b>, seg\u00fan se\u00f1al\u00f3 <b>Ebtesam Al Ketbi<\/b>, presidenta del Emirates Policy Centre, en su an\u00e1lisis difundido a trav\u00e9s de la red X y recogido por <i>The National<\/i>.<\/p>\n<p>La pol\u00edtica exterior emirat\u00ed ha transitado un camino aut\u00f3nomo en conflictos y alianzas. En 2020, <b>Abu Dabi <\/b>y <b>Bahr\u00e9in <\/b>firmaron los <b>Acuerdos de Abraham<\/b>, estableciendo relaciones diplom\u00e1ticas con <b>Israel <\/b>y orientando su proyecci\u00f3n como modelo regional para interlocutores en <b>Washington <\/b>y otras capitales. Este car\u00e1cter se reafirm\u00f3 en su gesti\u00f3n del conflicto de <b>Yemen<\/b>: tras integrarse a la coalici\u00f3n dirigida por <b>Arabia Saudita <\/b>en 2015, <b>Emiratos \u00c1rabes Unidos <\/b>prioriz\u00f3 el control de rutas mar\u00edtimas, el respaldo a fuerzas locales del sur y el enfrentamiento a movimientos islamistas, desmarc\u00e1ndose progresivamente de la estrategia colectiva, seg\u00fan describi\u00f3 el profesor <b>Abdulkhaleq Abdulla <\/b>en <i>The National<\/i>.<\/p>\n<p>La decisi\u00f3n de abandonar la <b>OPEP <\/b>a partir del 1 de mayo <b>le permitir\u00e1 al pa\u00eds establecer una producci\u00f3n petrolera m\u00e1s flexible, adapt\u00e1ndose con rapidez a los desaf\u00edos del entorno global y consolidando su perfil de potencia media independiente<\/b>.<\/p>\n<div class=\"visual__image\"><picture><img decoding=\"async\" loading=\"lazy\" class=\"global-image\" src=\"https:\/\/www.infobae.com\/resizer\/v2\/DRJN7OKBLVEHFIQFCIEDHMWKNM.JPG?auth=ff28380c88b0ee1508a46948e192cf6c2987708e17421aa1213000698c79633c&amp;smart=true&amp;width=350&amp;height=233&amp;quality=85\" alt=\"ARCHIVO: El presidente de los Emiratos \u00c1rabes Unidos, el jeque Mohamed bin Zayed Al Nahyan, visita el Ministerio de Defensa, en Abu Dabi, Emiratos \u00c1rabes Unidos, el 3 de marzo de 2026 (Reuters)\" width=\"4200\" height=\"2800\" \/><\/picture><em>ARCHIVO: El presidente de los Emiratos \u00c1rabes Unidos, el jeque Mohamed bin Zayed Al Nahyan, visita el Ministerio de Defensa, en Abu Dabi, Emiratos \u00c1rabes Unidos, el 3 de marzo de 2026 (Reuters)<\/em><\/div>\n<p class=\"paragraph\" data-mrf-recirculation=\"Links inline\">Las tensiones regionales han puesto de relieve la singularidad de esta pol\u00edtica. Durante la reciente guerra con <b>Ir\u00e1n<\/b>, <b>Emiratos \u00c1rabes Unidos <\/b>fue el pa\u00eds m\u00e1s atacado por <b>Teher\u00e1n<\/b>, sufriendo impactos en infraestructuras civiles pese a su ausencia en las operaciones principales del conflicto.<\/p>\n<p class=\"paragraph\" data-mrf-recirculation=\"Links inline\">La reacci\u00f3n emirat\u00ed incluy\u00f3 el cierre de la embajada en <b>Teher\u00e1n<\/b>, el retiro total del cuerpo diplom\u00e1tico y la descalificaci\u00f3n oficial de los ataques como \u201c<b>terroristas y no provocados<\/b>\u201d. <b>Abu Dabi <\/b>tambi\u00e9n critic\u00f3 los intentos de alto el fuego impulsados por <b>Estados Unidos <\/b>e <b>Israel<\/b>, calific\u00e1ndolos como insuficientes y exigiendo una respuesta m\u00e1s contundente, en particular sobre el programa de misiles de <b>Ir\u00e1n<\/b>.<\/p>\n<p class=\"paragraph\" data-mrf-recirculation=\"Links inline\">El papel del pa\u00eds en instancias multilaterales se ha intensificado. Como miembro electo del <b>Consejo de Seguridad de Naciones Unidas<\/b> en el periodo 2022-2023, <b>Emiratos \u00c1rabes Unidos <\/b>elabor\u00f3 proyectos de resoluci\u00f3n y asumi\u00f3 posiciones propias, en lugar de limitarse a replicar las de sus aliados, de acuerdo con el <b>Emirates Policy Centre<\/b>.<\/p>\n<p class=\"paragraph\" data-mrf-recirculation=\"Links inline\">Este patr\u00f3n de autonom\u00eda se verifica tambi\u00e9n fuera de la esfera energ\u00e9tica y de seguridad. La preferencia por iniciativas impulsadas por inteligencia artificial y tecnolog\u00edas avanzadas ha guiado la diversificaci\u00f3n econ\u00f3mica. El liderazgo emirat\u00ed, descrito como esc\u00e9ptico respecto a la ideolog\u00eda y enfocado en resultados tangibles, considera a su pa\u00eds un \u201c<i>global entrep\u00f4t<\/i>\u201d, apto para prosperar por fuera de los acuerdos de bloques, seg\u00fan el <b>Centro de Estudios Estrat\u00e9gicos e Internacionales <\/b>de <b>Washington<\/b>.<\/p>\n<p data-mrf-recirculation=\"Links inline\">\u201cEl objetivo de <b>Emiratos \u00c1rabes Unidos<\/b> es dejar de ser solo consumidor de soluciones internacionales para convertirse en socio y productor, manteniendo agilidad en un entorno global fragmentado y en transformaci\u00f3n constante\u201d, escribi\u00f3 el <b>Emirates Policy Centre <\/b>en enero de este a\u00f1o. El an\u00e1lisis concluye que, en esta visi\u00f3n, la <b>autonom\u00eda estrat\u00e9gica<\/b> constituye la br\u00fajula central de <b>Abu Dabi <\/b>ante la volatilidad del sistema internacional.<\/p>\n<p data-mrf-recirculation=\"Links inline\">(<em>Con informaci\u00f3n de Infobae)<\/em><\/p>\n","protected":false},"excerpt":{"rendered":"<p>La determinaci\u00f3n, confirmada a trav\u00e9s de fuentes oficiales, responde a una pol\u00edtica de independencia que abarca desde la producci\u00f3n energ\u00e9tica hasta la diversificaci\u00f3n econ\u00f3mica y la orientaci\u00f3n internacional del pa\u00eds El anuncio de la salida de Emiratos \u00c1rabes Unidos de la Organizaci\u00f3n de Pa\u00edses Exportadores de Petr\u00f3leo (OPEP), efectiva desde el 1 de mayo de [&hellip;]<\/p>\n","protected":false},"author":1,"featured_media":92135,"comment_status":"open","ping_status":"open","sticky":false,"template":"","format":"standard","meta":{"om_disable_all_campaigns":false,"_mi_skip_tracking":false},"categories":[2,4],"tags":[],"yoast_head":"<!-- This site is optimized with the Yoast SEO plugin v20.5 - https:\/\/yoast.com\/wordpress\/plugins\/seo\/ -->\n<title>Por qu\u00e9 Emiratos \u00c1rabes Unidos se retira de la OPEP como parte de una estrategia m\u00e1s amplia de autonom\u00eda - The citizen for the world<\/title>\n<meta name=\"robots\" content=\"index, follow, max-snippet:-1, max-image-preview:large, max-video-preview:-1\" \/>\n<link rel=\"canonical\" href=\"https:\/\/thecitizenfortheworld.com\/?p=92134\" \/>\n<meta property=\"og:locale\" content=\"es_ES\" \/>\n<meta property=\"og:type\" content=\"article\" \/>\n<meta property=\"og:title\" content=\"Por qu\u00e9 Emiratos \u00c1rabes Unidos se retira de la OPEP como parte de una estrategia m\u00e1s amplia de autonom\u00eda - The citizen for the world\" \/>\n<meta property=\"og:description\" content=\"La determinaci\u00f3n, confirmada a trav\u00e9s de fuentes oficiales, responde a una pol\u00edtica de independencia que abarca desde la producci\u00f3n energ\u00e9tica hasta la diversificaci\u00f3n econ\u00f3mica y la orientaci\u00f3n internacional del pa\u00eds El anuncio de la salida de Emiratos \u00c1rabes Unidos de la Organizaci\u00f3n de Pa\u00edses Exportadores de Petr\u00f3leo (OPEP), efectiva desde el 1 de mayo de [&hellip;]\" \/>\n<meta property=\"og:url\" content=\"https:\/\/thecitizenfortheworld.com\/?p=92134\" \/>\n<meta property=\"og:site_name\" content=\"The citizen for the world\" \/>\n<meta property=\"article:publisher\" content=\"https:\/\/www.facebook.com\/thecitizenfortheworld\" \/>\n<meta property=\"article:published_time\" content=\"2026-04-28T14:27:32+00:00\" \/>\n<meta property=\"og:image\" content=\"https:\/\/thecitizenfortheworld.com\/wp-content\/uploads\/2026\/04\/EAU.jpg\" \/>\n\t<meta property=\"og:image:width\" content=\"992\" \/>\n\t<meta property=\"og:image:height\" content=\"661\" \/>\n\t<meta property=\"og:image:type\" content=\"image\/jpeg\" \/>\n<meta name=\"author\" content=\"thecitizenfortheworld23@gmail.com\" \/>\n<meta name=\"twitter:card\" content=\"summary_large_image\" \/>\n<meta name=\"twitter:label1\" content=\"Escrito por\" \/>\n\t<meta name=\"twitter:data1\" content=\"thecitizenfortheworld23@gmail.com\" \/>\n\t<meta name=\"twitter:label2\" content=\"Tiempo estimado de lectura\" \/>\n\t<meta name=\"twitter:data2\" content=\"4 minutos\" \/>\n<script type=\"application\/ld+json\" class=\"yoast-schema-graph\">{\"@context\":\"https:\/\/schema.org\",\"@graph\":[{\"@type\":\"Article\",\"@id\":\"https:\/\/thecitizenfortheworld.com\/?p=92134#article\",\"isPartOf\":{\"@id\":\"https:\/\/thecitizenfortheworld.com\/?p=92134\"},\"author\":{\"name\":\"thecitizenfortheworld23@gmail.com\",\"@id\":\"https:\/\/thecitizenfortheworld.com\/#\/schema\/person\/1f6b82847278ca8d344c472822b5b66f\"},\"headline\":\"Por qu\u00e9 Emiratos \u00c1rabes Unidos se retira de la OPEP como parte de una estrategia m\u00e1s amplia de autonom\u00eda\",\"datePublished\":\"2026-04-28T14:27:32+00:00\",\"dateModified\":\"2026-04-28T14:27:32+00:00\",\"mainEntityOfPage\":{\"@id\":\"https:\/\/thecitizenfortheworld.com\/?p=92134\"},\"wordCount\":905,\"commentCount\":0,\"publisher\":{\"@id\":\"https:\/\/thecitizenfortheworld.com\/#organization\"},\"articleSection\":[\"Internacionales\",\"Pol\u00edtica\"],\"inLanguage\":\"es-CO\",\"potentialAction\":[{\"@type\":\"CommentAction\",\"name\":\"Comment\",\"target\":[\"https:\/\/thecitizenfortheworld.com\/?p=92134#respond\"]}]},{\"@type\":\"WebPage\",\"@id\":\"https:\/\/thecitizenfortheworld.com\/?p=92134\",\"url\":\"https:\/\/thecitizenfortheworld.com\/?p=92134\",\"name\":\"Por qu\u00e9 Emiratos \u00c1rabes Unidos se retira de la OPEP como parte de una estrategia m\u00e1s amplia de autonom\u00eda - The citizen for the world\",\"isPartOf\":{\"@id\":\"https:\/\/thecitizenfortheworld.com\/#website\"},\"datePublished\":\"2026-04-28T14:27:32+00:00\",\"dateModified\":\"2026-04-28T14:27:32+00:00\",\"breadcrumb\":{\"@id\":\"https:\/\/thecitizenfortheworld.com\/?p=92134#breadcrumb\"},\"inLanguage\":\"es-CO\",\"potentialAction\":[{\"@type\":\"ReadAction\",\"target\":[\"https:\/\/thecitizenfortheworld.com\/?p=92134\"]}]},{\"@type\":\"BreadcrumbList\",\"@id\":\"https:\/\/thecitizenfortheworld.com\/?p=92134#breadcrumb\",\"itemListElement\":[{\"@type\":\"ListItem\",\"position\":1,\"name\":\"Inicio\",\"item\":\"https:\/\/thecitizenfortheworld.com\/\"},{\"@type\":\"ListItem\",\"position\":2,\"name\":\"Por qu\u00e9 Emiratos \u00c1rabes Unidos se retira de la OPEP como parte de una estrategia m\u00e1s amplia de autonom\u00eda\"}]},{\"@type\":\"WebSite\",\"@id\":\"https:\/\/thecitizenfortheworld.com\/#website\",\"url\":\"https:\/\/thecitizenfortheworld.com\/\",\"name\":\"The citizen for the world\",\"description\":\"\",\"publisher\":{\"@id\":\"https:\/\/thecitizenfortheworld.com\/#organization\"},\"potentialAction\":[{\"@type\":\"SearchAction\",\"target\":{\"@type\":\"EntryPoint\",\"urlTemplate\":\"https:\/\/thecitizenfortheworld.com\/?s={search_term_string}\"},\"query-input\":\"required name=search_term_string\"}],\"inLanguage\":\"es-CO\"},{\"@type\":\"Organization\",\"@id\":\"https:\/\/thecitizenfortheworld.com\/#organization\",\"name\":\"The citizen for the world\",\"url\":\"https:\/\/thecitizenfortheworld.com\/\",\"logo\":{\"@type\":\"ImageObject\",\"inLanguage\":\"es-CO\",\"@id\":\"https:\/\/thecitizenfortheworld.com\/#\/schema\/logo\/image\/\",\"url\":\"https:\/\/thecitizenfortheworld.com\/wp-content\/uploads\/2023\/04\/cropped-the-citizens.png\",\"contentUrl\":\"https:\/\/thecitizenfortheworld.com\/wp-content\/uploads\/2023\/04\/cropped-the-citizens.png\",\"width\":1135,\"height\":1302,\"caption\":\"The citizen for the world\"},\"image\":{\"@id\":\"https:\/\/thecitizenfortheworld.com\/#\/schema\/logo\/image\/\"},\"sameAs\":[\"https:\/\/www.facebook.com\/thecitizenfortheworld\"]},{\"@type\":\"Person\",\"@id\":\"https:\/\/thecitizenfortheworld.com\/#\/schema\/person\/1f6b82847278ca8d344c472822b5b66f\",\"name\":\"thecitizenfortheworld23@gmail.com\",\"image\":{\"@type\":\"ImageObject\",\"inLanguage\":\"es-CO\",\"@id\":\"https:\/\/thecitizenfortheworld.com\/#\/schema\/person\/image\/\",\"url\":\"https:\/\/secure.gravatar.com\/avatar\/fa0768c808e84d205962885f7091f34b?s=96&d=mm&r=pg\",\"contentUrl\":\"https:\/\/secure.gravatar.com\/avatar\/fa0768c808e84d205962885f7091f34b?s=96&d=mm&r=pg\",\"caption\":\"thecitizenfortheworld23@gmail.com\"},\"sameAs\":[\"http:\/\/thecitizenfortheworld.com\"],\"url\":\"https:\/\/thecitizenfortheworld.com\/?author=1\"}]}<\/script>\n<!-- \/ Yoast SEO plugin. -->","yoast_head_json":{"title":"Por qu\u00e9 Emiratos \u00c1rabes Unidos se retira de la OPEP como parte de una estrategia m\u00e1s amplia de autonom\u00eda - The citizen for the world","robots":{"index":"index","follow":"follow","max-snippet":"max-snippet:-1","max-image-preview":"max-image-preview:large","max-video-preview":"max-video-preview:-1"},"canonical":"https:\/\/thecitizenfortheworld.com\/?p=92134","og_locale":"es_ES","og_type":"article","og_title":"Por qu\u00e9 Emiratos \u00c1rabes Unidos se retira de la OPEP como parte de una estrategia m\u00e1s amplia de autonom\u00eda - The citizen for the world","og_description":"La determinaci\u00f3n, confirmada a trav\u00e9s de fuentes oficiales, responde a una pol\u00edtica de independencia que abarca desde la producci\u00f3n energ\u00e9tica hasta la diversificaci\u00f3n econ\u00f3mica y la orientaci\u00f3n internacional del pa\u00eds El anuncio de la salida de Emiratos \u00c1rabes Unidos de la Organizaci\u00f3n de Pa\u00edses Exportadores de Petr\u00f3leo (OPEP), efectiva desde el 1 de mayo de [&hellip;]","og_url":"https:\/\/thecitizenfortheworld.com\/?p=92134","og_site_name":"The citizen for the world","article_publisher":"https:\/\/www.facebook.com\/thecitizenfortheworld","article_published_time":"2026-04-28T14:27:32+00:00","og_image":[{"width":992,"height":661,"url":"https:\/\/thecitizenfortheworld.com\/wp-content\/uploads\/2026\/04\/EAU.jpg","type":"image\/jpeg"}],"author":"thecitizenfortheworld23@gmail.com","twitter_card":"summary_large_image","twitter_misc":{"Escrito por":"thecitizenfortheworld23@gmail.com","Tiempo estimado de lectura":"4 minutos"},"schema":{"@context":"https:\/\/schema.org","@graph":[{"@type":"Article","@id":"https:\/\/thecitizenfortheworld.com\/?p=92134#article","isPartOf":{"@id":"https:\/\/thecitizenfortheworld.com\/?p=92134"},"author":{"name":"thecitizenfortheworld23@gmail.com","@id":"https:\/\/thecitizenfortheworld.com\/#\/schema\/person\/1f6b82847278ca8d344c472822b5b66f"},"headline":"Por qu\u00e9 Emiratos \u00c1rabes Unidos se retira de la OPEP como parte de una estrategia m\u00e1s amplia de autonom\u00eda","datePublished":"2026-04-28T14:27:32+00:00","dateModified":"2026-04-28T14:27:32+00:00","mainEntityOfPage":{"@id":"https:\/\/thecitizenfortheworld.com\/?p=92134"},"wordCount":905,"commentCount":0,"publisher":{"@id":"https:\/\/thecitizenfortheworld.com\/#organization"},"articleSection":["Internacionales","Pol\u00edtica"],"inLanguage":"es-CO","potentialAction":[{"@type":"CommentAction","name":"Comment","target":["https:\/\/thecitizenfortheworld.com\/?p=92134#respond"]}]},{"@type":"WebPage","@id":"https:\/\/thecitizenfortheworld.com\/?p=92134","url":"https:\/\/thecitizenfortheworld.com\/?p=92134","name":"Por qu\u00e9 Emiratos \u00c1rabes Unidos se retira de la OPEP como parte de una estrategia m\u00e1s amplia de autonom\u00eda - The citizen for the world","isPartOf":{"@id":"https:\/\/thecitizenfortheworld.com\/#website"},"datePublished":"2026-04-28T14:27:32+00:00","dateModified":"2026-04-28T14:27:32+00:00","breadcrumb":{"@id":"https:\/\/thecitizenfortheworld.com\/?p=92134#breadcrumb"},"inLanguage":"es-CO","potentialAction":[{"@type":"ReadAction","target":["https:\/\/thecitizenfortheworld.com\/?p=92134"]}]},{"@type":"BreadcrumbList","@id":"https:\/\/thecitizenfortheworld.com\/?p=92134#breadcrumb","itemListElement":[{"@type":"ListItem","position":1,"name":"Inicio","item":"https:\/\/thecitizenfortheworld.com\/"},{"@type":"ListItem","position":2,"name":"Por qu\u00e9 Emiratos \u00c1rabes Unidos se retira de la OPEP como parte de una estrategia m\u00e1s amplia de autonom\u00eda"}]},{"@type":"WebSite","@id":"https:\/\/thecitizenfortheworld.com\/#website","url":"https:\/\/thecitizenfortheworld.com\/","name":"The citizen for the world","description":"","publisher":{"@id":"https:\/\/thecitizenfortheworld.com\/#organization"},"potentialAction":[{"@type":"SearchAction","target":{"@type":"EntryPoint","urlTemplate":"https:\/\/thecitizenfortheworld.com\/?s={search_term_string}"},"query-input":"required name=search_term_string"}],"inLanguage":"es-CO"},{"@type":"Organization","@id":"https:\/\/thecitizenfortheworld.com\/#organization","name":"The citizen for the world","url":"https:\/\/thecitizenfortheworld.com\/","logo":{"@type":"ImageObject","inLanguage":"es-CO","@id":"https:\/\/thecitizenfortheworld.com\/#\/schema\/logo\/image\/","url":"https:\/\/thecitizenfortheworld.com\/wp-content\/uploads\/2023\/04\/cropped-the-citizens.png","contentUrl":"https:\/\/thecitizenfortheworld.com\/wp-content\/uploads\/2023\/04\/cropped-the-citizens.png","width":1135,"height":1302,"caption":"The citizen for the world"},"image":{"@id":"https:\/\/thecitizenfortheworld.com\/#\/schema\/logo\/image\/"},"sameAs":["https:\/\/www.facebook.com\/thecitizenfortheworld"]},{"@type":"Person","@id":"https:\/\/thecitizenfortheworld.com\/#\/schema\/person\/1f6b82847278ca8d344c472822b5b66f","name":"thecitizenfortheworld23@gmail.com","image":{"@type":"ImageObject","inLanguage":"es-CO","@id":"https:\/\/thecitizenfortheworld.com\/#\/schema\/person\/image\/","url":"https:\/\/secure.gravatar.com\/avatar\/fa0768c808e84d205962885f7091f34b?s=96&d=mm&r=pg","contentUrl":"https:\/\/secure.gravatar.com\/avatar\/fa0768c808e84d205962885f7091f34b?s=96&d=mm&r=pg","caption":"thecitizenfortheworld23@gmail.com"},"sameAs":["http:\/\/thecitizenfortheworld.com"],"url":"https:\/\/thecitizenfortheworld.com\/?author=1"}]}},"_links":{"self":[{"href":"https:\/\/thecitizenfortheworld.com\/index.php?rest_route=\/wp\/v2\/posts\/92134"}],"collection":[{"href":"https:\/\/thecitizenfortheworld.com\/index.php?rest_route=\/wp\/v2\/posts"}],"about":[{"href":"https:\/\/thecitizenfortheworld.com\/index.php?rest_route=\/wp\/v2\/types\/post"}],"author":[{"embeddable":true,"href":"https:\/\/thecitizenfortheworld.com\/index.php?rest_route=\/wp\/v2\/users\/1"}],"replies":[{"embeddable":true,"href":"https:\/\/thecitizenfortheworld.com\/index.php?rest_route=%2Fwp%2Fv2%2Fcomments&post=92134"}],"version-history":[{"count":1,"href":"https:\/\/thecitizenfortheworld.com\/index.php?rest_route=\/wp\/v2\/posts\/92134\/revisions"}],"predecessor-version":[{"id":92136,"href":"https:\/\/thecitizenfortheworld.com\/index.php?rest_route=\/wp\/v2\/posts\/92134\/revisions\/92136"}],"wp:featuredmedia":[{"embeddable":true,"href":"https:\/\/thecitizenfortheworld.com\/index.php?rest_route=\/wp\/v2\/media\/92135"}],"wp:attachment":[{"href":"https:\/\/thecitizenfortheworld.com\/index.php?rest_route=%2Fwp%2Fv2%2Fmedia&parent=92134"}],"wp:term":[{"taxonomy":"category","embeddable":true,"href":"https:\/\/thecitizenfortheworld.com\/index.php?rest_route=%2Fwp%2Fv2%2Fcategories&post=92134"},{"taxonomy":"post_tag","embeddable":true,"href":"https:\/\/thecitizenfortheworld.com\/index.php?rest_route=%2Fwp%2Fv2%2Ftags&post=92134"}],"curies":[{"name":"wp","href":"https:\/\/api.w.org\/{rel}","templated":true}]}}