{"id":92122,"date":"2026-04-27T09:47:32","date_gmt":"2026-04-27T14:47:32","guid":{"rendered":"https:\/\/thecitizenfortheworld.com\/?p=92122"},"modified":"2026-04-27T09:47:32","modified_gmt":"2026-04-27T14:47:32","slug":"las-guerras-de-la-que-nadie-habla-42-muertos-en-chad-en-combates-por-el-control-del-agua","status":"publish","type":"post","link":"https:\/\/thecitizenfortheworld.com\/?p=92122","title":{"rendered":"Las guerras de la que nadie habla: 42 muertos en Chad en combates por el control del agua"},"content":{"rendered":"<p class=\"article-subheadline text_align_left\">El viceprimer ministro del pa\u00eds detall\u00f3 que un conflicto entre familias por un recurso local desencaden\u00f3 una serie de ataques y la posterior intervenci\u00f3n militar<\/p>\n<p>Al menos 42 personas murieron en el este de Chad despu\u00e9s de que un enfrentamiento entre dos familias por un punto de agua se convirtiera en una serie de represalias, seg\u00fan inform\u00f3 el viceprimer ministro del pa\u00eds el domingo por la noche.<\/p>\n<p><b>Limane Mahamat<\/b> declar\u00f3 durante una visita a la aldea de Igote, en la provincia de Wadi Fira, cerca de la frontera con Sud\u00e1n, donde se produjeron los enfrentamientos el s\u00e1bado, que <b>42 personas murieron y 10 resultaron heridas<\/b>. A\u00f1adi\u00f3 que los heridos fueron evacuados al centro de salud provincial.<\/p>\n<p>\u201cLa situaci\u00f3n est\u00e1 controlada y sigue as\u00ed\u201d, declar\u00f3 el vice primer ministro encargado de la Administraci\u00f3n Territorial y la Descentralizaci\u00f3n, en la emisora estatal.<\/p>\n<p>Mahamat afirm\u00f3 que el ciclo de represalias se hab\u00eda extendido por una zona bastante amplia, lo que motiv\u00f3 la intervenci\u00f3n del ej\u00e9rcito. A\u00f1adi\u00f3 que la r\u00e1pida respuesta militar contribuy\u00f3 a contener los enfrentamientos y que <b>la situaci\u00f3n ahora est\u00e1 bajo control<\/b>.<\/p>\n<div class=\"visual__image\"><picture><img decoding=\"async\" loading=\"lazy\" class=\"global-image\" src=\"https:\/\/www.infobae.com\/resizer\/v2\/4CH7PDJ73RCUBMRXFBSSTNG6ZQ.jpg?auth=52737168e35f74b11a379d59b08b297bed6e76b9eefded87ca3029296243830d&amp;smart=true&amp;width=350&amp;height=233&amp;quality=85\" alt=\"Mujeres transportando c\u00e1ntaros con agua en Guera (Chad). PABLO TOSCO\/OXFAM INTERM\u00d3N\n\" width=\"3700\" height=\"2467\" \/><\/picture><em>Mujeres transportando c\u00e1ntaros con agua en Guera (Chad). PABLO TOSCO\/OXFAM INTERM\u00d3N<\/em><\/div>\n<p class=\"paragraph\" data-mrf-recirculation=\"Links inline\">El viceprimer ministro anunci\u00f3 la puesta en marcha de un proceso de \u201cmediaci\u00f3n consuetudinaria\u201d en la aldea y de un procedimiento judicial para determinar la responsabilidad penal.<\/p>\n<p data-mrf-recirculation=\"Links inline\">Los enfrentamientos intercomunitarios por los recursos son frecuentes en este pa\u00eds de \u00c1frica Central. <b>El a\u00f1o pasado, los enfrentamientos entre agricultores y pastores en el suroeste de Chad dejaron 42 muertos y varias casas incendiadas.<\/b><\/p>\n<p class=\"paragraph\" data-mrf-recirculation=\"Links inline\">Mahamat afirm\u00f3 que el gobierno tomar\u00e1 \u201ctodas las medidas necesarias\u201d para evitar la desestabilizaci\u00f3n de la zona fronteriza donde tuvieron lugar los enfrentamientos.<\/p>\n<p class=\"paragraph\" data-mrf-recirculation=\"Links inline\">Los conflictos por las tierras de cultivo y de pastoreo han provocado m\u00e1s de 1.000 muertos y 2.000 heridos entre 2021 y 2024, seg\u00fan estimaciones de la ONG International Crisis Group.<\/p>\n<div class=\"visual__image\"><picture><source srcset=\"https:\/\/www.infobae.com\/resizer\/v2\/K2D2SI54DJBBFD6RZTTBX7TVZY.JPG?auth=115048521dd3cd60f4e9e95a057e71cbac7fd1c8f62a7421596097640093d276&amp;smart=true&amp;width=992&amp;height=719&amp;quality=85\" media=\"(min-width: 1000px)\" \/><source srcset=\"https:\/\/www.infobae.com\/resizer\/v2\/K2D2SI54DJBBFD6RZTTBX7TVZY.JPG?auth=115048521dd3cd60f4e9e95a057e71cbac7fd1c8f62a7421596097640093d276&amp;smart=true&amp;width=768&amp;height=556&amp;quality=85\" media=\"(min-width: 768px)\" \/><source srcset=\"https:\/\/www.infobae.com\/resizer\/v2\/K2D2SI54DJBBFD6RZTTBX7TVZY.JPG?auth=115048521dd3cd60f4e9e95a057e71cbac7fd1c8f62a7421596097640093d276&amp;smart=true&amp;width=577&amp;height=418&amp;quality=85\" media=\"(min-width: 580px)\" \/><source srcset=\"https:\/\/www.infobae.com\/resizer\/v2\/K2D2SI54DJBBFD6RZTTBX7TVZY.JPG?auth=115048521dd3cd60f4e9e95a057e71cbac7fd1c8f62a7421596097640093d276&amp;smart=true&amp;width=420&amp;height=304&amp;quality=85\" media=\"(min-width: 350px)\" \/><source srcset=\"https:\/\/www.infobae.com\/resizer\/v2\/K2D2SI54DJBBFD6RZTTBX7TVZY.JPG?auth=115048521dd3cd60f4e9e95a057e71cbac7fd1c8f62a7421596097640093d276&amp;smart=true&amp;width=350&amp;height=254&amp;quality=85\" media=\"(min-width: 80px)\" \/><img decoding=\"async\" loading=\"lazy\" class=\"global-image\" src=\"https:\/\/www.infobae.com\/resizer\/v2\/K2D2SI54DJBBFD6RZTTBX7TVZY.JPG?auth=115048521dd3cd60f4e9e95a057e71cbac7fd1c8f62a7421596097640093d276&amp;smart=true&amp;width=350&amp;height=254&amp;quality=85\" alt=\"Chad cerr\u00f3 su frontera con Sud\u00e1n en febrero tras la llegada de cientos de miles de refugiados, intentando frenar la expansi\u00f3n del conflicto sudan\u00e9s. REUTERS\/Amr Abdallah Dalsh\/File Photo\" width=\"5500\" height=\"3984\" \/><\/picture><em>Chad cerr\u00f3 su frontera con Sud\u00e1n en febrero tras la llegada de cientos de miles de refugiados, intentando frenar la expansi\u00f3n del conflicto sudan\u00e9s. REUTERS\/Amr Abdallah Dalsh\/File Photo<\/em><\/div>\n<p class=\"paragraph\" data-mrf-recirculation=\"Links inline\">Las provincias orientales de Chad llevan varios meses acogiendo a refugiados que huyen de la guerra en Sud\u00e1n y se enfrentan a una creciente presi\u00f3n sobre sus recursos y su seguridad. <b>Cientos de miles de refugiados sudaneses han cruzado la frontera hacia Chad desde que comenz\u00f3 el conflicto<\/b>.<\/p>\n<p class=\"paragraph\" data-mrf-recirculation=\"Links inline\">En febrero, Chad cerr\u00f3 su frontera con Sud\u00e1n \u201chasta nuevo aviso\u201d, alegando que se trataba de un intento de limitar la propagaci\u00f3n del conflicto en su territorio tras m\u00faltiples cruces de combatientes de las facciones sudanesas en guerra.<\/p>\n<p class=\"paragraph\" data-mrf-recirculation=\"Links inline\">Seg\u00fan cifras de las Naciones Unidas, la guerra en Sud\u00e1n ha causado la <b>muerte de m\u00e1s de 40.000 personas<\/b>, pero las organizaciones humanitarias afirman que la cifra real podr\u00eda ser mucho mayor.<\/p>\n<p class=\"paragraph\" data-mrf-recirculation=\"Links inline\">El conflicto ha generado la mayor crisis humanitaria del mundo, con<b> m\u00e1s de 14 millones de personas obligadas a huir de sus hogares<\/b>. Adem\u00e1s, ha provocado brotes de enfermedades y ha sumido a algunas zonas de Sud\u00e1n en la hambruna.<\/p>\n<p data-mrf-recirculation=\"Links inline\"><i>(Con informaci\u00f3n de AP y AFP)<\/i><\/p>\n","protected":false},"excerpt":{"rendered":"<p>El viceprimer ministro del pa\u00eds detall\u00f3 que un conflicto entre familias por un recurso local desencaden\u00f3 una serie de ataques y la posterior intervenci\u00f3n militar Al menos 42 personas murieron en el este de Chad despu\u00e9s de que un enfrentamiento entre dos familias por un punto de agua se convirtiera en una serie de represalias, [&hellip;]<\/p>\n","protected":false},"author":1,"featured_media":92123,"comment_status":"open","ping_status":"open","sticky":false,"template":"","format":"standard","meta":{"om_disable_all_campaigns":false,"_mi_skip_tracking":false},"categories":[2,4],"tags":[],"yoast_head":"<!-- This site is optimized with the Yoast SEO plugin v20.5 - https:\/\/yoast.com\/wordpress\/plugins\/seo\/ -->\n<title>Las guerras de la que nadie habla: 42 muertos en Chad en combates por el control del agua - The citizen for the world<\/title>\n<meta name=\"robots\" content=\"index, follow, max-snippet:-1, max-image-preview:large, max-video-preview:-1\" \/>\n<link rel=\"canonical\" href=\"https:\/\/thecitizenfortheworld.com\/?p=92122\" \/>\n<meta property=\"og:locale\" content=\"es_ES\" \/>\n<meta property=\"og:type\" content=\"article\" \/>\n<meta property=\"og:title\" content=\"Las guerras de la que nadie habla: 42 muertos en Chad en combates por el control del agua - The citizen for the world\" \/>\n<meta property=\"og:description\" content=\"El viceprimer ministro del pa\u00eds detall\u00f3 que un conflicto entre familias por un recurso local desencaden\u00f3 una serie de ataques y la posterior intervenci\u00f3n militar Al menos 42 personas murieron en el este de Chad despu\u00e9s de que un enfrentamiento entre dos familias por un punto de agua se convirtiera en una serie de represalias, [&hellip;]\" \/>\n<meta property=\"og:url\" content=\"https:\/\/thecitizenfortheworld.com\/?p=92122\" \/>\n<meta property=\"og:site_name\" content=\"The citizen for the world\" \/>\n<meta property=\"article:publisher\" content=\"https:\/\/www.facebook.com\/thecitizenfortheworld\" \/>\n<meta property=\"article:published_time\" content=\"2026-04-27T14:47:32+00:00\" \/>\n<meta property=\"og:image\" content=\"https:\/\/thecitizenfortheworld.com\/wp-content\/uploads\/2026\/04\/Chad.jpg\" \/>\n\t<meta property=\"og:image:width\" content=\"992\" \/>\n\t<meta property=\"og:image:height\" content=\"662\" \/>\n\t<meta property=\"og:image:type\" content=\"image\/jpeg\" \/>\n<meta name=\"author\" content=\"thecitizenfortheworld23@gmail.com\" \/>\n<meta name=\"twitter:card\" content=\"summary_large_image\" \/>\n<meta name=\"twitter:label1\" content=\"Escrito por\" \/>\n\t<meta name=\"twitter:data1\" content=\"thecitizenfortheworld23@gmail.com\" \/>\n\t<meta name=\"twitter:label2\" content=\"Tiempo estimado de lectura\" \/>\n\t<meta name=\"twitter:data2\" content=\"3 minutos\" \/>\n<script type=\"application\/ld+json\" class=\"yoast-schema-graph\">{\"@context\":\"https:\/\/schema.org\",\"@graph\":[{\"@type\":\"Article\",\"@id\":\"https:\/\/thecitizenfortheworld.com\/?p=92122#article\",\"isPartOf\":{\"@id\":\"https:\/\/thecitizenfortheworld.com\/?p=92122\"},\"author\":{\"name\":\"thecitizenfortheworld23@gmail.com\",\"@id\":\"https:\/\/thecitizenfortheworld.com\/#\/schema\/person\/1f6b82847278ca8d344c472822b5b66f\"},\"headline\":\"Las guerras de la que nadie habla: 42 muertos en Chad en combates por el control del agua\",\"datePublished\":\"2026-04-27T14:47:32+00:00\",\"dateModified\":\"2026-04-27T14:47:32+00:00\",\"mainEntityOfPage\":{\"@id\":\"https:\/\/thecitizenfortheworld.com\/?p=92122\"},\"wordCount\":551,\"commentCount\":0,\"publisher\":{\"@id\":\"https:\/\/thecitizenfortheworld.com\/#organization\"},\"articleSection\":[\"Internacionales\",\"Pol\u00edtica\"],\"inLanguage\":\"es-CO\",\"potentialAction\":[{\"@type\":\"CommentAction\",\"name\":\"Comment\",\"target\":[\"https:\/\/thecitizenfortheworld.com\/?p=92122#respond\"]}]},{\"@type\":\"WebPage\",\"@id\":\"https:\/\/thecitizenfortheworld.com\/?p=92122\",\"url\":\"https:\/\/thecitizenfortheworld.com\/?p=92122\",\"name\":\"Las guerras de la que nadie habla: 42 muertos en Chad en combates por el control del agua - The citizen for the world\",\"isPartOf\":{\"@id\":\"https:\/\/thecitizenfortheworld.com\/#website\"},\"datePublished\":\"2026-04-27T14:47:32+00:00\",\"dateModified\":\"2026-04-27T14:47:32+00:00\",\"breadcrumb\":{\"@id\":\"https:\/\/thecitizenfortheworld.com\/?p=92122#breadcrumb\"},\"inLanguage\":\"es-CO\",\"potentialAction\":[{\"@type\":\"ReadAction\",\"target\":[\"https:\/\/thecitizenfortheworld.com\/?p=92122\"]}]},{\"@type\":\"BreadcrumbList\",\"@id\":\"https:\/\/thecitizenfortheworld.com\/?p=92122#breadcrumb\",\"itemListElement\":[{\"@type\":\"ListItem\",\"position\":1,\"name\":\"Inicio\",\"item\":\"https:\/\/thecitizenfortheworld.com\/\"},{\"@type\":\"ListItem\",\"position\":2,\"name\":\"Las guerras de la que nadie habla: 42 muertos en Chad en combates por el control del agua\"}]},{\"@type\":\"WebSite\",\"@id\":\"https:\/\/thecitizenfortheworld.com\/#website\",\"url\":\"https:\/\/thecitizenfortheworld.com\/\",\"name\":\"The citizen for the world\",\"description\":\"\",\"publisher\":{\"@id\":\"https:\/\/thecitizenfortheworld.com\/#organization\"},\"potentialAction\":[{\"@type\":\"SearchAction\",\"target\":{\"@type\":\"EntryPoint\",\"urlTemplate\":\"https:\/\/thecitizenfortheworld.com\/?s={search_term_string}\"},\"query-input\":\"required name=search_term_string\"}],\"inLanguage\":\"es-CO\"},{\"@type\":\"Organization\",\"@id\":\"https:\/\/thecitizenfortheworld.com\/#organization\",\"name\":\"The citizen for the world\",\"url\":\"https:\/\/thecitizenfortheworld.com\/\",\"logo\":{\"@type\":\"ImageObject\",\"inLanguage\":\"es-CO\",\"@id\":\"https:\/\/thecitizenfortheworld.com\/#\/schema\/logo\/image\/\",\"url\":\"https:\/\/thecitizenfortheworld.com\/wp-content\/uploads\/2023\/04\/cropped-the-citizens.png\",\"contentUrl\":\"https:\/\/thecitizenfortheworld.com\/wp-content\/uploads\/2023\/04\/cropped-the-citizens.png\",\"width\":1135,\"height\":1302,\"caption\":\"The citizen for the world\"},\"image\":{\"@id\":\"https:\/\/thecitizenfortheworld.com\/#\/schema\/logo\/image\/\"},\"sameAs\":[\"https:\/\/www.facebook.com\/thecitizenfortheworld\"]},{\"@type\":\"Person\",\"@id\":\"https:\/\/thecitizenfortheworld.com\/#\/schema\/person\/1f6b82847278ca8d344c472822b5b66f\",\"name\":\"thecitizenfortheworld23@gmail.com\",\"image\":{\"@type\":\"ImageObject\",\"inLanguage\":\"es-CO\",\"@id\":\"https:\/\/thecitizenfortheworld.com\/#\/schema\/person\/image\/\",\"url\":\"https:\/\/secure.gravatar.com\/avatar\/fa0768c808e84d205962885f7091f34b?s=96&d=mm&r=pg\",\"contentUrl\":\"https:\/\/secure.gravatar.com\/avatar\/fa0768c808e84d205962885f7091f34b?s=96&d=mm&r=pg\",\"caption\":\"thecitizenfortheworld23@gmail.com\"},\"sameAs\":[\"http:\/\/thecitizenfortheworld.com\"],\"url\":\"https:\/\/thecitizenfortheworld.com\/?author=1\"}]}<\/script>\n<!-- \/ Yoast SEO plugin. -->","yoast_head_json":{"title":"Las guerras de la que nadie habla: 42 muertos en Chad en combates por el control del agua - The citizen for the world","robots":{"index":"index","follow":"follow","max-snippet":"max-snippet:-1","max-image-preview":"max-image-preview:large","max-video-preview":"max-video-preview:-1"},"canonical":"https:\/\/thecitizenfortheworld.com\/?p=92122","og_locale":"es_ES","og_type":"article","og_title":"Las guerras de la que nadie habla: 42 muertos en Chad en combates por el control del agua - The citizen for the world","og_description":"El viceprimer ministro del pa\u00eds detall\u00f3 que un conflicto entre familias por un recurso local desencaden\u00f3 una serie de ataques y la posterior intervenci\u00f3n militar Al menos 42 personas murieron en el este de Chad despu\u00e9s de que un enfrentamiento entre dos familias por un punto de agua se convirtiera en una serie de represalias, [&hellip;]","og_url":"https:\/\/thecitizenfortheworld.com\/?p=92122","og_site_name":"The citizen for the world","article_publisher":"https:\/\/www.facebook.com\/thecitizenfortheworld","article_published_time":"2026-04-27T14:47:32+00:00","og_image":[{"width":992,"height":662,"url":"https:\/\/thecitizenfortheworld.com\/wp-content\/uploads\/2026\/04\/Chad.jpg","type":"image\/jpeg"}],"author":"thecitizenfortheworld23@gmail.com","twitter_card":"summary_large_image","twitter_misc":{"Escrito por":"thecitizenfortheworld23@gmail.com","Tiempo estimado de lectura":"3 minutos"},"schema":{"@context":"https:\/\/schema.org","@graph":[{"@type":"Article","@id":"https:\/\/thecitizenfortheworld.com\/?p=92122#article","isPartOf":{"@id":"https:\/\/thecitizenfortheworld.com\/?p=92122"},"author":{"name":"thecitizenfortheworld23@gmail.com","@id":"https:\/\/thecitizenfortheworld.com\/#\/schema\/person\/1f6b82847278ca8d344c472822b5b66f"},"headline":"Las guerras de la que nadie habla: 42 muertos en Chad en combates por el control del agua","datePublished":"2026-04-27T14:47:32+00:00","dateModified":"2026-04-27T14:47:32+00:00","mainEntityOfPage":{"@id":"https:\/\/thecitizenfortheworld.com\/?p=92122"},"wordCount":551,"commentCount":0,"publisher":{"@id":"https:\/\/thecitizenfortheworld.com\/#organization"},"articleSection":["Internacionales","Pol\u00edtica"],"inLanguage":"es-CO","potentialAction":[{"@type":"CommentAction","name":"Comment","target":["https:\/\/thecitizenfortheworld.com\/?p=92122#respond"]}]},{"@type":"WebPage","@id":"https:\/\/thecitizenfortheworld.com\/?p=92122","url":"https:\/\/thecitizenfortheworld.com\/?p=92122","name":"Las guerras de la que nadie habla: 42 muertos en Chad en combates por el control del agua - The citizen for the world","isPartOf":{"@id":"https:\/\/thecitizenfortheworld.com\/#website"},"datePublished":"2026-04-27T14:47:32+00:00","dateModified":"2026-04-27T14:47:32+00:00","breadcrumb":{"@id":"https:\/\/thecitizenfortheworld.com\/?p=92122#breadcrumb"},"inLanguage":"es-CO","potentialAction":[{"@type":"ReadAction","target":["https:\/\/thecitizenfortheworld.com\/?p=92122"]}]},{"@type":"BreadcrumbList","@id":"https:\/\/thecitizenfortheworld.com\/?p=92122#breadcrumb","itemListElement":[{"@type":"ListItem","position":1,"name":"Inicio","item":"https:\/\/thecitizenfortheworld.com\/"},{"@type":"ListItem","position":2,"name":"Las guerras de la que nadie habla: 42 muertos en Chad en combates por el control del agua"}]},{"@type":"WebSite","@id":"https:\/\/thecitizenfortheworld.com\/#website","url":"https:\/\/thecitizenfortheworld.com\/","name":"The citizen for the world","description":"","publisher":{"@id":"https:\/\/thecitizenfortheworld.com\/#organization"},"potentialAction":[{"@type":"SearchAction","target":{"@type":"EntryPoint","urlTemplate":"https:\/\/thecitizenfortheworld.com\/?s={search_term_string}"},"query-input":"required name=search_term_string"}],"inLanguage":"es-CO"},{"@type":"Organization","@id":"https:\/\/thecitizenfortheworld.com\/#organization","name":"The citizen for the world","url":"https:\/\/thecitizenfortheworld.com\/","logo":{"@type":"ImageObject","inLanguage":"es-CO","@id":"https:\/\/thecitizenfortheworld.com\/#\/schema\/logo\/image\/","url":"https:\/\/thecitizenfortheworld.com\/wp-content\/uploads\/2023\/04\/cropped-the-citizens.png","contentUrl":"https:\/\/thecitizenfortheworld.com\/wp-content\/uploads\/2023\/04\/cropped-the-citizens.png","width":1135,"height":1302,"caption":"The citizen for the world"},"image":{"@id":"https:\/\/thecitizenfortheworld.com\/#\/schema\/logo\/image\/"},"sameAs":["https:\/\/www.facebook.com\/thecitizenfortheworld"]},{"@type":"Person","@id":"https:\/\/thecitizenfortheworld.com\/#\/schema\/person\/1f6b82847278ca8d344c472822b5b66f","name":"thecitizenfortheworld23@gmail.com","image":{"@type":"ImageObject","inLanguage":"es-CO","@id":"https:\/\/thecitizenfortheworld.com\/#\/schema\/person\/image\/","url":"https:\/\/secure.gravatar.com\/avatar\/fa0768c808e84d205962885f7091f34b?s=96&d=mm&r=pg","contentUrl":"https:\/\/secure.gravatar.com\/avatar\/fa0768c808e84d205962885f7091f34b?s=96&d=mm&r=pg","caption":"thecitizenfortheworld23@gmail.com"},"sameAs":["http:\/\/thecitizenfortheworld.com"],"url":"https:\/\/thecitizenfortheworld.com\/?author=1"}]}},"_links":{"self":[{"href":"https:\/\/thecitizenfortheworld.com\/index.php?rest_route=\/wp\/v2\/posts\/92122"}],"collection":[{"href":"https:\/\/thecitizenfortheworld.com\/index.php?rest_route=\/wp\/v2\/posts"}],"about":[{"href":"https:\/\/thecitizenfortheworld.com\/index.php?rest_route=\/wp\/v2\/types\/post"}],"author":[{"embeddable":true,"href":"https:\/\/thecitizenfortheworld.com\/index.php?rest_route=\/wp\/v2\/users\/1"}],"replies":[{"embeddable":true,"href":"https:\/\/thecitizenfortheworld.com\/index.php?rest_route=%2Fwp%2Fv2%2Fcomments&post=92122"}],"version-history":[{"count":1,"href":"https:\/\/thecitizenfortheworld.com\/index.php?rest_route=\/wp\/v2\/posts\/92122\/revisions"}],"predecessor-version":[{"id":92124,"href":"https:\/\/thecitizenfortheworld.com\/index.php?rest_route=\/wp\/v2\/posts\/92122\/revisions\/92124"}],"wp:featuredmedia":[{"embeddable":true,"href":"https:\/\/thecitizenfortheworld.com\/index.php?rest_route=\/wp\/v2\/media\/92123"}],"wp:attachment":[{"href":"https:\/\/thecitizenfortheworld.com\/index.php?rest_route=%2Fwp%2Fv2%2Fmedia&parent=92122"}],"wp:term":[{"taxonomy":"category","embeddable":true,"href":"https:\/\/thecitizenfortheworld.com\/index.php?rest_route=%2Fwp%2Fv2%2Fcategories&post=92122"},{"taxonomy":"post_tag","embeddable":true,"href":"https:\/\/thecitizenfortheworld.com\/index.php?rest_route=%2Fwp%2Fv2%2Ftags&post=92122"}],"curies":[{"name":"wp","href":"https:\/\/api.w.org\/{rel}","templated":true}]}}