{"id":92116,"date":"2026-04-27T09:27:39","date_gmt":"2026-04-27T14:27:39","guid":{"rendered":"https:\/\/thecitizenfortheworld.com\/?p=92116"},"modified":"2026-04-27T09:27:39","modified_gmt":"2026-04-27T14:27:39","slug":"israel-reinicio-sus-operaciones-en-el-valle-de-bekaa-despues-de-tres-semanas-y-ataco-a-hezbollah-en-el-sur-del-libano","status":"publish","type":"post","link":"https:\/\/thecitizenfortheworld.com\/?p=92116","title":{"rendered":"Israel reinici\u00f3 sus operaciones en el valle de Bekaa despu\u00e9s de tres semanas y atac\u00f3 a Hezbollah en el sur del L\u00edbano"},"content":{"rendered":"<p class=\"article-subheadline text_align_left\">El ej\u00e9rcito israel\u00ed realiz\u00f3 incursiones a\u00e9reas al sur del r\u00edo Litani y elimin\u00f3 t\u00faneles en Gaza tras detectar amenazas y agresiones de grupos armados. Netanyahu acus\u00f3 a las milicias proiran\u00edes de boicotear los di\u00e1logos con el gobierno de Beirut para mantener el cese del fuego<\/p>\n<p>Las <b>Fuerzas de Defensa de Israel (FDI)<\/b> anunciaron que lanzaron una serie de <b>ataques a\u00e9reos<\/b> contra infraestructura de <b>Hezbollah<\/b> en el <b>valle de la Bekaa<\/b> y en varias zonas del <b>sur de L\u00edbano<\/b>. Las FDI informaron que estos ataques respondieron a repetidos ataques de Hezbollah contra tropas israel\u00edes y territorio de <b>Israel<\/b> durante el alto el fuego, incluyendo un <b>ataque con dron<\/b> que result\u00f3 en v\u00edctimas.<\/p>\n<p>El ej\u00e9rcito israel\u00ed se\u00f1al\u00f3 que las fuerzas de la <b>98\u00aa Divisi\u00f3n<\/b> identificaron a tres presuntos combatientes cerca de la l\u00ednea de defensa delantera en una zona bajo control israel\u00ed, a los que calificaron como una <b>amenaza real<\/b>. Tras la identificaci\u00f3n, la <b>Fuerza A\u00e9rea<\/b> realiz\u00f3 un ataque que elimin\u00f3 a los individuos. Adem\u00e1s, se atacaron varios <b>edificios utilizados por Hezbollah<\/b>, incluyendo un edificio se\u00f1alado como sede de la organizaci\u00f3n en <b>Bint Jbeil<\/b> y otras instalaciones militares. Las FDI indicaron que se produjeron <b>explosiones secundarias<\/b> tras los ataques, lo que consideran indicio de material b\u00e9lico en los lugares alcanzados.<\/p>\n<div class=\"visual__image\"><picture><img decoding=\"async\" loading=\"lazy\" class=\"global-image\" src=\"https:\/\/www.infobae.com\/resizer\/v2\/IOQC5G5EC5AXXKZBM5RCDOZOYY.jpg?auth=db2981a9d346b13c4773b054c0925c844f5495fe0ef8d5b04589612f07a955d3&amp;smart=true&amp;width=350&amp;height=197&amp;quality=85\" alt=\"Las FDI realizaron un operativo en el sur de L\u00edbano contra infraestructura y miembros del grupo terrorista Hezbollah\" width=\"1920\" height=\"1080\" \/><\/picture><em>Un ataque con drone contra territorio israel\u00ed caus\u00f3 v\u00edctimas y motiv\u00f3 la respuesta militar de Israel en la frontera norte con L\u00edbano.<\/em><\/div>\n<p class=\"paragraph\" data-mrf-recirculation=\"Links inline\">Las FDI informaron que las fuerzas israel\u00edes continuar\u00e1n actuando contra <b>amenazas detectadas en la frontera norte<\/b> y seguir\u00e1n las directrices del nivel pol\u00edtico. El comunicado militar remarc\u00f3 que los bombardeos en el valle de la Bekaa son los primeros en esa zona en cerca de tres semanas.<\/p>\n<p data-mrf-recirculation=\"Links inline\">Por otra parte, las FDI se\u00f1alaron que fuerzas de la <b>Brigada del Norte<\/b> y la unidad <b>Yahalam<\/b> han estado operando en los \u00faltimos meses para <b>destruir infraestructura subterr\u00e1nea de Hamas<\/b> en el <b>norte de la Franja de Gaza<\/b> y en la zona de <b>Beit Hanoun<\/b>.<\/p>\n<p data-mrf-recirculation=\"Links inline\">Seg\u00fan el informe militar, han destruido aproximadamente <b>14 kil\u00f3metros de t\u00faneles<\/b>, donde encontraron dormitorios y armas. Las fuerzas han eliminado a cerca de <b>70 personas<\/b> identificadas como combatientes que violaron el alto el fuego y representaban una amenaza inmediata. Las FDI reiteraron que continuar\u00e1n actuando frente a <b>amenazas contra los ciudadanos de Israel<\/b> y sus fuerzas armadas, y que sus acciones se ajustan a las directrices pol\u00edticas.<\/p>\n<h2 id=\"muerte-de-un-soldado-israeli\" class=\"header headline-class-h2 headline\">Muerte de un soldado israel\u00ed<\/h2>\n<p class=\"paragraph\" data-mrf-recirculation=\"Links inline\">El <b>Ej\u00e9rcito de Israel<\/b> confirm\u00f3 este domingo la muerte del <b>sargento Idan Fooks<\/b>, de <b>19 a\u00f1os<\/b>, tras un <b>ataque con drones<\/b> perpetrado por <b>Hezbollah<\/b> en el sur del <b>L\u00edbano<\/b>. El incidente ocurri\u00f3 en la localidad de <b>Taybeh<\/b>, cuando un dron cargado de explosivos impact\u00f3 el <b>tanque Merkava<\/b> en el que se encontraba el militar, natural de <b>Petah Tikva<\/b>.<\/p>\n<div class=\"ad_1 ad-wrapper\">\n<div class=\"dfpAd ad-1-al-6 ad-text\"><\/div>\n<\/div>\n<div class=\"visual__image\"><picture><source srcset=\"https:\/\/www.infobae.com\/resizer\/v2\/NOCBUCYR4BAWJI3GRBV332TRN4.JPG?auth=4d321f2c0dbcc83429970816ebaf2bf4aab64d06d01395e6ec8461fd9c7c0d13&amp;smart=true&amp;width=992&amp;height=661&amp;quality=85\" media=\"(min-width: 1000px)\" \/><source srcset=\"https:\/\/www.infobae.com\/resizer\/v2\/NOCBUCYR4BAWJI3GRBV332TRN4.JPG?auth=4d321f2c0dbcc83429970816ebaf2bf4aab64d06d01395e6ec8461fd9c7c0d13&amp;smart=true&amp;width=768&amp;height=512&amp;quality=85\" media=\"(min-width: 768px)\" \/><source srcset=\"https:\/\/www.infobae.com\/resizer\/v2\/NOCBUCYR4BAWJI3GRBV332TRN4.JPG?auth=4d321f2c0dbcc83429970816ebaf2bf4aab64d06d01395e6ec8461fd9c7c0d13&amp;smart=true&amp;width=577&amp;height=385&amp;quality=85\" media=\"(min-width: 580px)\" \/><source srcset=\"https:\/\/www.infobae.com\/resizer\/v2\/NOCBUCYR4BAWJI3GRBV332TRN4.JPG?auth=4d321f2c0dbcc83429970816ebaf2bf4aab64d06d01395e6ec8461fd9c7c0d13&amp;smart=true&amp;width=420&amp;height=280&amp;quality=85\" media=\"(min-width: 350px)\" \/><source srcset=\"https:\/\/www.infobae.com\/resizer\/v2\/NOCBUCYR4BAWJI3GRBV332TRN4.JPG?auth=4d321f2c0dbcc83429970816ebaf2bf4aab64d06d01395e6ec8461fd9c7c0d13&amp;smart=true&amp;width=350&amp;height=233&amp;quality=85\" media=\"(min-width: 80px)\" \/><img decoding=\"async\" loading=\"lazy\" class=\"global-image\" src=\"https:\/\/www.infobae.com\/resizer\/v2\/NOCBUCYR4BAWJI3GRBV332TRN4.JPG?auth=4d321f2c0dbcc83429970816ebaf2bf4aab64d06d01395e6ec8461fd9c7c0d13&amp;smart=true&amp;width=350&amp;height=233&amp;quality=85\" alt=\"Israel confirm\u00f3 la muerte de uno de sus soldados en el sur de L\u00edbano tras un ataque con drones lanzado por Hezbollah (REUTERS\/Mohammed Torokman)\" width=\"5900\" height=\"3933\" \/><\/picture><em>Israel confirm\u00f3 la muerte de uno de sus soldados en el sur de L\u00edbano tras un ataque con drones lanzado por Hezbollah (REUTERS\/Mohammed Torokman)<\/em><\/div>\n<p class=\"paragraph\" data-mrf-recirculation=\"Links inline\">Otros <b>seis soldados resultaron heridos<\/b> en el mismo ataque, <b>cuatro de ellos de gravedad<\/b>, uno con pron\u00f3stico moderado y uno leve, seg\u00fan inform\u00f3 un comunicado de las <b>Fuerzas de Defensa de Israel (FDI)<\/b>. <b>Fooks falleci\u00f3 durante la evacuaci\u00f3n<\/b> debido a la gravedad de sus heridas.<\/p>\n<p class=\"paragraph\" data-mrf-recirculation=\"Links inline\"><b>Hezbollah<\/b> reivindic\u00f3 la autor\u00eda del ataque, asegurando que logr\u00f3 \u201cun impacto confirmado\u201d sobre el blindado israel\u00ed. El grupo terrorista chi\u00ed afirm\u00f3 que la acci\u00f3n respond\u00eda a supuestas <b>violaciones de la tregua<\/b> por parte de Israel. La radio del Ej\u00e9rcito israel\u00ed detall\u00f3 que el tanque hab\u00eda sufrido una aver\u00eda mec\u00e1nica esa ma\u00f1ana y fue alcanzado por el drone mientras era reparado.<\/p>\n<p data-mrf-recirculation=\"Links inline\">(<em>Con informaci\u00f3n de Infobae)<\/em><\/p>\n","protected":false},"excerpt":{"rendered":"<p>El ej\u00e9rcito israel\u00ed realiz\u00f3 incursiones a\u00e9reas al sur del r\u00edo Litani y elimin\u00f3 t\u00faneles en Gaza tras detectar amenazas y agresiones de grupos armados. Netanyahu acus\u00f3 a las milicias proiran\u00edes de boicotear los di\u00e1logos con el gobierno de Beirut para mantener el cese del fuego Las Fuerzas de Defensa de Israel (FDI) anunciaron que lanzaron [&hellip;]<\/p>\n","protected":false},"author":1,"featured_media":92117,"comment_status":"open","ping_status":"open","sticky":false,"template":"","format":"standard","meta":{"om_disable_all_campaigns":false,"_mi_skip_tracking":false},"categories":[2,4],"tags":[],"yoast_head":"<!-- This site is optimized with the Yoast SEO plugin v20.5 - https:\/\/yoast.com\/wordpress\/plugins\/seo\/ -->\n<title>Israel reinici\u00f3 sus operaciones en el valle de Bekaa despu\u00e9s de tres semanas y atac\u00f3 a Hezbollah en el sur del L\u00edbano - The citizen for the world<\/title>\n<meta name=\"robots\" content=\"index, follow, max-snippet:-1, max-image-preview:large, max-video-preview:-1\" \/>\n<link rel=\"canonical\" href=\"https:\/\/thecitizenfortheworld.com\/?p=92116\" \/>\n<meta property=\"og:locale\" content=\"es_ES\" \/>\n<meta property=\"og:type\" content=\"article\" \/>\n<meta property=\"og:title\" content=\"Israel reinici\u00f3 sus operaciones en el valle de Bekaa despu\u00e9s de tres semanas y atac\u00f3 a Hezbollah en el sur del L\u00edbano - The citizen for the world\" \/>\n<meta property=\"og:description\" content=\"El ej\u00e9rcito israel\u00ed realiz\u00f3 incursiones a\u00e9reas al sur del r\u00edo Litani y elimin\u00f3 t\u00faneles en Gaza tras detectar amenazas y agresiones de grupos armados. Netanyahu acus\u00f3 a las milicias proiran\u00edes de boicotear los di\u00e1logos con el gobierno de Beirut para mantener el cese del fuego Las Fuerzas de Defensa de Israel (FDI) anunciaron que lanzaron [&hellip;]\" \/>\n<meta property=\"og:url\" content=\"https:\/\/thecitizenfortheworld.com\/?p=92116\" \/>\n<meta property=\"og:site_name\" content=\"The citizen for the world\" \/>\n<meta property=\"article:publisher\" content=\"https:\/\/www.facebook.com\/thecitizenfortheworld\" \/>\n<meta property=\"article:published_time\" content=\"2026-04-27T14:27:39+00:00\" \/>\n<meta property=\"og:image\" content=\"https:\/\/thecitizenfortheworld.com\/wp-content\/uploads\/2026\/04\/Flat-Israel.jpg\" \/>\n\t<meta property=\"og:image:width\" content=\"275\" \/>\n\t<meta property=\"og:image:height\" content=\"183\" \/>\n\t<meta property=\"og:image:type\" content=\"image\/jpeg\" \/>\n<meta name=\"author\" content=\"thecitizenfortheworld23@gmail.com\" \/>\n<meta name=\"twitter:card\" content=\"summary_large_image\" \/>\n<meta name=\"twitter:label1\" content=\"Escrito por\" \/>\n\t<meta name=\"twitter:data1\" content=\"thecitizenfortheworld23@gmail.com\" \/>\n\t<meta name=\"twitter:label2\" content=\"Tiempo estimado de lectura\" \/>\n\t<meta name=\"twitter:data2\" content=\"4 minutos\" \/>\n<script type=\"application\/ld+json\" class=\"yoast-schema-graph\">{\"@context\":\"https:\/\/schema.org\",\"@graph\":[{\"@type\":\"Article\",\"@id\":\"https:\/\/thecitizenfortheworld.com\/?p=92116#article\",\"isPartOf\":{\"@id\":\"https:\/\/thecitizenfortheworld.com\/?p=92116\"},\"author\":{\"name\":\"thecitizenfortheworld23@gmail.com\",\"@id\":\"https:\/\/thecitizenfortheworld.com\/#\/schema\/person\/1f6b82847278ca8d344c472822b5b66f\"},\"headline\":\"Israel reinici\u00f3 sus operaciones en el valle de Bekaa despu\u00e9s de tres semanas y atac\u00f3 a Hezbollah en el sur del L\u00edbano\",\"datePublished\":\"2026-04-27T14:27:39+00:00\",\"dateModified\":\"2026-04-27T14:27:39+00:00\",\"mainEntityOfPage\":{\"@id\":\"https:\/\/thecitizenfortheworld.com\/?p=92116\"},\"wordCount\":655,\"commentCount\":0,\"publisher\":{\"@id\":\"https:\/\/thecitizenfortheworld.com\/#organization\"},\"articleSection\":[\"Internacionales\",\"Pol\u00edtica\"],\"inLanguage\":\"es-CO\",\"potentialAction\":[{\"@type\":\"CommentAction\",\"name\":\"Comment\",\"target\":[\"https:\/\/thecitizenfortheworld.com\/?p=92116#respond\"]}]},{\"@type\":\"WebPage\",\"@id\":\"https:\/\/thecitizenfortheworld.com\/?p=92116\",\"url\":\"https:\/\/thecitizenfortheworld.com\/?p=92116\",\"name\":\"Israel reinici\u00f3 sus operaciones en el valle de Bekaa despu\u00e9s de tres semanas y atac\u00f3 a Hezbollah en el sur del L\u00edbano - The citizen for the world\",\"isPartOf\":{\"@id\":\"https:\/\/thecitizenfortheworld.com\/#website\"},\"datePublished\":\"2026-04-27T14:27:39+00:00\",\"dateModified\":\"2026-04-27T14:27:39+00:00\",\"breadcrumb\":{\"@id\":\"https:\/\/thecitizenfortheworld.com\/?p=92116#breadcrumb\"},\"inLanguage\":\"es-CO\",\"potentialAction\":[{\"@type\":\"ReadAction\",\"target\":[\"https:\/\/thecitizenfortheworld.com\/?p=92116\"]}]},{\"@type\":\"BreadcrumbList\",\"@id\":\"https:\/\/thecitizenfortheworld.com\/?p=92116#breadcrumb\",\"itemListElement\":[{\"@type\":\"ListItem\",\"position\":1,\"name\":\"Inicio\",\"item\":\"https:\/\/thecitizenfortheworld.com\/\"},{\"@type\":\"ListItem\",\"position\":2,\"name\":\"Israel reinici\u00f3 sus operaciones en el valle de Bekaa despu\u00e9s de tres semanas y atac\u00f3 a Hezbollah en el sur del L\u00edbano\"}]},{\"@type\":\"WebSite\",\"@id\":\"https:\/\/thecitizenfortheworld.com\/#website\",\"url\":\"https:\/\/thecitizenfortheworld.com\/\",\"name\":\"The citizen for the world\",\"description\":\"\",\"publisher\":{\"@id\":\"https:\/\/thecitizenfortheworld.com\/#organization\"},\"potentialAction\":[{\"@type\":\"SearchAction\",\"target\":{\"@type\":\"EntryPoint\",\"urlTemplate\":\"https:\/\/thecitizenfortheworld.com\/?s={search_term_string}\"},\"query-input\":\"required name=search_term_string\"}],\"inLanguage\":\"es-CO\"},{\"@type\":\"Organization\",\"@id\":\"https:\/\/thecitizenfortheworld.com\/#organization\",\"name\":\"The citizen for the world\",\"url\":\"https:\/\/thecitizenfortheworld.com\/\",\"logo\":{\"@type\":\"ImageObject\",\"inLanguage\":\"es-CO\",\"@id\":\"https:\/\/thecitizenfortheworld.com\/#\/schema\/logo\/image\/\",\"url\":\"https:\/\/thecitizenfortheworld.com\/wp-content\/uploads\/2023\/04\/cropped-the-citizens.png\",\"contentUrl\":\"https:\/\/thecitizenfortheworld.com\/wp-content\/uploads\/2023\/04\/cropped-the-citizens.png\",\"width\":1135,\"height\":1302,\"caption\":\"The citizen for the world\"},\"image\":{\"@id\":\"https:\/\/thecitizenfortheworld.com\/#\/schema\/logo\/image\/\"},\"sameAs\":[\"https:\/\/www.facebook.com\/thecitizenfortheworld\"]},{\"@type\":\"Person\",\"@id\":\"https:\/\/thecitizenfortheworld.com\/#\/schema\/person\/1f6b82847278ca8d344c472822b5b66f\",\"name\":\"thecitizenfortheworld23@gmail.com\",\"image\":{\"@type\":\"ImageObject\",\"inLanguage\":\"es-CO\",\"@id\":\"https:\/\/thecitizenfortheworld.com\/#\/schema\/person\/image\/\",\"url\":\"https:\/\/secure.gravatar.com\/avatar\/fa0768c808e84d205962885f7091f34b?s=96&d=mm&r=pg\",\"contentUrl\":\"https:\/\/secure.gravatar.com\/avatar\/fa0768c808e84d205962885f7091f34b?s=96&d=mm&r=pg\",\"caption\":\"thecitizenfortheworld23@gmail.com\"},\"sameAs\":[\"http:\/\/thecitizenfortheworld.com\"],\"url\":\"https:\/\/thecitizenfortheworld.com\/?author=1\"}]}<\/script>\n<!-- \/ Yoast SEO plugin. -->","yoast_head_json":{"title":"Israel reinici\u00f3 sus operaciones en el valle de Bekaa despu\u00e9s de tres semanas y atac\u00f3 a Hezbollah en el sur del L\u00edbano - The citizen for the world","robots":{"index":"index","follow":"follow","max-snippet":"max-snippet:-1","max-image-preview":"max-image-preview:large","max-video-preview":"max-video-preview:-1"},"canonical":"https:\/\/thecitizenfortheworld.com\/?p=92116","og_locale":"es_ES","og_type":"article","og_title":"Israel reinici\u00f3 sus operaciones en el valle de Bekaa despu\u00e9s de tres semanas y atac\u00f3 a Hezbollah en el sur del L\u00edbano - The citizen for the world","og_description":"El ej\u00e9rcito israel\u00ed realiz\u00f3 incursiones a\u00e9reas al sur del r\u00edo Litani y elimin\u00f3 t\u00faneles en Gaza tras detectar amenazas y agresiones de grupos armados. Netanyahu acus\u00f3 a las milicias proiran\u00edes de boicotear los di\u00e1logos con el gobierno de Beirut para mantener el cese del fuego Las Fuerzas de Defensa de Israel (FDI) anunciaron que lanzaron [&hellip;]","og_url":"https:\/\/thecitizenfortheworld.com\/?p=92116","og_site_name":"The citizen for the world","article_publisher":"https:\/\/www.facebook.com\/thecitizenfortheworld","article_published_time":"2026-04-27T14:27:39+00:00","og_image":[{"width":275,"height":183,"url":"https:\/\/thecitizenfortheworld.com\/wp-content\/uploads\/2026\/04\/Flat-Israel.jpg","type":"image\/jpeg"}],"author":"thecitizenfortheworld23@gmail.com","twitter_card":"summary_large_image","twitter_misc":{"Escrito por":"thecitizenfortheworld23@gmail.com","Tiempo estimado de lectura":"4 minutos"},"schema":{"@context":"https:\/\/schema.org","@graph":[{"@type":"Article","@id":"https:\/\/thecitizenfortheworld.com\/?p=92116#article","isPartOf":{"@id":"https:\/\/thecitizenfortheworld.com\/?p=92116"},"author":{"name":"thecitizenfortheworld23@gmail.com","@id":"https:\/\/thecitizenfortheworld.com\/#\/schema\/person\/1f6b82847278ca8d344c472822b5b66f"},"headline":"Israel reinici\u00f3 sus operaciones en el valle de Bekaa despu\u00e9s de tres semanas y atac\u00f3 a Hezbollah en el sur del L\u00edbano","datePublished":"2026-04-27T14:27:39+00:00","dateModified":"2026-04-27T14:27:39+00:00","mainEntityOfPage":{"@id":"https:\/\/thecitizenfortheworld.com\/?p=92116"},"wordCount":655,"commentCount":0,"publisher":{"@id":"https:\/\/thecitizenfortheworld.com\/#organization"},"articleSection":["Internacionales","Pol\u00edtica"],"inLanguage":"es-CO","potentialAction":[{"@type":"CommentAction","name":"Comment","target":["https:\/\/thecitizenfortheworld.com\/?p=92116#respond"]}]},{"@type":"WebPage","@id":"https:\/\/thecitizenfortheworld.com\/?p=92116","url":"https:\/\/thecitizenfortheworld.com\/?p=92116","name":"Israel reinici\u00f3 sus operaciones en el valle de Bekaa despu\u00e9s de tres semanas y atac\u00f3 a Hezbollah en el sur del L\u00edbano - The citizen for the world","isPartOf":{"@id":"https:\/\/thecitizenfortheworld.com\/#website"},"datePublished":"2026-04-27T14:27:39+00:00","dateModified":"2026-04-27T14:27:39+00:00","breadcrumb":{"@id":"https:\/\/thecitizenfortheworld.com\/?p=92116#breadcrumb"},"inLanguage":"es-CO","potentialAction":[{"@type":"ReadAction","target":["https:\/\/thecitizenfortheworld.com\/?p=92116"]}]},{"@type":"BreadcrumbList","@id":"https:\/\/thecitizenfortheworld.com\/?p=92116#breadcrumb","itemListElement":[{"@type":"ListItem","position":1,"name":"Inicio","item":"https:\/\/thecitizenfortheworld.com\/"},{"@type":"ListItem","position":2,"name":"Israel reinici\u00f3 sus operaciones en el valle de Bekaa despu\u00e9s de tres semanas y atac\u00f3 a Hezbollah en el sur del L\u00edbano"}]},{"@type":"WebSite","@id":"https:\/\/thecitizenfortheworld.com\/#website","url":"https:\/\/thecitizenfortheworld.com\/","name":"The citizen for the world","description":"","publisher":{"@id":"https:\/\/thecitizenfortheworld.com\/#organization"},"potentialAction":[{"@type":"SearchAction","target":{"@type":"EntryPoint","urlTemplate":"https:\/\/thecitizenfortheworld.com\/?s={search_term_string}"},"query-input":"required name=search_term_string"}],"inLanguage":"es-CO"},{"@type":"Organization","@id":"https:\/\/thecitizenfortheworld.com\/#organization","name":"The citizen for the world","url":"https:\/\/thecitizenfortheworld.com\/","logo":{"@type":"ImageObject","inLanguage":"es-CO","@id":"https:\/\/thecitizenfortheworld.com\/#\/schema\/logo\/image\/","url":"https:\/\/thecitizenfortheworld.com\/wp-content\/uploads\/2023\/04\/cropped-the-citizens.png","contentUrl":"https:\/\/thecitizenfortheworld.com\/wp-content\/uploads\/2023\/04\/cropped-the-citizens.png","width":1135,"height":1302,"caption":"The citizen for the world"},"image":{"@id":"https:\/\/thecitizenfortheworld.com\/#\/schema\/logo\/image\/"},"sameAs":["https:\/\/www.facebook.com\/thecitizenfortheworld"]},{"@type":"Person","@id":"https:\/\/thecitizenfortheworld.com\/#\/schema\/person\/1f6b82847278ca8d344c472822b5b66f","name":"thecitizenfortheworld23@gmail.com","image":{"@type":"ImageObject","inLanguage":"es-CO","@id":"https:\/\/thecitizenfortheworld.com\/#\/schema\/person\/image\/","url":"https:\/\/secure.gravatar.com\/avatar\/fa0768c808e84d205962885f7091f34b?s=96&d=mm&r=pg","contentUrl":"https:\/\/secure.gravatar.com\/avatar\/fa0768c808e84d205962885f7091f34b?s=96&d=mm&r=pg","caption":"thecitizenfortheworld23@gmail.com"},"sameAs":["http:\/\/thecitizenfortheworld.com"],"url":"https:\/\/thecitizenfortheworld.com\/?author=1"}]}},"_links":{"self":[{"href":"https:\/\/thecitizenfortheworld.com\/index.php?rest_route=\/wp\/v2\/posts\/92116"}],"collection":[{"href":"https:\/\/thecitizenfortheworld.com\/index.php?rest_route=\/wp\/v2\/posts"}],"about":[{"href":"https:\/\/thecitizenfortheworld.com\/index.php?rest_route=\/wp\/v2\/types\/post"}],"author":[{"embeddable":true,"href":"https:\/\/thecitizenfortheworld.com\/index.php?rest_route=\/wp\/v2\/users\/1"}],"replies":[{"embeddable":true,"href":"https:\/\/thecitizenfortheworld.com\/index.php?rest_route=%2Fwp%2Fv2%2Fcomments&post=92116"}],"version-history":[{"count":1,"href":"https:\/\/thecitizenfortheworld.com\/index.php?rest_route=\/wp\/v2\/posts\/92116\/revisions"}],"predecessor-version":[{"id":92118,"href":"https:\/\/thecitizenfortheworld.com\/index.php?rest_route=\/wp\/v2\/posts\/92116\/revisions\/92118"}],"wp:featuredmedia":[{"embeddable":true,"href":"https:\/\/thecitizenfortheworld.com\/index.php?rest_route=\/wp\/v2\/media\/92117"}],"wp:attachment":[{"href":"https:\/\/thecitizenfortheworld.com\/index.php?rest_route=%2Fwp%2Fv2%2Fmedia&parent=92116"}],"wp:term":[{"taxonomy":"category","embeddable":true,"href":"https:\/\/thecitizenfortheworld.com\/index.php?rest_route=%2Fwp%2Fv2%2Fcategories&post=92116"},{"taxonomy":"post_tag","embeddable":true,"href":"https:\/\/thecitizenfortheworld.com\/index.php?rest_route=%2Fwp%2Fv2%2Ftags&post=92116"}],"curies":[{"name":"wp","href":"https:\/\/api.w.org\/{rel}","templated":true}]}}