{"id":92113,"date":"2026-04-26T10:53:37","date_gmt":"2026-04-26T15:53:37","guid":{"rendered":"https:\/\/thecitizenfortheworld.com\/?p=92113"},"modified":"2026-04-26T10:53:37","modified_gmt":"2026-04-26T15:53:37","slug":"la-emocion-de-la-manager-de-colapinto-antes-de-su-exhibicion-es-el-ejemplo-de-humanidad-en-la-f1","status":"publish","type":"post","link":"https:\/\/thecitizenfortheworld.com\/?p=92113","title":{"rendered":"La emoci\u00f3n de la m\u00e1nager de Colapinto antes de su exhibici\u00f3n: \u201cEs el ejemplo de humanidad en la F1\u201d"},"content":{"rendered":"<p class=\"article-subheadline text_align_left\">Mar\u00eda Catarineu, que acompa\u00f1a al piloto argentino desde sus inicios, brind\u00f3 detalles de la hist\u00f3rica jornada en las calles de la Ciudad de Buenos Aires<\/p>\n<p>Una de las grandes art\u00edfices de que <b>Franco Colapinto<\/b> pueda hacer historia con su <a title=\"https:\/\/www.infobae.com\/deportes\/2026\/04\/26\/la-exhibicion-de-franco-colapinto-a-bordo-de-un-alpine-de-formula-1-por-las-calles-de-buenos-aires-todo-lo-que-hay-que-saber\/\" href=\"https:\/\/www.infobae.com\/deportes\/2026\/04\/26\/la-exhibicion-de-franco-colapinto-a-bordo-de-un-alpine-de-formula-1-por-las-calles-de-buenos-aires-todo-lo-que-hay-que-saber\/\" target=\"_blank\" rel=\"noopener noreferrer\" data-mrf-link=\"https:\/\/www.infobae.com\/deportes\/2026\/04\/26\/la-exhibicion-de-franco-colapinto-a-bordo-de-un-alpine-de-formula-1-por-las-calles-de-buenos-aires-todo-lo-que-hay-que-saber\/\">exhibici\u00f3n en las calles de Buenos Aires<\/a> es <b>Mar\u00eda Catarineu<\/b>, <a title=\"https:\/\/www.infobae.com\/deportes\/2025\/12\/08\/entrevista-a-la-manager-de-colapinto-como-se-cerro-la-butaca-para-2026-con-alpine-y-la-frase-que-ilusiona-de-cara-al-futuro\/\" href=\"https:\/\/www.infobae.com\/deportes\/2025\/12\/08\/entrevista-a-la-manager-de-colapinto-como-se-cerro-la-butaca-para-2026-con-alpine-y-la-frase-que-ilusiona-de-cara-al-futuro\/\" target=\"_blank\" rel=\"noopener noreferrer\" data-mrf-link=\"https:\/\/www.infobae.com\/deportes\/2025\/12\/08\/entrevista-a-la-manager-de-colapinto-como-se-cerro-la-butaca-para-2026-con-alpine-y-la-frase-que-ilusiona-de-cara-al-futuro\/\">su representante que lo acompa\u00f1a desde sus inicios en el automovilismo<\/a>. Antes de que el argentino de 22 a\u00f1os gire en Palermo con el <b>Lotus E20<\/b> de 2012 y la<a title=\"https:\/\/www.infobae.com\/deportes\/2026\/04\/24\/la-historia-de-la-flecha-de-plata-el-historico-auto-de-juan-manuel-fangio-que-franco-colapinto-manejara-en-su-exhibicion\/\" href=\"https:\/\/www.infobae.com\/deportes\/2026\/04\/24\/la-historia-de-la-flecha-de-plata-el-historico-auto-de-juan-manuel-fangio-que-franco-colapinto-manejara-en-su-exhibicion\/\" target=\"_blank\" rel=\"noopener noreferrer\" data-mrf-link=\"https:\/\/www.infobae.com\/deportes\/2026\/04\/24\/la-historia-de-la-flecha-de-plata-el-historico-auto-de-juan-manuel-fangio-que-franco-colapinto-manejara-en-su-exhibicion\/\"> <b>Flecha de Plata<\/b> de <b>Juan Manuel Fangio<\/b><\/a>, la espa\u00f1ola brind\u00f3 detalles de c\u00f3mo vivi\u00f3 la jornada el pilarense y se deshizo en elogios con su trabajo en la <b>F\u00f3rmula 1<\/b>.<\/p>\n<p>\u201cIncre\u00edble. Esta ma\u00f1ana cuando llegamos en el coche, que hemos llegado bien prontito, est\u00e1bamos pregunt\u00e1ndonos nosotros mismos: <b>\u00bfQu\u00e9 es m\u00e1s emocionante? Monza, la primera carrera suya que fue muy emocionante o esto. Y esto de largo&#8230; Es incre\u00edble, una emoci\u00f3n tremenda<\/b>\u201d, relat\u00f3 Catarineu con <i>ESPN<\/i>, asegurando que el Road Show es m\u00e1s impactante que su estreno con <b>Williams <\/b>en 2024.<\/p>\n<p>Inmediatamente, su representante, que tambi\u00e9n cuenta con el apoyo de Jamie Campbell-Walter, elogi\u00f3 el enorme esfuerzo que hizo Colapinto y el valor que le agrega a la F\u00f3rmula 1 con su personalidad. \u201c<b>Franco es el campe\u00f3n de la gente. <\/b>Va a ser campe\u00f3n, se los digo ahora. Pero, desde luego, es el campe\u00f3n de la gente. <b>Yo creo que es el ejemplo vivo de humanidad en la F\u00f3rmula 1.<\/b> Si agarr\u00e1s a los 22 pilotos, yo le pondr\u00eda n\u00famero 1 en lo que realmente es un ser humano. <b>Humilde, trabajador y le da un poco de sentido al deporte. Su talento y su humanidad<\/b>, junto con nosotros, nos ha llevado ah\u00ed\u201d, destac\u00f3.<\/p>\n<div class=\"visual__image\"><picture><img decoding=\"async\" loading=\"lazy\" class=\"global-image\" src=\"https:\/\/www.infobae.com\/resizer\/v2\/A6FYB75Y4JD4FJS22GIIKJO5NE.jfif?auth=d6e71f73f39e2663556388d55ccbf620b0bdb9a44846821132fc8ac91d665cef&amp;smart=true&amp;width=350&amp;height=263&amp;quality=85\" alt=\"La foto que subi\u00f3 Jamie Campbell-Walter junto a Mar\u00eda Catarineu y Franco Colapinto antes de ir al road show\" width=\"2048\" height=\"1536\" \/><\/picture><em>La foto que subi\u00f3 Jamie Campbell-Walter junto a Mar\u00eda Catarineu y Franco Colapinto antes de ir al road show<\/em><\/div>\n<p class=\"paragraph\" data-mrf-recirculation=\"Links inline\">\u201cMe llegan comentarios de que lo valoran un mont\u00f3n. <b>Es un ejemplo de un ser humano trabajando desde muy chiquitito, sacrificando muchas cosas<\/b>&#8230; mira d\u00f3nde est\u00e1. Que nadie se rinda, todo el mundo lo puede intentar\u201d, agreg\u00f3 Mar\u00eda Catarineu.<\/p>\n<p data-mrf-recirculation=\"Links inline\">Al mismo tiempo, la espa\u00f1ola que lidera la agencia <b>Bullet Sports Management<\/b> puntualiz\u00f3 en c\u00f3mo vivi\u00f3 el argentino su estad\u00eda en el pa\u00eds y su lucha por devolver parte del cari\u00f1o que recibe de la gente: \u201c<b>\u00c9l lleva a\u00f1os diciendo cada vez que vamos a las carreras que hay tanta gente argentina en todos los circuitos<\/b>. Es como me puedo acercar yo a la gente. \u00c9l quiere estar con su gente. Entonces siempre se pregunta \u00bfc\u00f3mo lo hago? Gracias a Gast\u00f3n, al equipo de Dale Play y la Ciudad, se hizo realidad. <b>Lleva una sonrisa desde que nos hemos levantado. \u00c9l quiere decir, ahora que me vean los m\u00edos<\/b>\u201d.<\/p>\n<p class=\"paragraph\" data-mrf-recirculation=\"Links inline\">\u201cLo que venga despu\u00e9s de esto bienvenido sea, pero <b>mi misi\u00f3n es cumplir sus sue\u00f1os.<\/b> <b>Ya hemos cumplido algunos y este es otro m\u00e1s en la lista<\/b>. Tenemos una lista de sue\u00f1os que tenemos que cumplir poco a poco iremos alcanzando\u201d, sum\u00f3.<\/p>\n<div class=\"visual__image\"><picture><source srcset=\"https:\/\/www.infobae.com\/resizer\/v2\/YEMH7IPTE5HU3LNIAVRASCRBVM.jpg?auth=572cb84f8f47bfc349dcf7227168a34025bcbb8d35f9457e591e3ba1b5b47829&amp;smart=true&amp;width=992&amp;height=558&amp;quality=85\" media=\"(min-width: 1000px)\" \/><source srcset=\"https:\/\/www.infobae.com\/resizer\/v2\/YEMH7IPTE5HU3LNIAVRASCRBVM.jpg?auth=572cb84f8f47bfc349dcf7227168a34025bcbb8d35f9457e591e3ba1b5b47829&amp;smart=true&amp;width=768&amp;height=432&amp;quality=85\" media=\"(min-width: 768px)\" \/><source srcset=\"https:\/\/www.infobae.com\/resizer\/v2\/YEMH7IPTE5HU3LNIAVRASCRBVM.jpg?auth=572cb84f8f47bfc349dcf7227168a34025bcbb8d35f9457e591e3ba1b5b47829&amp;smart=true&amp;width=577&amp;height=325&amp;quality=85\" media=\"(min-width: 580px)\" \/><source srcset=\"https:\/\/www.infobae.com\/resizer\/v2\/YEMH7IPTE5HU3LNIAVRASCRBVM.jpg?auth=572cb84f8f47bfc349dcf7227168a34025bcbb8d35f9457e591e3ba1b5b47829&amp;smart=true&amp;width=420&amp;height=236&amp;quality=85\" media=\"(min-width: 350px)\" \/><source srcset=\"https:\/\/www.infobae.com\/resizer\/v2\/YEMH7IPTE5HU3LNIAVRASCRBVM.jpg?auth=572cb84f8f47bfc349dcf7227168a34025bcbb8d35f9457e591e3ba1b5b47829&amp;smart=true&amp;width=350&amp;height=197&amp;quality=85\" media=\"(min-width: 80px)\" \/><img decoding=\"async\" loading=\"lazy\" class=\"global-image\" src=\"https:\/\/www.infobae.com\/resizer\/v2\/YEMH7IPTE5HU3LNIAVRASCRBVM.jpg?auth=572cb84f8f47bfc349dcf7227168a34025bcbb8d35f9457e591e3ba1b5b47829&amp;smart=true&amp;width=350&amp;height=197&amp;quality=85\" alt=\"Franco Colapinto y Mar\u00eda Catarineu\" width=\"1080\" height=\"608\" \/><\/picture><\/div>\n<div class=\"visual__image\"><em>Mar\u00eda Catarineu y su equipo acompa\u00f1an a Franco Colapinto desde sus inicios en el automovilismo<\/em><\/div>\n<p class=\"paragraph\" data-mrf-recirculation=\"Links inline\">Mar\u00eda Catarineu brome\u00f3 sobre todos los eventos en los que est\u00e1n participando y los asados que comieron, adem\u00e1s de que explic\u00f3 c\u00f3mo Franco logra mantenerse enfocado en el pr\u00f3ximo Gran Premio de Miami a pesar de la emoci\u00f3n de la exhibici\u00f3n. \u201c<b>Creo que este evento de hoy nos va a dar dos d\u00e9cimas en Miami<\/b>. Vamos a pesar dos d\u00e9cimas. \u00c9l lo intercambia bastante bien. Obviamente hay una gran emoci\u00f3n por todo lo que le est\u00e1 pasando esta semana. Pero cada ratito es un \u2018che, me voy a entrenar\u2019. <b>\u00c9l en su cabeza es bastante capaz de decir \u2018estoy en Miami, es mi foco\u2019. Y disfrutar de cada minuto esto. Miami no ha salido de su cabeza<\/b>\u201d, complet\u00f3 su representante.<\/p>\n<p class=\"paragraph\" data-mrf-recirculation=\"Links inline\">\u201c<b>Estoy muy contento. Feliz de volver al pa\u00eds, a la Argentina despu\u00e9s de tanto tiempo<\/b>. Estuve en diciembre, pero es lindo reencontrarme con la gente. Es especial el traer un auto de F1 tras tantos a\u00f1os. <b>Es un sue\u00f1o que ten\u00eda de chiquito<\/b>. Va a generar algo muy especial en el pa\u00eds\u201d, <a title=\"https:\/\/www.infobae.com\/deportes\/2026\/04\/24\/colapinto-hablo-antes-de-su-exhibicion-en-palermo-el-sueno-de-correr-en-argentina-y-una-particular-disculpa-anticipada\/\" href=\"https:\/\/www.infobae.com\/deportes\/2026\/04\/24\/colapinto-hablo-antes-de-su-exhibicion-en-palermo-el-sueno-de-correr-en-argentina-y-una-particular-disculpa-anticipada\/\" target=\"_blank\" rel=\"noopener noreferrer\" data-mrf-link=\"https:\/\/www.infobae.com\/deportes\/2026\/04\/24\/colapinto-hablo-antes-de-su-exhibicion-en-palermo-el-sueno-de-correr-en-argentina-y-una-particular-disculpa-anticipada\/\">coment\u00f3 Colapinto en la conferencia de prensa del viernes<\/a> sobre la posibilidad de manejar en Argentina.<\/p>\n<p class=\"paragraph\" data-mrf-recirculation=\"Links inline\">El recorrido urbano sobre Avenida del Libertador, entre Bullrich y Casares, permitir\u00e1 a Colapinto realizar cuatro salidas a pista en dos modelos \u00fanicos. La<b> primera vuelta ser\u00e1 a las 12:45<\/b>, conduciendo un Lotus E20 de 2012. A las <b>14:30<\/b> llegar\u00e1 el turno de la r\u00e9plica del Mercedes-Benz W196. Luego, a las <b>15:15<\/b>, volver\u00e1 al volante del Lotus, siendo este el \u00faltimo giro con auto de F\u00f3rmula 1 antes de trasladarse, a las <b>15:55, en un bus descapotable<\/b>. Las pantallas gigantes estar\u00e1n ubicadas en intersecciones estrat\u00e9gicas como Libertador y Casares, Libertador y Cavia, y junto al Planetario. Se espera que <b>cada salida tenga una duraci\u00f3n aproximada de 20 minutos<\/b>.<\/p>\n<p data-mrf-recirculation=\"Links inline\">(<em>Con informaci\u00f3n de Infobae)<\/em><\/p>\n<p data-mrf-recirculation=\"Links inline\">\n","protected":false},"excerpt":{"rendered":"<p>Mar\u00eda Catarineu, que acompa\u00f1a al piloto argentino desde sus inicios, brind\u00f3 detalles de la hist\u00f3rica jornada en las calles de la Ciudad de Buenos Aires Una de las grandes art\u00edfices de que Franco Colapinto pueda hacer historia con su exhibici\u00f3n en las calles de Buenos Aires es Mar\u00eda Catarineu, su representante que lo acompa\u00f1a desde [&hellip;]<\/p>\n","protected":false},"author":1,"featured_media":92114,"comment_status":"open","ping_status":"open","sticky":false,"template":"","format":"standard","meta":{"om_disable_all_campaigns":false,"_mi_skip_tracking":false},"categories":[8],"tags":[],"yoast_head":"<!-- This site is optimized with the Yoast SEO plugin v20.5 - https:\/\/yoast.com\/wordpress\/plugins\/seo\/ -->\n<title>La emoci\u00f3n de la m\u00e1nager de Colapinto antes de su exhibici\u00f3n: \u201cEs el ejemplo de humanidad en la F1\u201d - The citizen for the world<\/title>\n<meta name=\"robots\" content=\"index, follow, max-snippet:-1, max-image-preview:large, max-video-preview:-1\" \/>\n<link rel=\"canonical\" href=\"https:\/\/thecitizenfortheworld.com\/?p=92113\" \/>\n<meta property=\"og:locale\" content=\"es_ES\" \/>\n<meta property=\"og:type\" content=\"article\" \/>\n<meta property=\"og:title\" content=\"La emoci\u00f3n de la m\u00e1nager de Colapinto antes de su exhibici\u00f3n: \u201cEs el ejemplo de humanidad en la F1\u201d - The citizen for the world\" \/>\n<meta property=\"og:description\" content=\"Mar\u00eda Catarineu, que acompa\u00f1a al piloto argentino desde sus inicios, brind\u00f3 detalles de la hist\u00f3rica jornada en las calles de la Ciudad de Buenos Aires Una de las grandes art\u00edfices de que Franco Colapinto pueda hacer historia con su exhibici\u00f3n en las calles de Buenos Aires es Mar\u00eda Catarineu, su representante que lo acompa\u00f1a desde [&hellip;]\" \/>\n<meta property=\"og:url\" content=\"https:\/\/thecitizenfortheworld.com\/?p=92113\" \/>\n<meta property=\"og:site_name\" content=\"The citizen for the world\" \/>\n<meta property=\"article:publisher\" content=\"https:\/\/www.facebook.com\/thecitizenfortheworld\" \/>\n<meta property=\"article:published_time\" content=\"2026-04-26T15:53:37+00:00\" \/>\n<meta property=\"og:image\" content=\"https:\/\/thecitizenfortheworld.com\/wp-content\/uploads\/2026\/04\/Colapinto.jpg\" \/>\n\t<meta property=\"og:image:width\" content=\"300\" \/>\n\t<meta property=\"og:image:height\" content=\"168\" \/>\n\t<meta property=\"og:image:type\" content=\"image\/jpeg\" \/>\n<meta name=\"author\" content=\"thecitizenfortheworld23@gmail.com\" \/>\n<meta name=\"twitter:card\" content=\"summary_large_image\" \/>\n<meta name=\"twitter:label1\" content=\"Escrito por\" \/>\n\t<meta name=\"twitter:data1\" content=\"thecitizenfortheworld23@gmail.com\" \/>\n\t<meta name=\"twitter:label2\" content=\"Tiempo estimado de lectura\" \/>\n\t<meta name=\"twitter:data2\" content=\"5 minutos\" \/>\n<script type=\"application\/ld+json\" class=\"yoast-schema-graph\">{\"@context\":\"https:\/\/schema.org\",\"@graph\":[{\"@type\":\"Article\",\"@id\":\"https:\/\/thecitizenfortheworld.com\/?p=92113#article\",\"isPartOf\":{\"@id\":\"https:\/\/thecitizenfortheworld.com\/?p=92113\"},\"author\":{\"name\":\"thecitizenfortheworld23@gmail.com\",\"@id\":\"https:\/\/thecitizenfortheworld.com\/#\/schema\/person\/1f6b82847278ca8d344c472822b5b66f\"},\"headline\":\"La emoci\u00f3n de la m\u00e1nager de Colapinto antes de su exhibici\u00f3n: \u201cEs el ejemplo de humanidad en la F1\u201d\",\"datePublished\":\"2026-04-26T15:53:37+00:00\",\"dateModified\":\"2026-04-26T15:53:37+00:00\",\"mainEntityOfPage\":{\"@id\":\"https:\/\/thecitizenfortheworld.com\/?p=92113\"},\"wordCount\":882,\"commentCount\":0,\"publisher\":{\"@id\":\"https:\/\/thecitizenfortheworld.com\/#organization\"},\"articleSection\":[\"Deportes\"],\"inLanguage\":\"es-CO\",\"potentialAction\":[{\"@type\":\"CommentAction\",\"name\":\"Comment\",\"target\":[\"https:\/\/thecitizenfortheworld.com\/?p=92113#respond\"]}]},{\"@type\":\"WebPage\",\"@id\":\"https:\/\/thecitizenfortheworld.com\/?p=92113\",\"url\":\"https:\/\/thecitizenfortheworld.com\/?p=92113\",\"name\":\"La emoci\u00f3n de la m\u00e1nager de Colapinto antes de su exhibici\u00f3n: \u201cEs el ejemplo de humanidad en la F1\u201d - The citizen for the world\",\"isPartOf\":{\"@id\":\"https:\/\/thecitizenfortheworld.com\/#website\"},\"datePublished\":\"2026-04-26T15:53:37+00:00\",\"dateModified\":\"2026-04-26T15:53:37+00:00\",\"breadcrumb\":{\"@id\":\"https:\/\/thecitizenfortheworld.com\/?p=92113#breadcrumb\"},\"inLanguage\":\"es-CO\",\"potentialAction\":[{\"@type\":\"ReadAction\",\"target\":[\"https:\/\/thecitizenfortheworld.com\/?p=92113\"]}]},{\"@type\":\"BreadcrumbList\",\"@id\":\"https:\/\/thecitizenfortheworld.com\/?p=92113#breadcrumb\",\"itemListElement\":[{\"@type\":\"ListItem\",\"position\":1,\"name\":\"Inicio\",\"item\":\"https:\/\/thecitizenfortheworld.com\/\"},{\"@type\":\"ListItem\",\"position\":2,\"name\":\"La emoci\u00f3n de la m\u00e1nager de Colapinto antes de su exhibici\u00f3n: \u201cEs el ejemplo de humanidad en la F1\u201d\"}]},{\"@type\":\"WebSite\",\"@id\":\"https:\/\/thecitizenfortheworld.com\/#website\",\"url\":\"https:\/\/thecitizenfortheworld.com\/\",\"name\":\"The citizen for the world\",\"description\":\"\",\"publisher\":{\"@id\":\"https:\/\/thecitizenfortheworld.com\/#organization\"},\"potentialAction\":[{\"@type\":\"SearchAction\",\"target\":{\"@type\":\"EntryPoint\",\"urlTemplate\":\"https:\/\/thecitizenfortheworld.com\/?s={search_term_string}\"},\"query-input\":\"required name=search_term_string\"}],\"inLanguage\":\"es-CO\"},{\"@type\":\"Organization\",\"@id\":\"https:\/\/thecitizenfortheworld.com\/#organization\",\"name\":\"The citizen for the world\",\"url\":\"https:\/\/thecitizenfortheworld.com\/\",\"logo\":{\"@type\":\"ImageObject\",\"inLanguage\":\"es-CO\",\"@id\":\"https:\/\/thecitizenfortheworld.com\/#\/schema\/logo\/image\/\",\"url\":\"https:\/\/thecitizenfortheworld.com\/wp-content\/uploads\/2023\/04\/cropped-the-citizens.png\",\"contentUrl\":\"https:\/\/thecitizenfortheworld.com\/wp-content\/uploads\/2023\/04\/cropped-the-citizens.png\",\"width\":1135,\"height\":1302,\"caption\":\"The citizen for the world\"},\"image\":{\"@id\":\"https:\/\/thecitizenfortheworld.com\/#\/schema\/logo\/image\/\"},\"sameAs\":[\"https:\/\/www.facebook.com\/thecitizenfortheworld\"]},{\"@type\":\"Person\",\"@id\":\"https:\/\/thecitizenfortheworld.com\/#\/schema\/person\/1f6b82847278ca8d344c472822b5b66f\",\"name\":\"thecitizenfortheworld23@gmail.com\",\"image\":{\"@type\":\"ImageObject\",\"inLanguage\":\"es-CO\",\"@id\":\"https:\/\/thecitizenfortheworld.com\/#\/schema\/person\/image\/\",\"url\":\"https:\/\/secure.gravatar.com\/avatar\/fa0768c808e84d205962885f7091f34b?s=96&d=mm&r=pg\",\"contentUrl\":\"https:\/\/secure.gravatar.com\/avatar\/fa0768c808e84d205962885f7091f34b?s=96&d=mm&r=pg\",\"caption\":\"thecitizenfortheworld23@gmail.com\"},\"sameAs\":[\"http:\/\/thecitizenfortheworld.com\"],\"url\":\"https:\/\/thecitizenfortheworld.com\/?author=1\"}]}<\/script>\n<!-- \/ Yoast SEO plugin. -->","yoast_head_json":{"title":"La emoci\u00f3n de la m\u00e1nager de Colapinto antes de su exhibici\u00f3n: \u201cEs el ejemplo de humanidad en la F1\u201d - The citizen for the world","robots":{"index":"index","follow":"follow","max-snippet":"max-snippet:-1","max-image-preview":"max-image-preview:large","max-video-preview":"max-video-preview:-1"},"canonical":"https:\/\/thecitizenfortheworld.com\/?p=92113","og_locale":"es_ES","og_type":"article","og_title":"La emoci\u00f3n de la m\u00e1nager de Colapinto antes de su exhibici\u00f3n: \u201cEs el ejemplo de humanidad en la F1\u201d - The citizen for the world","og_description":"Mar\u00eda Catarineu, que acompa\u00f1a al piloto argentino desde sus inicios, brind\u00f3 detalles de la hist\u00f3rica jornada en las calles de la Ciudad de Buenos Aires Una de las grandes art\u00edfices de que Franco Colapinto pueda hacer historia con su exhibici\u00f3n en las calles de Buenos Aires es Mar\u00eda Catarineu, su representante que lo acompa\u00f1a desde [&hellip;]","og_url":"https:\/\/thecitizenfortheworld.com\/?p=92113","og_site_name":"The citizen for the world","article_publisher":"https:\/\/www.facebook.com\/thecitizenfortheworld","article_published_time":"2026-04-26T15:53:37+00:00","og_image":[{"width":300,"height":168,"url":"https:\/\/thecitizenfortheworld.com\/wp-content\/uploads\/2026\/04\/Colapinto.jpg","type":"image\/jpeg"}],"author":"thecitizenfortheworld23@gmail.com","twitter_card":"summary_large_image","twitter_misc":{"Escrito por":"thecitizenfortheworld23@gmail.com","Tiempo estimado de lectura":"5 minutos"},"schema":{"@context":"https:\/\/schema.org","@graph":[{"@type":"Article","@id":"https:\/\/thecitizenfortheworld.com\/?p=92113#article","isPartOf":{"@id":"https:\/\/thecitizenfortheworld.com\/?p=92113"},"author":{"name":"thecitizenfortheworld23@gmail.com","@id":"https:\/\/thecitizenfortheworld.com\/#\/schema\/person\/1f6b82847278ca8d344c472822b5b66f"},"headline":"La emoci\u00f3n de la m\u00e1nager de Colapinto antes de su exhibici\u00f3n: \u201cEs el ejemplo de humanidad en la F1\u201d","datePublished":"2026-04-26T15:53:37+00:00","dateModified":"2026-04-26T15:53:37+00:00","mainEntityOfPage":{"@id":"https:\/\/thecitizenfortheworld.com\/?p=92113"},"wordCount":882,"commentCount":0,"publisher":{"@id":"https:\/\/thecitizenfortheworld.com\/#organization"},"articleSection":["Deportes"],"inLanguage":"es-CO","potentialAction":[{"@type":"CommentAction","name":"Comment","target":["https:\/\/thecitizenfortheworld.com\/?p=92113#respond"]}]},{"@type":"WebPage","@id":"https:\/\/thecitizenfortheworld.com\/?p=92113","url":"https:\/\/thecitizenfortheworld.com\/?p=92113","name":"La emoci\u00f3n de la m\u00e1nager de Colapinto antes de su exhibici\u00f3n: \u201cEs el ejemplo de humanidad en la F1\u201d - The citizen for the world","isPartOf":{"@id":"https:\/\/thecitizenfortheworld.com\/#website"},"datePublished":"2026-04-26T15:53:37+00:00","dateModified":"2026-04-26T15:53:37+00:00","breadcrumb":{"@id":"https:\/\/thecitizenfortheworld.com\/?p=92113#breadcrumb"},"inLanguage":"es-CO","potentialAction":[{"@type":"ReadAction","target":["https:\/\/thecitizenfortheworld.com\/?p=92113"]}]},{"@type":"BreadcrumbList","@id":"https:\/\/thecitizenfortheworld.com\/?p=92113#breadcrumb","itemListElement":[{"@type":"ListItem","position":1,"name":"Inicio","item":"https:\/\/thecitizenfortheworld.com\/"},{"@type":"ListItem","position":2,"name":"La emoci\u00f3n de la m\u00e1nager de Colapinto antes de su exhibici\u00f3n: \u201cEs el ejemplo de humanidad en la F1\u201d"}]},{"@type":"WebSite","@id":"https:\/\/thecitizenfortheworld.com\/#website","url":"https:\/\/thecitizenfortheworld.com\/","name":"The citizen for the world","description":"","publisher":{"@id":"https:\/\/thecitizenfortheworld.com\/#organization"},"potentialAction":[{"@type":"SearchAction","target":{"@type":"EntryPoint","urlTemplate":"https:\/\/thecitizenfortheworld.com\/?s={search_term_string}"},"query-input":"required name=search_term_string"}],"inLanguage":"es-CO"},{"@type":"Organization","@id":"https:\/\/thecitizenfortheworld.com\/#organization","name":"The citizen for the world","url":"https:\/\/thecitizenfortheworld.com\/","logo":{"@type":"ImageObject","inLanguage":"es-CO","@id":"https:\/\/thecitizenfortheworld.com\/#\/schema\/logo\/image\/","url":"https:\/\/thecitizenfortheworld.com\/wp-content\/uploads\/2023\/04\/cropped-the-citizens.png","contentUrl":"https:\/\/thecitizenfortheworld.com\/wp-content\/uploads\/2023\/04\/cropped-the-citizens.png","width":1135,"height":1302,"caption":"The citizen for the world"},"image":{"@id":"https:\/\/thecitizenfortheworld.com\/#\/schema\/logo\/image\/"},"sameAs":["https:\/\/www.facebook.com\/thecitizenfortheworld"]},{"@type":"Person","@id":"https:\/\/thecitizenfortheworld.com\/#\/schema\/person\/1f6b82847278ca8d344c472822b5b66f","name":"thecitizenfortheworld23@gmail.com","image":{"@type":"ImageObject","inLanguage":"es-CO","@id":"https:\/\/thecitizenfortheworld.com\/#\/schema\/person\/image\/","url":"https:\/\/secure.gravatar.com\/avatar\/fa0768c808e84d205962885f7091f34b?s=96&d=mm&r=pg","contentUrl":"https:\/\/secure.gravatar.com\/avatar\/fa0768c808e84d205962885f7091f34b?s=96&d=mm&r=pg","caption":"thecitizenfortheworld23@gmail.com"},"sameAs":["http:\/\/thecitizenfortheworld.com"],"url":"https:\/\/thecitizenfortheworld.com\/?author=1"}]}},"_links":{"self":[{"href":"https:\/\/thecitizenfortheworld.com\/index.php?rest_route=\/wp\/v2\/posts\/92113"}],"collection":[{"href":"https:\/\/thecitizenfortheworld.com\/index.php?rest_route=\/wp\/v2\/posts"}],"about":[{"href":"https:\/\/thecitizenfortheworld.com\/index.php?rest_route=\/wp\/v2\/types\/post"}],"author":[{"embeddable":true,"href":"https:\/\/thecitizenfortheworld.com\/index.php?rest_route=\/wp\/v2\/users\/1"}],"replies":[{"embeddable":true,"href":"https:\/\/thecitizenfortheworld.com\/index.php?rest_route=%2Fwp%2Fv2%2Fcomments&post=92113"}],"version-history":[{"count":1,"href":"https:\/\/thecitizenfortheworld.com\/index.php?rest_route=\/wp\/v2\/posts\/92113\/revisions"}],"predecessor-version":[{"id":92115,"href":"https:\/\/thecitizenfortheworld.com\/index.php?rest_route=\/wp\/v2\/posts\/92113\/revisions\/92115"}],"wp:featuredmedia":[{"embeddable":true,"href":"https:\/\/thecitizenfortheworld.com\/index.php?rest_route=\/wp\/v2\/media\/92114"}],"wp:attachment":[{"href":"https:\/\/thecitizenfortheworld.com\/index.php?rest_route=%2Fwp%2Fv2%2Fmedia&parent=92113"}],"wp:term":[{"taxonomy":"category","embeddable":true,"href":"https:\/\/thecitizenfortheworld.com\/index.php?rest_route=%2Fwp%2Fv2%2Fcategories&post=92113"},{"taxonomy":"post_tag","embeddable":true,"href":"https:\/\/thecitizenfortheworld.com\/index.php?rest_route=%2Fwp%2Fv2%2Ftags&post=92113"}],"curies":[{"name":"wp","href":"https:\/\/api.w.org\/{rel}","templated":true}]}}