{"id":92110,"date":"2026-04-26T10:14:12","date_gmt":"2026-04-26T15:14:12","guid":{"rendered":"https:\/\/thecitizenfortheworld.com\/?p=92110"},"modified":"2026-04-26T10:14:12","modified_gmt":"2026-04-26T15:14:12","slug":"la-union-europea-condeno-el-ataque-a-donald-trump-en-washington-y-rechazo-la-violencia-politica","status":"publish","type":"post","link":"https:\/\/thecitizenfortheworld.com\/?p=92110","title":{"rendered":"La Uni\u00f3n Europea conden\u00f3 el ataque a Donald Trump en Washington y rechaz\u00f3 la violencia pol\u00edtica"},"content":{"rendered":"<p class=\"article-subheadline text_align_left\">Las autoridades del bloque y varios jefes de Estado mostraron su preocupaci\u00f3n por el incidente, haciendo \u00e9nfasis en la reacci\u00f3n de las fuerzas de seguridad y en la protecci\u00f3n de los principios democr\u00e1ticos en la capital estadounidense<\/p>\n<p>La alta representante de Exteriores de la Uni\u00f3n Europea (UE), <b>Kaja Kallas<\/b>, celebr\u00f3 este domingo que <b>Donald Trump, as\u00ed como el resto de asistentes, est\u00e9 \u201ca salvo\u201d<\/b> tras el tiroteo que oblig\u00f3 a evacuar este s\u00e1bado al presidente estadounidense mientras asist\u00eda a la cena anual de la Asociaci\u00f3n de Corresponsales de la Casa Blanca (WHCA).<\/p>\n<p><b>\u201cMe alegra saber que todos los asistentes, incluido el presidente Trump, se encuentran a salvo tras el tiroteo ocurrido en la cena de corresponsales de la Casa Blanca\u201d<\/b>, dijo la jefa de la diplomacia europea a trav\u00e9s de un mensaje en redes sociales.<\/p>\n<p>Asimismo, Kallas conden\u00f3 lo sucedido y dijo que \u201cla violencia pol\u00edtica no tiene cabida en una democracia\u201d.<\/p>\n<p>Seguidamente hizo hincapi\u00e9 en que \u201cun acto destinado a rendir homenaje a la libertad de prensa nunca deber\u00eda convertirse en un escenario de miedo\u201d y<b> le dese\u00f3 al agente herido \u201cuna pronta recuperaci\u00f3n\u201d<\/b>.<\/p>\n<p>Por su parte, la presidenta de la Comisi\u00f3n Europea, Ursula von der Leyen, agradeci\u00f3 adem\u00e1s \u201cla <b>r\u00e1pida intervenci\u00f3n de la polic\u00eda y los servicios de emergencia por garantizar la seguridad de los hu\u00e9spedes<\/b>\u201d.<\/p>\n<p>El presidente del Consejo Europeo, <b>Ant\u00f3nio Costa<\/b>, calific\u00f3 el incidente de \u201cprofundamente preocupante\u201d y rechaz\u00f3 la violencia pol\u00edtica.<\/p>\n<p class=\"paragraph\" data-mrf-recirculation=\"Links inline\">La presidenta del Parlamento Europeo, <b>Roberta Metsola<\/b>, tambi\u00e9n expres\u00f3 su alivio por que todos los asistentes estuvieran a salvo.<\/p>\n<p class=\"paragraph\" data-mrf-recirculation=\"Links inline\">El incidente ocurri\u00f3 en la noche del s\u00e1bado (hora de Estados Unidos) durante la cena anual de la Asociaci\u00f3n de Corresponsales de la Casa Blanca, que se celebraba en un c\u00e9ntrico hotel de la capital estadounidense.<\/p>\n<div class=\"ad_2 ad-wrapper\">\n<div class=\"dfpAd ad-1-al-6 ad-text\"><\/div>\n<\/div>\n<div class=\"visual__image\"><picture><source srcset=\"https:\/\/www.infobae.com\/resizer\/v2\/TTRFO3CJ4RCKDJP7M2QCPJNNT4.JPG?auth=f9545595edfe83ae74ea8d7250833bc964cd1f164b0a610ac0b87f810eb17730&amp;smart=true&amp;width=992&amp;height=660&amp;quality=85\" media=\"(min-width: 1000px)\" \/><source srcset=\"https:\/\/www.infobae.com\/resizer\/v2\/TTRFO3CJ4RCKDJP7M2QCPJNNT4.JPG?auth=f9545595edfe83ae74ea8d7250833bc964cd1f164b0a610ac0b87f810eb17730&amp;smart=true&amp;width=768&amp;height=511&amp;quality=85\" media=\"(min-width: 768px)\" \/><source srcset=\"https:\/\/www.infobae.com\/resizer\/v2\/TTRFO3CJ4RCKDJP7M2QCPJNNT4.JPG?auth=f9545595edfe83ae74ea8d7250833bc964cd1f164b0a610ac0b87f810eb17730&amp;smart=true&amp;width=577&amp;height=384&amp;quality=85\" media=\"(min-width: 580px)\" \/><source srcset=\"https:\/\/www.infobae.com\/resizer\/v2\/TTRFO3CJ4RCKDJP7M2QCPJNNT4.JPG?auth=f9545595edfe83ae74ea8d7250833bc964cd1f164b0a610ac0b87f810eb17730&amp;smart=true&amp;width=420&amp;height=280&amp;quality=85\" media=\"(min-width: 350px)\" \/><source srcset=\"https:\/\/www.infobae.com\/resizer\/v2\/TTRFO3CJ4RCKDJP7M2QCPJNNT4.JPG?auth=f9545595edfe83ae74ea8d7250833bc964cd1f164b0a610ac0b87f810eb17730&amp;smart=true&amp;width=350&amp;height=233&amp;quality=85\" media=\"(min-width: 80px)\" \/><img decoding=\"async\" loading=\"lazy\" class=\"global-image\" src=\"https:\/\/www.infobae.com\/resizer\/v2\/TTRFO3CJ4RCKDJP7M2QCPJNNT4.JPG?auth=f9545595edfe83ae74ea8d7250833bc964cd1f164b0a610ac0b87f810eb17730&amp;smart=true&amp;width=350&amp;height=233&amp;quality=85\" alt=\"El presidente de Estados Unidos, Donald Trump, la primera dama Melania Trump y la corresponsal principal de la Casa Blanca de CBS News, Weijia Jiang, asisten a la cena anual de la Asociaci\u00f3n de Corresponsales de la Casa Blanca en Washington, D.C., Estados Unidos, el 25 de abril de 2026. REUTERS\/Jonathan Ernst\" width=\"3342\" height=\"2225\" \/><\/picture><em>El presidente de Estados Unidos, Donald Trump, la primera dama Melania Trump y la corresponsal principal de la Casa Blanca de CBS News, Weijia Jiang, asisten a la cena anual de la Asociaci\u00f3n de Corresponsales de la Casa Blanca en Washington, D.C., Estados Unidos, el 25 de abril de 2026. REUTERS\/Jonathan Ernst<\/em><\/div>\n<p class=\"paragraph\" data-mrf-recirculation=\"Links inline\">El <b>Servicio Secreto evacu\u00f3 a Trump, a su esposa Melania y a otros miembros del Gobierno estadounidense del sal\u00f3n donde se celebraba la cena tras escucharse lo que parec\u00edan disparos<\/b>, seg\u00fan relat\u00f3 un periodista de EFE que se encontraba en el evento.<\/p>\n<p class=\"paragraph\" data-mrf-recirculation=\"Links inline\">Tambi\u00e9n fueron evacuados otros miembros del Gobierno que hab\u00edan asistido a la gala, celebrada en el Hotel Hilton de Washington, como los <b>secretarios de Estado, Marco Rubio, del Tesoro, Scott Bessent, o de Guerra, Pete Hegseth.<\/b><\/p>\n<p class=\"paragraph\" data-mrf-recirculation=\"Links inline\">Aunque no existe confirmaci\u00f3n oficial, varios medios aseguran que el tirador es un var\u00f3n de 31 a\u00f1os llamado Cole Tomas Allen que reside en Torrance, en el estado de California.<\/p>\n<p class=\"paragraph\" data-mrf-recirculation=\"Links inline\">El propio Trump comparti\u00f3 en la red Truth Social im\u00e1genes del hombre arrestado, entre ellas, una fotograf\u00eda en la que se le ve esposado en el suelo del hotel.<\/p>\n<h2 id=\"repercusiones\" class=\"header headline-class-h2 headline\">Repercusiones<\/h2>\n<p class=\"paragraph\" data-mrf-recirculation=\"Links inline\">El presidente franc\u00e9s Emmanuel Macron se\u00f1al\u00f3 que \u201cel ataque armado de anoche contra el presidente de los Estados Unidos es inaceptable. <b>La violencia no tiene nunca cabida en democracia<\/b>\u201d.<\/p>\n<p class=\"paragraph\" data-mrf-recirculation=\"Links inline\">Por su parte, la primera ministra italiana Giorgia Meloni advirti\u00f3: <b>\u201cNing\u00fan odio pol\u00edtico puede encontrar espacio en nuestras democracias. No permitiremos al fanatismo envenenar los lugares del libre debate y de la informaci\u00f3n\u201d<\/b>.<\/p>\n<p class=\"paragraph\" data-mrf-recirculation=\"Links inline\">El primer ministro brit\u00e1nico, <b>Keir Starmer<\/b> se mostr\u00f3 conmocionado y aliviado: \u201cCualquier ataque contra las instituciones democr\u00e1ticas o contra la libertad de prensa debe ser condenado en los t\u00e9rminos m\u00e1s en\u00e9rgicos posibles\u201d.<\/p>\n<p class=\"paragraph\" data-mrf-recirculation=\"Links inline\">El canciller alem\u00e1n, Friedrich Merz, se sum\u00f3 a las condenas al tiroteo, \u201cLa violencia no tiene lugar alguno en una democracia. Decidimos a trav\u00e9s de mayor\u00edas, no a trav\u00e9s de las armas\u201d.<b> \u201cCondeno el intento de ataque en Washington y estoy aliviado de que el presidente Trump, la primera dama Melaniay todos los asistentes (a la cena) est\u00e9n a salvo\u201d<\/b>, dijo en su cuenta de X.<\/p>\n<p data-mrf-recirculation=\"Links inline\"><i>(Con informaci\u00f3n de EFE) <\/i><\/p>\n","protected":false},"excerpt":{"rendered":"<p>Las autoridades del bloque y varios jefes de Estado mostraron su preocupaci\u00f3n por el incidente, haciendo \u00e9nfasis en la reacci\u00f3n de las fuerzas de seguridad y en la protecci\u00f3n de los principios democr\u00e1ticos en la capital estadounidense La alta representante de Exteriores de la Uni\u00f3n Europea (UE), Kaja Kallas, celebr\u00f3 este domingo que Donald Trump, [&hellip;]<\/p>\n","protected":false},"author":1,"featured_media":92111,"comment_status":"open","ping_status":"open","sticky":false,"template":"","format":"standard","meta":{"om_disable_all_campaigns":false,"_mi_skip_tracking":false},"categories":[2,4],"tags":[],"yoast_head":"<!-- This site is optimized with the Yoast SEO plugin v20.5 - https:\/\/yoast.com\/wordpress\/plugins\/seo\/ -->\n<title>La Uni\u00f3n Europea conden\u00f3 el ataque a Donald Trump en Washington y rechaz\u00f3 la violencia pol\u00edtica - The citizen for the world<\/title>\n<meta name=\"robots\" content=\"index, follow, max-snippet:-1, max-image-preview:large, max-video-preview:-1\" \/>\n<link rel=\"canonical\" href=\"https:\/\/thecitizenfortheworld.com\/?p=92110\" \/>\n<meta property=\"og:locale\" content=\"es_ES\" \/>\n<meta property=\"og:type\" content=\"article\" \/>\n<meta property=\"og:title\" content=\"La Uni\u00f3n Europea conden\u00f3 el ataque a Donald Trump en Washington y rechaz\u00f3 la violencia pol\u00edtica - The citizen for the world\" \/>\n<meta property=\"og:description\" content=\"Las autoridades del bloque y varios jefes de Estado mostraron su preocupaci\u00f3n por el incidente, haciendo \u00e9nfasis en la reacci\u00f3n de las fuerzas de seguridad y en la protecci\u00f3n de los principios democr\u00e1ticos en la capital estadounidense La alta representante de Exteriores de la Uni\u00f3n Europea (UE), Kaja Kallas, celebr\u00f3 este domingo que Donald Trump, [&hellip;]\" \/>\n<meta property=\"og:url\" content=\"https:\/\/thecitizenfortheworld.com\/?p=92110\" \/>\n<meta property=\"og:site_name\" content=\"The citizen for the world\" \/>\n<meta property=\"article:publisher\" content=\"https:\/\/www.facebook.com\/thecitizenfortheworld\" \/>\n<meta property=\"article:published_time\" content=\"2026-04-26T15:14:12+00:00\" \/>\n<meta property=\"og:image\" content=\"https:\/\/thecitizenfortheworld.com\/wp-content\/uploads\/2026\/04\/UE-Donald.jpg\" \/>\n\t<meta property=\"og:image:width\" content=\"992\" \/>\n\t<meta property=\"og:image:height\" content=\"635\" \/>\n\t<meta property=\"og:image:type\" content=\"image\/jpeg\" \/>\n<meta name=\"author\" content=\"thecitizenfortheworld23@gmail.com\" \/>\n<meta name=\"twitter:card\" content=\"summary_large_image\" \/>\n<meta name=\"twitter:label1\" content=\"Escrito por\" \/>\n\t<meta name=\"twitter:data1\" content=\"thecitizenfortheworld23@gmail.com\" \/>\n\t<meta name=\"twitter:label2\" content=\"Tiempo estimado de lectura\" \/>\n\t<meta name=\"twitter:data2\" content=\"4 minutos\" \/>\n<script type=\"application\/ld+json\" class=\"yoast-schema-graph\">{\"@context\":\"https:\/\/schema.org\",\"@graph\":[{\"@type\":\"Article\",\"@id\":\"https:\/\/thecitizenfortheworld.com\/?p=92110#article\",\"isPartOf\":{\"@id\":\"https:\/\/thecitizenfortheworld.com\/?p=92110\"},\"author\":{\"name\":\"thecitizenfortheworld23@gmail.com\",\"@id\":\"https:\/\/thecitizenfortheworld.com\/#\/schema\/person\/1f6b82847278ca8d344c472822b5b66f\"},\"headline\":\"La Uni\u00f3n Europea conden\u00f3 el ataque a Donald Trump en Washington y rechaz\u00f3 la violencia pol\u00edtica\",\"datePublished\":\"2026-04-26T15:14:12+00:00\",\"dateModified\":\"2026-04-26T15:14:12+00:00\",\"mainEntityOfPage\":{\"@id\":\"https:\/\/thecitizenfortheworld.com\/?p=92110\"},\"wordCount\":713,\"commentCount\":0,\"publisher\":{\"@id\":\"https:\/\/thecitizenfortheworld.com\/#organization\"},\"articleSection\":[\"Internacionales\",\"Pol\u00edtica\"],\"inLanguage\":\"es-CO\",\"potentialAction\":[{\"@type\":\"CommentAction\",\"name\":\"Comment\",\"target\":[\"https:\/\/thecitizenfortheworld.com\/?p=92110#respond\"]}]},{\"@type\":\"WebPage\",\"@id\":\"https:\/\/thecitizenfortheworld.com\/?p=92110\",\"url\":\"https:\/\/thecitizenfortheworld.com\/?p=92110\",\"name\":\"La Uni\u00f3n Europea conden\u00f3 el ataque a Donald Trump en Washington y rechaz\u00f3 la violencia pol\u00edtica - The citizen for the world\",\"isPartOf\":{\"@id\":\"https:\/\/thecitizenfortheworld.com\/#website\"},\"datePublished\":\"2026-04-26T15:14:12+00:00\",\"dateModified\":\"2026-04-26T15:14:12+00:00\",\"breadcrumb\":{\"@id\":\"https:\/\/thecitizenfortheworld.com\/?p=92110#breadcrumb\"},\"inLanguage\":\"es-CO\",\"potentialAction\":[{\"@type\":\"ReadAction\",\"target\":[\"https:\/\/thecitizenfortheworld.com\/?p=92110\"]}]},{\"@type\":\"BreadcrumbList\",\"@id\":\"https:\/\/thecitizenfortheworld.com\/?p=92110#breadcrumb\",\"itemListElement\":[{\"@type\":\"ListItem\",\"position\":1,\"name\":\"Inicio\",\"item\":\"https:\/\/thecitizenfortheworld.com\/\"},{\"@type\":\"ListItem\",\"position\":2,\"name\":\"La Uni\u00f3n Europea conden\u00f3 el ataque a Donald Trump en Washington y rechaz\u00f3 la violencia pol\u00edtica\"}]},{\"@type\":\"WebSite\",\"@id\":\"https:\/\/thecitizenfortheworld.com\/#website\",\"url\":\"https:\/\/thecitizenfortheworld.com\/\",\"name\":\"The citizen for the world\",\"description\":\"\",\"publisher\":{\"@id\":\"https:\/\/thecitizenfortheworld.com\/#organization\"},\"potentialAction\":[{\"@type\":\"SearchAction\",\"target\":{\"@type\":\"EntryPoint\",\"urlTemplate\":\"https:\/\/thecitizenfortheworld.com\/?s={search_term_string}\"},\"query-input\":\"required name=search_term_string\"}],\"inLanguage\":\"es-CO\"},{\"@type\":\"Organization\",\"@id\":\"https:\/\/thecitizenfortheworld.com\/#organization\",\"name\":\"The citizen for the world\",\"url\":\"https:\/\/thecitizenfortheworld.com\/\",\"logo\":{\"@type\":\"ImageObject\",\"inLanguage\":\"es-CO\",\"@id\":\"https:\/\/thecitizenfortheworld.com\/#\/schema\/logo\/image\/\",\"url\":\"https:\/\/thecitizenfortheworld.com\/wp-content\/uploads\/2023\/04\/cropped-the-citizens.png\",\"contentUrl\":\"https:\/\/thecitizenfortheworld.com\/wp-content\/uploads\/2023\/04\/cropped-the-citizens.png\",\"width\":1135,\"height\":1302,\"caption\":\"The citizen for the world\"},\"image\":{\"@id\":\"https:\/\/thecitizenfortheworld.com\/#\/schema\/logo\/image\/\"},\"sameAs\":[\"https:\/\/www.facebook.com\/thecitizenfortheworld\"]},{\"@type\":\"Person\",\"@id\":\"https:\/\/thecitizenfortheworld.com\/#\/schema\/person\/1f6b82847278ca8d344c472822b5b66f\",\"name\":\"thecitizenfortheworld23@gmail.com\",\"image\":{\"@type\":\"ImageObject\",\"inLanguage\":\"es-CO\",\"@id\":\"https:\/\/thecitizenfortheworld.com\/#\/schema\/person\/image\/\",\"url\":\"https:\/\/secure.gravatar.com\/avatar\/fa0768c808e84d205962885f7091f34b?s=96&d=mm&r=pg\",\"contentUrl\":\"https:\/\/secure.gravatar.com\/avatar\/fa0768c808e84d205962885f7091f34b?s=96&d=mm&r=pg\",\"caption\":\"thecitizenfortheworld23@gmail.com\"},\"sameAs\":[\"http:\/\/thecitizenfortheworld.com\"],\"url\":\"https:\/\/thecitizenfortheworld.com\/?author=1\"}]}<\/script>\n<!-- \/ Yoast SEO plugin. -->","yoast_head_json":{"title":"La Uni\u00f3n Europea conden\u00f3 el ataque a Donald Trump en Washington y rechaz\u00f3 la violencia pol\u00edtica - The citizen for the world","robots":{"index":"index","follow":"follow","max-snippet":"max-snippet:-1","max-image-preview":"max-image-preview:large","max-video-preview":"max-video-preview:-1"},"canonical":"https:\/\/thecitizenfortheworld.com\/?p=92110","og_locale":"es_ES","og_type":"article","og_title":"La Uni\u00f3n Europea conden\u00f3 el ataque a Donald Trump en Washington y rechaz\u00f3 la violencia pol\u00edtica - The citizen for the world","og_description":"Las autoridades del bloque y varios jefes de Estado mostraron su preocupaci\u00f3n por el incidente, haciendo \u00e9nfasis en la reacci\u00f3n de las fuerzas de seguridad y en la protecci\u00f3n de los principios democr\u00e1ticos en la capital estadounidense La alta representante de Exteriores de la Uni\u00f3n Europea (UE), Kaja Kallas, celebr\u00f3 este domingo que Donald Trump, [&hellip;]","og_url":"https:\/\/thecitizenfortheworld.com\/?p=92110","og_site_name":"The citizen for the world","article_publisher":"https:\/\/www.facebook.com\/thecitizenfortheworld","article_published_time":"2026-04-26T15:14:12+00:00","og_image":[{"width":992,"height":635,"url":"https:\/\/thecitizenfortheworld.com\/wp-content\/uploads\/2026\/04\/UE-Donald.jpg","type":"image\/jpeg"}],"author":"thecitizenfortheworld23@gmail.com","twitter_card":"summary_large_image","twitter_misc":{"Escrito por":"thecitizenfortheworld23@gmail.com","Tiempo estimado de lectura":"4 minutos"},"schema":{"@context":"https:\/\/schema.org","@graph":[{"@type":"Article","@id":"https:\/\/thecitizenfortheworld.com\/?p=92110#article","isPartOf":{"@id":"https:\/\/thecitizenfortheworld.com\/?p=92110"},"author":{"name":"thecitizenfortheworld23@gmail.com","@id":"https:\/\/thecitizenfortheworld.com\/#\/schema\/person\/1f6b82847278ca8d344c472822b5b66f"},"headline":"La Uni\u00f3n Europea conden\u00f3 el ataque a Donald Trump en Washington y rechaz\u00f3 la violencia pol\u00edtica","datePublished":"2026-04-26T15:14:12+00:00","dateModified":"2026-04-26T15:14:12+00:00","mainEntityOfPage":{"@id":"https:\/\/thecitizenfortheworld.com\/?p=92110"},"wordCount":713,"commentCount":0,"publisher":{"@id":"https:\/\/thecitizenfortheworld.com\/#organization"},"articleSection":["Internacionales","Pol\u00edtica"],"inLanguage":"es-CO","potentialAction":[{"@type":"CommentAction","name":"Comment","target":["https:\/\/thecitizenfortheworld.com\/?p=92110#respond"]}]},{"@type":"WebPage","@id":"https:\/\/thecitizenfortheworld.com\/?p=92110","url":"https:\/\/thecitizenfortheworld.com\/?p=92110","name":"La Uni\u00f3n Europea conden\u00f3 el ataque a Donald Trump en Washington y rechaz\u00f3 la violencia pol\u00edtica - The citizen for the world","isPartOf":{"@id":"https:\/\/thecitizenfortheworld.com\/#website"},"datePublished":"2026-04-26T15:14:12+00:00","dateModified":"2026-04-26T15:14:12+00:00","breadcrumb":{"@id":"https:\/\/thecitizenfortheworld.com\/?p=92110#breadcrumb"},"inLanguage":"es-CO","potentialAction":[{"@type":"ReadAction","target":["https:\/\/thecitizenfortheworld.com\/?p=92110"]}]},{"@type":"BreadcrumbList","@id":"https:\/\/thecitizenfortheworld.com\/?p=92110#breadcrumb","itemListElement":[{"@type":"ListItem","position":1,"name":"Inicio","item":"https:\/\/thecitizenfortheworld.com\/"},{"@type":"ListItem","position":2,"name":"La Uni\u00f3n Europea conden\u00f3 el ataque a Donald Trump en Washington y rechaz\u00f3 la violencia pol\u00edtica"}]},{"@type":"WebSite","@id":"https:\/\/thecitizenfortheworld.com\/#website","url":"https:\/\/thecitizenfortheworld.com\/","name":"The citizen for the world","description":"","publisher":{"@id":"https:\/\/thecitizenfortheworld.com\/#organization"},"potentialAction":[{"@type":"SearchAction","target":{"@type":"EntryPoint","urlTemplate":"https:\/\/thecitizenfortheworld.com\/?s={search_term_string}"},"query-input":"required name=search_term_string"}],"inLanguage":"es-CO"},{"@type":"Organization","@id":"https:\/\/thecitizenfortheworld.com\/#organization","name":"The citizen for the world","url":"https:\/\/thecitizenfortheworld.com\/","logo":{"@type":"ImageObject","inLanguage":"es-CO","@id":"https:\/\/thecitizenfortheworld.com\/#\/schema\/logo\/image\/","url":"https:\/\/thecitizenfortheworld.com\/wp-content\/uploads\/2023\/04\/cropped-the-citizens.png","contentUrl":"https:\/\/thecitizenfortheworld.com\/wp-content\/uploads\/2023\/04\/cropped-the-citizens.png","width":1135,"height":1302,"caption":"The citizen for the world"},"image":{"@id":"https:\/\/thecitizenfortheworld.com\/#\/schema\/logo\/image\/"},"sameAs":["https:\/\/www.facebook.com\/thecitizenfortheworld"]},{"@type":"Person","@id":"https:\/\/thecitizenfortheworld.com\/#\/schema\/person\/1f6b82847278ca8d344c472822b5b66f","name":"thecitizenfortheworld23@gmail.com","image":{"@type":"ImageObject","inLanguage":"es-CO","@id":"https:\/\/thecitizenfortheworld.com\/#\/schema\/person\/image\/","url":"https:\/\/secure.gravatar.com\/avatar\/fa0768c808e84d205962885f7091f34b?s=96&d=mm&r=pg","contentUrl":"https:\/\/secure.gravatar.com\/avatar\/fa0768c808e84d205962885f7091f34b?s=96&d=mm&r=pg","caption":"thecitizenfortheworld23@gmail.com"},"sameAs":["http:\/\/thecitizenfortheworld.com"],"url":"https:\/\/thecitizenfortheworld.com\/?author=1"}]}},"_links":{"self":[{"href":"https:\/\/thecitizenfortheworld.com\/index.php?rest_route=\/wp\/v2\/posts\/92110"}],"collection":[{"href":"https:\/\/thecitizenfortheworld.com\/index.php?rest_route=\/wp\/v2\/posts"}],"about":[{"href":"https:\/\/thecitizenfortheworld.com\/index.php?rest_route=\/wp\/v2\/types\/post"}],"author":[{"embeddable":true,"href":"https:\/\/thecitizenfortheworld.com\/index.php?rest_route=\/wp\/v2\/users\/1"}],"replies":[{"embeddable":true,"href":"https:\/\/thecitizenfortheworld.com\/index.php?rest_route=%2Fwp%2Fv2%2Fcomments&post=92110"}],"version-history":[{"count":1,"href":"https:\/\/thecitizenfortheworld.com\/index.php?rest_route=\/wp\/v2\/posts\/92110\/revisions"}],"predecessor-version":[{"id":92112,"href":"https:\/\/thecitizenfortheworld.com\/index.php?rest_route=\/wp\/v2\/posts\/92110\/revisions\/92112"}],"wp:featuredmedia":[{"embeddable":true,"href":"https:\/\/thecitizenfortheworld.com\/index.php?rest_route=\/wp\/v2\/media\/92111"}],"wp:attachment":[{"href":"https:\/\/thecitizenfortheworld.com\/index.php?rest_route=%2Fwp%2Fv2%2Fmedia&parent=92110"}],"wp:term":[{"taxonomy":"category","embeddable":true,"href":"https:\/\/thecitizenfortheworld.com\/index.php?rest_route=%2Fwp%2Fv2%2Fcategories&post=92110"},{"taxonomy":"post_tag","embeddable":true,"href":"https:\/\/thecitizenfortheworld.com\/index.php?rest_route=%2Fwp%2Fv2%2Ftags&post=92110"}],"curies":[{"name":"wp","href":"https:\/\/api.w.org\/{rel}","templated":true}]}}