{"id":91662,"date":"2026-03-17T11:55:14","date_gmt":"2026-03-17T16:55:14","guid":{"rendered":"https:\/\/thecitizenfortheworld.com\/?p=91662"},"modified":"2026-03-17T11:55:14","modified_gmt":"2026-03-17T16:55:14","slug":"zendaya-reacciona-a-las-fotos-virales-de-su-boda-con-tom-holland-mucha-gente-ha-sido-enganada-no-eran-reales-eran-ia","status":"publish","type":"post","link":"https:\/\/thecitizenfortheworld.com\/?p=91662","title":{"rendered":"Zendaya reacciona a las fotos virales de su boda con Tom Holland: \u201cMucha gente ha sido enga\u00f1ada, no eran reales, eran IA\u201d"},"content":{"rendered":"<p>La actriz se pronunci\u00f3 sobre estas im\u00e1genes en el show de Jimmy Kimmel, donde fue a promocionar su nueva pel\u00edcula \u2018El drama\u2019, que protagoniza junto a Robert Pattinson<\/p>\n<p>La actriz\u00a0<b>Zendaya<\/b>\u00a0se ha referido p\u00fablicamente por primera vez a los recientes rumores sobre su supuesto matrimonio con\u00a0<a title=\"https:\/\/www.infobae.com\/espana\/2026\/03\/01\/por-que-han-mencionado-a-tom-holland-en-los-goya-2026-cuando-spider-man-paso-por-espana\/\" href=\"https:\/\/www.infobae.com\/espana\/2026\/03\/01\/por-que-han-mencionado-a-tom-holland-en-los-goya-2026-cuando-spider-man-paso-por-espana\/\" target=\"_self\" rel=\"noopener noreferrer\" data-mrf-link=\"https:\/\/www.infobae.com\/espana\/2026\/03\/01\/por-que-han-mencionado-a-tom-holland-en-los-goya-2026-cuando-spider-man-paso-por-espana\/\">Tom Holland<\/a>\u00a0durante una entrevista en Jimmy Kimmel Live! el lunes por la noche.<\/p>\n<p>La actriz se encuentra promocionando su nueva pel\u00edcula que se titula\u00a0<i><b>El drama<\/b><\/i>\u00a0y con la que comparte protagonismo con\u00a0<a title=\"https:\/\/www.infobae.com\/espana\/cultura\/2025\/03\/08\/robert-pattinson-cuenta-como-se-convirtio-en-batman-y-confirma-cuando-empezara-a-rodar-la-segunda-parte\/\" href=\"https:\/\/www.infobae.com\/espana\/cultura\/2025\/03\/08\/robert-pattinson-cuenta-como-se-convirtio-en-batman-y-confirma-cuando-empezara-a-rodar-la-segunda-parte\/\" target=\"_self\" rel=\"noopener noreferrer\" data-mrf-link=\"https:\/\/www.infobae.com\/espana\/cultura\/2025\/03\/08\/robert-pattinson-cuenta-como-se-convirtio-en-batman-y-confirma-cuando-empezara-a-rodar-la-segunda-parte\/\">Robert Pattinson<\/a>\u00a0y est\u00e1 dirigida por el noruego Kristoffer Borgli, responsable de cintas indies de lo m\u00e1s arriesgadas como\u00a0<i>Sick of Myself<\/i>\u00a0o\u00a0<i>Dream Scenario<\/i>\u00a0y auspiciada por la\u00a0<b>productora A24<\/b>.<\/p>\n<p>La int\u00e9rprete afirm\u00f3 que \u201cmuchas personas han sido enga\u00f1adas\u201d, refiri\u00e9ndose a las las im\u00e1genes creadas con\u00a0<a title=\"https:\/\/www.infobae.com\/espana\/cultura\/2026\/03\/09\/jianwei-xun-el-filosofo-leido-en-todo-el-mundo-que-resulto-ser-una-conversacion-entre-la-ia-y-un-escritor-me-llamaron-genio-y-estafador-a-veces-en-la-misma-frase\/\" href=\"https:\/\/www.infobae.com\/espana\/cultura\/2026\/03\/09\/jianwei-xun-el-filosofo-leido-en-todo-el-mundo-que-resulto-ser-una-conversacion-entre-la-ia-y-un-escritor-me-llamaron-genio-y-estafador-a-veces-en-la-misma-frase\/\" target=\"_self\" rel=\"noopener noreferrer\" data-mrf-link=\"https:\/\/www.infobae.com\/espana\/cultura\/2026\/03\/09\/jianwei-xun-el-filosofo-leido-en-todo-el-mundo-que-resulto-ser-una-conversacion-entre-la-ia-y-un-escritor-me-llamaron-genio-y-estafador-a-veces-en-la-misma-frase\/\">inteligencia artificial<\/a>\u00a0que muestran una\u00a0<b>boda ficticia<\/b>\u00a0entre la pareja y que circularon ampliamente en redes sociales. Relat\u00f3 que incluso conocidos y allegados llegaron a creer en la autenticidad de esas fotos: \u201cMientras estaba en la calle, la gente me dec\u00eda: \u2018Tus fotos de boda son preciosas\u2019, y yo respond\u00eda: \u2018Son de IA.\u00a0<b>No son reales<\/b>\u2019\u201d.<\/p>\n<div class=\"news-module\" data-mrf-recirculation=\"IL_m3kiGo-8SVS6m0U7OqrZLw\" data-testid=\"text-html\" data-mrf-experience=\"IL_m3kiGo-8SVS6m0U7OqrZLw\">\n<div class=\"recommended-card__info\"><span class=\"recommended-card__info-interest-you\">Te puede interesar:<\/span><span class=\"recommended-card__info-title\">Las 10 mejores novelas gr\u00e1ficas del a\u00f1o para celebrar el D\u00eda del C\u00f3mic: de Zerocalcare al \u00faltimo Premio Nacional, de Lorca a Umberto Eco<\/span><\/p>\n<div class=\"recommended-card__info-button recommended-card__info-button--deportes\"><\/div>\n<\/div>\n<\/div>\n<h2 class=\"header headline-class-h2 headline\">Una confirmaci\u00f3n de boda a modo de cotilleo<\/h2>\n<p class=\"paragraph\" data-mrf-recirculation=\"Links inline\">En las \u00faltimas semanas, las especulaciones aumentaron despu\u00e9s de las declaraciones de\u00a0<b>Law Roach<\/b>, su estilista de confianza durante muchos a\u00f1os, quien afirm\u00f3 durante los Actor Awards 2026 en una conversaci\u00f3n con\u00a0<i>Access Hollywood<\/i>\u00a0que \u201c<a title=\"https:\/\/www.infobae.com\/espana\/cultura\/2026\/03\/02\/zendaya-y-tom-holland-se-habrian-casado-y-el-estilista-law-roach-lo-confirma-os-lo-habeis-perdido\/\" href=\"https:\/\/www.infobae.com\/espana\/cultura\/2026\/03\/02\/zendaya-y-tom-holland-se-habrian-casado-y-el-estilista-law-roach-lo-confirma-os-lo-habeis-perdido\/\" target=\"_self\" rel=\"noopener noreferrer\" data-mrf-link=\"https:\/\/www.infobae.com\/espana\/cultura\/2026\/03\/02\/zendaya-y-tom-holland-se-habrian-casado-y-el-estilista-law-roach-lo-confirma-os-lo-habeis-perdido\/\">la boda ya hab\u00eda ocurrido y os la hab\u00e9is perdido<\/a>\u201d, adem\u00e1s de confirmar la veracidad del hecho entre risas.<\/p>\n<p data-mrf-recirculation=\"Links inline\">Los rumores sobre el compromiso de la pareja datan de enero de 2025, cuando Zendaya asisti\u00f3 a los\u00a0<b>Globos de Oro\u00a0<\/b>con un anillo de diamantes; posteriormente, fuentes consultadas por TMZ aseguraron que la propuesta se realiz\u00f3 de manera privada entre Navidad y\u00a0<b>A\u00f1o Nuevo de 2024<\/b>.<\/p>\n<p class=\"paragraph\" data-mrf-recirculation=\"Links inline\">Zendaya y Tom Holland iniciaron su relaci\u00f3n tras compartir roles como Peter Parker y MJ en la franquicia\u00a0<b>Spider-Man<\/b>, donde protagonizaron conjuntamente\u00a0<i>Spider-Man: Homecoming<\/i>\u00a0(2017),\u00a0<i>Spider-Man: Lejos de casa<\/i>\u00a0(2019) y\u00a0<i>Spider-Man: No Way Home<\/i>\u00a0(2021).<\/p>\n<p class=\"paragraph\" data-mrf-recirculation=\"Links inline\">Ambos participar\u00e1n nuevamente en\u00a0<i>Spider-Man: Brand New Day<\/i>\u00a0y en la producci\u00f3n dirigida por\u00a0<b>Christopher Nolan<\/b>,\u00a0<a title=\"https:\/\/www.infobae.com\/espana\/cultura\/2025\/12\/26\/los-mayores-errores-historicos-y-demas-criticas-tras-el-primer-trailer-de-la-odisea-de-la-armadura-de-agamenon-al-aspecto-del-mediterraneo\/\" href=\"https:\/\/www.infobae.com\/espana\/cultura\/2025\/12\/26\/los-mayores-errores-historicos-y-demas-criticas-tras-el-primer-trailer-de-la-odisea-de-la-armadura-de-agamenon-al-aspecto-del-mediterraneo\/\" target=\"_self\" rel=\"noopener noreferrer\" data-mrf-link=\"https:\/\/www.infobae.com\/espana\/cultura\/2025\/12\/26\/los-mayores-errores-historicos-y-demas-criticas-tras-el-primer-trailer-de-la-odisea-de-la-armadura-de-agamenon-al-aspecto-del-mediterraneo\/\"><i>La Odisea<\/i><\/a>, cuyo estreno est\u00e1 previsto para el 17 de julio. Ella encarnar\u00e1 a la diosa de la sabidur\u00eda y las artes guerreras\u00a0<b>Atenea<\/b>, y \u00e9l a\u00a0<b>Tel\u00e9maco<\/b>, el hijo de Ulises.<\/p>\n<h2 class=\"header headline-class-h2 headline\">Un anillo que no ha pasado desapercibido<\/h2>\n<p class=\"paragraph\" data-mrf-recirculation=\"Links inline\">Lo que s\u00ed que es cierto es que en sus \u00faltimas apariciones p\u00fablicas, la int\u00e9rprete ha llevado consigo un\u00a0<b>anillo de casada<\/b>\u00a0junto con el de compromiso. Lo hizo por primera vez en la Semana de la moda de Par\u00eds, en el desfile de\u00a0<b>Louis Vuitton<\/b>, junto a un vestido de inspiraci\u00f3n nupcial. Tambi\u00e9n en la\u00a0<b>ceremonia de los Oscar<\/b>, donde entreg\u00f3 una estatuilla junto a Robert Pattinson, se pudo apreciar tambi\u00e9n el anillo en el dedo anular de su mano izquierda.<\/p>\n<div class=\"visual__image\"><picture><source srcset=\"https:\/\/www.infobae.com\/resizer\/v2\/PIF66KUBFVBSLNUABWSJSEZ3BM.JPG?auth=b051e64c3a55ad17f4b9fee5ed29fc87324b0db50bdaeef40aca1e0adce6f063&amp;smart=true&amp;width=992&amp;height=704&amp;quality=85\" media=\"(min-width: 1000px)\" \/><source srcset=\"https:\/\/www.infobae.com\/resizer\/v2\/PIF66KUBFVBSLNUABWSJSEZ3BM.JPG?auth=b051e64c3a55ad17f4b9fee5ed29fc87324b0db50bdaeef40aca1e0adce6f063&amp;smart=true&amp;width=768&amp;height=545&amp;quality=85\" media=\"(min-width: 768px)\" \/><source srcset=\"https:\/\/www.infobae.com\/resizer\/v2\/PIF66KUBFVBSLNUABWSJSEZ3BM.JPG?auth=b051e64c3a55ad17f4b9fee5ed29fc87324b0db50bdaeef40aca1e0adce6f063&amp;smart=true&amp;width=577&amp;height=409&amp;quality=85\" media=\"(min-width: 580px)\" \/><source srcset=\"https:\/\/www.infobae.com\/resizer\/v2\/PIF66KUBFVBSLNUABWSJSEZ3BM.JPG?auth=b051e64c3a55ad17f4b9fee5ed29fc87324b0db50bdaeef40aca1e0adce6f063&amp;smart=true&amp;width=420&amp;height=298&amp;quality=85\" media=\"(min-width: 350px)\" \/><source srcset=\"https:\/\/www.infobae.com\/resizer\/v2\/PIF66KUBFVBSLNUABWSJSEZ3BM.JPG?auth=b051e64c3a55ad17f4b9fee5ed29fc87324b0db50bdaeef40aca1e0adce6f063&amp;smart=true&amp;width=350&amp;height=248&amp;quality=85\" media=\"(min-width: 80px)\" \/><img decoding=\"async\" loading=\"lazy\" class=\"global-image\" src=\"https:\/\/www.infobae.com\/resizer\/v2\/PIF66KUBFVBSLNUABWSJSEZ3BM.JPG?auth=b051e64c3a55ad17f4b9fee5ed29fc87324b0db50bdaeef40aca1e0adce6f063&amp;smart=true&amp;width=350&amp;height=248&amp;quality=85\" alt=\"Zendaya durante la ceremonia de\" width=\"1589\" height=\"1127\" \/><\/picture><em>Zendaya durante la ceremonia de los Oscar en su 98 edici\u00f3n luciendo alianza. REUTERS\/Mike Blake<\/em><\/div>\n<p class=\"paragraph\" data-mrf-recirculation=\"Links inline\">Adem\u00e1s de todos estos proyectos, la int\u00e9rprete tambi\u00e9n est\u00e1 a punto de estrenar la\u00a0<a title=\"https:\/\/www.infobae.com\/espana\/cultura\/2025\/12\/04\/la-nueva-temporada-de-euphoria-ya-tiene-fecha-de-estreno-y-su-creador-confirma-que-sucede-con-cada-personaje\/\" href=\"https:\/\/www.infobae.com\/espana\/cultura\/2025\/12\/04\/la-nueva-temporada-de-euphoria-ya-tiene-fecha-de-estreno-y-su-creador-confirma-que-sucede-con-cada-personaje\/\" target=\"_self\" rel=\"noopener noreferrer\" data-mrf-link=\"https:\/\/www.infobae.com\/espana\/cultura\/2025\/12\/04\/la-nueva-temporada-de-euphoria-ya-tiene-fecha-de-estreno-y-su-creador-confirma-que-sucede-con-cada-personaje\/\">tercera temporada de Euphoria<\/a>, que aterrizar\u00e1 en la plataforma HBO Max el pr\u00f3ximo 13 de abril. Una temporada de lo m\u00e1s esperada no solo por las nuevas incorporaciones, como la de la\u00a0<b>cantante Rosal\u00eda<\/b>, sino porque la mayor parte del elenco original se ha convertido en parte del star-system actual, como\u00a0<b>Jacob Elordi\u00a0<\/b>o Sydney Sweeney.<\/p>\n<p data-mrf-recirculation=\"Links inline\"><em>(Con informacion de Infobae<\/em>)<\/p>\n<p data-mrf-recirculation=\"Links inline\">\n","protected":false},"excerpt":{"rendered":"<p>La actriz se pronunci\u00f3 sobre estas im\u00e1genes en el show de Jimmy Kimmel, donde fue a promocionar su nueva pel\u00edcula \u2018El drama\u2019, que protagoniza junto a Robert Pattinson La actriz\u00a0Zendaya\u00a0se ha referido p\u00fablicamente por primera vez a los recientes rumores sobre su supuesto matrimonio con\u00a0Tom Holland\u00a0durante una entrevista en Jimmy Kimmel Live! el lunes por [&hellip;]<\/p>\n","protected":false},"author":1,"featured_media":91663,"comment_status":"open","ping_status":"open","sticky":false,"template":"","format":"standard","meta":{"om_disable_all_campaigns":false,"_mi_skip_tracking":false},"categories":[10],"tags":[],"yoast_head":"<!-- This site is optimized with the Yoast SEO plugin v20.5 - https:\/\/yoast.com\/wordpress\/plugins\/seo\/ -->\n<title>Zendaya reacciona a las fotos virales de su boda con Tom Holland: \u201cMucha gente ha sido enga\u00f1ada, no eran reales, eran IA\u201d - The citizen for the world<\/title>\n<meta name=\"robots\" content=\"index, follow, max-snippet:-1, max-image-preview:large, max-video-preview:-1\" \/>\n<link rel=\"canonical\" href=\"https:\/\/thecitizenfortheworld.com\/?p=91662\" \/>\n<meta property=\"og:locale\" content=\"es_ES\" \/>\n<meta property=\"og:type\" content=\"article\" \/>\n<meta property=\"og:title\" content=\"Zendaya reacciona a las fotos virales de su boda con Tom Holland: \u201cMucha gente ha sido enga\u00f1ada, no eran reales, eran IA\u201d - The citizen for the world\" \/>\n<meta property=\"og:description\" content=\"La actriz se pronunci\u00f3 sobre estas im\u00e1genes en el show de Jimmy Kimmel, donde fue a promocionar su nueva pel\u00edcula \u2018El drama\u2019, que protagoniza junto a Robert Pattinson La actriz\u00a0Zendaya\u00a0se ha referido p\u00fablicamente por primera vez a los recientes rumores sobre su supuesto matrimonio con\u00a0Tom Holland\u00a0durante una entrevista en Jimmy Kimmel Live! el lunes por [&hellip;]\" \/>\n<meta property=\"og:url\" content=\"https:\/\/thecitizenfortheworld.com\/?p=91662\" \/>\n<meta property=\"og:site_name\" content=\"The citizen for the world\" \/>\n<meta property=\"article:publisher\" content=\"https:\/\/www.facebook.com\/thecitizenfortheworld\" \/>\n<meta property=\"article:published_time\" content=\"2026-03-17T16:55:14+00:00\" \/>\n<meta property=\"og:image\" content=\"https:\/\/thecitizenfortheworld.com\/wp-content\/uploads\/2026\/03\/Zendaya-Holland.jpg\" \/>\n\t<meta property=\"og:image:width\" content=\"992\" \/>\n\t<meta property=\"og:image:height\" content=\"554\" \/>\n\t<meta property=\"og:image:type\" content=\"image\/jpeg\" \/>\n<meta name=\"author\" content=\"thecitizenfortheworld23@gmail.com\" \/>\n<meta name=\"twitter:card\" content=\"summary_large_image\" \/>\n<meta name=\"twitter:label1\" content=\"Escrito por\" \/>\n\t<meta name=\"twitter:data1\" content=\"thecitizenfortheworld23@gmail.com\" \/>\n\t<meta name=\"twitter:label2\" content=\"Tiempo estimado de lectura\" \/>\n\t<meta name=\"twitter:data2\" content=\"3 minutos\" \/>\n<script type=\"application\/ld+json\" class=\"yoast-schema-graph\">{\"@context\":\"https:\/\/schema.org\",\"@graph\":[{\"@type\":\"Article\",\"@id\":\"https:\/\/thecitizenfortheworld.com\/?p=91662#article\",\"isPartOf\":{\"@id\":\"https:\/\/thecitizenfortheworld.com\/?p=91662\"},\"author\":{\"name\":\"thecitizenfortheworld23@gmail.com\",\"@id\":\"https:\/\/thecitizenfortheworld.com\/#\/schema\/person\/1f6b82847278ca8d344c472822b5b66f\"},\"headline\":\"Zendaya reacciona a las fotos virales de su boda con Tom Holland: \u201cMucha gente ha sido enga\u00f1ada, no eran reales, eran IA\u201d\",\"datePublished\":\"2026-03-17T16:55:14+00:00\",\"dateModified\":\"2026-03-17T16:55:14+00:00\",\"mainEntityOfPage\":{\"@id\":\"https:\/\/thecitizenfortheworld.com\/?p=91662\"},\"wordCount\":637,\"commentCount\":0,\"publisher\":{\"@id\":\"https:\/\/thecitizenfortheworld.com\/#organization\"},\"articleSection\":[\"Entretenimiento\"],\"inLanguage\":\"es-CO\",\"potentialAction\":[{\"@type\":\"CommentAction\",\"name\":\"Comment\",\"target\":[\"https:\/\/thecitizenfortheworld.com\/?p=91662#respond\"]}]},{\"@type\":\"WebPage\",\"@id\":\"https:\/\/thecitizenfortheworld.com\/?p=91662\",\"url\":\"https:\/\/thecitizenfortheworld.com\/?p=91662\",\"name\":\"Zendaya reacciona a las fotos virales de su boda con Tom Holland: \u201cMucha gente ha sido enga\u00f1ada, no eran reales, eran IA\u201d - The citizen for the world\",\"isPartOf\":{\"@id\":\"https:\/\/thecitizenfortheworld.com\/#website\"},\"datePublished\":\"2026-03-17T16:55:14+00:00\",\"dateModified\":\"2026-03-17T16:55:14+00:00\",\"breadcrumb\":{\"@id\":\"https:\/\/thecitizenfortheworld.com\/?p=91662#breadcrumb\"},\"inLanguage\":\"es-CO\",\"potentialAction\":[{\"@type\":\"ReadAction\",\"target\":[\"https:\/\/thecitizenfortheworld.com\/?p=91662\"]}]},{\"@type\":\"BreadcrumbList\",\"@id\":\"https:\/\/thecitizenfortheworld.com\/?p=91662#breadcrumb\",\"itemListElement\":[{\"@type\":\"ListItem\",\"position\":1,\"name\":\"Inicio\",\"item\":\"https:\/\/thecitizenfortheworld.com\/\"},{\"@type\":\"ListItem\",\"position\":2,\"name\":\"Zendaya reacciona a las fotos virales de su boda con Tom Holland: \u201cMucha gente ha sido enga\u00f1ada, no eran reales, eran IA\u201d\"}]},{\"@type\":\"WebSite\",\"@id\":\"https:\/\/thecitizenfortheworld.com\/#website\",\"url\":\"https:\/\/thecitizenfortheworld.com\/\",\"name\":\"The citizen for the world\",\"description\":\"\",\"publisher\":{\"@id\":\"https:\/\/thecitizenfortheworld.com\/#organization\"},\"potentialAction\":[{\"@type\":\"SearchAction\",\"target\":{\"@type\":\"EntryPoint\",\"urlTemplate\":\"https:\/\/thecitizenfortheworld.com\/?s={search_term_string}\"},\"query-input\":\"required name=search_term_string\"}],\"inLanguage\":\"es-CO\"},{\"@type\":\"Organization\",\"@id\":\"https:\/\/thecitizenfortheworld.com\/#organization\",\"name\":\"The citizen for the world\",\"url\":\"https:\/\/thecitizenfortheworld.com\/\",\"logo\":{\"@type\":\"ImageObject\",\"inLanguage\":\"es-CO\",\"@id\":\"https:\/\/thecitizenfortheworld.com\/#\/schema\/logo\/image\/\",\"url\":\"https:\/\/thecitizenfortheworld.com\/wp-content\/uploads\/2023\/04\/cropped-the-citizens.png\",\"contentUrl\":\"https:\/\/thecitizenfortheworld.com\/wp-content\/uploads\/2023\/04\/cropped-the-citizens.png\",\"width\":1135,\"height\":1302,\"caption\":\"The citizen for the world\"},\"image\":{\"@id\":\"https:\/\/thecitizenfortheworld.com\/#\/schema\/logo\/image\/\"},\"sameAs\":[\"https:\/\/www.facebook.com\/thecitizenfortheworld\"]},{\"@type\":\"Person\",\"@id\":\"https:\/\/thecitizenfortheworld.com\/#\/schema\/person\/1f6b82847278ca8d344c472822b5b66f\",\"name\":\"thecitizenfortheworld23@gmail.com\",\"image\":{\"@type\":\"ImageObject\",\"inLanguage\":\"es-CO\",\"@id\":\"https:\/\/thecitizenfortheworld.com\/#\/schema\/person\/image\/\",\"url\":\"https:\/\/secure.gravatar.com\/avatar\/fa0768c808e84d205962885f7091f34b?s=96&d=mm&r=pg\",\"contentUrl\":\"https:\/\/secure.gravatar.com\/avatar\/fa0768c808e84d205962885f7091f34b?s=96&d=mm&r=pg\",\"caption\":\"thecitizenfortheworld23@gmail.com\"},\"sameAs\":[\"http:\/\/thecitizenfortheworld.com\"],\"url\":\"https:\/\/thecitizenfortheworld.com\/?author=1\"}]}<\/script>\n<!-- \/ Yoast SEO plugin. -->","yoast_head_json":{"title":"Zendaya reacciona a las fotos virales de su boda con Tom Holland: \u201cMucha gente ha sido enga\u00f1ada, no eran reales, eran IA\u201d - The citizen for the world","robots":{"index":"index","follow":"follow","max-snippet":"max-snippet:-1","max-image-preview":"max-image-preview:large","max-video-preview":"max-video-preview:-1"},"canonical":"https:\/\/thecitizenfortheworld.com\/?p=91662","og_locale":"es_ES","og_type":"article","og_title":"Zendaya reacciona a las fotos virales de su boda con Tom Holland: \u201cMucha gente ha sido enga\u00f1ada, no eran reales, eran IA\u201d - The citizen for the world","og_description":"La actriz se pronunci\u00f3 sobre estas im\u00e1genes en el show de Jimmy Kimmel, donde fue a promocionar su nueva pel\u00edcula \u2018El drama\u2019, que protagoniza junto a Robert Pattinson La actriz\u00a0Zendaya\u00a0se ha referido p\u00fablicamente por primera vez a los recientes rumores sobre su supuesto matrimonio con\u00a0Tom Holland\u00a0durante una entrevista en Jimmy Kimmel Live! el lunes por [&hellip;]","og_url":"https:\/\/thecitizenfortheworld.com\/?p=91662","og_site_name":"The citizen for the world","article_publisher":"https:\/\/www.facebook.com\/thecitizenfortheworld","article_published_time":"2026-03-17T16:55:14+00:00","og_image":[{"width":992,"height":554,"url":"https:\/\/thecitizenfortheworld.com\/wp-content\/uploads\/2026\/03\/Zendaya-Holland.jpg","type":"image\/jpeg"}],"author":"thecitizenfortheworld23@gmail.com","twitter_card":"summary_large_image","twitter_misc":{"Escrito por":"thecitizenfortheworld23@gmail.com","Tiempo estimado de lectura":"3 minutos"},"schema":{"@context":"https:\/\/schema.org","@graph":[{"@type":"Article","@id":"https:\/\/thecitizenfortheworld.com\/?p=91662#article","isPartOf":{"@id":"https:\/\/thecitizenfortheworld.com\/?p=91662"},"author":{"name":"thecitizenfortheworld23@gmail.com","@id":"https:\/\/thecitizenfortheworld.com\/#\/schema\/person\/1f6b82847278ca8d344c472822b5b66f"},"headline":"Zendaya reacciona a las fotos virales de su boda con Tom Holland: \u201cMucha gente ha sido enga\u00f1ada, no eran reales, eran IA\u201d","datePublished":"2026-03-17T16:55:14+00:00","dateModified":"2026-03-17T16:55:14+00:00","mainEntityOfPage":{"@id":"https:\/\/thecitizenfortheworld.com\/?p=91662"},"wordCount":637,"commentCount":0,"publisher":{"@id":"https:\/\/thecitizenfortheworld.com\/#organization"},"articleSection":["Entretenimiento"],"inLanguage":"es-CO","potentialAction":[{"@type":"CommentAction","name":"Comment","target":["https:\/\/thecitizenfortheworld.com\/?p=91662#respond"]}]},{"@type":"WebPage","@id":"https:\/\/thecitizenfortheworld.com\/?p=91662","url":"https:\/\/thecitizenfortheworld.com\/?p=91662","name":"Zendaya reacciona a las fotos virales de su boda con Tom Holland: \u201cMucha gente ha sido enga\u00f1ada, no eran reales, eran IA\u201d - The citizen for the world","isPartOf":{"@id":"https:\/\/thecitizenfortheworld.com\/#website"},"datePublished":"2026-03-17T16:55:14+00:00","dateModified":"2026-03-17T16:55:14+00:00","breadcrumb":{"@id":"https:\/\/thecitizenfortheworld.com\/?p=91662#breadcrumb"},"inLanguage":"es-CO","potentialAction":[{"@type":"ReadAction","target":["https:\/\/thecitizenfortheworld.com\/?p=91662"]}]},{"@type":"BreadcrumbList","@id":"https:\/\/thecitizenfortheworld.com\/?p=91662#breadcrumb","itemListElement":[{"@type":"ListItem","position":1,"name":"Inicio","item":"https:\/\/thecitizenfortheworld.com\/"},{"@type":"ListItem","position":2,"name":"Zendaya reacciona a las fotos virales de su boda con Tom Holland: \u201cMucha gente ha sido enga\u00f1ada, no eran reales, eran IA\u201d"}]},{"@type":"WebSite","@id":"https:\/\/thecitizenfortheworld.com\/#website","url":"https:\/\/thecitizenfortheworld.com\/","name":"The citizen for the world","description":"","publisher":{"@id":"https:\/\/thecitizenfortheworld.com\/#organization"},"potentialAction":[{"@type":"SearchAction","target":{"@type":"EntryPoint","urlTemplate":"https:\/\/thecitizenfortheworld.com\/?s={search_term_string}"},"query-input":"required name=search_term_string"}],"inLanguage":"es-CO"},{"@type":"Organization","@id":"https:\/\/thecitizenfortheworld.com\/#organization","name":"The citizen for the world","url":"https:\/\/thecitizenfortheworld.com\/","logo":{"@type":"ImageObject","inLanguage":"es-CO","@id":"https:\/\/thecitizenfortheworld.com\/#\/schema\/logo\/image\/","url":"https:\/\/thecitizenfortheworld.com\/wp-content\/uploads\/2023\/04\/cropped-the-citizens.png","contentUrl":"https:\/\/thecitizenfortheworld.com\/wp-content\/uploads\/2023\/04\/cropped-the-citizens.png","width":1135,"height":1302,"caption":"The citizen for the world"},"image":{"@id":"https:\/\/thecitizenfortheworld.com\/#\/schema\/logo\/image\/"},"sameAs":["https:\/\/www.facebook.com\/thecitizenfortheworld"]},{"@type":"Person","@id":"https:\/\/thecitizenfortheworld.com\/#\/schema\/person\/1f6b82847278ca8d344c472822b5b66f","name":"thecitizenfortheworld23@gmail.com","image":{"@type":"ImageObject","inLanguage":"es-CO","@id":"https:\/\/thecitizenfortheworld.com\/#\/schema\/person\/image\/","url":"https:\/\/secure.gravatar.com\/avatar\/fa0768c808e84d205962885f7091f34b?s=96&d=mm&r=pg","contentUrl":"https:\/\/secure.gravatar.com\/avatar\/fa0768c808e84d205962885f7091f34b?s=96&d=mm&r=pg","caption":"thecitizenfortheworld23@gmail.com"},"sameAs":["http:\/\/thecitizenfortheworld.com"],"url":"https:\/\/thecitizenfortheworld.com\/?author=1"}]}},"_links":{"self":[{"href":"https:\/\/thecitizenfortheworld.com\/index.php?rest_route=\/wp\/v2\/posts\/91662"}],"collection":[{"href":"https:\/\/thecitizenfortheworld.com\/index.php?rest_route=\/wp\/v2\/posts"}],"about":[{"href":"https:\/\/thecitizenfortheworld.com\/index.php?rest_route=\/wp\/v2\/types\/post"}],"author":[{"embeddable":true,"href":"https:\/\/thecitizenfortheworld.com\/index.php?rest_route=\/wp\/v2\/users\/1"}],"replies":[{"embeddable":true,"href":"https:\/\/thecitizenfortheworld.com\/index.php?rest_route=%2Fwp%2Fv2%2Fcomments&post=91662"}],"version-history":[{"count":1,"href":"https:\/\/thecitizenfortheworld.com\/index.php?rest_route=\/wp\/v2\/posts\/91662\/revisions"}],"predecessor-version":[{"id":91664,"href":"https:\/\/thecitizenfortheworld.com\/index.php?rest_route=\/wp\/v2\/posts\/91662\/revisions\/91664"}],"wp:featuredmedia":[{"embeddable":true,"href":"https:\/\/thecitizenfortheworld.com\/index.php?rest_route=\/wp\/v2\/media\/91663"}],"wp:attachment":[{"href":"https:\/\/thecitizenfortheworld.com\/index.php?rest_route=%2Fwp%2Fv2%2Fmedia&parent=91662"}],"wp:term":[{"taxonomy":"category","embeddable":true,"href":"https:\/\/thecitizenfortheworld.com\/index.php?rest_route=%2Fwp%2Fv2%2Fcategories&post=91662"},{"taxonomy":"post_tag","embeddable":true,"href":"https:\/\/thecitizenfortheworld.com\/index.php?rest_route=%2Fwp%2Fv2%2Ftags&post=91662"}],"curies":[{"name":"wp","href":"https:\/\/api.w.org\/{rel}","templated":true}]}}