{"id":91656,"date":"2026-03-17T11:40:46","date_gmt":"2026-03-17T16:40:46","guid":{"rendered":"https:\/\/thecitizenfortheworld.com\/?p=91656"},"modified":"2026-03-17T11:40:46","modified_gmt":"2026-03-17T16:40:46","slug":"trump-hablo-sobre-la-negativa-de-paises-de-la-otan-a-apoyar-la-campana-militar-de-eeuu-e-israel-contra-iran-no-necesitamos-ayuda-de-nadie","status":"publish","type":"post","link":"https:\/\/thecitizenfortheworld.com\/?p=91656","title":{"rendered":"Trump habl\u00f3 sobre la negativa de pa\u00edses de la OTAN a apoyar la campa\u00f1a militar de EEUU e Israel contra Ir\u00e1n: \u201cNo necesitamos ayuda de nadie\u201d"},"content":{"rendered":"<p>El mandatario asegur\u00f3 que, pese a las diferencias, \u201ccasi todos los pa\u00edses est\u00e1n firmemente de acuerdo\u201d con las acciones de Estados Unidos y \u201cconsideran que no se puede permitir, bajo ninguna circunstancia, que Ir\u00e1n posea armas nucleares\u201d<\/p>\n<p><b>Donald Trump<\/b>\u00a0afirm\u00f3 que\u00a0<b>Estados Unidos<\/b>\u00a0ya no requiere el respaldo de sus aliados de la\u00a0<b>OTAN<\/b>\u00a0ni de otros pa\u00edses para su campa\u00f1a militar conjunta con\u00a0<b>Israel<\/b>\u00a0contra\u00a0<b>Ir\u00e1n<\/b>\u00a0en Oriente Medio. La declaraci\u00f3n fue emitida tras la negativa de varios pa\u00edses de la alianza atl\u00e1ntica a intervenir en el conflicto, especialmente en la reapertura del\u00a0<b>estrecho de Ormuz<\/b>, bloqueado desde el inicio de las hostilidades.<\/p>\n<p class=\"paragraph\" data-mrf-recirculation=\"Links inline\">En un mensaje publicado en la red social Truth Social, el presidente\u00a0<b>Donald J. Trump<\/b>\u00a0sostuvo que \u201cla mayor\u00eda de nuestros aliados de la OTAN han informado a Estados Unidos que no desean involucrarse en nuestra operaci\u00f3n militar contra el r\u00e9gimen terrorista de Ir\u00e1n\u201d, aunque reconoci\u00f3 que \u201ccasi todos los pa\u00edses est\u00e1n firmemente de acuerdo con nuestras acciones y consideran que no se puede permitir, bajo ninguna circunstancia, que Ir\u00e1n posea armas nucleares\u201d. Trump reiter\u00f3 que la relaci\u00f3n con la\u00a0<b>OTAN<\/b>\u00a0es \u201cunilateral\u201d, dado que\u00a0<b>Estados Unidos<\/b>\u00a0invierte \u201ccientos de miles de millones de d\u00f3lares anuales\u201d en la protecci\u00f3n de sus socios, quienes \u2014seg\u00fan el mandatario\u2014 \u201cno hacen nada por nosotros, especialmente en momentos de necesidad\u201d.<\/p>\n<div class=\"inline ad-wrapper\">\n<div class=\"dfpAd ad-inline\">El lunes, los aliados de la <b>OTAN<\/b>\u00a0descartaron la propuesta de Trump para que la organizaci\u00f3n intervenga en la reapertura del estrat\u00e9gico\u00a0<b>estrecho de Ormuz<\/b>. Autoridades de\u00a0<b>Alemania<\/b>, como el portavoz gubernamental Stefan Kornelius y el canciller Friedrich Merz, argumentaron que \u201cla OTAN es una alianza para la defensa del territorio de sus miembros y no existe el mandato para desplegar a la OTAN\u201d en la zona. Merz se\u00f1al\u00f3 que ni\u00a0<b>Estados Unidos<\/b>\u00a0ni\u00a0<b>Israel<\/b>\u00a0consultaron a Berl\u00edn antes de lanzar los ataques y que, por tanto, \u201cla cuesti\u00f3n de c\u00f3mo Alemania podr\u00eda contribuir militarmente no se plantea. No lo haremos\u201d.<\/div>\n<\/div>\n<div><\/div>\n<div>\n<div class=\"visual__image\"><picture><img decoding=\"async\" loading=\"lazy\" class=\"global-image\" src=\"https:\/\/www.infobae.com\/resizer\/v2\/N72CGNN5DZFGTJVLPQN3GMOQTM.jpg?auth=790e9dee577d6b6afb9e2e36a412f951789ade0cb6c7d3a229d6625cc4b36ad2&amp;smart=true&amp;width=350&amp;height=284&amp;quality=85\" alt=\"El mensaje publicado por Trump\" width=\"1920\" height=\"1560\" \/><\/picture><em>El mensaje publicado por Trump en la red social Truth Social<\/em><\/div>\n<p class=\"paragraph\" data-mrf-recirculation=\"Links inline\">El presidente\u00a0<b>Trump<\/b>\u00a0hab\u00eda advertido en declaraciones al\u00a0<i>Financial Times<\/i>\u00a0que la\u00a0<b>Alianza Atl\u00e1ntica<\/b>\u00a0enfrenta un futuro \u201cmuy malo\u201d si no colabora en la reapertura del\u00a0<b>estrecho<\/b>, por donde circula el\u00a0<b>20% del petr\u00f3leo y el gas natural licuado del mundo<\/b>. El bloqueo impuesto por\u00a0<b>Ir\u00e1n<\/b>, en represalia por los bombardeos estadounidenses e israel\u00edes iniciados el\u00a0<b>28 de febrero<\/b>, dispar\u00f3 los precios internacionales del crudo y aument\u00f3 la preocupaci\u00f3n por un posible repunte inflacionista global.<\/p>\n<div class=\"inline_2_DSK ad-wrapper ad-desktop\">\n<div class=\"dfpAd ad-inline\">El primer ministro brit\u00e1nico, <b>Keir Starmer<\/b>, reafirm\u00f3 que el\u00a0<b>Reino Unido<\/b>\u00a0no participar\u00e1 en la guerra contra\u00a0<b>Ir\u00e1n<\/b>, aunque trabaja en un \u201cplan colectivo viable\u201d para reabrir el paso mar\u00edtimo y mitigar el impacto econ\u00f3mico. Starmer indic\u00f3 que la prioridad es la \u201cprotecci\u00f3n de los ciudadanos brit\u00e1nicos en Oriente Medio\u201d y anunci\u00f3 medidas de apoyo para los hogares frente al aumento de los\u00a0<b>precios de la energ\u00eda, que superaron los 104 d\u00f3lares el barril<\/b>.\u00a0<b>Francia<\/b>\u00a0y el\u00a0<b>Reino Unido<\/b>\u00a0podr\u00edan sumarse a un operativo de vigilancia mar\u00edtima, pero recalcaron que no ser\u00eda bajo el paraguas de la OTAN.<\/div>\n<\/div>\n<p class=\"paragraph\" data-mrf-recirculation=\"Links inline\">La\u00a0<b>Uni\u00f3n Europea (UE)<\/b>\u00a0descart\u00f3 modificar el mandato de su misi\u00f3n naval Aspides en el mar Rojo para incluir el\u00a0<b>estrecho de Ormuz<\/b>. La alta representante,\u00a0<b>Kaja Kallas<\/b>, reconoci\u00f3 que \u201cesta no es la guerra de Europa, pero los intereses de Europa est\u00e1n directamente en juego\u201d. Kallas defendi\u00f3 una soluci\u00f3n diplom\u00e1tica y subray\u00f3 que \u201cnadie quiere entrar activamente en el conflicto\u201d. Se inform\u00f3 que la\u00a0<b>UE<\/b>\u00a0analiza alternativas, como replicar el acuerdo de exportaciones de grano ucraniano, aunque la mayor\u00eda de los Estados miembros rechaza una intervenci\u00f3n militar directa.<\/p>\n<div class=\"visual__image\"><picture><source srcset=\"https:\/\/www.infobae.com\/resizer\/v2\/3UX44TZLRZETRKKZ6HITX66YKA.jpg?auth=a666278b26978c3d923478e218d14e0101ac6e0cd9e0388b7e669d511cd3d722&amp;smart=true&amp;width=992&amp;height=661&amp;quality=85\" media=\"(min-width: 1000px)\" \/><source srcset=\"https:\/\/www.infobae.com\/resizer\/v2\/3UX44TZLRZETRKKZ6HITX66YKA.jpg?auth=a666278b26978c3d923478e218d14e0101ac6e0cd9e0388b7e669d511cd3d722&amp;smart=true&amp;width=768&amp;height=512&amp;quality=85\" media=\"(min-width: 768px)\" \/><source srcset=\"https:\/\/www.infobae.com\/resizer\/v2\/3UX44TZLRZETRKKZ6HITX66YKA.jpg?auth=a666278b26978c3d923478e218d14e0101ac6e0cd9e0388b7e669d511cd3d722&amp;smart=true&amp;width=577&amp;height=385&amp;quality=85\" media=\"(min-width: 580px)\" \/><source srcset=\"https:\/\/www.infobae.com\/resizer\/v2\/3UX44TZLRZETRKKZ6HITX66YKA.jpg?auth=a666278b26978c3d923478e218d14e0101ac6e0cd9e0388b7e669d511cd3d722&amp;smart=true&amp;width=420&amp;height=280&amp;quality=85\" media=\"(min-width: 350px)\" \/><source srcset=\"https:\/\/www.infobae.com\/resizer\/v2\/3UX44TZLRZETRKKZ6HITX66YKA.jpg?auth=a666278b26978c3d923478e218d14e0101ac6e0cd9e0388b7e669d511cd3d722&amp;smart=true&amp;width=350&amp;height=233&amp;quality=85\" media=\"(min-width: 80px)\" \/><img decoding=\"async\" loading=\"lazy\" class=\"global-image\" src=\"https:\/\/www.infobae.com\/resizer\/v2\/3UX44TZLRZETRKKZ6HITX66YKA.jpg?auth=a666278b26978c3d923478e218d14e0101ac6e0cd9e0388b7e669d511cd3d722&amp;smart=true&amp;width=350&amp;height=233&amp;quality=85\" alt=\"Los aliados de la OTAN\" width=\"5500\" height=\"3667\" \/><\/picture><em>Los aliados de la OTAN rechazaron la propuesta de Donald Trump para intervenir en el estrecho de Ormuz (REUTERS\/ARCHIVO)<\/em><\/div>\n<p class=\"paragraph\" data-mrf-recirculation=\"Links inline\">Gobiernos de\u00a0<b>Espa\u00f1a<\/b>,\u00a0<b>Italia<\/b>,\u00a0<b>Grecia<\/b>,\u00a0<b>Suecia<\/b>\u00a0y\u00a0<b>Dinamarca<\/b>\u00a0confirmaron que no enviar\u00e1n buques de guerra a la regi\u00f3n. Autoridades italianas advirtieron que participar militarmente ser\u00eda \u201centrar en guerra\u201d, mientras que Alemania cuestion\u00f3 la utilidad de reforzar la presencia naval europea en una zona donde \u201cni siquiera la poderosa marina estadounidense logra garantizar el paso\u201d. El ministro de Defensa alem\u00e1n,\u00a0<b>Boris Pistorius<\/b>, reiter\u00f3 que \u201cno es nuestra guerra, no la hemos empezado\u201d y que no existe el mandato internacional necesario para implicar a la\u00a0<b>OTAN<\/b>\u00a0o a la\u00a0<b>UE<\/b>.<\/p>\n<p class=\"paragraph\" data-mrf-recirculation=\"Links inline\">En respuesta a la falta de apoyo internacional,\u00a0<b>Trump<\/b>\u00a0concluy\u00f3: \u201cComo Presidente de los Estados Unidos de Am\u00e9rica, el pa\u00eds m\u00e1s poderoso del mundo, \u00a1no necesitamos ayuda de nadie!\u201d. El mandatario subray\u00f3 que el\u00a0<b>ej\u00e9rcito iran\u00ed ha sido diezmado<\/b>\u00a0y sus l\u00edderes \u201celiminados en pr\u00e1cticamente todos los niveles\u201d, por lo que, a su juicio,\u00a0<b>Estados Unidos<\/b>\u00a0y sus aliados de Oriente Medio ya no enfrentan amenazas inmediatas de Teher\u00e1n.<\/p>\n<p data-mrf-recirculation=\"Links inline\">(<em>Con informaci\u00f3n de Infobae<\/em>)<\/p>\n<\/div>\n","protected":false},"excerpt":{"rendered":"<p>El mandatario asegur\u00f3 que, pese a las diferencias, \u201ccasi todos los pa\u00edses est\u00e1n firmemente de acuerdo\u201d con las acciones de Estados Unidos y \u201cconsideran que no se puede permitir, bajo ninguna circunstancia, que Ir\u00e1n posea armas nucleares\u201d Donald Trump\u00a0afirm\u00f3 que\u00a0Estados Unidos\u00a0ya no requiere el respaldo de sus aliados de la\u00a0OTAN\u00a0ni de otros pa\u00edses para su [&hellip;]<\/p>\n","protected":false},"author":1,"featured_media":91657,"comment_status":"open","ping_status":"open","sticky":false,"template":"","format":"standard","meta":{"om_disable_all_campaigns":false,"_mi_skip_tracking":false},"categories":[2,4],"tags":[],"yoast_head":"<!-- This site is optimized with the Yoast SEO plugin v20.5 - https:\/\/yoast.com\/wordpress\/plugins\/seo\/ -->\n<title>Trump habl\u00f3 sobre la negativa de pa\u00edses de la OTAN a apoyar la campa\u00f1a militar de EEUU e Israel contra Ir\u00e1n: \u201cNo necesitamos ayuda de nadie\u201d - The citizen for the world<\/title>\n<meta name=\"robots\" content=\"index, follow, max-snippet:-1, max-image-preview:large, max-video-preview:-1\" \/>\n<link rel=\"canonical\" href=\"https:\/\/thecitizenfortheworld.com\/?p=91656\" \/>\n<meta property=\"og:locale\" content=\"es_ES\" \/>\n<meta property=\"og:type\" content=\"article\" \/>\n<meta property=\"og:title\" content=\"Trump habl\u00f3 sobre la negativa de pa\u00edses de la OTAN a apoyar la campa\u00f1a militar de EEUU e Israel contra Ir\u00e1n: \u201cNo necesitamos ayuda de nadie\u201d - The citizen for the world\" \/>\n<meta property=\"og:description\" content=\"El mandatario asegur\u00f3 que, pese a las diferencias, \u201ccasi todos los pa\u00edses est\u00e1n firmemente de acuerdo\u201d con las acciones de Estados Unidos y \u201cconsideran que no se puede permitir, bajo ninguna circunstancia, que Ir\u00e1n posea armas nucleares\u201d Donald Trump\u00a0afirm\u00f3 que\u00a0Estados Unidos\u00a0ya no requiere el respaldo de sus aliados de la\u00a0OTAN\u00a0ni de otros pa\u00edses para su [&hellip;]\" \/>\n<meta property=\"og:url\" content=\"https:\/\/thecitizenfortheworld.com\/?p=91656\" \/>\n<meta property=\"og:site_name\" content=\"The citizen for the world\" \/>\n<meta property=\"article:publisher\" content=\"https:\/\/www.facebook.com\/thecitizenfortheworld\" \/>\n<meta property=\"article:published_time\" content=\"2026-03-17T16:40:46+00:00\" \/>\n<meta property=\"og:image\" content=\"https:\/\/thecitizenfortheworld.com\/wp-content\/uploads\/2026\/03\/Trump.jpg\" \/>\n\t<meta property=\"og:image:width\" content=\"300\" \/>\n\t<meta property=\"og:image:height\" content=\"168\" \/>\n\t<meta property=\"og:image:type\" content=\"image\/jpeg\" \/>\n<meta name=\"author\" content=\"thecitizenfortheworld23@gmail.com\" \/>\n<meta name=\"twitter:card\" content=\"summary_large_image\" \/>\n<meta name=\"twitter:label1\" content=\"Escrito por\" \/>\n\t<meta name=\"twitter:data1\" content=\"thecitizenfortheworld23@gmail.com\" \/>\n\t<meta name=\"twitter:label2\" content=\"Tiempo estimado de lectura\" \/>\n\t<meta name=\"twitter:data2\" content=\"4 minutos\" \/>\n<script type=\"application\/ld+json\" class=\"yoast-schema-graph\">{\"@context\":\"https:\/\/schema.org\",\"@graph\":[{\"@type\":\"Article\",\"@id\":\"https:\/\/thecitizenfortheworld.com\/?p=91656#article\",\"isPartOf\":{\"@id\":\"https:\/\/thecitizenfortheworld.com\/?p=91656\"},\"author\":{\"name\":\"thecitizenfortheworld23@gmail.com\",\"@id\":\"https:\/\/thecitizenfortheworld.com\/#\/schema\/person\/1f6b82847278ca8d344c472822b5b66f\"},\"headline\":\"Trump habl\u00f3 sobre la negativa de pa\u00edses de la OTAN a apoyar la campa\u00f1a militar de EEUU e Israel contra Ir\u00e1n: \u201cNo necesitamos ayuda de nadie\u201d\",\"datePublished\":\"2026-03-17T16:40:46+00:00\",\"dateModified\":\"2026-03-17T16:40:46+00:00\",\"mainEntityOfPage\":{\"@id\":\"https:\/\/thecitizenfortheworld.com\/?p=91656\"},\"wordCount\":865,\"commentCount\":0,\"publisher\":{\"@id\":\"https:\/\/thecitizenfortheworld.com\/#organization\"},\"articleSection\":[\"Internacionales\",\"Pol\u00edtica\"],\"inLanguage\":\"es-CO\",\"potentialAction\":[{\"@type\":\"CommentAction\",\"name\":\"Comment\",\"target\":[\"https:\/\/thecitizenfortheworld.com\/?p=91656#respond\"]}]},{\"@type\":\"WebPage\",\"@id\":\"https:\/\/thecitizenfortheworld.com\/?p=91656\",\"url\":\"https:\/\/thecitizenfortheworld.com\/?p=91656\",\"name\":\"Trump habl\u00f3 sobre la negativa de pa\u00edses de la OTAN a apoyar la campa\u00f1a militar de EEUU e Israel contra Ir\u00e1n: \u201cNo necesitamos ayuda de nadie\u201d - The citizen for the world\",\"isPartOf\":{\"@id\":\"https:\/\/thecitizenfortheworld.com\/#website\"},\"datePublished\":\"2026-03-17T16:40:46+00:00\",\"dateModified\":\"2026-03-17T16:40:46+00:00\",\"breadcrumb\":{\"@id\":\"https:\/\/thecitizenfortheworld.com\/?p=91656#breadcrumb\"},\"inLanguage\":\"es-CO\",\"potentialAction\":[{\"@type\":\"ReadAction\",\"target\":[\"https:\/\/thecitizenfortheworld.com\/?p=91656\"]}]},{\"@type\":\"BreadcrumbList\",\"@id\":\"https:\/\/thecitizenfortheworld.com\/?p=91656#breadcrumb\",\"itemListElement\":[{\"@type\":\"ListItem\",\"position\":1,\"name\":\"Inicio\",\"item\":\"https:\/\/thecitizenfortheworld.com\/\"},{\"@type\":\"ListItem\",\"position\":2,\"name\":\"Trump habl\u00f3 sobre la negativa de pa\u00edses de la OTAN a apoyar la campa\u00f1a militar de EEUU e Israel contra Ir\u00e1n: \u201cNo necesitamos ayuda de nadie\u201d\"}]},{\"@type\":\"WebSite\",\"@id\":\"https:\/\/thecitizenfortheworld.com\/#website\",\"url\":\"https:\/\/thecitizenfortheworld.com\/\",\"name\":\"The citizen for the world\",\"description\":\"\",\"publisher\":{\"@id\":\"https:\/\/thecitizenfortheworld.com\/#organization\"},\"potentialAction\":[{\"@type\":\"SearchAction\",\"target\":{\"@type\":\"EntryPoint\",\"urlTemplate\":\"https:\/\/thecitizenfortheworld.com\/?s={search_term_string}\"},\"query-input\":\"required name=search_term_string\"}],\"inLanguage\":\"es-CO\"},{\"@type\":\"Organization\",\"@id\":\"https:\/\/thecitizenfortheworld.com\/#organization\",\"name\":\"The citizen for the world\",\"url\":\"https:\/\/thecitizenfortheworld.com\/\",\"logo\":{\"@type\":\"ImageObject\",\"inLanguage\":\"es-CO\",\"@id\":\"https:\/\/thecitizenfortheworld.com\/#\/schema\/logo\/image\/\",\"url\":\"https:\/\/thecitizenfortheworld.com\/wp-content\/uploads\/2023\/04\/cropped-the-citizens.png\",\"contentUrl\":\"https:\/\/thecitizenfortheworld.com\/wp-content\/uploads\/2023\/04\/cropped-the-citizens.png\",\"width\":1135,\"height\":1302,\"caption\":\"The citizen for the world\"},\"image\":{\"@id\":\"https:\/\/thecitizenfortheworld.com\/#\/schema\/logo\/image\/\"},\"sameAs\":[\"https:\/\/www.facebook.com\/thecitizenfortheworld\"]},{\"@type\":\"Person\",\"@id\":\"https:\/\/thecitizenfortheworld.com\/#\/schema\/person\/1f6b82847278ca8d344c472822b5b66f\",\"name\":\"thecitizenfortheworld23@gmail.com\",\"image\":{\"@type\":\"ImageObject\",\"inLanguage\":\"es-CO\",\"@id\":\"https:\/\/thecitizenfortheworld.com\/#\/schema\/person\/image\/\",\"url\":\"https:\/\/secure.gravatar.com\/avatar\/fa0768c808e84d205962885f7091f34b?s=96&d=mm&r=pg\",\"contentUrl\":\"https:\/\/secure.gravatar.com\/avatar\/fa0768c808e84d205962885f7091f34b?s=96&d=mm&r=pg\",\"caption\":\"thecitizenfortheworld23@gmail.com\"},\"sameAs\":[\"http:\/\/thecitizenfortheworld.com\"],\"url\":\"https:\/\/thecitizenfortheworld.com\/?author=1\"}]}<\/script>\n<!-- \/ Yoast SEO plugin. -->","yoast_head_json":{"title":"Trump habl\u00f3 sobre la negativa de pa\u00edses de la OTAN a apoyar la campa\u00f1a militar de EEUU e Israel contra Ir\u00e1n: \u201cNo necesitamos ayuda de nadie\u201d - The citizen for the world","robots":{"index":"index","follow":"follow","max-snippet":"max-snippet:-1","max-image-preview":"max-image-preview:large","max-video-preview":"max-video-preview:-1"},"canonical":"https:\/\/thecitizenfortheworld.com\/?p=91656","og_locale":"es_ES","og_type":"article","og_title":"Trump habl\u00f3 sobre la negativa de pa\u00edses de la OTAN a apoyar la campa\u00f1a militar de EEUU e Israel contra Ir\u00e1n: \u201cNo necesitamos ayuda de nadie\u201d - The citizen for the world","og_description":"El mandatario asegur\u00f3 que, pese a las diferencias, \u201ccasi todos los pa\u00edses est\u00e1n firmemente de acuerdo\u201d con las acciones de Estados Unidos y \u201cconsideran que no se puede permitir, bajo ninguna circunstancia, que Ir\u00e1n posea armas nucleares\u201d Donald Trump\u00a0afirm\u00f3 que\u00a0Estados Unidos\u00a0ya no requiere el respaldo de sus aliados de la\u00a0OTAN\u00a0ni de otros pa\u00edses para su [&hellip;]","og_url":"https:\/\/thecitizenfortheworld.com\/?p=91656","og_site_name":"The citizen for the world","article_publisher":"https:\/\/www.facebook.com\/thecitizenfortheworld","article_published_time":"2026-03-17T16:40:46+00:00","og_image":[{"width":300,"height":168,"url":"https:\/\/thecitizenfortheworld.com\/wp-content\/uploads\/2026\/03\/Trump.jpg","type":"image\/jpeg"}],"author":"thecitizenfortheworld23@gmail.com","twitter_card":"summary_large_image","twitter_misc":{"Escrito por":"thecitizenfortheworld23@gmail.com","Tiempo estimado de lectura":"4 minutos"},"schema":{"@context":"https:\/\/schema.org","@graph":[{"@type":"Article","@id":"https:\/\/thecitizenfortheworld.com\/?p=91656#article","isPartOf":{"@id":"https:\/\/thecitizenfortheworld.com\/?p=91656"},"author":{"name":"thecitizenfortheworld23@gmail.com","@id":"https:\/\/thecitizenfortheworld.com\/#\/schema\/person\/1f6b82847278ca8d344c472822b5b66f"},"headline":"Trump habl\u00f3 sobre la negativa de pa\u00edses de la OTAN a apoyar la campa\u00f1a militar de EEUU e Israel contra Ir\u00e1n: \u201cNo necesitamos ayuda de nadie\u201d","datePublished":"2026-03-17T16:40:46+00:00","dateModified":"2026-03-17T16:40:46+00:00","mainEntityOfPage":{"@id":"https:\/\/thecitizenfortheworld.com\/?p=91656"},"wordCount":865,"commentCount":0,"publisher":{"@id":"https:\/\/thecitizenfortheworld.com\/#organization"},"articleSection":["Internacionales","Pol\u00edtica"],"inLanguage":"es-CO","potentialAction":[{"@type":"CommentAction","name":"Comment","target":["https:\/\/thecitizenfortheworld.com\/?p=91656#respond"]}]},{"@type":"WebPage","@id":"https:\/\/thecitizenfortheworld.com\/?p=91656","url":"https:\/\/thecitizenfortheworld.com\/?p=91656","name":"Trump habl\u00f3 sobre la negativa de pa\u00edses de la OTAN a apoyar la campa\u00f1a militar de EEUU e Israel contra Ir\u00e1n: \u201cNo necesitamos ayuda de nadie\u201d - The citizen for the world","isPartOf":{"@id":"https:\/\/thecitizenfortheworld.com\/#website"},"datePublished":"2026-03-17T16:40:46+00:00","dateModified":"2026-03-17T16:40:46+00:00","breadcrumb":{"@id":"https:\/\/thecitizenfortheworld.com\/?p=91656#breadcrumb"},"inLanguage":"es-CO","potentialAction":[{"@type":"ReadAction","target":["https:\/\/thecitizenfortheworld.com\/?p=91656"]}]},{"@type":"BreadcrumbList","@id":"https:\/\/thecitizenfortheworld.com\/?p=91656#breadcrumb","itemListElement":[{"@type":"ListItem","position":1,"name":"Inicio","item":"https:\/\/thecitizenfortheworld.com\/"},{"@type":"ListItem","position":2,"name":"Trump habl\u00f3 sobre la negativa de pa\u00edses de la OTAN a apoyar la campa\u00f1a militar de EEUU e Israel contra Ir\u00e1n: \u201cNo necesitamos ayuda de nadie\u201d"}]},{"@type":"WebSite","@id":"https:\/\/thecitizenfortheworld.com\/#website","url":"https:\/\/thecitizenfortheworld.com\/","name":"The citizen for the world","description":"","publisher":{"@id":"https:\/\/thecitizenfortheworld.com\/#organization"},"potentialAction":[{"@type":"SearchAction","target":{"@type":"EntryPoint","urlTemplate":"https:\/\/thecitizenfortheworld.com\/?s={search_term_string}"},"query-input":"required name=search_term_string"}],"inLanguage":"es-CO"},{"@type":"Organization","@id":"https:\/\/thecitizenfortheworld.com\/#organization","name":"The citizen for the world","url":"https:\/\/thecitizenfortheworld.com\/","logo":{"@type":"ImageObject","inLanguage":"es-CO","@id":"https:\/\/thecitizenfortheworld.com\/#\/schema\/logo\/image\/","url":"https:\/\/thecitizenfortheworld.com\/wp-content\/uploads\/2023\/04\/cropped-the-citizens.png","contentUrl":"https:\/\/thecitizenfortheworld.com\/wp-content\/uploads\/2023\/04\/cropped-the-citizens.png","width":1135,"height":1302,"caption":"The citizen for the world"},"image":{"@id":"https:\/\/thecitizenfortheworld.com\/#\/schema\/logo\/image\/"},"sameAs":["https:\/\/www.facebook.com\/thecitizenfortheworld"]},{"@type":"Person","@id":"https:\/\/thecitizenfortheworld.com\/#\/schema\/person\/1f6b82847278ca8d344c472822b5b66f","name":"thecitizenfortheworld23@gmail.com","image":{"@type":"ImageObject","inLanguage":"es-CO","@id":"https:\/\/thecitizenfortheworld.com\/#\/schema\/person\/image\/","url":"https:\/\/secure.gravatar.com\/avatar\/fa0768c808e84d205962885f7091f34b?s=96&d=mm&r=pg","contentUrl":"https:\/\/secure.gravatar.com\/avatar\/fa0768c808e84d205962885f7091f34b?s=96&d=mm&r=pg","caption":"thecitizenfortheworld23@gmail.com"},"sameAs":["http:\/\/thecitizenfortheworld.com"],"url":"https:\/\/thecitizenfortheworld.com\/?author=1"}]}},"_links":{"self":[{"href":"https:\/\/thecitizenfortheworld.com\/index.php?rest_route=\/wp\/v2\/posts\/91656"}],"collection":[{"href":"https:\/\/thecitizenfortheworld.com\/index.php?rest_route=\/wp\/v2\/posts"}],"about":[{"href":"https:\/\/thecitizenfortheworld.com\/index.php?rest_route=\/wp\/v2\/types\/post"}],"author":[{"embeddable":true,"href":"https:\/\/thecitizenfortheworld.com\/index.php?rest_route=\/wp\/v2\/users\/1"}],"replies":[{"embeddable":true,"href":"https:\/\/thecitizenfortheworld.com\/index.php?rest_route=%2Fwp%2Fv2%2Fcomments&post=91656"}],"version-history":[{"count":1,"href":"https:\/\/thecitizenfortheworld.com\/index.php?rest_route=\/wp\/v2\/posts\/91656\/revisions"}],"predecessor-version":[{"id":91658,"href":"https:\/\/thecitizenfortheworld.com\/index.php?rest_route=\/wp\/v2\/posts\/91656\/revisions\/91658"}],"wp:featuredmedia":[{"embeddable":true,"href":"https:\/\/thecitizenfortheworld.com\/index.php?rest_route=\/wp\/v2\/media\/91657"}],"wp:attachment":[{"href":"https:\/\/thecitizenfortheworld.com\/index.php?rest_route=%2Fwp%2Fv2%2Fmedia&parent=91656"}],"wp:term":[{"taxonomy":"category","embeddable":true,"href":"https:\/\/thecitizenfortheworld.com\/index.php?rest_route=%2Fwp%2Fv2%2Fcategories&post=91656"},{"taxonomy":"post_tag","embeddable":true,"href":"https:\/\/thecitizenfortheworld.com\/index.php?rest_route=%2Fwp%2Fv2%2Ftags&post=91656"}],"curies":[{"name":"wp","href":"https:\/\/api.w.org\/{rel}","templated":true}]}}