{"id":91653,"date":"2026-03-17T11:31:11","date_gmt":"2026-03-17T16:31:11","guid":{"rendered":"https:\/\/thecitizenfortheworld.com\/?p=91653"},"modified":"2026-03-17T11:31:11","modified_gmt":"2026-03-17T16:31:11","slug":"quien-era-ali-larijani-el-filosofo-del-poder-teocratico-irani-que-ejecuto-una-represion-brutal","status":"publish","type":"post","link":"https:\/\/thecitizenfortheworld.com\/?p=91653","title":{"rendered":"Qui\u00e9n era Al\u00ed Larijani, el fil\u00f3sofo del poder teocr\u00e1tico iran\u00ed que ejecut\u00f3 una represi\u00f3n brutal"},"content":{"rendered":"<p>Estudioso de Kant y arquitecto de las matanzas de enero, el jefe de seguridad del r\u00e9gimen persa combin\u00f3 como pocos la vida intelectual con el ejercicio despiadado del poder. Israel anunci\u00f3 su muerte este martes tras un ataque sobre Teher\u00e1n<\/p>\n<p>Durante d\u00e9cadas,<b>\u00a0Ali Larijani fue el hombre de las mil facetas en la Rep\u00fablica Isl\u00e1mica<\/b>: el oficial de los Guardias de la Revoluci\u00f3n que vest\u00eda camisas Ralph Lauren perfectamente planchadas, el diplom\u00e1tico que negociaba acuerdos nucleares con Occidente y el acad\u00e9mico que escrib\u00eda tratados sobre\u00a0<b>Immanuel Kant<\/b>\u00a0mientras dirig\u00eda el aparato de propaganda del r\u00e9gimen.<\/p>\n<p class=\"paragraph\" data-mrf-recirculation=\"Links inline\">Esa trayectoria, marcada por una\u00a0<b>inusual mezcla de erudici\u00f3n filos\u00f3fica y pragmatismo implacable<\/b>, habr\u00eda terminado abruptamente el martes.\u00a0<a title=\"https:\/\/www.infobae.com\/america\/mundo\/2026\/03\/17\/israel-anuncio-que-abatio-a-ali-larijani-jefe-del-consejo-de-seguridad-y-politico-mas-poderoso-de-iran-tras-la-muerte-de-khamenei\/\" href=\"https:\/\/www.infobae.com\/america\/mundo\/2026\/03\/17\/israel-anuncio-que-abatio-a-ali-larijani-jefe-del-consejo-de-seguridad-y-politico-mas-poderoso-de-iran-tras-la-muerte-de-khamenei\/\" target=\"_blank\" rel=\"noopener noreferrer\" data-mrf-link=\"https:\/\/www.infobae.com\/america\/mundo\/2026\/03\/17\/israel-anuncio-que-abatio-a-ali-larijani-jefe-del-consejo-de-seguridad-y-politico-mas-poderoso-de-iran-tras-la-muerte-de-khamenei\/\"><b>Israel anunci\u00f3 la muerte de Larijani<\/b><\/a>, de 67 a\u00f1os, en un ataque a\u00e9reo sobre Teher\u00e1n que tambi\u00e9n se cobr\u00f3 la vida de\u00a0<b>Gholamreza Soleimani<\/b>, comandante de la fuerza paramilitar\u00a0<b>Basij<\/b>.<\/p>\n<div class=\"inline ad-wrapper\">\n<div class=\"dfpAd ad-inline\">De confirmarse su muerte, Ir\u00e1n perder\u00eda <b>al estratega que dirig\u00eda la seguridad nacional tras el vac\u00edo dejado por Khamenei<\/b>. Desaparecer\u00eda tambi\u00e9n una figura inusual en el r\u00e9gimen: el acad\u00e9mico que busc\u00f3 en la filosof\u00eda occidental las bases para sostener la teocracia.<\/div>\n<\/div>\n<div><\/div>\n<div>\n<h2 class=\"header headline-class-h2 headline\">El arquitecto de la represi\u00f3n<\/h2>\n<div class=\"visual__image\"><picture><source srcset=\"https:\/\/www.infobae.com\/resizer\/v2\/X6QVDD5CWFBFFOD5UNMVDUSJZ4.JPG?auth=8e24f40fb1657d32ed3d8c1745ba18d169a98a0409afe6e933bfdd4f963ff753&amp;smart=true&amp;width=992&amp;height=661&amp;quality=85\" media=\"(min-width: 1000px)\" \/><source srcset=\"https:\/\/www.infobae.com\/resizer\/v2\/X6QVDD5CWFBFFOD5UNMVDUSJZ4.JPG?auth=8e24f40fb1657d32ed3d8c1745ba18d169a98a0409afe6e933bfdd4f963ff753&amp;smart=true&amp;width=768&amp;height=512&amp;quality=85\" media=\"(min-width: 768px)\" \/><source srcset=\"https:\/\/www.infobae.com\/resizer\/v2\/X6QVDD5CWFBFFOD5UNMVDUSJZ4.JPG?auth=8e24f40fb1657d32ed3d8c1745ba18d169a98a0409afe6e933bfdd4f963ff753&amp;smart=true&amp;width=577&amp;height=385&amp;quality=85\" media=\"(min-width: 580px)\" \/><source srcset=\"https:\/\/www.infobae.com\/resizer\/v2\/X6QVDD5CWFBFFOD5UNMVDUSJZ4.JPG?auth=8e24f40fb1657d32ed3d8c1745ba18d169a98a0409afe6e933bfdd4f963ff753&amp;smart=true&amp;width=420&amp;height=280&amp;quality=85\" media=\"(min-width: 350px)\" \/><source srcset=\"https:\/\/www.infobae.com\/resizer\/v2\/X6QVDD5CWFBFFOD5UNMVDUSJZ4.JPG?auth=8e24f40fb1657d32ed3d8c1745ba18d169a98a0409afe6e933bfdd4f963ff753&amp;smart=true&amp;width=350&amp;height=233&amp;quality=85\" media=\"(min-width: 80px)\" \/><img decoding=\"async\" loading=\"lazy\" class=\"global-image\" src=\"https:\/\/www.infobae.com\/resizer\/v2\/X6QVDD5CWFBFFOD5UNMVDUSJZ4.JPG?auth=8e24f40fb1657d32ed3d8c1745ba18d169a98a0409afe6e933bfdd4f963ff753&amp;smart=true&amp;width=350&amp;height=233&amp;quality=85\" alt=\"Ahmadinejad y Larijani junto al\" width=\"2200\" height=\"1467\" \/><\/picture><em>Ahmadinejad y Larijani junto al l\u00edder Khamenei en 2009. Larijani fue un pilar del sistema, sirviendo como jefe de la propaganda estatal durante once a\u00f1os. (REUTERS\/khamenei.ir\/Foto de archivo)<\/em><\/div>\n<p class=\"paragraph\" data-mrf-recirculation=\"Links inline\">Larijani ascendi\u00f3 a la c\u00faspide del poder en un momento de crisis existencial para el r\u00e9gimen. Trasla muerte de\u00a0<b>Al\u00ed Khamenei<\/b>\u00a0en un ataque israel\u00ed al comienzo de la guerra, asumi\u00f3 el cargo de secretario del\u00a0<b>Consejo Supremo de Seguridad Nacional<\/b>, convirti\u00e9ndose en<b>\u00a0el hombre m\u00e1s poderoso del pa\u00eds\u00a0<\/b>en materia de pol\u00edtica exterior y defensa.<\/p>\n<div class=\"inline_2_DSK ad-wrapper ad-desktop\">\n<div class=\"dfpAd ad-inline\">En su rol final, <b>Larijani dirigi\u00f3 la respuesta militar a las protestas de enero<\/b>, un operativo que result\u00f3 en la muerte de miles de civiles. Como se\u00f1ala un extenso perfil del diario israel\u00ed\u00a0<i>Haaretz<\/i>, Larijani fue el arquitecto detr\u00e1s de la brutal represi\u00f3n. Bajo su mando,\u00a0<b>la maquinaria de seguridad del Estado aplast\u00f3 el descontento con una \u201ceficiencia despiadada\u201d<\/b>, dejando un saldo de v\u00edctimas que organismos internacionales estiman entre 7.000 y 36.500 muertos.<\/div>\n<\/div>\n<\/div>\n<div><\/div>\n<div>\n<div class=\"news-module\" data-mrf-recirculation=\"IL_wLyG9sjfRQKb8QO3fSLumw\" data-testid=\"text-html\" data-mrf-experience=\"IL_wLyG9sjfRQKb8QO3fSLumw\">\n<div class=\"recommended-card__info\"><span class=\"recommended-card__info-title\">n<\/span><\/p>\n<div class=\"recommended-card__info-button recommended-card__info-button--deportes\"><\/div>\n<\/div>\n<\/div>\n<div class=\"visual__image\"><picture><source srcset=\"https:\/\/www.infobae.com\/resizer\/v2\/ROFUS5IKWFAPJBRIULMPWLLPJU.jpg?auth=58ba818a150ce9376e7a1dd56fab8a729fdeeb589313e25a53b30de538aafda7&amp;smart=true&amp;width=992&amp;height=661&amp;quality=85\" media=\"(min-width: 1000px)\" \/><source srcset=\"https:\/\/www.infobae.com\/resizer\/v2\/ROFUS5IKWFAPJBRIULMPWLLPJU.jpg?auth=58ba818a150ce9376e7a1dd56fab8a729fdeeb589313e25a53b30de538aafda7&amp;smart=true&amp;width=768&amp;height=512&amp;quality=85\" media=\"(min-width: 768px)\" \/><source srcset=\"https:\/\/www.infobae.com\/resizer\/v2\/ROFUS5IKWFAPJBRIULMPWLLPJU.jpg?auth=58ba818a150ce9376e7a1dd56fab8a729fdeeb589313e25a53b30de538aafda7&amp;smart=true&amp;width=577&amp;height=385&amp;quality=85\" media=\"(min-width: 580px)\" \/><source srcset=\"https:\/\/www.infobae.com\/resizer\/v2\/ROFUS5IKWFAPJBRIULMPWLLPJU.jpg?auth=58ba818a150ce9376e7a1dd56fab8a729fdeeb589313e25a53b30de538aafda7&amp;smart=true&amp;width=420&amp;height=280&amp;quality=85\" media=\"(min-width: 350px)\" \/><source srcset=\"https:\/\/www.infobae.com\/resizer\/v2\/ROFUS5IKWFAPJBRIULMPWLLPJU.jpg?auth=58ba818a150ce9376e7a1dd56fab8a729fdeeb589313e25a53b30de538aafda7&amp;smart=true&amp;width=350&amp;height=233&amp;quality=85\" media=\"(min-width: 80px)\" \/><img decoding=\"async\" loading=\"lazy\" class=\"global-image\" src=\"https:\/\/www.infobae.com\/resizer\/v2\/ROFUS5IKWFAPJBRIULMPWLLPJU.jpg?auth=58ba818a150ce9376e7a1dd56fab8a729fdeeb589313e25a53b30de538aafda7&amp;smart=true&amp;width=350&amp;height=233&amp;quality=85\" alt=\"Morgue en Kahrizak tras la\" width=\"3051\" height=\"2034\" \/><\/picture><em>Morgue en Kahrizak tras la represi\u00f3n de enero de 2026. Larijani fue el arquitecto de esta ofensiva que dej\u00f3 hasta 36.500 muertos civiles seg\u00fan estimaciones. (UGC v\u00eda AP)<\/em><\/div>\n<p class=\"paragraph\" data-mrf-recirculation=\"Links inline\">Esta actuaci\u00f3n le vali\u00f3<b>\u00a0sanciones personales por parte de Estados Unidos<\/b>, un castigo casi ir\u00f3nico para un hombre que en su juventud acad\u00e9mica se sumergi\u00f3 en las ideas occidentales de libertad y raz\u00f3n.<\/p>\n<p class=\"paragraph\" data-mrf-recirculation=\"Links inline\">El profesor Lior Sternfeld, experto en Ir\u00e1n de la Universidad Penn State, resumi\u00f3 su figura en declaraciones a\u00a0<i>Haaretz<\/i>: \u201cNo es el primero en la historia que fue un hombre de letras y se convirti\u00f3 en un opresor brutal.\u00a0<b>Es un ide\u00f3logo profundo, e hizo algo asesino en nombre de la ideolog\u00eda.\u201d<\/b><\/p>\n<h2 class=\"header headline-class-h2 headline\">Una estirpe de poder: los \u201cKennedy de Ir\u00e1n\u201d<\/h2>\n<div class=\"visual__image\"><picture><source srcset=\"https:\/\/www.infobae.com\/resizer\/v2\/T3ELFFMIKBC4PJ23Q2I5FZZNDU.JPG?auth=738819a072048241a1077bdb9ee4347c14d115907e262c3ce94af7b9c3c421ed&amp;smart=true&amp;width=992&amp;height=661&amp;quality=85\" media=\"(min-width: 1000px)\" \/><source srcset=\"https:\/\/www.infobae.com\/resizer\/v2\/T3ELFFMIKBC4PJ23Q2I5FZZNDU.JPG?auth=738819a072048241a1077bdb9ee4347c14d115907e262c3ce94af7b9c3c421ed&amp;smart=true&amp;width=768&amp;height=512&amp;quality=85\" media=\"(min-width: 768px)\" \/><source srcset=\"https:\/\/www.infobae.com\/resizer\/v2\/T3ELFFMIKBC4PJ23Q2I5FZZNDU.JPG?auth=738819a072048241a1077bdb9ee4347c14d115907e262c3ce94af7b9c3c421ed&amp;smart=true&amp;width=577&amp;height=385&amp;quality=85\" media=\"(min-width: 580px)\" \/><source srcset=\"https:\/\/www.infobae.com\/resizer\/v2\/T3ELFFMIKBC4PJ23Q2I5FZZNDU.JPG?auth=738819a072048241a1077bdb9ee4347c14d115907e262c3ce94af7b9c3c421ed&amp;smart=true&amp;width=420&amp;height=280&amp;quality=85\" media=\"(min-width: 350px)\" \/><source srcset=\"https:\/\/www.infobae.com\/resizer\/v2\/T3ELFFMIKBC4PJ23Q2I5FZZNDU.JPG?auth=738819a072048241a1077bdb9ee4347c14d115907e262c3ce94af7b9c3c421ed&amp;smart=true&amp;width=350&amp;height=233&amp;quality=85\" media=\"(min-width: 80px)\" \/><img decoding=\"async\" loading=\"lazy\" class=\"global-image\" src=\"https:\/\/www.infobae.com\/resizer\/v2\/T3ELFFMIKBC4PJ23Q2I5FZZNDU.JPG?auth=738819a072048241a1077bdb9ee4347c14d115907e262c3ce94af7b9c3c421ed&amp;smart=true&amp;width=350&amp;height=233&amp;quality=85\" alt=\"Larijani en un acto de\" width=\"3984\" height=\"2656\" \/><\/picture><em>Larijani en un acto de Hezbollah en 2025. Veterano de los Guardias de la Revoluci\u00f3n, sirvi\u00f3 como enviado de confianza del r\u00e9gimen ante el grupo liban\u00e9s. (REUTERS\/Mohamed Azakir\/Foto de archivo)<\/em><\/div>\n<p class=\"paragraph\" data-mrf-recirculation=\"Links inline\">Larijani naci\u00f3 en 1957 en\u00a0<b>Najaf<\/b>, Iraq, en el seno de una\u00a0<b>familia\u00a0<\/b>que ha sido descrita por\u00a0<i>Haaretz\u00a0<\/i>como el\u00a0<b>equivalente iran\u00ed de los Kennedy<\/b>. Su padre fue un cl\u00e9rigo de alto rango cercano al fundador de la Rep\u00fablica Isl\u00e1mica, el ayatol\u00e1\u00a0<b>Ruhollah Khomeini<\/b>.<\/p>\n<p class=\"paragraph\" data-mrf-recirculation=\"Links inline\">Sus hermanos ocuparon posiciones clave durante d\u00e9cadas: uno encabez\u00f3 el poder judicial durante diez a\u00f1os; otro fue asesor de pol\u00edtica exterior de Khaamenei; un tercero fue viceministro de Salud.\u00a0<b>Larijani se cas\u00f3 con la hija del disc\u00edpulo m\u00e1s cercano de Khomeini.<\/b><\/p>\n<p class=\"paragraph\" data-mrf-recirculation=\"Links inline\"><b>\u201cSe puede ver la huella de la familia en el sistema legal, en la pol\u00edtica, en las ciencias\u201d,<\/b>\u00a0dijo a\u00a0<i>Haaretz<\/i>\u00a0el profesor Mehrzad Boroujerdi, experto en Ir\u00e1n de la Universidad de Ciencias y Tecnolog\u00eda de Missouri.<\/p>\n<p class=\"paragraph\" data-mrf-recirculation=\"Links inline\"><b>Educado en la prestigiosa Universidad Tecnol\u00f3gica de Sharif,<\/b>\u00a0Larijani se gradu\u00f3 en\u00a0<b>matem\u00e1ticas e inform\u00e1tica\u00a0<\/b>antes de dar un giro hacia la\u00a0<b>filosof\u00eda<\/b>. Obtuvo un\u00a0<b>doctorado en filosof\u00eda occidental con una tesis sobre la filosof\u00eda matem\u00e1tica de Kant<\/b>. Public\u00f3 al menos seis libros de filosof\u00eda y dict\u00f3 clases en la Universidad de Teher\u00e1n.<\/p>\n<p class=\"paragraph\" data-mrf-recirculation=\"Links inline\">Seg\u00fan\u00a0<i>Haaretz<\/i>,\u00a0<b>Larijani era un pensador brillante que utilizaba las herramientas de la filosof\u00eda occidental para defender las premisas de su visi\u00f3n religiosa extrema<\/b>. Para \u00e9l, no hab\u00eda contradicci\u00f3n entre la ciencia y la fe; simplemente eran \u201cverdades en dominios distintos\u201d. Esa construcci\u00f3n intelectual le sirvi\u00f3 para un prop\u00f3sito pol\u00edtico concreto: justificar la coexistencia de universidades laicas y seminarios religiosos dentro del Estado iran\u00ed.<\/p>\n<h2 class=\"header headline-class-h2 headline\">Del control medi\u00e1tico a la diplomacia nuclear<\/h2>\n<div class=\"visual__image\"><picture><source srcset=\"https:\/\/www.infobae.com\/resizer\/v2\/QKZZOWM2LJGAHJABXJWLPY2OUY.JPG?auth=0cc266ba2f9266121cdf155c3bfed260450b00de282f94f292b633532abaf364&amp;smart=true&amp;width=992&amp;height=661&amp;quality=85\" media=\"(min-width: 1000px)\" \/><source srcset=\"https:\/\/www.infobae.com\/resizer\/v2\/QKZZOWM2LJGAHJABXJWLPY2OUY.JPG?auth=0cc266ba2f9266121cdf155c3bfed260450b00de282f94f292b633532abaf364&amp;smart=true&amp;width=768&amp;height=512&amp;quality=85\" media=\"(min-width: 768px)\" \/><source srcset=\"https:\/\/www.infobae.com\/resizer\/v2\/QKZZOWM2LJGAHJABXJWLPY2OUY.JPG?auth=0cc266ba2f9266121cdf155c3bfed260450b00de282f94f292b633532abaf364&amp;smart=true&amp;width=577&amp;height=385&amp;quality=85\" media=\"(min-width: 580px)\" \/><source srcset=\"https:\/\/www.infobae.com\/resizer\/v2\/QKZZOWM2LJGAHJABXJWLPY2OUY.JPG?auth=0cc266ba2f9266121cdf155c3bfed260450b00de282f94f292b633532abaf364&amp;smart=true&amp;width=420&amp;height=280&amp;quality=85\" media=\"(min-width: 350px)\" \/><source srcset=\"https:\/\/www.infobae.com\/resizer\/v2\/QKZZOWM2LJGAHJABXJWLPY2OUY.JPG?auth=0cc266ba2f9266121cdf155c3bfed260450b00de282f94f292b633532abaf364&amp;smart=true&amp;width=350&amp;height=233&amp;quality=85\" media=\"(min-width: 80px)\" \/><img decoding=\"async\" loading=\"lazy\" class=\"global-image\" src=\"https:\/\/www.infobae.com\/resizer\/v2\/QKZZOWM2LJGAHJABXJWLPY2OUY.JPG?auth=0cc266ba2f9266121cdf155c3bfed260450b00de282f94f292b633532abaf364&amp;smart=true&amp;width=350&amp;height=233&amp;quality=85\" alt=\"Larijani en su registro presidencial\" width=\"4681\" height=\"3121\" \/><\/picture><em>Larijani en su registro presidencial de 2024. Pese a su poder, su candidatura fue descalificada dos veces por el r\u00e9gimen debido a su perfil menos extremista. (Majid Asgaripour\/WANA v\u00eda REUTERS\/Foto de archivo)<\/em><\/div>\n<p class=\"paragraph\" data-mrf-recirculation=\"Links inline\"><b>Su ascenso fue mete\u00f3rico<\/b>. Veterano de los Guardias de la Revoluci\u00f3n durante la guerra Ir\u00e1n-Irak en los a\u00f1os 80, Larijani ascendi\u00f3 a brigadier general antes de dar el salto a la pol\u00edtica. En la d\u00e9cada de 1990, como\u00a0<b>ministro de Cultura\u00a0<\/b>y m\u00e1s tarde<b>\u00a0jefe de la radiodifusi\u00f3n estatal (IRIB)<\/b>, Larijani perfeccion\u00f3 el uso de la\u00a0<b>comunicaci\u00f3n como arma de control social<\/b>. Expandi\u00f3 la red de propaganda, cerr\u00f3 espacios a intelectuales progresistas y utiliz\u00f3 la televisi\u00f3n para emitir \u201cconfesiones\u201d y ataques contra opositores.<\/p>\n<p class=\"paragraph\" data-mrf-recirculation=\"Links inline\"><b>Fue tambi\u00e9n el rostro de la diplomacia iran\u00ed en tiempos de tensi\u00f3n<\/b>. Como<b>\u00a0principal negociador nuclear entre 2005 y 2007<\/b>, y luego como<b>\u00a0presidente del Parlamento durante doce a\u00f1os<\/b>\u00a0(2008-2020), Larijani demostr\u00f3 ser un\u00a0<b>operador astuto<\/b>.<\/p>\n<p class=\"paragraph\" data-mrf-recirculation=\"Links inline\"><b>\u201cLarijani es un verdadero \u2018insider\u2019, un operador h\u00e1bil que entiende c\u00f3mo funciona el sistema\u201d<\/b>, coment\u00f3 a la\u00a0<i>AFP\u00a0<\/i>Ali Vaez, director del proyecto Ir\u00e1n del Crisis Group, antes del conflicto actual.<\/p>\n<p class=\"paragraph\" data-mrf-recirculation=\"Links inline\"><b>Apoy\u00f3 el acuerdo nuclear de 2015 con las potencias mundiales<\/b>, no por una vocaci\u00f3n reformista, sino por la convicci\u00f3n pragm\u00e1tica de que la econom\u00eda iran\u00ed necesitaba alivio para que el r\u00e9gimen perdurara. En marzo de 2025,\u00a0<b>advirti\u00f3 que una presi\u00f3n externa sostenida podr\u00eda modificar la postura nuclear de Ir\u00e1n<\/b>. \u201cNo nos estamos moviendo hacia las armas, pero si hacen algo incorrecto en el tema nuclear iran\u00ed, forzar\u00e1n a Ir\u00e1n a moverse en esa direcci\u00f3n porque tendr\u00e1 que defenderse\u201d, dijo a la televisi\u00f3n estatal.<\/p>\n<p class=\"paragraph\" data-mrf-recirculation=\"Links inline\">Sus intentos de postularse a la presidencia en 2021 y 2024 fueron descalificados por las autoridades del r\u00e9gimen, que consideraron su estilo de vida insuficientemente devoto.<\/p>\n<h2 class=\"header headline-class-h2 headline\">\u00bfEl final de un \u201crey fil\u00f3sofo\u201d?<\/h2>\n<div class=\"visual__image\"><picture><source srcset=\"https:\/\/www.infobae.com\/resizer\/v2\/QUMSVZXWM5HWXNMKLUZDLV4XCE.jpg?auth=c3e40076286689a3c6c0e25a9c22bfb91ac60b454637c1033ba3b7a03bebb93f&amp;smart=true&amp;width=992&amp;height=661&amp;quality=85\" media=\"(min-width: 1000px)\" \/><source srcset=\"https:\/\/www.infobae.com\/resizer\/v2\/QUMSVZXWM5HWXNMKLUZDLV4XCE.jpg?auth=c3e40076286689a3c6c0e25a9c22bfb91ac60b454637c1033ba3b7a03bebb93f&amp;smart=true&amp;width=768&amp;height=512&amp;quality=85\" media=\"(min-width: 768px)\" \/><source srcset=\"https:\/\/www.infobae.com\/resizer\/v2\/QUMSVZXWM5HWXNMKLUZDLV4XCE.jpg?auth=c3e40076286689a3c6c0e25a9c22bfb91ac60b454637c1033ba3b7a03bebb93f&amp;smart=true&amp;width=577&amp;height=385&amp;quality=85\" media=\"(min-width: 580px)\" \/><source srcset=\"https:\/\/www.infobae.com\/resizer\/v2\/QUMSVZXWM5HWXNMKLUZDLV4XCE.jpg?auth=c3e40076286689a3c6c0e25a9c22bfb91ac60b454637c1033ba3b7a03bebb93f&amp;smart=true&amp;width=420&amp;height=280&amp;quality=85\" media=\"(min-width: 350px)\" \/><source srcset=\"https:\/\/www.infobae.com\/resizer\/v2\/QUMSVZXWM5HWXNMKLUZDLV4XCE.jpg?auth=c3e40076286689a3c6c0e25a9c22bfb91ac60b454637c1033ba3b7a03bebb93f&amp;smart=true&amp;width=350&amp;height=233&amp;quality=85\" media=\"(min-width: 80px)\" \/><img decoding=\"async\" loading=\"lazy\" class=\"global-image\" src=\"https:\/\/www.infobae.com\/resizer\/v2\/QUMSVZXWM5HWXNMKLUZDLV4XCE.jpg?auth=c3e40076286689a3c6c0e25a9c22bfb91ac60b454637c1033ba3b7a03bebb93f&amp;smart=true&amp;width=350&amp;height=233&amp;quality=85\" alt=\"Larijani en el aeropuerto de\" width=\"7259\" height=\"4839\" \/><\/picture><em>Larijani en el aeropuerto de Beirut en 2025. Tras la muerte de Khamenei, se convirti\u00f3 en el hombre m\u00e1s poderoso del r\u00e9gimen en seguridad y pol\u00edtica exterior. (AP Foto\/Bilal Hussein\/Archivo)<\/em><\/div>\n<p class=\"paragraph\" data-mrf-recirculation=\"Links inline\">Tras la muerte de Khamenei,<b>\u00a0Larijani se convirti\u00f3 en el hombre m\u00e1s visible del r\u00e9gimen.<\/b>\u00a0La semana pasada hab\u00eda sido fotografiado entre la multitud en una manifestaci\u00f3n pro-gubernamental en Teher\u00e1n.<\/p>\n<p class=\"paragraph\" data-mrf-recirculation=\"Links inline\">M\u00e1s all\u00e1 de su rol represivo,\u00a0<b>Larijani era adem\u00e1s considerado el \u00faltimo gran conservador pragm\u00e1tico<\/b>\u00a0con capacidad para dialogar con el mundo. A lo largo de dos d\u00e9cadas de diplomacia nuclear, mantuvo contacto directo con intermediarios de la\u00a0<b>Uni\u00f3n Europea<\/b>,\u00a0<b>Rusia\u00a0<\/b>y\u00a0<b>Om\u00e1n<\/b>. Su apoyo al acuerdo nuclear de 2015 fue clave para lograr el consenso interno, convencido de que la supervivencia del Estado depend\u00eda del alivio de las sanciones.<\/p>\n<p class=\"paragraph\" data-mrf-recirculation=\"Links inline\">En los \u00faltimos d\u00edas,\u00a0<b>Larijani se mantuvo activo en las redes sociales<\/b>, utilizando su fluidez en ingl\u00e9s para dirigirse directamente a la audiencia estadounidense.\u00a0<b>\u201cTrump ha traicionado \u2018America First\u2019 para adoptar \u2018Israel First\u2019\u201d<\/b>, escribi\u00f3 en X, en un intento de explotar las divisiones pol\u00edticas en Washington. Hace una semana, afirm\u00f3 que las advertencias de<b>\u00a0Donald Trump\u00a0<\/b>contra Ir\u00e1n estaban \u201cvac\u00edas\u201d y le inst\u00f3 a<b>\u00a0vigilar su espalda porque podr\u00eda \u201cser eliminado\u201d.<\/b><\/p>\n<p class=\"paragraph\" data-mrf-recirculation=\"Links inline\">En un momento en que el r\u00e9gimen enfrenta las tensiones de una sucesi\u00f3n en tiempos de guerra, la p\u00e9rdida de Larijani dejar\u00eda un vac\u00edo t\u00e9cnico y pol\u00edtico. Analistas coinciden en que\u00a0<b>su manejo de los resortes del poder y su credibilidad transversal entre las distintas facciones no serian f\u00e1ciles de reemplazar<\/b>.<\/p>\n<p class=\"paragraph\" data-mrf-recirculation=\"Links inline\">Tras el ataque israel\u00ed, su oficina difundi\u00f3 una nota manuscrita en la que rend\u00eda homenaje a los marinos muertos en combate. Algunos interpretaron el mensaje como una \u201cprueba de vida\u201d, pero el ministro de Defensa israel\u00ed,\u00a0<b>Israel Katz<\/b>, fue categ\u00f3rico al confirmar su eliminaci\u00f3n: \u201cSe unieron a Khamenei y a todos los miembros del eje del mal en las profundidades del infierno\u201d.<\/p>\n<p data-mrf-recirculation=\"Links inline\">(<em>Con informaci\u00f3n de Infobae<\/em>)<\/p>\n<\/div>\n<p data-mrf-recirculation=\"Links inline\">\n","protected":false},"excerpt":{"rendered":"<p>Estudioso de Kant y arquitecto de las matanzas de enero, el jefe de seguridad del r\u00e9gimen persa combin\u00f3 como pocos la vida intelectual con el ejercicio despiadado del poder. Israel anunci\u00f3 su muerte este martes tras un ataque sobre Teher\u00e1n Durante d\u00e9cadas,\u00a0Ali Larijani fue el hombre de las mil facetas en la Rep\u00fablica Isl\u00e1mica: el [&hellip;]<\/p>\n","protected":false},"author":1,"featured_media":91654,"comment_status":"open","ping_status":"open","sticky":false,"template":"","format":"standard","meta":{"om_disable_all_campaigns":false,"_mi_skip_tracking":false},"categories":[2],"tags":[],"yoast_head":"<!-- This site is optimized with the Yoast SEO plugin v20.5 - https:\/\/yoast.com\/wordpress\/plugins\/seo\/ -->\n<title>Qui\u00e9n era Al\u00ed Larijani, el fil\u00f3sofo del poder teocr\u00e1tico iran\u00ed que ejecut\u00f3 una represi\u00f3n brutal - The citizen for the world<\/title>\n<meta name=\"robots\" content=\"index, follow, max-snippet:-1, max-image-preview:large, max-video-preview:-1\" \/>\n<link rel=\"canonical\" href=\"https:\/\/thecitizenfortheworld.com\/?p=91653\" \/>\n<meta property=\"og:locale\" content=\"es_ES\" \/>\n<meta property=\"og:type\" content=\"article\" \/>\n<meta property=\"og:title\" content=\"Qui\u00e9n era Al\u00ed Larijani, el fil\u00f3sofo del poder teocr\u00e1tico iran\u00ed que ejecut\u00f3 una represi\u00f3n brutal - The citizen for the world\" \/>\n<meta property=\"og:description\" content=\"Estudioso de Kant y arquitecto de las matanzas de enero, el jefe de seguridad del r\u00e9gimen persa combin\u00f3 como pocos la vida intelectual con el ejercicio despiadado del poder. Israel anunci\u00f3 su muerte este martes tras un ataque sobre Teher\u00e1n Durante d\u00e9cadas,\u00a0Ali Larijani fue el hombre de las mil facetas en la Rep\u00fablica Isl\u00e1mica: el [&hellip;]\" \/>\n<meta property=\"og:url\" content=\"https:\/\/thecitizenfortheworld.com\/?p=91653\" \/>\n<meta property=\"og:site_name\" content=\"The citizen for the world\" \/>\n<meta property=\"article:publisher\" content=\"https:\/\/www.facebook.com\/thecitizenfortheworld\" \/>\n<meta property=\"article:published_time\" content=\"2026-03-17T16:31:11+00:00\" \/>\n<meta property=\"og:image\" content=\"https:\/\/thecitizenfortheworld.com\/wp-content\/uploads\/2026\/03\/Ali-Larijani.jpg\" \/>\n\t<meta property=\"og:image:width\" content=\"992\" \/>\n\t<meta property=\"og:image:height\" content=\"661\" \/>\n\t<meta property=\"og:image:type\" content=\"image\/jpeg\" \/>\n<meta name=\"author\" content=\"thecitizenfortheworld23@gmail.com\" \/>\n<meta name=\"twitter:card\" content=\"summary_large_image\" \/>\n<meta name=\"twitter:label1\" content=\"Escrito por\" \/>\n\t<meta name=\"twitter:data1\" content=\"thecitizenfortheworld23@gmail.com\" \/>\n\t<meta name=\"twitter:label2\" content=\"Tiempo estimado de lectura\" \/>\n\t<meta name=\"twitter:data2\" content=\"8 minutos\" \/>\n<script type=\"application\/ld+json\" class=\"yoast-schema-graph\">{\"@context\":\"https:\/\/schema.org\",\"@graph\":[{\"@type\":\"Article\",\"@id\":\"https:\/\/thecitizenfortheworld.com\/?p=91653#article\",\"isPartOf\":{\"@id\":\"https:\/\/thecitizenfortheworld.com\/?p=91653\"},\"author\":{\"name\":\"thecitizenfortheworld23@gmail.com\",\"@id\":\"https:\/\/thecitizenfortheworld.com\/#\/schema\/person\/1f6b82847278ca8d344c472822b5b66f\"},\"headline\":\"Qui\u00e9n era Al\u00ed Larijani, el fil\u00f3sofo del poder teocr\u00e1tico iran\u00ed que ejecut\u00f3 una represi\u00f3n brutal\",\"datePublished\":\"2026-03-17T16:31:11+00:00\",\"dateModified\":\"2026-03-17T16:31:11+00:00\",\"mainEntityOfPage\":{\"@id\":\"https:\/\/thecitizenfortheworld.com\/?p=91653\"},\"wordCount\":1518,\"commentCount\":0,\"publisher\":{\"@id\":\"https:\/\/thecitizenfortheworld.com\/#organization\"},\"articleSection\":[\"Internacionales\"],\"inLanguage\":\"es-CO\",\"potentialAction\":[{\"@type\":\"CommentAction\",\"name\":\"Comment\",\"target\":[\"https:\/\/thecitizenfortheworld.com\/?p=91653#respond\"]}]},{\"@type\":\"WebPage\",\"@id\":\"https:\/\/thecitizenfortheworld.com\/?p=91653\",\"url\":\"https:\/\/thecitizenfortheworld.com\/?p=91653\",\"name\":\"Qui\u00e9n era Al\u00ed Larijani, el fil\u00f3sofo del poder teocr\u00e1tico iran\u00ed que ejecut\u00f3 una represi\u00f3n brutal - The citizen for the world\",\"isPartOf\":{\"@id\":\"https:\/\/thecitizenfortheworld.com\/#website\"},\"datePublished\":\"2026-03-17T16:31:11+00:00\",\"dateModified\":\"2026-03-17T16:31:11+00:00\",\"breadcrumb\":{\"@id\":\"https:\/\/thecitizenfortheworld.com\/?p=91653#breadcrumb\"},\"inLanguage\":\"es-CO\",\"potentialAction\":[{\"@type\":\"ReadAction\",\"target\":[\"https:\/\/thecitizenfortheworld.com\/?p=91653\"]}]},{\"@type\":\"BreadcrumbList\",\"@id\":\"https:\/\/thecitizenfortheworld.com\/?p=91653#breadcrumb\",\"itemListElement\":[{\"@type\":\"ListItem\",\"position\":1,\"name\":\"Inicio\",\"item\":\"https:\/\/thecitizenfortheworld.com\/\"},{\"@type\":\"ListItem\",\"position\":2,\"name\":\"Qui\u00e9n era Al\u00ed Larijani, el fil\u00f3sofo del poder teocr\u00e1tico iran\u00ed que ejecut\u00f3 una represi\u00f3n brutal\"}]},{\"@type\":\"WebSite\",\"@id\":\"https:\/\/thecitizenfortheworld.com\/#website\",\"url\":\"https:\/\/thecitizenfortheworld.com\/\",\"name\":\"The citizen for the world\",\"description\":\"\",\"publisher\":{\"@id\":\"https:\/\/thecitizenfortheworld.com\/#organization\"},\"potentialAction\":[{\"@type\":\"SearchAction\",\"target\":{\"@type\":\"EntryPoint\",\"urlTemplate\":\"https:\/\/thecitizenfortheworld.com\/?s={search_term_string}\"},\"query-input\":\"required name=search_term_string\"}],\"inLanguage\":\"es-CO\"},{\"@type\":\"Organization\",\"@id\":\"https:\/\/thecitizenfortheworld.com\/#organization\",\"name\":\"The citizen for the world\",\"url\":\"https:\/\/thecitizenfortheworld.com\/\",\"logo\":{\"@type\":\"ImageObject\",\"inLanguage\":\"es-CO\",\"@id\":\"https:\/\/thecitizenfortheworld.com\/#\/schema\/logo\/image\/\",\"url\":\"https:\/\/thecitizenfortheworld.com\/wp-content\/uploads\/2023\/04\/cropped-the-citizens.png\",\"contentUrl\":\"https:\/\/thecitizenfortheworld.com\/wp-content\/uploads\/2023\/04\/cropped-the-citizens.png\",\"width\":1135,\"height\":1302,\"caption\":\"The citizen for the world\"},\"image\":{\"@id\":\"https:\/\/thecitizenfortheworld.com\/#\/schema\/logo\/image\/\"},\"sameAs\":[\"https:\/\/www.facebook.com\/thecitizenfortheworld\"]},{\"@type\":\"Person\",\"@id\":\"https:\/\/thecitizenfortheworld.com\/#\/schema\/person\/1f6b82847278ca8d344c472822b5b66f\",\"name\":\"thecitizenfortheworld23@gmail.com\",\"image\":{\"@type\":\"ImageObject\",\"inLanguage\":\"es-CO\",\"@id\":\"https:\/\/thecitizenfortheworld.com\/#\/schema\/person\/image\/\",\"url\":\"https:\/\/secure.gravatar.com\/avatar\/fa0768c808e84d205962885f7091f34b?s=96&d=mm&r=pg\",\"contentUrl\":\"https:\/\/secure.gravatar.com\/avatar\/fa0768c808e84d205962885f7091f34b?s=96&d=mm&r=pg\",\"caption\":\"thecitizenfortheworld23@gmail.com\"},\"sameAs\":[\"http:\/\/thecitizenfortheworld.com\"],\"url\":\"https:\/\/thecitizenfortheworld.com\/?author=1\"}]}<\/script>\n<!-- \/ Yoast SEO plugin. -->","yoast_head_json":{"title":"Qui\u00e9n era Al\u00ed Larijani, el fil\u00f3sofo del poder teocr\u00e1tico iran\u00ed que ejecut\u00f3 una represi\u00f3n brutal - The citizen for the world","robots":{"index":"index","follow":"follow","max-snippet":"max-snippet:-1","max-image-preview":"max-image-preview:large","max-video-preview":"max-video-preview:-1"},"canonical":"https:\/\/thecitizenfortheworld.com\/?p=91653","og_locale":"es_ES","og_type":"article","og_title":"Qui\u00e9n era Al\u00ed Larijani, el fil\u00f3sofo del poder teocr\u00e1tico iran\u00ed que ejecut\u00f3 una represi\u00f3n brutal - The citizen for the world","og_description":"Estudioso de Kant y arquitecto de las matanzas de enero, el jefe de seguridad del r\u00e9gimen persa combin\u00f3 como pocos la vida intelectual con el ejercicio despiadado del poder. Israel anunci\u00f3 su muerte este martes tras un ataque sobre Teher\u00e1n Durante d\u00e9cadas,\u00a0Ali Larijani fue el hombre de las mil facetas en la Rep\u00fablica Isl\u00e1mica: el [&hellip;]","og_url":"https:\/\/thecitizenfortheworld.com\/?p=91653","og_site_name":"The citizen for the world","article_publisher":"https:\/\/www.facebook.com\/thecitizenfortheworld","article_published_time":"2026-03-17T16:31:11+00:00","og_image":[{"width":992,"height":661,"url":"https:\/\/thecitizenfortheworld.com\/wp-content\/uploads\/2026\/03\/Ali-Larijani.jpg","type":"image\/jpeg"}],"author":"thecitizenfortheworld23@gmail.com","twitter_card":"summary_large_image","twitter_misc":{"Escrito por":"thecitizenfortheworld23@gmail.com","Tiempo estimado de lectura":"8 minutos"},"schema":{"@context":"https:\/\/schema.org","@graph":[{"@type":"Article","@id":"https:\/\/thecitizenfortheworld.com\/?p=91653#article","isPartOf":{"@id":"https:\/\/thecitizenfortheworld.com\/?p=91653"},"author":{"name":"thecitizenfortheworld23@gmail.com","@id":"https:\/\/thecitizenfortheworld.com\/#\/schema\/person\/1f6b82847278ca8d344c472822b5b66f"},"headline":"Qui\u00e9n era Al\u00ed Larijani, el fil\u00f3sofo del poder teocr\u00e1tico iran\u00ed que ejecut\u00f3 una represi\u00f3n brutal","datePublished":"2026-03-17T16:31:11+00:00","dateModified":"2026-03-17T16:31:11+00:00","mainEntityOfPage":{"@id":"https:\/\/thecitizenfortheworld.com\/?p=91653"},"wordCount":1518,"commentCount":0,"publisher":{"@id":"https:\/\/thecitizenfortheworld.com\/#organization"},"articleSection":["Internacionales"],"inLanguage":"es-CO","potentialAction":[{"@type":"CommentAction","name":"Comment","target":["https:\/\/thecitizenfortheworld.com\/?p=91653#respond"]}]},{"@type":"WebPage","@id":"https:\/\/thecitizenfortheworld.com\/?p=91653","url":"https:\/\/thecitizenfortheworld.com\/?p=91653","name":"Qui\u00e9n era Al\u00ed Larijani, el fil\u00f3sofo del poder teocr\u00e1tico iran\u00ed que ejecut\u00f3 una represi\u00f3n brutal - The citizen for the world","isPartOf":{"@id":"https:\/\/thecitizenfortheworld.com\/#website"},"datePublished":"2026-03-17T16:31:11+00:00","dateModified":"2026-03-17T16:31:11+00:00","breadcrumb":{"@id":"https:\/\/thecitizenfortheworld.com\/?p=91653#breadcrumb"},"inLanguage":"es-CO","potentialAction":[{"@type":"ReadAction","target":["https:\/\/thecitizenfortheworld.com\/?p=91653"]}]},{"@type":"BreadcrumbList","@id":"https:\/\/thecitizenfortheworld.com\/?p=91653#breadcrumb","itemListElement":[{"@type":"ListItem","position":1,"name":"Inicio","item":"https:\/\/thecitizenfortheworld.com\/"},{"@type":"ListItem","position":2,"name":"Qui\u00e9n era Al\u00ed Larijani, el fil\u00f3sofo del poder teocr\u00e1tico iran\u00ed que ejecut\u00f3 una represi\u00f3n brutal"}]},{"@type":"WebSite","@id":"https:\/\/thecitizenfortheworld.com\/#website","url":"https:\/\/thecitizenfortheworld.com\/","name":"The citizen for the world","description":"","publisher":{"@id":"https:\/\/thecitizenfortheworld.com\/#organization"},"potentialAction":[{"@type":"SearchAction","target":{"@type":"EntryPoint","urlTemplate":"https:\/\/thecitizenfortheworld.com\/?s={search_term_string}"},"query-input":"required name=search_term_string"}],"inLanguage":"es-CO"},{"@type":"Organization","@id":"https:\/\/thecitizenfortheworld.com\/#organization","name":"The citizen for the world","url":"https:\/\/thecitizenfortheworld.com\/","logo":{"@type":"ImageObject","inLanguage":"es-CO","@id":"https:\/\/thecitizenfortheworld.com\/#\/schema\/logo\/image\/","url":"https:\/\/thecitizenfortheworld.com\/wp-content\/uploads\/2023\/04\/cropped-the-citizens.png","contentUrl":"https:\/\/thecitizenfortheworld.com\/wp-content\/uploads\/2023\/04\/cropped-the-citizens.png","width":1135,"height":1302,"caption":"The citizen for the world"},"image":{"@id":"https:\/\/thecitizenfortheworld.com\/#\/schema\/logo\/image\/"},"sameAs":["https:\/\/www.facebook.com\/thecitizenfortheworld"]},{"@type":"Person","@id":"https:\/\/thecitizenfortheworld.com\/#\/schema\/person\/1f6b82847278ca8d344c472822b5b66f","name":"thecitizenfortheworld23@gmail.com","image":{"@type":"ImageObject","inLanguage":"es-CO","@id":"https:\/\/thecitizenfortheworld.com\/#\/schema\/person\/image\/","url":"https:\/\/secure.gravatar.com\/avatar\/fa0768c808e84d205962885f7091f34b?s=96&d=mm&r=pg","contentUrl":"https:\/\/secure.gravatar.com\/avatar\/fa0768c808e84d205962885f7091f34b?s=96&d=mm&r=pg","caption":"thecitizenfortheworld23@gmail.com"},"sameAs":["http:\/\/thecitizenfortheworld.com"],"url":"https:\/\/thecitizenfortheworld.com\/?author=1"}]}},"_links":{"self":[{"href":"https:\/\/thecitizenfortheworld.com\/index.php?rest_route=\/wp\/v2\/posts\/91653"}],"collection":[{"href":"https:\/\/thecitizenfortheworld.com\/index.php?rest_route=\/wp\/v2\/posts"}],"about":[{"href":"https:\/\/thecitizenfortheworld.com\/index.php?rest_route=\/wp\/v2\/types\/post"}],"author":[{"embeddable":true,"href":"https:\/\/thecitizenfortheworld.com\/index.php?rest_route=\/wp\/v2\/users\/1"}],"replies":[{"embeddable":true,"href":"https:\/\/thecitizenfortheworld.com\/index.php?rest_route=%2Fwp%2Fv2%2Fcomments&post=91653"}],"version-history":[{"count":1,"href":"https:\/\/thecitizenfortheworld.com\/index.php?rest_route=\/wp\/v2\/posts\/91653\/revisions"}],"predecessor-version":[{"id":91655,"href":"https:\/\/thecitizenfortheworld.com\/index.php?rest_route=\/wp\/v2\/posts\/91653\/revisions\/91655"}],"wp:featuredmedia":[{"embeddable":true,"href":"https:\/\/thecitizenfortheworld.com\/index.php?rest_route=\/wp\/v2\/media\/91654"}],"wp:attachment":[{"href":"https:\/\/thecitizenfortheworld.com\/index.php?rest_route=%2Fwp%2Fv2%2Fmedia&parent=91653"}],"wp:term":[{"taxonomy":"category","embeddable":true,"href":"https:\/\/thecitizenfortheworld.com\/index.php?rest_route=%2Fwp%2Fv2%2Fcategories&post=91653"},{"taxonomy":"post_tag","embeddable":true,"href":"https:\/\/thecitizenfortheworld.com\/index.php?rest_route=%2Fwp%2Fv2%2Ftags&post=91653"}],"curies":[{"name":"wp","href":"https:\/\/api.w.org\/{rel}","templated":true}]}}