{"id":91641,"date":"2026-03-14T15:27:01","date_gmt":"2026-03-14T20:27:01","guid":{"rendered":"https:\/\/thecitizenfortheworld.com\/?p=91641"},"modified":"2026-03-14T15:27:01","modified_gmt":"2026-03-14T20:27:01","slug":"el-regimen-de-iran-advirtio-que-ucrania-se-convirtio-en-un-objetivo-legitimo-por-enviar-a-sus-expertos-en-drones-a-medio-oriente","status":"publish","type":"post","link":"https:\/\/thecitizenfortheworld.com\/?p=91641","title":{"rendered":"El r\u00e9gimen de Ir\u00e1n advirti\u00f3 que Ucrania se convirti\u00f3 en un \u201cobjetivo leg\u00edtimo\u201d por enviar a sus expertos en drones a Medio Oriente"},"content":{"rendered":"<p>Ebrahim Azizi, presidente de la Comisi\u00f3n de Seguridad Nacional del Parlamento iran\u00ed, dijo que Kiev \u201cse ha involucrado de facto en la guerra\u201d con su respaldo a Israel<\/p>\n<p>El r\u00e9gimen de Ir\u00e1n amenaz\u00f3 este s\u00e1bado con posibles ataques contra Ucrania por su respaldo a Israel en medio del\u00a0<a title=\"https:\/\/www.infobae.com\/america\/mundo\/2026\/03\/14\/en-vivo-israel-y-estados-unidos-atacan-iran\/\" href=\"https:\/\/www.infobae.com\/america\/mundo\/2026\/03\/14\/en-vivo-israel-y-estados-unidos-atacan-iran\/\" target=\"_blank\" rel=\"noopener noreferrer\" data-mrf-link=\"https:\/\/www.infobae.com\/america\/mundo\/2026\/03\/14\/en-vivo-israel-y-estados-unidos-atacan-iran\/\">conflicto en Medio Oriente<\/a>.<\/p>\n<p class=\"paragraph\" data-mrf-recirculation=\"Links inline\">El presidente de la Comisi\u00f3n de Seguridad Nacional del Parlamento iran\u00ed,\u00a0<b>Ebrahim Azizi<\/b>, afirm\u00f3 que Kiev, al proporcionar asistencia con drones a Israel,<a title=\"https:\/\/www.infobae.com\/america\/mundo\/2026\/03\/14\/en-vivo-israel-y-estados-unidos-atacan-iran\/\" href=\"https:\/\/www.infobae.com\/america\/mundo\/2026\/03\/14\/en-vivo-israel-y-estados-unidos-atacan-iran\/\" target=\"_blank\" rel=\"noopener noreferrer\" data-mrf-link=\"https:\/\/www.infobae.com\/america\/mundo\/2026\/03\/14\/en-vivo-israel-y-estados-unidos-atacan-iran\/\">\u00a0se ha involucrado en la guerra<\/a>\u00a0y<b>\u00a0se ha convertido su territorio en un \u201cobjetivo leg\u00edtimo\u201d para Ir\u00e1n.<\/b><\/p>\n<div class=\"inline ad-wrapper\">\n<div class=\"dfpAd ad-inline\">\u201cAl proporcionar apoyo con drones al r\u00e9gimen israel\u00ed,<b>\u00a0la fracasada Ucrania se ha involucrado de facto en la guerra<\/b>\u00a0y, conforme a la Carta de la ONU, ha convertido todo su territorio en un objetivo leg\u00edtimo para Ir\u00e1n\u201d, dijo el funcionario persa en X.<\/div>\n<\/div>\n<div><\/div>\n<div>Asimismo, el encargado de negocios iran\u00ed en<b>\u00a0<\/b>Ucrania,\u00a0<b>Shahriar Amouzegar<\/b>, calific\u00f3 este s\u00e1bado como una \u201cbroma\u201d el apoyo antidrones prometido por Kiev a los aliados de Estados Unidos en el Golfo. \u201cEn lo que respecta a las medidas adoptadas por\u00a0<i><b>Ucrania<\/b><\/i>\u00a0en Oriente Medio contra los\u00a0<i><b>drones<\/b><\/i>, las consideramos meramente una broma y un gesto puramente simb\u00f3lico&#8221;, declar\u00f3 Amouzegar en una entrevista concedida el viernes a la\u00a0<i>AFP<\/i>\u00a0en la embajada de Ir\u00e1n.<\/div>\n<div>\n<div class=\"inline_2_DSK ad-wrapper ad-desktop\">\n<div><\/div>\n<div class=\"dfpAd ad-inline\">Este viernes, el presidente ucraniano, <b>Volod\u00edmir Zelensky<\/b>, se reuni\u00f3 en Par\u00eds con\u00a0<b>Reza Pahlavi<\/b>\u00a0(opositor y residente en exilio), hijo del Sha, con el que abord\u00f3 la situaci\u00f3n en Ir\u00e1n y lo que calific\u00f3 de \u201coperaci\u00f3n de EEUU contra el r\u00e9gimen terrorista\u201d.<\/div>\n<\/div>\n<\/div>\n<div><\/div>\n<div>\n<div class=\"visual__image\"><picture><img decoding=\"async\" loading=\"lazy\" class=\"global-image\" src=\"https:\/\/www.infobae.com\/resizer\/v2\/25LGCJHPQZBKHPWTNLOYP6BWHI.JPG?auth=3d9f4c5716432f064045791cdbdf10f64240846747a09870bac2de2bb83d65d0&amp;smart=true&amp;width=350&amp;height=233&amp;quality=85\" alt=\"El presidente de Ucrania, Volod\u00edmir\" width=\"4938\" height=\"3294\" \/><\/picture><em>El presidente de Ucrania, Volod\u00edmir Zelenski, pronuncia un discurso durante una rueda de prensa conjunta con el presidente de Francia, Emmanuel Macron, en Par\u00eds, el 13 de marzo de 2026. LUDOVIC MARIN\/Pool v\u00eda REUTERS<\/em><\/div>\n<p class=\"paragraph\" data-mrf-recirculation=\"Links inline\">En su comparecencia conjunta, el presidente ucraniano record\u00f3 que Kiev ha enviado equipos de expertos a Qatar, Emiratos \u00c1rabes Unidos y Arabia Saud\u00ed para compartir su experiencia a la hora de derribar drones de dise\u00f1o iran\u00ed como los \u2018Shahed\u2019.<\/p>\n<p class=\"paragraph\" data-mrf-recirculation=\"Links inline\"><b>Zelensky afirm\u00f3 que la c\u00fapula del Estado iran\u00ed ha sufrido \u201cbajas significativas\u201d y urgi\u00f3 mayor protecci\u00f3n para el pueblo de Ir\u00e1n\u00a0<\/b>para que pueda decidir su destino sin beneficiarse Teher\u00e1n de la situaci\u00f3n actual.<\/p>\n<p class=\"paragraph\" data-mrf-recirculation=\"Links inline\">Adem\u00e1s, abog\u00f3 por m\u00e1s presi\u00f3n internacional y esfuerzos conjuntos para lograr estos fines, y manifest\u00f3 su deseo de ver \u201cun Ir\u00e1n libre\u201d que no colabore con Rusia ni desestabilice Oriente Medio, Europa y el mundo, y agradeci\u00f3 el apoyo del pr\u00edncipe heredero a la soberan\u00eda ucraniana.<\/p>\n<p class=\"paragraph\" data-mrf-recirculation=\"Links inline\">Por su parte,\u00a0<a title=\"https:\/\/www.infobae.com\/america\/mundo\/2026\/03\/14\/donald-trump-insto-a-otros-paises-a-enviar-barcos-para-asegurar-el-estrecho-de-ormuz\/\" href=\"https:\/\/www.infobae.com\/america\/mundo\/2026\/03\/14\/donald-trump-insto-a-otros-paises-a-enviar-barcos-para-asegurar-el-estrecho-de-ormuz\/\" target=\"_blank\" rel=\"noopener noreferrer\" data-mrf-link=\"https:\/\/www.infobae.com\/america\/mundo\/2026\/03\/14\/donald-trump-insto-a-otros-paises-a-enviar-barcos-para-asegurar-el-estrecho-de-ormuz\/\">el presidente de Estados Unidos,\u00a0<b>Donald Trump<\/b><\/a><b>, asegur\u00f3 este s\u00e1bado que \u201cmuchos pa\u00edses\u201d enviar\u00e1n \u201cbuques de guerra\u201d al estrecho de Ormuz\u00a0<\/b>para mantenerlo \u201cabierto y seguro\u201d tras el anuncio del nuevo l\u00edder supremo iran\u00ed, Mojatba Khamenei, de que el estrat\u00e9gico paso permanecer\u00eda cerrado.<\/p>\n<p class=\"paragraph\" data-mrf-recirculation=\"Links inline\"><b>\u201cEsperemos que China, Francia, Jap\u00f3n, Corea del Sur, el Reino Unido y otros que se ven afectados por esta restricci\u00f3n artificial env\u00eden buques a la zona para que el estrecho de Ormuz deje de ser una amenaza para una naci\u00f3n totalmente descabezada\u201d<\/b>, escribi\u00f3 Trump en su red social Truth Social.<\/p>\n<p class=\"paragraph\" data-mrf-recirculation=\"Links inline\">El mandatario presumi\u00f3 de la actuaci\u00f3n de Estados Unidos -\u201cya hemos destruido el 100% de la capacidad militar de Ir\u00e1n\u201d, afirm\u00f3-, pero advirti\u00f3 de la necesidad de ayuda internacional ya que asegur\u00f3 que a Ir\u00e1n \u201cle resulta f\u00e1cil enviar uno o dos drones, lanzar una mina o disparar un misil de corto alcance en alg\u00fan punto de este estrecho, por muy derrotados que est\u00e9n\u201d.<\/p>\n<div class=\"visual__image\"><picture><source srcset=\"https:\/\/www.infobae.com\/resizer\/v2\/YN73KHX7RZBL3C5DDJS4YK5I3I.JPG?auth=66d156ff441de4a70ab89c6a4b396c476b7c9077a823f09298d9d52d6836795c&amp;smart=true&amp;width=992&amp;height=661&amp;quality=85\" media=\"(min-width: 1000px)\" \/><source srcset=\"https:\/\/www.infobae.com\/resizer\/v2\/YN73KHX7RZBL3C5DDJS4YK5I3I.JPG?auth=66d156ff441de4a70ab89c6a4b396c476b7c9077a823f09298d9d52d6836795c&amp;smart=true&amp;width=768&amp;height=512&amp;quality=85\" media=\"(min-width: 768px)\" \/><source srcset=\"https:\/\/www.infobae.com\/resizer\/v2\/YN73KHX7RZBL3C5DDJS4YK5I3I.JPG?auth=66d156ff441de4a70ab89c6a4b396c476b7c9077a823f09298d9d52d6836795c&amp;smart=true&amp;width=577&amp;height=384&amp;quality=85\" media=\"(min-width: 580px)\" \/><source srcset=\"https:\/\/www.infobae.com\/resizer\/v2\/YN73KHX7RZBL3C5DDJS4YK5I3I.JPG?auth=66d156ff441de4a70ab89c6a4b396c476b7c9077a823f09298d9d52d6836795c&amp;smart=true&amp;width=420&amp;height=280&amp;quality=85\" media=\"(min-width: 350px)\" \/><source srcset=\"https:\/\/www.infobae.com\/resizer\/v2\/YN73KHX7RZBL3C5DDJS4YK5I3I.JPG?auth=66d156ff441de4a70ab89c6a4b396c476b7c9077a823f09298d9d52d6836795c&amp;smart=true&amp;width=350&amp;height=233&amp;quality=85\" media=\"(min-width: 80px)\" \/><img decoding=\"async\" loading=\"lazy\" class=\"global-image\" src=\"https:\/\/www.infobae.com\/resizer\/v2\/YN73KHX7RZBL3C5DDJS4YK5I3I.JPG?auth=66d156ff441de4a70ab89c6a4b396c476b7c9077a823f09298d9d52d6836795c&amp;smart=true&amp;width=350&amp;height=233&amp;quality=85\" alt=\"El presidente de EEUU, Donald\" width=\"800\" height=\"533\" \/><\/picture><\/div>\n<div class=\"visual__image\"><em>El presidente de EEUU, Donald Trump, saluda mientras aborda el Air Force One para viajar a Florida, en la Base Conjunta Andrews, Maryland, EEUU. 13 marzo 2026. REUTERS\/Kevin Lamarque<\/em><\/div>\n<p class=\"paragraph\" data-mrf-recirculation=\"Links inline\"><b>\u201cMientras tanto, Estados Unidos bombardear\u00e1 sin cesar la costa y hundir\u00e1 continuamente barcos iran\u00edes. De una forma u otra, pronto lograremos que el estrecho de Ormuz est\u00e9 ABIERTO, SEGURO y LIBRE\u201d,<\/b>\u00a0concluy\u00f3 en la red social que se ha convertido en una especie de diario de la guerra a trav\u00e9s del que cuenta los movimientos militares estadounidenses.<\/p>\n<p class=\"paragraph\" data-mrf-recirculation=\"Links inline\">Este viernes anunci\u00f3, tambi\u00e9n v\u00eda Truth Social,\u00a0<a title=\"https:\/\/www.infobae.com\/america\/mundo\/2026\/03\/14\/el-ejercito-de-eeuu-aseguro-que-en-el-ataque-contra-la-isla-irani-de-kharg-fueron-destruidos-mas-de-90-objetivos-militares\/\" href=\"https:\/\/www.infobae.com\/america\/mundo\/2026\/03\/14\/el-ejercito-de-eeuu-aseguro-que-en-el-ataque-contra-la-isla-irani-de-kharg-fueron-destruidos-mas-de-90-objetivos-militares\/\" target=\"_blank\" rel=\"noopener noreferrer\" data-mrf-link=\"https:\/\/www.infobae.com\/america\/mundo\/2026\/03\/14\/el-ejercito-de-eeuu-aseguro-que-en-el-ataque-contra-la-isla-irani-de-kharg-fueron-destruidos-mas-de-90-objetivos-militares\/\">uno de los bombardeos \u201cm\u00e1s poderosos\u201d de la historia de Oriente Medio<\/a>, contra los objetivos militares en la isla iran\u00ed de Jarg, centro de la industria petrolera de la Rep\u00fablica Isl\u00e1mica y donde se almacena el 90 % del petr\u00f3leo que el pa\u00eds exporta al mundo.<\/p>\n<p class=\"paragraph\" data-mrf-recirculation=\"Links inline\">La reacci\u00f3n iran\u00ed no se hizo esperar y este s\u00e1bado amenaz\u00f3 con destruir\u00a0<b>\u201ctoda la infraestructura petrolera, econ\u00f3mica y energ\u00e9tica relacionada con Estados Unidos\u201d<\/b>\u00a0en Oriente Medio.<\/p>\n<p class=\"paragraph\" data-mrf-recirculation=\"Links inline\">Estos movimientos han elevado la tensi\u00f3n en el paso estrat\u00e9gico de Ormuz, despu\u00e9s de que el pasado jueves en su primer mensaje p\u00fablico el nuevo l\u00edder supremo iran\u00ed, Mojtaba Jamene\u00ed, asegurara que el estrecho permanecer\u00eda cerrado como palanca de presi\u00f3n mientras continuaran los ataques estadounidenses e israel\u00edes.<\/p>\n<p class=\"paragraph\" data-mrf-recirculation=\"Links inline\">El bloqueo de Ormuz, por el que cada d\u00eda pasa en torno al 20% del petr\u00f3leo mundial, amenaza con desatar una crisis energ\u00e9tica mundial.<\/p>\n<p class=\"paragraph\" data-mrf-recirculation=\"Links inline\">Trump ha declarado que, \u201csi es necesario\u201d, la Marina de Estados Unidos comenzar\u00e1 a escoltar petroleros por el estrecho de Ormuz lo antes posible y el secretario del Tesoro de Estados Unidos, Scott Bessent, ha mencionado la posibilidad de crear una \u201ccoalici\u00f3n internacional\u201d para escoltar barcos por el paso.<\/p>\n<p class=\"paragraph\" data-mrf-recirculation=\"Links inline\"><i>(Con informaci\u00f3n de EFE)<\/i><\/p>\n<\/div>\n","protected":false},"excerpt":{"rendered":"<p>Ebrahim Azizi, presidente de la Comisi\u00f3n de Seguridad Nacional del Parlamento iran\u00ed, dijo que Kiev \u201cse ha involucrado de facto en la guerra\u201d con su respaldo a Israel El r\u00e9gimen de Ir\u00e1n amenaz\u00f3 este s\u00e1bado con posibles ataques contra Ucrania por su respaldo a Israel en medio del\u00a0conflicto en Medio Oriente. El presidente de la [&hellip;]<\/p>\n","protected":false},"author":1,"featured_media":91642,"comment_status":"open","ping_status":"open","sticky":false,"template":"","format":"standard","meta":{"om_disable_all_campaigns":false,"_mi_skip_tracking":false},"categories":[2,4],"tags":[],"yoast_head":"<!-- This site is optimized with the Yoast SEO plugin v20.5 - https:\/\/yoast.com\/wordpress\/plugins\/seo\/ -->\n<title>El r\u00e9gimen de Ir\u00e1n advirti\u00f3 que Ucrania se convirti\u00f3 en un \u201cobjetivo leg\u00edtimo\u201d por enviar a sus expertos en drones a Medio Oriente - The citizen for the world<\/title>\n<meta name=\"robots\" content=\"index, follow, max-snippet:-1, max-image-preview:large, max-video-preview:-1\" \/>\n<link rel=\"canonical\" href=\"https:\/\/thecitizenfortheworld.com\/?p=91641\" \/>\n<meta property=\"og:locale\" content=\"es_ES\" \/>\n<meta property=\"og:type\" content=\"article\" \/>\n<meta property=\"og:title\" content=\"El r\u00e9gimen de Ir\u00e1n advirti\u00f3 que Ucrania se convirti\u00f3 en un \u201cobjetivo leg\u00edtimo\u201d por enviar a sus expertos en drones a Medio Oriente - The citizen for the world\" \/>\n<meta property=\"og:description\" content=\"Ebrahim Azizi, presidente de la Comisi\u00f3n de Seguridad Nacional del Parlamento iran\u00ed, dijo que Kiev \u201cse ha involucrado de facto en la guerra\u201d con su respaldo a Israel El r\u00e9gimen de Ir\u00e1n amenaz\u00f3 este s\u00e1bado con posibles ataques contra Ucrania por su respaldo a Israel en medio del\u00a0conflicto en Medio Oriente. El presidente de la [&hellip;]\" \/>\n<meta property=\"og:url\" content=\"https:\/\/thecitizenfortheworld.com\/?p=91641\" \/>\n<meta property=\"og:site_name\" content=\"The citizen for the world\" \/>\n<meta property=\"article:publisher\" content=\"https:\/\/www.facebook.com\/thecitizenfortheworld\" \/>\n<meta property=\"article:published_time\" content=\"2026-03-14T20:27:01+00:00\" \/>\n<meta property=\"og:image\" content=\"https:\/\/thecitizenfortheworld.com\/wp-content\/uploads\/2026\/03\/Azizi.jpeg\" \/>\n\t<meta property=\"og:image:width\" content=\"162\" \/>\n\t<meta property=\"og:image:height\" content=\"95\" \/>\n\t<meta property=\"og:image:type\" content=\"image\/jpeg\" \/>\n<meta name=\"author\" content=\"thecitizenfortheworld23@gmail.com\" \/>\n<meta name=\"twitter:card\" content=\"summary_large_image\" \/>\n<meta name=\"twitter:label1\" content=\"Escrito por\" \/>\n\t<meta name=\"twitter:data1\" content=\"thecitizenfortheworld23@gmail.com\" \/>\n\t<meta name=\"twitter:label2\" content=\"Tiempo estimado de lectura\" \/>\n\t<meta name=\"twitter:data2\" content=\"5 minutos\" \/>\n<script type=\"application\/ld+json\" class=\"yoast-schema-graph\">{\"@context\":\"https:\/\/schema.org\",\"@graph\":[{\"@type\":\"Article\",\"@id\":\"https:\/\/thecitizenfortheworld.com\/?p=91641#article\",\"isPartOf\":{\"@id\":\"https:\/\/thecitizenfortheworld.com\/?p=91641\"},\"author\":{\"name\":\"thecitizenfortheworld23@gmail.com\",\"@id\":\"https:\/\/thecitizenfortheworld.com\/#\/schema\/person\/1f6b82847278ca8d344c472822b5b66f\"},\"headline\":\"El r\u00e9gimen de Ir\u00e1n advirti\u00f3 que Ucrania se convirti\u00f3 en un \u201cobjetivo leg\u00edtimo\u201d por enviar a sus expertos en drones a Medio Oriente\",\"datePublished\":\"2026-03-14T20:27:01+00:00\",\"dateModified\":\"2026-03-14T20:27:01+00:00\",\"mainEntityOfPage\":{\"@id\":\"https:\/\/thecitizenfortheworld.com\/?p=91641\"},\"wordCount\":953,\"commentCount\":0,\"publisher\":{\"@id\":\"https:\/\/thecitizenfortheworld.com\/#organization\"},\"articleSection\":[\"Internacionales\",\"Pol\u00edtica\"],\"inLanguage\":\"es-CO\",\"potentialAction\":[{\"@type\":\"CommentAction\",\"name\":\"Comment\",\"target\":[\"https:\/\/thecitizenfortheworld.com\/?p=91641#respond\"]}]},{\"@type\":\"WebPage\",\"@id\":\"https:\/\/thecitizenfortheworld.com\/?p=91641\",\"url\":\"https:\/\/thecitizenfortheworld.com\/?p=91641\",\"name\":\"El r\u00e9gimen de Ir\u00e1n advirti\u00f3 que Ucrania se convirti\u00f3 en un \u201cobjetivo leg\u00edtimo\u201d por enviar a sus expertos en drones a Medio Oriente - The citizen for the world\",\"isPartOf\":{\"@id\":\"https:\/\/thecitizenfortheworld.com\/#website\"},\"datePublished\":\"2026-03-14T20:27:01+00:00\",\"dateModified\":\"2026-03-14T20:27:01+00:00\",\"breadcrumb\":{\"@id\":\"https:\/\/thecitizenfortheworld.com\/?p=91641#breadcrumb\"},\"inLanguage\":\"es-CO\",\"potentialAction\":[{\"@type\":\"ReadAction\",\"target\":[\"https:\/\/thecitizenfortheworld.com\/?p=91641\"]}]},{\"@type\":\"BreadcrumbList\",\"@id\":\"https:\/\/thecitizenfortheworld.com\/?p=91641#breadcrumb\",\"itemListElement\":[{\"@type\":\"ListItem\",\"position\":1,\"name\":\"Inicio\",\"item\":\"https:\/\/thecitizenfortheworld.com\/\"},{\"@type\":\"ListItem\",\"position\":2,\"name\":\"El r\u00e9gimen de Ir\u00e1n advirti\u00f3 que Ucrania se convirti\u00f3 en un \u201cobjetivo leg\u00edtimo\u201d por enviar a sus expertos en drones a Medio Oriente\"}]},{\"@type\":\"WebSite\",\"@id\":\"https:\/\/thecitizenfortheworld.com\/#website\",\"url\":\"https:\/\/thecitizenfortheworld.com\/\",\"name\":\"The citizen for the world\",\"description\":\"\",\"publisher\":{\"@id\":\"https:\/\/thecitizenfortheworld.com\/#organization\"},\"potentialAction\":[{\"@type\":\"SearchAction\",\"target\":{\"@type\":\"EntryPoint\",\"urlTemplate\":\"https:\/\/thecitizenfortheworld.com\/?s={search_term_string}\"},\"query-input\":\"required name=search_term_string\"}],\"inLanguage\":\"es-CO\"},{\"@type\":\"Organization\",\"@id\":\"https:\/\/thecitizenfortheworld.com\/#organization\",\"name\":\"The citizen for the world\",\"url\":\"https:\/\/thecitizenfortheworld.com\/\",\"logo\":{\"@type\":\"ImageObject\",\"inLanguage\":\"es-CO\",\"@id\":\"https:\/\/thecitizenfortheworld.com\/#\/schema\/logo\/image\/\",\"url\":\"https:\/\/thecitizenfortheworld.com\/wp-content\/uploads\/2023\/04\/cropped-the-citizens.png\",\"contentUrl\":\"https:\/\/thecitizenfortheworld.com\/wp-content\/uploads\/2023\/04\/cropped-the-citizens.png\",\"width\":1135,\"height\":1302,\"caption\":\"The citizen for the world\"},\"image\":{\"@id\":\"https:\/\/thecitizenfortheworld.com\/#\/schema\/logo\/image\/\"},\"sameAs\":[\"https:\/\/www.facebook.com\/thecitizenfortheworld\"]},{\"@type\":\"Person\",\"@id\":\"https:\/\/thecitizenfortheworld.com\/#\/schema\/person\/1f6b82847278ca8d344c472822b5b66f\",\"name\":\"thecitizenfortheworld23@gmail.com\",\"image\":{\"@type\":\"ImageObject\",\"inLanguage\":\"es-CO\",\"@id\":\"https:\/\/thecitizenfortheworld.com\/#\/schema\/person\/image\/\",\"url\":\"https:\/\/secure.gravatar.com\/avatar\/fa0768c808e84d205962885f7091f34b?s=96&d=mm&r=pg\",\"contentUrl\":\"https:\/\/secure.gravatar.com\/avatar\/fa0768c808e84d205962885f7091f34b?s=96&d=mm&r=pg\",\"caption\":\"thecitizenfortheworld23@gmail.com\"},\"sameAs\":[\"http:\/\/thecitizenfortheworld.com\"],\"url\":\"https:\/\/thecitizenfortheworld.com\/?author=1\"}]}<\/script>\n<!-- \/ Yoast SEO plugin. -->","yoast_head_json":{"title":"El r\u00e9gimen de Ir\u00e1n advirti\u00f3 que Ucrania se convirti\u00f3 en un \u201cobjetivo leg\u00edtimo\u201d por enviar a sus expertos en drones a Medio Oriente - The citizen for the world","robots":{"index":"index","follow":"follow","max-snippet":"max-snippet:-1","max-image-preview":"max-image-preview:large","max-video-preview":"max-video-preview:-1"},"canonical":"https:\/\/thecitizenfortheworld.com\/?p=91641","og_locale":"es_ES","og_type":"article","og_title":"El r\u00e9gimen de Ir\u00e1n advirti\u00f3 que Ucrania se convirti\u00f3 en un \u201cobjetivo leg\u00edtimo\u201d por enviar a sus expertos en drones a Medio Oriente - The citizen for the world","og_description":"Ebrahim Azizi, presidente de la Comisi\u00f3n de Seguridad Nacional del Parlamento iran\u00ed, dijo que Kiev \u201cse ha involucrado de facto en la guerra\u201d con su respaldo a Israel El r\u00e9gimen de Ir\u00e1n amenaz\u00f3 este s\u00e1bado con posibles ataques contra Ucrania por su respaldo a Israel en medio del\u00a0conflicto en Medio Oriente. El presidente de la [&hellip;]","og_url":"https:\/\/thecitizenfortheworld.com\/?p=91641","og_site_name":"The citizen for the world","article_publisher":"https:\/\/www.facebook.com\/thecitizenfortheworld","article_published_time":"2026-03-14T20:27:01+00:00","og_image":[{"width":162,"height":95,"url":"https:\/\/thecitizenfortheworld.com\/wp-content\/uploads\/2026\/03\/Azizi.jpeg","type":"image\/jpeg"}],"author":"thecitizenfortheworld23@gmail.com","twitter_card":"summary_large_image","twitter_misc":{"Escrito por":"thecitizenfortheworld23@gmail.com","Tiempo estimado de lectura":"5 minutos"},"schema":{"@context":"https:\/\/schema.org","@graph":[{"@type":"Article","@id":"https:\/\/thecitizenfortheworld.com\/?p=91641#article","isPartOf":{"@id":"https:\/\/thecitizenfortheworld.com\/?p=91641"},"author":{"name":"thecitizenfortheworld23@gmail.com","@id":"https:\/\/thecitizenfortheworld.com\/#\/schema\/person\/1f6b82847278ca8d344c472822b5b66f"},"headline":"El r\u00e9gimen de Ir\u00e1n advirti\u00f3 que Ucrania se convirti\u00f3 en un \u201cobjetivo leg\u00edtimo\u201d por enviar a sus expertos en drones a Medio Oriente","datePublished":"2026-03-14T20:27:01+00:00","dateModified":"2026-03-14T20:27:01+00:00","mainEntityOfPage":{"@id":"https:\/\/thecitizenfortheworld.com\/?p=91641"},"wordCount":953,"commentCount":0,"publisher":{"@id":"https:\/\/thecitizenfortheworld.com\/#organization"},"articleSection":["Internacionales","Pol\u00edtica"],"inLanguage":"es-CO","potentialAction":[{"@type":"CommentAction","name":"Comment","target":["https:\/\/thecitizenfortheworld.com\/?p=91641#respond"]}]},{"@type":"WebPage","@id":"https:\/\/thecitizenfortheworld.com\/?p=91641","url":"https:\/\/thecitizenfortheworld.com\/?p=91641","name":"El r\u00e9gimen de Ir\u00e1n advirti\u00f3 que Ucrania se convirti\u00f3 en un \u201cobjetivo leg\u00edtimo\u201d por enviar a sus expertos en drones a Medio Oriente - The citizen for the world","isPartOf":{"@id":"https:\/\/thecitizenfortheworld.com\/#website"},"datePublished":"2026-03-14T20:27:01+00:00","dateModified":"2026-03-14T20:27:01+00:00","breadcrumb":{"@id":"https:\/\/thecitizenfortheworld.com\/?p=91641#breadcrumb"},"inLanguage":"es-CO","potentialAction":[{"@type":"ReadAction","target":["https:\/\/thecitizenfortheworld.com\/?p=91641"]}]},{"@type":"BreadcrumbList","@id":"https:\/\/thecitizenfortheworld.com\/?p=91641#breadcrumb","itemListElement":[{"@type":"ListItem","position":1,"name":"Inicio","item":"https:\/\/thecitizenfortheworld.com\/"},{"@type":"ListItem","position":2,"name":"El r\u00e9gimen de Ir\u00e1n advirti\u00f3 que Ucrania se convirti\u00f3 en un \u201cobjetivo leg\u00edtimo\u201d por enviar a sus expertos en drones a Medio Oriente"}]},{"@type":"WebSite","@id":"https:\/\/thecitizenfortheworld.com\/#website","url":"https:\/\/thecitizenfortheworld.com\/","name":"The citizen for the world","description":"","publisher":{"@id":"https:\/\/thecitizenfortheworld.com\/#organization"},"potentialAction":[{"@type":"SearchAction","target":{"@type":"EntryPoint","urlTemplate":"https:\/\/thecitizenfortheworld.com\/?s={search_term_string}"},"query-input":"required name=search_term_string"}],"inLanguage":"es-CO"},{"@type":"Organization","@id":"https:\/\/thecitizenfortheworld.com\/#organization","name":"The citizen for the world","url":"https:\/\/thecitizenfortheworld.com\/","logo":{"@type":"ImageObject","inLanguage":"es-CO","@id":"https:\/\/thecitizenfortheworld.com\/#\/schema\/logo\/image\/","url":"https:\/\/thecitizenfortheworld.com\/wp-content\/uploads\/2023\/04\/cropped-the-citizens.png","contentUrl":"https:\/\/thecitizenfortheworld.com\/wp-content\/uploads\/2023\/04\/cropped-the-citizens.png","width":1135,"height":1302,"caption":"The citizen for the world"},"image":{"@id":"https:\/\/thecitizenfortheworld.com\/#\/schema\/logo\/image\/"},"sameAs":["https:\/\/www.facebook.com\/thecitizenfortheworld"]},{"@type":"Person","@id":"https:\/\/thecitizenfortheworld.com\/#\/schema\/person\/1f6b82847278ca8d344c472822b5b66f","name":"thecitizenfortheworld23@gmail.com","image":{"@type":"ImageObject","inLanguage":"es-CO","@id":"https:\/\/thecitizenfortheworld.com\/#\/schema\/person\/image\/","url":"https:\/\/secure.gravatar.com\/avatar\/fa0768c808e84d205962885f7091f34b?s=96&d=mm&r=pg","contentUrl":"https:\/\/secure.gravatar.com\/avatar\/fa0768c808e84d205962885f7091f34b?s=96&d=mm&r=pg","caption":"thecitizenfortheworld23@gmail.com"},"sameAs":["http:\/\/thecitizenfortheworld.com"],"url":"https:\/\/thecitizenfortheworld.com\/?author=1"}]}},"_links":{"self":[{"href":"https:\/\/thecitizenfortheworld.com\/index.php?rest_route=\/wp\/v2\/posts\/91641"}],"collection":[{"href":"https:\/\/thecitizenfortheworld.com\/index.php?rest_route=\/wp\/v2\/posts"}],"about":[{"href":"https:\/\/thecitizenfortheworld.com\/index.php?rest_route=\/wp\/v2\/types\/post"}],"author":[{"embeddable":true,"href":"https:\/\/thecitizenfortheworld.com\/index.php?rest_route=\/wp\/v2\/users\/1"}],"replies":[{"embeddable":true,"href":"https:\/\/thecitizenfortheworld.com\/index.php?rest_route=%2Fwp%2Fv2%2Fcomments&post=91641"}],"version-history":[{"count":1,"href":"https:\/\/thecitizenfortheworld.com\/index.php?rest_route=\/wp\/v2\/posts\/91641\/revisions"}],"predecessor-version":[{"id":91643,"href":"https:\/\/thecitizenfortheworld.com\/index.php?rest_route=\/wp\/v2\/posts\/91641\/revisions\/91643"}],"wp:featuredmedia":[{"embeddable":true,"href":"https:\/\/thecitizenfortheworld.com\/index.php?rest_route=\/wp\/v2\/media\/91642"}],"wp:attachment":[{"href":"https:\/\/thecitizenfortheworld.com\/index.php?rest_route=%2Fwp%2Fv2%2Fmedia&parent=91641"}],"wp:term":[{"taxonomy":"category","embeddable":true,"href":"https:\/\/thecitizenfortheworld.com\/index.php?rest_route=%2Fwp%2Fv2%2Fcategories&post=91641"},{"taxonomy":"post_tag","embeddable":true,"href":"https:\/\/thecitizenfortheworld.com\/index.php?rest_route=%2Fwp%2Fv2%2Ftags&post=91641"}],"curies":[{"name":"wp","href":"https:\/\/api.w.org\/{rel}","templated":true}]}}