{"id":91638,"date":"2026-03-14T15:23:30","date_gmt":"2026-03-14T20:23:30","guid":{"rendered":"https:\/\/thecitizenfortheworld.com\/?p=91638"},"modified":"2026-03-14T15:23:30","modified_gmt":"2026-03-14T20:23:30","slug":"trump-afirmo-que-el-regimen-de-iran-busca-un-acuerdo-tras-quedar-totalmente-derrotado","status":"publish","type":"post","link":"https:\/\/thecitizenfortheworld.com\/?p=91638","title":{"rendered":"Trump afirm\u00f3 que el r\u00e9gimen de Ir\u00e1n busca un acuerdo tras quedar \u201ctotalmente derrotado\u201d"},"content":{"rendered":"<p>El mandatario estadounidense dijo que la Rep\u00fablica Isl\u00e1mica busca alcanzar un entendimiento con su administraci\u00f3n, aunque aclar\u00f3: \u201cPero no un acuerdo que yo aceptar\u00eda\u201d<\/p>\n<p>El presidente estadounidense Donald Trump afirm\u00f3 este s\u00e1bado que\u00a0<b>Ir\u00e1n<\/b>\u00a0fue \u201ctotalmente derrotado\u201d en la campa\u00f1a militar conjunta de Estados Unidos e Israel contra el r\u00e9gimen ayatollah, y asegur\u00f3 que Teher\u00e1n busca un acuerdo que \u00e9l no aceptar\u00e1.<\/p>\n<p>\u201cLos medios de comunicaci\u00f3n que difunden noticias falsas odian informar sobre el buen desempe\u00f1o del ej\u00e9rcito estadounidense contra Ir\u00e1n, que\u00a0<b>est\u00e1 totalmente derrotado y quiere un acuerdo<\/b>, \u00a1pero no un acuerdo que yo aceptar\u00eda!\u201d, escribi\u00f3 el mandatario en\u00a0<i>Truth Social<\/i>, sin ofrecer m\u00e1s detalles.<\/p>\n<p>Horas antes, se\u00f1al\u00f3 que \u201cIr\u00e1n ten\u00eda planes de apoderarse de todo Medio Oriente\u201d y \u201caniquilar por completo a Israel\u201d. \u201c<b>\u00a1Al igual que Ir\u00e1n, esos planes han fallado!<\/b>\u201d, expres\u00f3\u00a0<b>Trump<\/b>\u00a0antes de su di\u00e1logo con periodistas en el que asegur\u00f3 que \u201cpronto\u201d Estados Unidos escoltar\u00e1 petroleros por el Estrecho de Ormuz y llevar\u00e1 seguridad a la zona, supuestamente controlada por la Guardia Revolucionaria iran\u00ed.<\/p>\n<p class=\"paragraph\" data-mrf-recirculation=\"Links inline\">Desde la\u00a0<b>Base de la Fuerza A\u00e9rea Andrews en Maryland<\/b>, un reportero le consult\u00f3 al inquilino de la Casa Blanca si contin\u00faa hablando con el primer ministro israel\u00ed\u00a0<b>Benjamin Netanyahu<\/b>\u00a0y si sus objetivos eran los mismos en cuanto a poner fin a la guerra. \u201cBueno, supongo que son un poco diferentes. Son un pa\u00eds distinto al nuestro\u201d, analiz\u00f3 Trump.<\/p>\n<div class=\"visual__image\"><picture><source srcset=\"https:\/\/www.infobae.com\/resizer\/v2\/5FRWEEPMMVFD3GB4MSTQEVKYXU.jpg?auth=05b9397622410b095c120ae3e307fb47741203021a13d6074f802382751016bf&amp;smart=true&amp;width=992&amp;height=661&amp;quality=85\" media=\"(min-width: 1000px)\" \/><source srcset=\"https:\/\/www.infobae.com\/resizer\/v2\/5FRWEEPMMVFD3GB4MSTQEVKYXU.jpg?auth=05b9397622410b095c120ae3e307fb47741203021a13d6074f802382751016bf&amp;smart=true&amp;width=768&amp;height=512&amp;quality=85\" media=\"(min-width: 768px)\" \/><source srcset=\"https:\/\/www.infobae.com\/resizer\/v2\/5FRWEEPMMVFD3GB4MSTQEVKYXU.jpg?auth=05b9397622410b095c120ae3e307fb47741203021a13d6074f802382751016bf&amp;smart=true&amp;width=577&amp;height=385&amp;quality=85\" media=\"(min-width: 580px)\" \/><source srcset=\"https:\/\/www.infobae.com\/resizer\/v2\/5FRWEEPMMVFD3GB4MSTQEVKYXU.jpg?auth=05b9397622410b095c120ae3e307fb47741203021a13d6074f802382751016bf&amp;smart=true&amp;width=420&amp;height=280&amp;quality=85\" media=\"(min-width: 350px)\" \/><source srcset=\"https:\/\/www.infobae.com\/resizer\/v2\/5FRWEEPMMVFD3GB4MSTQEVKYXU.jpg?auth=05b9397622410b095c120ae3e307fb47741203021a13d6074f802382751016bf&amp;smart=true&amp;width=350&amp;height=233&amp;quality=85\" media=\"(min-width: 80px)\" \/><img decoding=\"async\" loading=\"lazy\" class=\"global-image\" src=\"https:\/\/www.infobae.com\/resizer\/v2\/5FRWEEPMMVFD3GB4MSTQEVKYXU.jpg?auth=05b9397622410b095c120ae3e307fb47741203021a13d6074f802382751016bf&amp;smart=true&amp;width=350&amp;height=233&amp;quality=85\" alt=\"El presidente Donald Trump habla\" width=\"5122\" height=\"3415\" \/><\/picture><em>El presidente Donald Trump habla con reporteros antes de abordar el helic\u00f3ptero presidencial desde la Casa Blanca, el mi\u00e9rcoles 11 de marzo de 2026, en Washington (AP\/Alex Brandon)<\/em><\/div>\n<div class=\"inline_2_DSK ad-wrapper ad-desktop\">\n<div><\/div>\n<div class=\"dfpAd ad-inline\">Por otra parte, se\u00f1al\u00f3 que Netanyahu les dir\u00eda que nunca ha habido una potencia como la de Estados Unidos. \u201cFortalec\u00ed nuestras fuerzas armadas durante mi primer mandato\u201d, record\u00f3 el republciano sobre su primer paso por el Ejecutivo estadoundiense.<\/div>\n<\/div>\n<div><\/div>\n<div>No obstante, reconoci\u00f3 no puede decir cu\u00e1nto m\u00e1s durar\u00e1 la guerra contra el r\u00e9gimen iran\u00ed y sum\u00f3: \u201cQuiero decir, tengo mi propia idea, pero \u00bfde qu\u00e9 servir\u00eda? Durar\u00e1<b>\u00a0el tiempo que sea necesario. Han sido diezmados. El pa\u00eds est\u00e1 en mal estado, todo se est\u00e1 derrumbando<\/b>\u201d.<\/div>\n<div>\n<p class=\"paragraph\" data-mrf-recirculation=\"Links inline\">El viernes por la tarde, Trump anunci\u00f3 la aniquilaci\u00f3n completa de objetivos militares en la isla iran\u00ed de Kharg. A su vez, se\u00f1al\u00f3 que la operaci\u00f3n, ordenada por \u00e9l y realizada por el Comando Central estadounidense, &#8220;<b>aniquil\u00f3 por completo todos los objetivos militares en la joya de la corona de Ir\u00e1n, la isla de Kharg<\/b>\u201c.<\/p>\n<p class=\"paragraph\" data-mrf-recirculation=\"Links inline\">El presidente estadounidense advirti\u00f3 que, aunque decidi\u00f3 no atacar la infraestructura petrolera de la isla,\u00a0<b>reconsiderar\u00e1 esa postura si Ir\u00e1n o cualquier otro actor obstaculiza el paso libre y seguro de los barcos a trav\u00e9s del Estrecho de Ormuz.<\/b><\/p>\n<div class=\"visual__image\"><picture><source srcset=\"https:\/\/www.infobae.com\/resizer\/v2\/DVRTTLV4HNACHKYULBUTSY65HM.JPG?auth=d0ee33b61dd3365b0931d3bb3f459980f9eddf0db50b829218fa446f6b46e438&amp;smart=true&amp;width=992&amp;height=661&amp;quality=85\" media=\"(min-width: 1000px)\" \/><source srcset=\"https:\/\/www.infobae.com\/resizer\/v2\/DVRTTLV4HNACHKYULBUTSY65HM.JPG?auth=d0ee33b61dd3365b0931d3bb3f459980f9eddf0db50b829218fa446f6b46e438&amp;smart=true&amp;width=768&amp;height=512&amp;quality=85\" media=\"(min-width: 768px)\" \/><source srcset=\"https:\/\/www.infobae.com\/resizer\/v2\/DVRTTLV4HNACHKYULBUTSY65HM.JPG?auth=d0ee33b61dd3365b0931d3bb3f459980f9eddf0db50b829218fa446f6b46e438&amp;smart=true&amp;width=577&amp;height=384&amp;quality=85\" media=\"(min-width: 580px)\" \/><source srcset=\"https:\/\/www.infobae.com\/resizer\/v2\/DVRTTLV4HNACHKYULBUTSY65HM.JPG?auth=d0ee33b61dd3365b0931d3bb3f459980f9eddf0db50b829218fa446f6b46e438&amp;smart=true&amp;width=420&amp;height=280&amp;quality=85\" media=\"(min-width: 350px)\" \/><source srcset=\"https:\/\/www.infobae.com\/resizer\/v2\/DVRTTLV4HNACHKYULBUTSY65HM.JPG?auth=d0ee33b61dd3365b0931d3bb3f459980f9eddf0db50b829218fa446f6b46e438&amp;smart=true&amp;width=350&amp;height=233&amp;quality=85\" media=\"(min-width: 80px)\" \/><img decoding=\"async\" loading=\"lazy\" class=\"global-image\" src=\"https:\/\/www.infobae.com\/resizer\/v2\/DVRTTLV4HNACHKYULBUTSY65HM.JPG?auth=d0ee33b61dd3365b0931d3bb3f459980f9eddf0db50b829218fa446f6b46e438&amp;smart=true&amp;width=350&amp;height=233&amp;quality=85\" alt=\"Un F-35C Lightning II de\" width=\"800\" height=\"533\" \/><\/picture><\/div>\n<div class=\"visual__image\"><em>Un F-35C Lightning II de la Infanter\u00eda de Marina de EE. UU. se prepara para realizar un aterrizaje con detenci\u00f3n en la cubierta de vuelo del portaaviones USS Abraham Lincoln (REUTERS)<\/em><\/div>\n<p class=\"paragraph\" data-mrf-recirculation=\"Links inline\">Por otra parte, remarc\u00f3 v\u00eda\u00a0<i>Truth Social<\/i>\u00a0que los ataques estadounidenses han dejado a las fuerzas iran\u00edes \u201csin capacidad alguna\u201d para defenderse y sostuvo: \u201cNo hay nada que puedan hacer al respecto\u201d. El presidente reiter\u00f3 que r\u00e9gimen iran\u00ed \u201cnunca tendr\u00e1 un arma nuclear ni la capacidad de amenazar a Estados Unidos, Oriente Pr\u00f3ximo ni al mundo\u201d. Trump inst\u00f3 a las fuerzas armadas iran\u00edes y a sus aliados a deponer las armas para \u201csalvar lo que queda de su pa\u00eds\u201d.<\/p>\n<p class=\"paragraph\" data-mrf-recirculation=\"Links inline\">En contraposici\u00f3n a sus declaraciones, Las fuerzas armadas de\u00a0<b>Ir\u00e1n<\/b>\u00a0amenazaron con destruir la infraestructura petrolera vinculada a\u00a0<b>Estados Unidos<\/b>\u00a0tras las declaraciones del presidente\u00a0<b>Donald Trump<\/b>, quien inform\u00f3 que Estados Unidos hab\u00eda bombardeado la\u00a0<b>isla de Kharg<\/b>, principal centro petrolero iran\u00ed.<\/p>\n<p class=\"paragraph\" data-mrf-recirculation=\"Links inline\">El cuartel general central del ej\u00e9rcito en\u00a0<b>Al-Anbiya<\/b>\u00a0se\u00f1al\u00f3 en un comunicado, citado por medios iran\u00edes, que la infraestructura petrolera y energ\u00e9tica de empresas que colaboran con Estados Unidos ser\u00eda \u201cdestruida de inmediato y convertida en un mont\u00f3n de cenizas\u201d si las instalaciones energ\u00e9ticas de Ir\u00e1n fueran atacadas.<\/p>\n<p class=\"paragraph\" data-mrf-recirculation=\"Links inline\">Seg\u00fan el\u00a0<b>Pent\u00e1gono<\/b>,\u00a0<b>Estados Unidos<\/b>\u00a0e\u00a0<b>Israel<\/b>\u00a0han atacado m\u00e1s de 15.000 objetivos en\u00a0<b>Ir\u00e1n<\/b>\u00a0en las \u00faltimas dos semanas. El ej\u00e9rcito israel\u00ed report\u00f3 7.600 ataques, principalmente dirigidos contra el programa de misiles iran\u00ed.<\/p>\n<div class=\"visual__image\"><picture><source srcset=\"https:\/\/www.infobae.com\/resizer\/v2\/BBTZOR6PGJF65LXHPB3VTXVLAE.jpg?auth=ef7fd52cf0634f665171ad9e85b0a51880afab7dcbeeb125a2494f3d61e778de&amp;smart=true&amp;width=992&amp;height=661&amp;quality=85\" media=\"(min-width: 1000px)\" \/><source srcset=\"https:\/\/www.infobae.com\/resizer\/v2\/BBTZOR6PGJF65LXHPB3VTXVLAE.jpg?auth=ef7fd52cf0634f665171ad9e85b0a51880afab7dcbeeb125a2494f3d61e778de&amp;smart=true&amp;width=768&amp;height=512&amp;quality=85\" media=\"(min-width: 768px)\" \/><source srcset=\"https:\/\/www.infobae.com\/resizer\/v2\/BBTZOR6PGJF65LXHPB3VTXVLAE.jpg?auth=ef7fd52cf0634f665171ad9e85b0a51880afab7dcbeeb125a2494f3d61e778de&amp;smart=true&amp;width=577&amp;height=385&amp;quality=85\" media=\"(min-width: 580px)\" \/><source srcset=\"https:\/\/www.infobae.com\/resizer\/v2\/BBTZOR6PGJF65LXHPB3VTXVLAE.jpg?auth=ef7fd52cf0634f665171ad9e85b0a51880afab7dcbeeb125a2494f3d61e778de&amp;smart=true&amp;width=420&amp;height=280&amp;quality=85\" media=\"(min-width: 350px)\" \/><source srcset=\"https:\/\/www.infobae.com\/resizer\/v2\/BBTZOR6PGJF65LXHPB3VTXVLAE.jpg?auth=ef7fd52cf0634f665171ad9e85b0a51880afab7dcbeeb125a2494f3d61e778de&amp;smart=true&amp;width=350&amp;height=233&amp;quality=85\" media=\"(min-width: 80px)\" \/><img decoding=\"async\" loading=\"lazy\" class=\"global-image\" src=\"https:\/\/www.infobae.com\/resizer\/v2\/BBTZOR6PGJF65LXHPB3VTXVLAE.jpg?auth=ef7fd52cf0634f665171ad9e85b0a51880afab7dcbeeb125a2494f3d61e778de&amp;smart=true&amp;width=350&amp;height=233&amp;quality=85\" alt=\"El secretario de Guerra de\" width=\"8220\" height=\"5480\" \/><\/picture><em>El secretario de Guerra de Estados Unidos y titular del Pent\u00e1gono, Pete Hegseth (AP\/Mark Schiefelbein)<\/em><\/div>\n<p class=\"paragraph\" data-mrf-recirculation=\"Links inline\">Ir\u00e1n intenta mostrar que mantiene el control de la guerra y que saldr\u00e1 ileso, pese a la muerte de su l\u00edder supremo,\u00a0<b>Ali Khamenei<\/b>, al inicio de la campa\u00f1a estadounidense-israel\u00ed. Su hijo,\u00a0<b>Mojtaba Khamenei<\/b>, fue designado nuevo l\u00edder supremo, aunque no ha aparecido en p\u00fablico y se informa que est\u00e1 herido.<\/p>\n<p class=\"paragraph\" data-mrf-recirculation=\"Links inline\">Desde Teher\u00e1n, la\u00a0<b>Guardia Revolucionaria<\/b>\u00a0advirti\u00f3 que responder\u00e1 con firmeza ante cualquier protesta antigubernamental, luego de las manifestaciones de enero en las que murieron varios miles de personas.<\/p>\n<p data-mrf-recirculation=\"Links inline\">(<em>Con informaci\u00f3n de Infobae<\/em>)<\/p>\n<\/div>\n<div><\/div>\n<div><\/div>\n","protected":false},"excerpt":{"rendered":"<p>El mandatario estadounidense dijo que la Rep\u00fablica Isl\u00e1mica busca alcanzar un entendimiento con su administraci\u00f3n, aunque aclar\u00f3: \u201cPero no un acuerdo que yo aceptar\u00eda\u201d El presidente estadounidense Donald Trump afirm\u00f3 este s\u00e1bado que\u00a0Ir\u00e1n\u00a0fue \u201ctotalmente derrotado\u201d en la campa\u00f1a militar conjunta de Estados Unidos e Israel contra el r\u00e9gimen ayatollah, y asegur\u00f3 que Teher\u00e1n busca un [&hellip;]<\/p>\n","protected":false},"author":1,"featured_media":91639,"comment_status":"open","ping_status":"open","sticky":false,"template":"","format":"standard","meta":{"om_disable_all_campaigns":false,"_mi_skip_tracking":false},"categories":[2,5,4],"tags":[],"yoast_head":"<!-- This site is optimized with the Yoast SEO plugin v20.5 - https:\/\/yoast.com\/wordpress\/plugins\/seo\/ -->\n<title>Trump afirm\u00f3 que el r\u00e9gimen de Ir\u00e1n busca un acuerdo tras quedar \u201ctotalmente derrotado\u201d - The citizen for the world<\/title>\n<meta name=\"robots\" content=\"index, follow, max-snippet:-1, max-image-preview:large, max-video-preview:-1\" \/>\n<link rel=\"canonical\" href=\"https:\/\/thecitizenfortheworld.com\/?p=91638\" \/>\n<meta property=\"og:locale\" content=\"es_ES\" \/>\n<meta property=\"og:type\" content=\"article\" \/>\n<meta property=\"og:title\" content=\"Trump afirm\u00f3 que el r\u00e9gimen de Ir\u00e1n busca un acuerdo tras quedar \u201ctotalmente derrotado\u201d - The citizen for the world\" \/>\n<meta property=\"og:description\" content=\"El mandatario estadounidense dijo que la Rep\u00fablica Isl\u00e1mica busca alcanzar un entendimiento con su administraci\u00f3n, aunque aclar\u00f3: \u201cPero no un acuerdo que yo aceptar\u00eda\u201d El presidente estadounidense Donald Trump afirm\u00f3 este s\u00e1bado que\u00a0Ir\u00e1n\u00a0fue \u201ctotalmente derrotado\u201d en la campa\u00f1a militar conjunta de Estados Unidos e Israel contra el r\u00e9gimen ayatollah, y asegur\u00f3 que Teher\u00e1n busca un [&hellip;]\" \/>\n<meta property=\"og:url\" content=\"https:\/\/thecitizenfortheworld.com\/?p=91638\" \/>\n<meta property=\"og:site_name\" content=\"The citizen for the world\" \/>\n<meta property=\"article:publisher\" content=\"https:\/\/www.facebook.com\/thecitizenfortheworld\" \/>\n<meta property=\"article:published_time\" content=\"2026-03-14T20:23:30+00:00\" \/>\n<meta property=\"og:image\" content=\"https:\/\/thecitizenfortheworld.com\/wp-content\/uploads\/2026\/03\/Trump-Iran.jpeg\" \/>\n\t<meta property=\"og:image:width\" content=\"162\" \/>\n\t<meta property=\"og:image:height\" content=\"108\" \/>\n\t<meta property=\"og:image:type\" content=\"image\/jpeg\" \/>\n<meta name=\"author\" content=\"thecitizenfortheworld23@gmail.com\" \/>\n<meta name=\"twitter:card\" content=\"summary_large_image\" \/>\n<meta name=\"twitter:label1\" content=\"Escrito por\" \/>\n\t<meta name=\"twitter:data1\" content=\"thecitizenfortheworld23@gmail.com\" \/>\n\t<meta name=\"twitter:label2\" content=\"Tiempo estimado de lectura\" \/>\n\t<meta name=\"twitter:data2\" content=\"5 minutos\" \/>\n<script type=\"application\/ld+json\" class=\"yoast-schema-graph\">{\"@context\":\"https:\/\/schema.org\",\"@graph\":[{\"@type\":\"Article\",\"@id\":\"https:\/\/thecitizenfortheworld.com\/?p=91638#article\",\"isPartOf\":{\"@id\":\"https:\/\/thecitizenfortheworld.com\/?p=91638\"},\"author\":{\"name\":\"thecitizenfortheworld23@gmail.com\",\"@id\":\"https:\/\/thecitizenfortheworld.com\/#\/schema\/person\/1f6b82847278ca8d344c472822b5b66f\"},\"headline\":\"Trump afirm\u00f3 que el r\u00e9gimen de Ir\u00e1n busca un acuerdo tras quedar \u201ctotalmente derrotado\u201d\",\"datePublished\":\"2026-03-14T20:23:30+00:00\",\"dateModified\":\"2026-03-14T20:23:30+00:00\",\"mainEntityOfPage\":{\"@id\":\"https:\/\/thecitizenfortheworld.com\/?p=91638\"},\"wordCount\":852,\"commentCount\":0,\"publisher\":{\"@id\":\"https:\/\/thecitizenfortheworld.com\/#organization\"},\"articleSection\":[\"Internacionales\",\"Lo \u00daltimo\",\"Pol\u00edtica\"],\"inLanguage\":\"es-CO\",\"potentialAction\":[{\"@type\":\"CommentAction\",\"name\":\"Comment\",\"target\":[\"https:\/\/thecitizenfortheworld.com\/?p=91638#respond\"]}]},{\"@type\":\"WebPage\",\"@id\":\"https:\/\/thecitizenfortheworld.com\/?p=91638\",\"url\":\"https:\/\/thecitizenfortheworld.com\/?p=91638\",\"name\":\"Trump afirm\u00f3 que el r\u00e9gimen de Ir\u00e1n busca un acuerdo tras quedar \u201ctotalmente derrotado\u201d - The citizen for the world\",\"isPartOf\":{\"@id\":\"https:\/\/thecitizenfortheworld.com\/#website\"},\"datePublished\":\"2026-03-14T20:23:30+00:00\",\"dateModified\":\"2026-03-14T20:23:30+00:00\",\"breadcrumb\":{\"@id\":\"https:\/\/thecitizenfortheworld.com\/?p=91638#breadcrumb\"},\"inLanguage\":\"es-CO\",\"potentialAction\":[{\"@type\":\"ReadAction\",\"target\":[\"https:\/\/thecitizenfortheworld.com\/?p=91638\"]}]},{\"@type\":\"BreadcrumbList\",\"@id\":\"https:\/\/thecitizenfortheworld.com\/?p=91638#breadcrumb\",\"itemListElement\":[{\"@type\":\"ListItem\",\"position\":1,\"name\":\"Inicio\",\"item\":\"https:\/\/thecitizenfortheworld.com\/\"},{\"@type\":\"ListItem\",\"position\":2,\"name\":\"Trump afirm\u00f3 que el r\u00e9gimen de Ir\u00e1n busca un acuerdo tras quedar \u201ctotalmente derrotado\u201d\"}]},{\"@type\":\"WebSite\",\"@id\":\"https:\/\/thecitizenfortheworld.com\/#website\",\"url\":\"https:\/\/thecitizenfortheworld.com\/\",\"name\":\"The citizen for the world\",\"description\":\"\",\"publisher\":{\"@id\":\"https:\/\/thecitizenfortheworld.com\/#organization\"},\"potentialAction\":[{\"@type\":\"SearchAction\",\"target\":{\"@type\":\"EntryPoint\",\"urlTemplate\":\"https:\/\/thecitizenfortheworld.com\/?s={search_term_string}\"},\"query-input\":\"required name=search_term_string\"}],\"inLanguage\":\"es-CO\"},{\"@type\":\"Organization\",\"@id\":\"https:\/\/thecitizenfortheworld.com\/#organization\",\"name\":\"The citizen for the world\",\"url\":\"https:\/\/thecitizenfortheworld.com\/\",\"logo\":{\"@type\":\"ImageObject\",\"inLanguage\":\"es-CO\",\"@id\":\"https:\/\/thecitizenfortheworld.com\/#\/schema\/logo\/image\/\",\"url\":\"https:\/\/thecitizenfortheworld.com\/wp-content\/uploads\/2023\/04\/cropped-the-citizens.png\",\"contentUrl\":\"https:\/\/thecitizenfortheworld.com\/wp-content\/uploads\/2023\/04\/cropped-the-citizens.png\",\"width\":1135,\"height\":1302,\"caption\":\"The citizen for the world\"},\"image\":{\"@id\":\"https:\/\/thecitizenfortheworld.com\/#\/schema\/logo\/image\/\"},\"sameAs\":[\"https:\/\/www.facebook.com\/thecitizenfortheworld\"]},{\"@type\":\"Person\",\"@id\":\"https:\/\/thecitizenfortheworld.com\/#\/schema\/person\/1f6b82847278ca8d344c472822b5b66f\",\"name\":\"thecitizenfortheworld23@gmail.com\",\"image\":{\"@type\":\"ImageObject\",\"inLanguage\":\"es-CO\",\"@id\":\"https:\/\/thecitizenfortheworld.com\/#\/schema\/person\/image\/\",\"url\":\"https:\/\/secure.gravatar.com\/avatar\/fa0768c808e84d205962885f7091f34b?s=96&d=mm&r=pg\",\"contentUrl\":\"https:\/\/secure.gravatar.com\/avatar\/fa0768c808e84d205962885f7091f34b?s=96&d=mm&r=pg\",\"caption\":\"thecitizenfortheworld23@gmail.com\"},\"sameAs\":[\"http:\/\/thecitizenfortheworld.com\"],\"url\":\"https:\/\/thecitizenfortheworld.com\/?author=1\"}]}<\/script>\n<!-- \/ Yoast SEO plugin. -->","yoast_head_json":{"title":"Trump afirm\u00f3 que el r\u00e9gimen de Ir\u00e1n busca un acuerdo tras quedar \u201ctotalmente derrotado\u201d - The citizen for the world","robots":{"index":"index","follow":"follow","max-snippet":"max-snippet:-1","max-image-preview":"max-image-preview:large","max-video-preview":"max-video-preview:-1"},"canonical":"https:\/\/thecitizenfortheworld.com\/?p=91638","og_locale":"es_ES","og_type":"article","og_title":"Trump afirm\u00f3 que el r\u00e9gimen de Ir\u00e1n busca un acuerdo tras quedar \u201ctotalmente derrotado\u201d - The citizen for the world","og_description":"El mandatario estadounidense dijo que la Rep\u00fablica Isl\u00e1mica busca alcanzar un entendimiento con su administraci\u00f3n, aunque aclar\u00f3: \u201cPero no un acuerdo que yo aceptar\u00eda\u201d El presidente estadounidense Donald Trump afirm\u00f3 este s\u00e1bado que\u00a0Ir\u00e1n\u00a0fue \u201ctotalmente derrotado\u201d en la campa\u00f1a militar conjunta de Estados Unidos e Israel contra el r\u00e9gimen ayatollah, y asegur\u00f3 que Teher\u00e1n busca un [&hellip;]","og_url":"https:\/\/thecitizenfortheworld.com\/?p=91638","og_site_name":"The citizen for the world","article_publisher":"https:\/\/www.facebook.com\/thecitizenfortheworld","article_published_time":"2026-03-14T20:23:30+00:00","og_image":[{"width":162,"height":108,"url":"https:\/\/thecitizenfortheworld.com\/wp-content\/uploads\/2026\/03\/Trump-Iran.jpeg","type":"image\/jpeg"}],"author":"thecitizenfortheworld23@gmail.com","twitter_card":"summary_large_image","twitter_misc":{"Escrito por":"thecitizenfortheworld23@gmail.com","Tiempo estimado de lectura":"5 minutos"},"schema":{"@context":"https:\/\/schema.org","@graph":[{"@type":"Article","@id":"https:\/\/thecitizenfortheworld.com\/?p=91638#article","isPartOf":{"@id":"https:\/\/thecitizenfortheworld.com\/?p=91638"},"author":{"name":"thecitizenfortheworld23@gmail.com","@id":"https:\/\/thecitizenfortheworld.com\/#\/schema\/person\/1f6b82847278ca8d344c472822b5b66f"},"headline":"Trump afirm\u00f3 que el r\u00e9gimen de Ir\u00e1n busca un acuerdo tras quedar \u201ctotalmente derrotado\u201d","datePublished":"2026-03-14T20:23:30+00:00","dateModified":"2026-03-14T20:23:30+00:00","mainEntityOfPage":{"@id":"https:\/\/thecitizenfortheworld.com\/?p=91638"},"wordCount":852,"commentCount":0,"publisher":{"@id":"https:\/\/thecitizenfortheworld.com\/#organization"},"articleSection":["Internacionales","Lo \u00daltimo","Pol\u00edtica"],"inLanguage":"es-CO","potentialAction":[{"@type":"CommentAction","name":"Comment","target":["https:\/\/thecitizenfortheworld.com\/?p=91638#respond"]}]},{"@type":"WebPage","@id":"https:\/\/thecitizenfortheworld.com\/?p=91638","url":"https:\/\/thecitizenfortheworld.com\/?p=91638","name":"Trump afirm\u00f3 que el r\u00e9gimen de Ir\u00e1n busca un acuerdo tras quedar \u201ctotalmente derrotado\u201d - The citizen for the world","isPartOf":{"@id":"https:\/\/thecitizenfortheworld.com\/#website"},"datePublished":"2026-03-14T20:23:30+00:00","dateModified":"2026-03-14T20:23:30+00:00","breadcrumb":{"@id":"https:\/\/thecitizenfortheworld.com\/?p=91638#breadcrumb"},"inLanguage":"es-CO","potentialAction":[{"@type":"ReadAction","target":["https:\/\/thecitizenfortheworld.com\/?p=91638"]}]},{"@type":"BreadcrumbList","@id":"https:\/\/thecitizenfortheworld.com\/?p=91638#breadcrumb","itemListElement":[{"@type":"ListItem","position":1,"name":"Inicio","item":"https:\/\/thecitizenfortheworld.com\/"},{"@type":"ListItem","position":2,"name":"Trump afirm\u00f3 que el r\u00e9gimen de Ir\u00e1n busca un acuerdo tras quedar \u201ctotalmente derrotado\u201d"}]},{"@type":"WebSite","@id":"https:\/\/thecitizenfortheworld.com\/#website","url":"https:\/\/thecitizenfortheworld.com\/","name":"The citizen for the world","description":"","publisher":{"@id":"https:\/\/thecitizenfortheworld.com\/#organization"},"potentialAction":[{"@type":"SearchAction","target":{"@type":"EntryPoint","urlTemplate":"https:\/\/thecitizenfortheworld.com\/?s={search_term_string}"},"query-input":"required name=search_term_string"}],"inLanguage":"es-CO"},{"@type":"Organization","@id":"https:\/\/thecitizenfortheworld.com\/#organization","name":"The citizen for the world","url":"https:\/\/thecitizenfortheworld.com\/","logo":{"@type":"ImageObject","inLanguage":"es-CO","@id":"https:\/\/thecitizenfortheworld.com\/#\/schema\/logo\/image\/","url":"https:\/\/thecitizenfortheworld.com\/wp-content\/uploads\/2023\/04\/cropped-the-citizens.png","contentUrl":"https:\/\/thecitizenfortheworld.com\/wp-content\/uploads\/2023\/04\/cropped-the-citizens.png","width":1135,"height":1302,"caption":"The citizen for the world"},"image":{"@id":"https:\/\/thecitizenfortheworld.com\/#\/schema\/logo\/image\/"},"sameAs":["https:\/\/www.facebook.com\/thecitizenfortheworld"]},{"@type":"Person","@id":"https:\/\/thecitizenfortheworld.com\/#\/schema\/person\/1f6b82847278ca8d344c472822b5b66f","name":"thecitizenfortheworld23@gmail.com","image":{"@type":"ImageObject","inLanguage":"es-CO","@id":"https:\/\/thecitizenfortheworld.com\/#\/schema\/person\/image\/","url":"https:\/\/secure.gravatar.com\/avatar\/fa0768c808e84d205962885f7091f34b?s=96&d=mm&r=pg","contentUrl":"https:\/\/secure.gravatar.com\/avatar\/fa0768c808e84d205962885f7091f34b?s=96&d=mm&r=pg","caption":"thecitizenfortheworld23@gmail.com"},"sameAs":["http:\/\/thecitizenfortheworld.com"],"url":"https:\/\/thecitizenfortheworld.com\/?author=1"}]}},"_links":{"self":[{"href":"https:\/\/thecitizenfortheworld.com\/index.php?rest_route=\/wp\/v2\/posts\/91638"}],"collection":[{"href":"https:\/\/thecitizenfortheworld.com\/index.php?rest_route=\/wp\/v2\/posts"}],"about":[{"href":"https:\/\/thecitizenfortheworld.com\/index.php?rest_route=\/wp\/v2\/types\/post"}],"author":[{"embeddable":true,"href":"https:\/\/thecitizenfortheworld.com\/index.php?rest_route=\/wp\/v2\/users\/1"}],"replies":[{"embeddable":true,"href":"https:\/\/thecitizenfortheworld.com\/index.php?rest_route=%2Fwp%2Fv2%2Fcomments&post=91638"}],"version-history":[{"count":1,"href":"https:\/\/thecitizenfortheworld.com\/index.php?rest_route=\/wp\/v2\/posts\/91638\/revisions"}],"predecessor-version":[{"id":91640,"href":"https:\/\/thecitizenfortheworld.com\/index.php?rest_route=\/wp\/v2\/posts\/91638\/revisions\/91640"}],"wp:featuredmedia":[{"embeddable":true,"href":"https:\/\/thecitizenfortheworld.com\/index.php?rest_route=\/wp\/v2\/media\/91639"}],"wp:attachment":[{"href":"https:\/\/thecitizenfortheworld.com\/index.php?rest_route=%2Fwp%2Fv2%2Fmedia&parent=91638"}],"wp:term":[{"taxonomy":"category","embeddable":true,"href":"https:\/\/thecitizenfortheworld.com\/index.php?rest_route=%2Fwp%2Fv2%2Fcategories&post=91638"},{"taxonomy":"post_tag","embeddable":true,"href":"https:\/\/thecitizenfortheworld.com\/index.php?rest_route=%2Fwp%2Fv2%2Ftags&post=91638"}],"curies":[{"name":"wp","href":"https:\/\/api.w.org\/{rel}","templated":true}]}}