{"id":91634,"date":"2026-03-14T14:53:05","date_gmt":"2026-03-14T19:53:05","guid":{"rendered":"https:\/\/thecitizenfortheworld.com\/?p=91634"},"modified":"2026-03-15T12:15:32","modified_gmt":"2026-03-15T17:15:32","slug":"la-nueva-geopolitica-del-oro-jorge-ebrath-afirma-que-la-operacion-de-trump-en-venezuela-no-tuvo-nada-que-ver-con-la-oposicion","status":"publish","type":"post","link":"https:\/\/thecitizenfortheworld.com\/?p=91634","title":{"rendered":"VENEZUELA: dos visiones un mismo deseo &#8220;La Libertad&#8221;"},"content":{"rendered":"<p>Analistas debaten el papel de Estados Unidos y los minerales estrat\u00e9gicos de Venezuela, mientras dejan muy claras sus posiciones con respecto al papel del liderazgo opositor en la nueva realidad del pa\u00eds<\/p>\n<p>El analista pol\u00edtico Jorge Ebrath particip\u00f3 en una mesa de an\u00e1lisis en entrevista con la destacada periodista venezolana Karla Salcedo Flores, donde abord\u00f3 la creciente disputa global por recursos estrat\u00e9gicos como el oro, el litio y las tierras raras, y su impacto en el futuro pol\u00edtico y econ\u00f3mico de Venezuela.<\/p>\n<p>La periodista Karla Salcedo afirma que est\u00e1 China en una carrera, est\u00e1 Estados Unidos y tambi\u00e9n est\u00e1 Rusia aunque cree firmemente que Estados Unidos quiere llevar la delantera y es que no es solo petr\u00f3leo tambi\u00e9n est\u00e1 el uso de estos otros recursos naturales que son de vital importancia para las potencias de cara al futuro.<\/p>\n<p>En medio de una creciente competencia global por minerales estrat\u00e9gicos, analistas pol\u00edticos advierten sobre el surgimiento de una nueva geopol\u00edtica en Am\u00e9rica Latina centrada en los recursos naturales de Venezuela, que van mucho m\u00e1s all\u00e1 del petr\u00f3leo.<br \/>\nDurante una mesa de an\u00e1lisis sobre el tema, el analista pol\u00edtico Jorge Ebrath explic\u00f3 que el pa\u00eds suramericano posee importantes reservas de oro, colt\u00e1n, litio y tierras raras, minerales clave para industrias como la inteligencia artificial, la tecnolog\u00eda militar y la transici\u00f3n energ\u00e9tica.<br \/>\n\u201cLos pa\u00edses no tienen amigos ni enemigos, tienen intereses\u201d, afirm\u00f3 Ebrath, al analizar el creciente inter\u00e9s internacional por los recursos venezolanos. Seg\u00fan el analista, el mundo estar\u00eda entrando en una \u201cguerra silenciosa\u201d por el control de minerales estrat\u00e9gicos que ser\u00e1n determinantes en el desarrollo tecnol\u00f3gico y militar de las pr\u00f3ximas d\u00e9cadas.<\/p>\n<p><em><strong>La disputa global por minerales estrat\u00e9gicos<\/strong><\/em><\/p>\n<p>Durante la conversaci\u00f3n se plante\u00f3 que potencias como Estados Unidos, China y Rusia compiten por asegurar el acceso a recursos fundamentales para la fabricaci\u00f3n de bater\u00edas, chips electr\u00f3nicos, sistemas de inteligencia artificial y tecnolog\u00eda de defensa.<br \/>\nEn ese contexto, Venezuela aparece como un territorio clave debido a su riqueza mineral y energ\u00e9tica.<br \/>\nEbrath se\u00f1al\u00f3 que el inter\u00e9s de Washington podr\u00eda responder tanto a razones geopol\u00edticas como econ\u00f3micas. \u201cA Estados Unidos le conviene manejar el petr\u00f3leo, el oro y otros minerales de Venezuela, especialmente si puede hacerlo en condiciones favorables\u201d, explic\u00f3.<br \/>\nSin embargo, tambi\u00e9n plante\u00f3 que una transici\u00f3n democr\u00e1tica en el pa\u00eds permitir\u00eda establecer acuerdos m\u00e1s equilibrados entre ambos pa\u00edses.<br \/>\n\u201cUn pa\u00eds estable y democr\u00e1tico al lado de una potencia estable puede negociar acuerdos que beneficien a ambas naciones\u201d, sostuvo.<\/p>\n<p><em><strong>La operaci\u00f3n contra Maduro y el factor geopol\u00edtico<\/strong><\/em><\/p>\n<p>La madrugada del 3 de enero de 2026, fuerzas estadounidenses realizaron un operativo rel\u00e1mpago en Caracas que culmin\u00f3 con la captura de Maduro, quien fue trasladado fuera del pa\u00eds tras una operaci\u00f3n militar de corta duraci\u00f3n.<br \/>\nSeg\u00fan Ebrath, el episodio debe analizarse desde una l\u00f3gica de poder global y no desde la narrativa pol\u00edtica venezolana.<br \/>\n\u201cEl error de muchos venezolanos es pensar que esta operaci\u00f3n fue producto de presiones de la oposici\u00f3n. No fue as\u00ed. Fue una decisi\u00f3n estrat\u00e9gica de Washington\u201d, afirm\u00f3.<br \/>\nPara el analista, la administraci\u00f3n de Trump tom\u00f3 el control de la situaci\u00f3n venezolana directamente porque no conf\u00eda en que la actual oposici\u00f3n tenga la capacidad de garantizar gobernabilidad y estabilidad pol\u00edtica en el pa\u00eds.<\/p>\n<p><em><strong>El \u201celefante en la sala\u201d: la oposici\u00f3n venezolana<\/strong><\/em><\/p>\n<p>Uno de los momentos m\u00e1s controversiales de la entrevista fue cuando Ebrath asegur\u00f3 que la incursi\u00f3n estadounidense no fue el resultado del liderazgo de la oposici\u00f3n encabezada por Mar\u00eda Corina Machado.<br \/>\n\u201cLas decisiones que tom\u00f3 Washington no tuvieron nada que ver con ning\u00fan pol\u00edtico venezolano\u201d, afirm\u00f3.<br \/>\nSeg\u00fan su an\u00e1lisis, Trump aprendi\u00f3 de lo ocurrido durante su primera administraci\u00f3n y opt\u00f3 por no delegar la transici\u00f3n venezolana en actores pol\u00edticos locales.<br \/>\n\u201cEl problema es sencillo: Washington no cree que la oposici\u00f3n actual tenga la fuerza suficiente para estabilizar Venezuela. Y cuando una potencia mundial llega a esa conclusi\u00f3n, decide manejar directamente la transici\u00f3n\u201d, se\u00f1al\u00f3.<\/p>\n<p><em><strong>El factor pol\u00edtico en la transici\u00f3n venezolana<\/strong><\/em><\/p>\n<p>El debate tambi\u00e9n abord\u00f3 el papel de los liderazgos pol\u00edticos venezolanos en un eventual proceso de cambio.<br \/>\nEbrath cuestion\u00f3 la concentraci\u00f3n del liderazgo opositor en una sola figura y se\u00f1al\u00f3 la necesidad de una renovaci\u00f3n pol\u00edtica en el pa\u00eds.<br \/>\n\u201cVenezuela debe dejar de depender de liderazgos mesi\u00e1nicos y permitir el surgimiento de nuevas generaciones pol\u00edticas\u201d, afirm\u00f3.<\/p>\n<p>Por su parte, la moderadora del espacio defendi\u00f3 la relevancia de figuras opositoras actuales, se\u00f1alando que algunos liderazgos han logrado aglutinar sectores diversos de la sociedad venezolana en torno a la b\u00fasqueda de una transici\u00f3n democr\u00e1tica.<\/p>\n<p><em><strong>Una disputa que trasciende a Venezuela<\/strong><\/em><\/p>\n<p>La conversaci\u00f3n concluy\u00f3 destacando que la situaci\u00f3n venezolana no puede analizarse \u00fanicamente desde su pol\u00edtica interna, sino como parte de una din\u00e1mica geopol\u00edtica m\u00e1s amplia que involucra a grandes potencias y a los recursos estrat\u00e9gicos del continente.<br \/>\nSeg\u00fan Ebrath, el desenlace depender\u00e1 tanto de las decisiones de los actores internacionales como de la capacidad de los venezolanos de construir nuevos liderazgos y consensos pol\u00edticos.<br \/>\n\u201cM\u00e1s all\u00e1 de qui\u00e9n gobierne, lo importante es que Venezuela pueda recuperar estabilidad y ofrecer oportunidades para el regreso de millones de ciudadanos que hoy est\u00e1n fuera del pa\u00eds\u201d, concluy\u00f3.<\/p>\n<p><em><strong>The Citizen for the World\u00a0<\/strong><\/em><\/p>\n","protected":false},"excerpt":{"rendered":"<p>Analistas debaten el papel de Estados Unidos y los minerales estrat\u00e9gicos de Venezuela, mientras dejan muy claras sus posiciones con respecto al papel del liderazgo opositor en la nueva realidad del pa\u00eds El analista pol\u00edtico Jorge Ebrath particip\u00f3 en una mesa de an\u00e1lisis en entrevista con la destacada periodista venezolana Karla Salcedo Flores, donde abord\u00f3 [&hellip;]<\/p>\n","protected":false},"author":1,"featured_media":91637,"comment_status":"open","ping_status":"open","sticky":false,"template":"","format":"standard","meta":{"om_disable_all_campaigns":false,"_mi_skip_tracking":false},"categories":[3,4],"tags":[],"yoast_head":"<!-- This site is optimized with the Yoast SEO plugin v20.5 - https:\/\/yoast.com\/wordpress\/plugins\/seo\/ -->\n<title>VENEZUELA: dos visiones un mismo deseo &quot;La Libertad&quot; - The citizen for the world<\/title>\n<meta name=\"robots\" content=\"index, follow, max-snippet:-1, max-image-preview:large, max-video-preview:-1\" \/>\n<link rel=\"canonical\" href=\"https:\/\/thecitizenfortheworld.com\/?p=91634\" \/>\n<meta property=\"og:locale\" content=\"es_ES\" \/>\n<meta property=\"og:type\" content=\"article\" \/>\n<meta property=\"og:title\" content=\"VENEZUELA: dos visiones un mismo deseo &quot;La Libertad&quot; - The citizen for the world\" \/>\n<meta property=\"og:description\" content=\"Analistas debaten el papel de Estados Unidos y los minerales estrat\u00e9gicos de Venezuela, mientras dejan muy claras sus posiciones con respecto al papel del liderazgo opositor en la nueva realidad del pa\u00eds El analista pol\u00edtico Jorge Ebrath particip\u00f3 en una mesa de an\u00e1lisis en entrevista con la destacada periodista venezolana Karla Salcedo Flores, donde abord\u00f3 [&hellip;]\" \/>\n<meta property=\"og:url\" content=\"https:\/\/thecitizenfortheworld.com\/?p=91634\" \/>\n<meta property=\"og:site_name\" content=\"The citizen for the world\" \/>\n<meta property=\"article:publisher\" content=\"https:\/\/www.facebook.com\/thecitizenfortheworld\" \/>\n<meta property=\"article:published_time\" content=\"2026-03-14T19:53:05+00:00\" \/>\n<meta property=\"article:modified_time\" content=\"2026-03-15T17:15:32+00:00\" \/>\n<meta property=\"og:image\" content=\"https:\/\/thecitizenfortheworld.com\/wp-content\/uploads\/2026\/03\/WhatsApp-Image-2026-03-14-at-15.11.34.jpeg\" \/>\n\t<meta property=\"og:image:width\" content=\"1280\" \/>\n\t<meta property=\"og:image:height\" content=\"720\" \/>\n\t<meta property=\"og:image:type\" content=\"image\/jpeg\" \/>\n<meta name=\"author\" content=\"thecitizenfortheworld23@gmail.com\" \/>\n<meta name=\"twitter:card\" content=\"summary_large_image\" \/>\n<meta name=\"twitter:label1\" content=\"Escrito por\" \/>\n\t<meta name=\"twitter:data1\" content=\"thecitizenfortheworld23@gmail.com\" \/>\n\t<meta name=\"twitter:label2\" content=\"Tiempo estimado de lectura\" \/>\n\t<meta name=\"twitter:data2\" content=\"4 minutos\" \/>\n<script type=\"application\/ld+json\" class=\"yoast-schema-graph\">{\"@context\":\"https:\/\/schema.org\",\"@graph\":[{\"@type\":\"Article\",\"@id\":\"https:\/\/thecitizenfortheworld.com\/?p=91634#article\",\"isPartOf\":{\"@id\":\"https:\/\/thecitizenfortheworld.com\/?p=91634\"},\"author\":{\"name\":\"thecitizenfortheworld23@gmail.com\",\"@id\":\"https:\/\/thecitizenfortheworld.com\/#\/schema\/person\/1f6b82847278ca8d344c472822b5b66f\"},\"headline\":\"VENEZUELA: dos visiones un mismo deseo &#8220;La Libertad&#8221;\",\"datePublished\":\"2026-03-14T19:53:05+00:00\",\"dateModified\":\"2026-03-15T17:15:32+00:00\",\"mainEntityOfPage\":{\"@id\":\"https:\/\/thecitizenfortheworld.com\/?p=91634\"},\"wordCount\":967,\"commentCount\":0,\"publisher\":{\"@id\":\"https:\/\/thecitizenfortheworld.com\/#organization\"},\"articleSection\":[\"Am\u00e9rica Latina\",\"Pol\u00edtica\"],\"inLanguage\":\"es-CO\",\"potentialAction\":[{\"@type\":\"CommentAction\",\"name\":\"Comment\",\"target\":[\"https:\/\/thecitizenfortheworld.com\/?p=91634#respond\"]}]},{\"@type\":\"WebPage\",\"@id\":\"https:\/\/thecitizenfortheworld.com\/?p=91634\",\"url\":\"https:\/\/thecitizenfortheworld.com\/?p=91634\",\"name\":\"VENEZUELA: dos visiones un mismo deseo \\\"La Libertad\\\" - The citizen for the world\",\"isPartOf\":{\"@id\":\"https:\/\/thecitizenfortheworld.com\/#website\"},\"datePublished\":\"2026-03-14T19:53:05+00:00\",\"dateModified\":\"2026-03-15T17:15:32+00:00\",\"breadcrumb\":{\"@id\":\"https:\/\/thecitizenfortheworld.com\/?p=91634#breadcrumb\"},\"inLanguage\":\"es-CO\",\"potentialAction\":[{\"@type\":\"ReadAction\",\"target\":[\"https:\/\/thecitizenfortheworld.com\/?p=91634\"]}]},{\"@type\":\"BreadcrumbList\",\"@id\":\"https:\/\/thecitizenfortheworld.com\/?p=91634#breadcrumb\",\"itemListElement\":[{\"@type\":\"ListItem\",\"position\":1,\"name\":\"Inicio\",\"item\":\"https:\/\/thecitizenfortheworld.com\/\"},{\"@type\":\"ListItem\",\"position\":2,\"name\":\"VENEZUELA: dos visiones un mismo deseo &#8220;La Libertad&#8221;\"}]},{\"@type\":\"WebSite\",\"@id\":\"https:\/\/thecitizenfortheworld.com\/#website\",\"url\":\"https:\/\/thecitizenfortheworld.com\/\",\"name\":\"The citizen for the world\",\"description\":\"\",\"publisher\":{\"@id\":\"https:\/\/thecitizenfortheworld.com\/#organization\"},\"potentialAction\":[{\"@type\":\"SearchAction\",\"target\":{\"@type\":\"EntryPoint\",\"urlTemplate\":\"https:\/\/thecitizenfortheworld.com\/?s={search_term_string}\"},\"query-input\":\"required name=search_term_string\"}],\"inLanguage\":\"es-CO\"},{\"@type\":\"Organization\",\"@id\":\"https:\/\/thecitizenfortheworld.com\/#organization\",\"name\":\"The citizen for the world\",\"url\":\"https:\/\/thecitizenfortheworld.com\/\",\"logo\":{\"@type\":\"ImageObject\",\"inLanguage\":\"es-CO\",\"@id\":\"https:\/\/thecitizenfortheworld.com\/#\/schema\/logo\/image\/\",\"url\":\"https:\/\/thecitizenfortheworld.com\/wp-content\/uploads\/2023\/04\/cropped-the-citizens.png\",\"contentUrl\":\"https:\/\/thecitizenfortheworld.com\/wp-content\/uploads\/2023\/04\/cropped-the-citizens.png\",\"width\":1135,\"height\":1302,\"caption\":\"The citizen for the world\"},\"image\":{\"@id\":\"https:\/\/thecitizenfortheworld.com\/#\/schema\/logo\/image\/\"},\"sameAs\":[\"https:\/\/www.facebook.com\/thecitizenfortheworld\"]},{\"@type\":\"Person\",\"@id\":\"https:\/\/thecitizenfortheworld.com\/#\/schema\/person\/1f6b82847278ca8d344c472822b5b66f\",\"name\":\"thecitizenfortheworld23@gmail.com\",\"image\":{\"@type\":\"ImageObject\",\"inLanguage\":\"es-CO\",\"@id\":\"https:\/\/thecitizenfortheworld.com\/#\/schema\/person\/image\/\",\"url\":\"https:\/\/secure.gravatar.com\/avatar\/fa0768c808e84d205962885f7091f34b?s=96&d=mm&r=pg\",\"contentUrl\":\"https:\/\/secure.gravatar.com\/avatar\/fa0768c808e84d205962885f7091f34b?s=96&d=mm&r=pg\",\"caption\":\"thecitizenfortheworld23@gmail.com\"},\"sameAs\":[\"http:\/\/thecitizenfortheworld.com\"],\"url\":\"https:\/\/thecitizenfortheworld.com\/?author=1\"}]}<\/script>\n<!-- \/ Yoast SEO plugin. -->","yoast_head_json":{"title":"VENEZUELA: dos visiones un mismo deseo \"La Libertad\" - The citizen for the world","robots":{"index":"index","follow":"follow","max-snippet":"max-snippet:-1","max-image-preview":"max-image-preview:large","max-video-preview":"max-video-preview:-1"},"canonical":"https:\/\/thecitizenfortheworld.com\/?p=91634","og_locale":"es_ES","og_type":"article","og_title":"VENEZUELA: dos visiones un mismo deseo \"La Libertad\" - The citizen for the world","og_description":"Analistas debaten el papel de Estados Unidos y los minerales estrat\u00e9gicos de Venezuela, mientras dejan muy claras sus posiciones con respecto al papel del liderazgo opositor en la nueva realidad del pa\u00eds El analista pol\u00edtico Jorge Ebrath particip\u00f3 en una mesa de an\u00e1lisis en entrevista con la destacada periodista venezolana Karla Salcedo Flores, donde abord\u00f3 [&hellip;]","og_url":"https:\/\/thecitizenfortheworld.com\/?p=91634","og_site_name":"The citizen for the world","article_publisher":"https:\/\/www.facebook.com\/thecitizenfortheworld","article_published_time":"2026-03-14T19:53:05+00:00","article_modified_time":"2026-03-15T17:15:32+00:00","og_image":[{"width":1280,"height":720,"url":"https:\/\/thecitizenfortheworld.com\/wp-content\/uploads\/2026\/03\/WhatsApp-Image-2026-03-14-at-15.11.34.jpeg","type":"image\/jpeg"}],"author":"thecitizenfortheworld23@gmail.com","twitter_card":"summary_large_image","twitter_misc":{"Escrito por":"thecitizenfortheworld23@gmail.com","Tiempo estimado de lectura":"4 minutos"},"schema":{"@context":"https:\/\/schema.org","@graph":[{"@type":"Article","@id":"https:\/\/thecitizenfortheworld.com\/?p=91634#article","isPartOf":{"@id":"https:\/\/thecitizenfortheworld.com\/?p=91634"},"author":{"name":"thecitizenfortheworld23@gmail.com","@id":"https:\/\/thecitizenfortheworld.com\/#\/schema\/person\/1f6b82847278ca8d344c472822b5b66f"},"headline":"VENEZUELA: dos visiones un mismo deseo &#8220;La Libertad&#8221;","datePublished":"2026-03-14T19:53:05+00:00","dateModified":"2026-03-15T17:15:32+00:00","mainEntityOfPage":{"@id":"https:\/\/thecitizenfortheworld.com\/?p=91634"},"wordCount":967,"commentCount":0,"publisher":{"@id":"https:\/\/thecitizenfortheworld.com\/#organization"},"articleSection":["Am\u00e9rica Latina","Pol\u00edtica"],"inLanguage":"es-CO","potentialAction":[{"@type":"CommentAction","name":"Comment","target":["https:\/\/thecitizenfortheworld.com\/?p=91634#respond"]}]},{"@type":"WebPage","@id":"https:\/\/thecitizenfortheworld.com\/?p=91634","url":"https:\/\/thecitizenfortheworld.com\/?p=91634","name":"VENEZUELA: dos visiones un mismo deseo \"La Libertad\" - The citizen for the world","isPartOf":{"@id":"https:\/\/thecitizenfortheworld.com\/#website"},"datePublished":"2026-03-14T19:53:05+00:00","dateModified":"2026-03-15T17:15:32+00:00","breadcrumb":{"@id":"https:\/\/thecitizenfortheworld.com\/?p=91634#breadcrumb"},"inLanguage":"es-CO","potentialAction":[{"@type":"ReadAction","target":["https:\/\/thecitizenfortheworld.com\/?p=91634"]}]},{"@type":"BreadcrumbList","@id":"https:\/\/thecitizenfortheworld.com\/?p=91634#breadcrumb","itemListElement":[{"@type":"ListItem","position":1,"name":"Inicio","item":"https:\/\/thecitizenfortheworld.com\/"},{"@type":"ListItem","position":2,"name":"VENEZUELA: dos visiones un mismo deseo &#8220;La Libertad&#8221;"}]},{"@type":"WebSite","@id":"https:\/\/thecitizenfortheworld.com\/#website","url":"https:\/\/thecitizenfortheworld.com\/","name":"The citizen for the world","description":"","publisher":{"@id":"https:\/\/thecitizenfortheworld.com\/#organization"},"potentialAction":[{"@type":"SearchAction","target":{"@type":"EntryPoint","urlTemplate":"https:\/\/thecitizenfortheworld.com\/?s={search_term_string}"},"query-input":"required name=search_term_string"}],"inLanguage":"es-CO"},{"@type":"Organization","@id":"https:\/\/thecitizenfortheworld.com\/#organization","name":"The citizen for the world","url":"https:\/\/thecitizenfortheworld.com\/","logo":{"@type":"ImageObject","inLanguage":"es-CO","@id":"https:\/\/thecitizenfortheworld.com\/#\/schema\/logo\/image\/","url":"https:\/\/thecitizenfortheworld.com\/wp-content\/uploads\/2023\/04\/cropped-the-citizens.png","contentUrl":"https:\/\/thecitizenfortheworld.com\/wp-content\/uploads\/2023\/04\/cropped-the-citizens.png","width":1135,"height":1302,"caption":"The citizen for the world"},"image":{"@id":"https:\/\/thecitizenfortheworld.com\/#\/schema\/logo\/image\/"},"sameAs":["https:\/\/www.facebook.com\/thecitizenfortheworld"]},{"@type":"Person","@id":"https:\/\/thecitizenfortheworld.com\/#\/schema\/person\/1f6b82847278ca8d344c472822b5b66f","name":"thecitizenfortheworld23@gmail.com","image":{"@type":"ImageObject","inLanguage":"es-CO","@id":"https:\/\/thecitizenfortheworld.com\/#\/schema\/person\/image\/","url":"https:\/\/secure.gravatar.com\/avatar\/fa0768c808e84d205962885f7091f34b?s=96&d=mm&r=pg","contentUrl":"https:\/\/secure.gravatar.com\/avatar\/fa0768c808e84d205962885f7091f34b?s=96&d=mm&r=pg","caption":"thecitizenfortheworld23@gmail.com"},"sameAs":["http:\/\/thecitizenfortheworld.com"],"url":"https:\/\/thecitizenfortheworld.com\/?author=1"}]}},"_links":{"self":[{"href":"https:\/\/thecitizenfortheworld.com\/index.php?rest_route=\/wp\/v2\/posts\/91634"}],"collection":[{"href":"https:\/\/thecitizenfortheworld.com\/index.php?rest_route=\/wp\/v2\/posts"}],"about":[{"href":"https:\/\/thecitizenfortheworld.com\/index.php?rest_route=\/wp\/v2\/types\/post"}],"author":[{"embeddable":true,"href":"https:\/\/thecitizenfortheworld.com\/index.php?rest_route=\/wp\/v2\/users\/1"}],"replies":[{"embeddable":true,"href":"https:\/\/thecitizenfortheworld.com\/index.php?rest_route=%2Fwp%2Fv2%2Fcomments&post=91634"}],"version-history":[{"count":3,"href":"https:\/\/thecitizenfortheworld.com\/index.php?rest_route=\/wp\/v2\/posts\/91634\/revisions"}],"predecessor-version":[{"id":91649,"href":"https:\/\/thecitizenfortheworld.com\/index.php?rest_route=\/wp\/v2\/posts\/91634\/revisions\/91649"}],"wp:featuredmedia":[{"embeddable":true,"href":"https:\/\/thecitizenfortheworld.com\/index.php?rest_route=\/wp\/v2\/media\/91637"}],"wp:attachment":[{"href":"https:\/\/thecitizenfortheworld.com\/index.php?rest_route=%2Fwp%2Fv2%2Fmedia&parent=91634"}],"wp:term":[{"taxonomy":"category","embeddable":true,"href":"https:\/\/thecitizenfortheworld.com\/index.php?rest_route=%2Fwp%2Fv2%2Fcategories&post=91634"},{"taxonomy":"post_tag","embeddable":true,"href":"https:\/\/thecitizenfortheworld.com\/index.php?rest_route=%2Fwp%2Fv2%2Ftags&post=91634"}],"curies":[{"name":"wp","href":"https:\/\/api.w.org\/{rel}","templated":true}]}}